{"id":1,"date":"2013-10-01T10:57:30","date_gmt":"2013-10-01T10:57:30","guid":{"rendered":"http:\/\/localhost:8080\/wordpress-3.6.1\/wordpress\/?p=1"},"modified":"2014-02-18T09:17:48","modified_gmt":"2014-02-18T09:17:48","slug":"biancoscuro","status":"publish","type":"post","link":"https:\/\/www.biancoscuro.it\/site\/biancoscuro\/","title":{"rendered":"biancoscuro?"},"content":{"rendered":"<span class=\"span-reading-time rt-reading-time\" style=\"display: block;\"><span class=\"rt-label rt-prefix\">\u23f0 lettura <\/span> <span class=\"rt-time\"> &lt; 1<\/span> <span class=\"rt-label rt-postfix\">min. <br><br><\/span><\/span><p>Ottobre 2013 nasce <strong>biancoscuro<\/strong>, officina creativa.<\/p>\n<p><strong>biancoscuro<\/strong>, officina creativa.<br \/>\nPittura, scultura, fotografia e video trovano linfa vitale nell&#8217;associazione:\u00a0<strong>biancoscuro<\/strong>.<br \/>\nUna realt\u00e0 in cui creare ed esporre, in cui lasciare spazio alle creativit\u00e0.<\/p>\n<p>Passione, creativit\u00e0, cultura, esperienza, precisione e quel pizzico di follia indispensabile contraddistinguono\u00a0<strong>biancoscuro<\/strong>.<br \/>\nQui troverete il modo di esplorare sempre nuove direzioni creative, in ogni ambito in cui lo desideriate:\u00a0<strong>biancoscuro<\/strong>\u00a0\u00e8 plastico ed elastico, agile e veloce, ma anche riflessivo e giudizioso, paziente e preciso.<\/p>\n<p>Le potenzialit\u00e0 di ogni associato si riflettono nell&#8217;associazione in continua evoluzione: segui\u00a0<strong>biancoscuro<\/strong>\u00a0e scoprirai nuovi orizzonti creativi&#8230;<\/p>\n<p>&#8220;<em><strong>Creativit\u00e0 \u00e8 inventare, sperimentare, crescere, assumersi dei rischi, rompere regole, fare errori e divertirsi<\/strong><\/em>&#8220;.<br \/>\n<em>Mary Lou Cook<\/em><\/p>\n<p><img loading=\"lazy\" decoding=\"async\" class=\"size-full wp-image-50 alignleft\" style=\"border-width: 0px; margin: 0px;\" alt=\"biancoscuro\" src=\"http:\/\/www.biancoscuro.it\/site\/wp-content\/uploads\/2013\/09\/logo_biancoscuro.jpg\" width=\"567\" height=\"195\" \/><\/p>\n","protected":false},"excerpt":{"rendered":"<p><span class=\"span-reading-time rt-reading-time\" style=\"display: block;\"><span class=\"rt-label rt-prefix\">\u23f0 lettura <\/span> <span class=\"rt-time\"> &lt; 1<\/span> <span class=\"rt-label rt-postfix\">min. <\/p>\n<p><\/span><\/span>Ottobre 2013 nasce biancoscuro, officina creativa. biancoscuro, officina creativa. Pittura, scultura, fotografia e video trovano linfa vitale nell&#8217;associazione:\u00a0biancoscuro. Una realt\u00e0 in cui creare ed esporre, in cui lasciare spazio alle creativit\u00e0. Passione, creativit\u00e0, cultura, esperienza, precisione e quel pizzico di follia indispensabile contraddistinguono\u00a0biancoscuro. Qui troverete il modo di esplorare sempre nuove direzioni creative, in ogni&hellip;&nbsp;<a href=\"https:\/\/www.biancoscuro.it\/site\/biancoscuro\/\" rel=\"bookmark\">Leggi tutto &raquo;<span class=\"screen-reader-text\">biancoscuro?<\/span><\/a><\/p>\n","protected":false},"author":1,"featured_media":149,"comment_status":"open","ping_status":"closed","sticky":false,"template":"","format":"standard","meta":{"neve_meta_sidebar":"","neve_meta_container":"","neve_meta_enable_content_width":"","neve_meta_content_width":0,"neve_meta_title_alignment":"","neve_meta_author_avatar":"","neve_post_elements_order":"","neve_meta_disable_header":"","neve_meta_disable_footer":"","neve_meta_disable_title":"","advanced_seo_description":"","jetpack_seo_html_title":"","jetpack_seo_noindex":false,"footnotes":""},"categories":[5,21,8,6,23,15,7,9],"tags":[],"class_list":["post-1","post","type-post","status-publish","format-standard","has-post-thumbnail","hentry","category-arte","category-catalogo-darte","category-fotografia","category-pittura","category-pubblicazione-2","category-rivista-darte","category-scultura","category-video"],"jetpack_featured_media_url":"https:\/\/www.biancoscuro.it\/site\/wp-content\/uploads\/2013\/10\/logo_biancoscuro600.jpg","jetpack_sharing_enabled":true,"jetpack-related-posts":[{"id":1670,"url":"https:\/\/www.biancoscuro.it\/site\/biancoscuro-art-contest-i-vincitori\/","url_meta":{"origin":1,"position":0},"title":"Biancoscuro Art Contest: i vincitori!","author":"Redazione BIANCOSCURO","date":"7 Agosto 2014","format":false,"excerpt":"Biancoscuro ha espresso il suo\u00a0verdetto. La giuria\u00a0BIANCOSCURO,\u00a0composta da:\u00a0Vincenzo Chetta,\u00a0Mariarosaria\u00a0Belgiovine, Danilo Giusino, Francesco Chetta, Elena Cicchetti, Ernesto Galizia, Gian Paolo Curti, Daniela Malabaila, Claudio Raccagni, Oxana Albot, ha decretato i vincitori! Ogni artista vincitore\u00a0ricever\u00e0 lettera del Presidente con comunicazione ufficiale di premio e relative indicazioni su come procedere. http:\/\/artcontest.biancoscuro.it\/vincitori\/ Premio \u201cAssoluto\u201d\u2026","rel":"","context":"In &quot;arte&quot;","block_context":{"text":"arte","link":"https:\/\/www.biancoscuro.it\/site\/category\/arte\/"},"img":{"alt_text":"biancoscuro art contest - biancoscuro art magazine","src":"https:\/\/i0.wp.com\/artcontest.biancoscuro.it\/site\/wp-content\/uploads\/2014\/06\/DeRosa_20140207_144346-1-156x300.jpg?resize=350%2C200","width":350,"height":200},"classes":[]},{"id":18506,"url":"https:\/\/www.biancoscuro.it\/site\/milano-scultura-2025-art-tour-video\/","url_meta":{"origin":1,"position":1},"title":"MILANO SCULTURA 2025 Art Tour [VIDEO]","author":"Redazione BIANCOSCURO","date":"24 Maggio 2025","format":false,"excerpt":"Immersione Digitale nell'Eccellenza Plastica Contemporanea attraverso l'Obiettivo di BIANCOSCURO Nel panorama effervescente dell'arte contemporanea, Milano Scultura 2025 si conferma appuntamento imprescindibile per tastare il polso della creativit\u00e0 tridimensionale. Quest'anno, la storica cornice di Villa Bagatti Valsecchi a Varedo si \u00e8 nuovamente trasformata in un palcoscenico d'elezione per le pi\u00f9 recenti\u2026","rel":"","context":"In &quot;arte&quot;","block_context":{"text":"arte","link":"https:\/\/www.biancoscuro.it\/site\/category\/arte\/"},"img":{"alt_text":"","src":"https:\/\/i0.wp.com\/www.biancoscuro.it\/site\/wp-content\/uploads\/2025\/05\/Milano-Scultura-Art-Fair-2025-Art-Tour-a-cura-di-BIANCOSCURO-Walkthrough-Highlights-4blow.jpg?resize=350%2C200&ssl=1","width":350,"height":200,"srcset":"https:\/\/i0.wp.com\/www.biancoscuro.it\/site\/wp-content\/uploads\/2025\/05\/Milano-Scultura-Art-Fair-2025-Art-Tour-a-cura-di-BIANCOSCURO-Walkthrough-Highlights-4blow.jpg?resize=350%2C200&ssl=1 1x, https:\/\/i0.wp.com\/www.biancoscuro.it\/site\/wp-content\/uploads\/2025\/05\/Milano-Scultura-Art-Fair-2025-Art-Tour-a-cura-di-BIANCOSCURO-Walkthrough-Highlights-4blow.jpg?resize=525%2C300&ssl=1 1.5x, https:\/\/i0.wp.com\/www.biancoscuro.it\/site\/wp-content\/uploads\/2025\/05\/Milano-Scultura-Art-Fair-2025-Art-Tour-a-cura-di-BIANCOSCURO-Walkthrough-Highlights-4blow.jpg?resize=700%2C400&ssl=1 2x"},"classes":[]},{"id":1351,"url":"https:\/\/www.biancoscuro.it\/site\/biancoscuro-art-contest-in-palio-la-copertina-sulla-rivista-darte-biancoscuro\/","url_meta":{"origin":1,"position":2},"title":"BIANCOSCURO Art Contest:  In palio la COPERTINA sulla Rivista d\u2019Arte BIANCOSCURO","author":"Redazione BIANCOSCURO","date":"6 Maggio 2014","format":false,"excerpt":"On-line il regolamento del BIANCOSCURO ART CONTEST, in palio la copertina della Rivista d'Arte Biancoscuro e tanti altri premi. Un contest ideato per artisti che operano nel campo della pittura, scultura, fotografia e grafica, per poter dare una possibilit\u00e0 di essere \"In prima pagina\". Oltre alla copertina sono in palio\u2026","rel":"","context":"In &quot;arte&quot;","block_context":{"text":"arte","link":"https:\/\/www.biancoscuro.it\/site\/category\/arte\/"},"img":{"alt_text":"BIANCOSCURO_ART_CONTEST","src":"https:\/\/i0.wp.com\/artcontest.biancoscuro.it\/site\/wp-content\/uploads\/2014\/05\/BIANCOSCURO_ART_CONTEST.jpg?resize=350%2C200","width":350,"height":200,"srcset":"https:\/\/i0.wp.com\/artcontest.biancoscuro.it\/site\/wp-content\/uploads\/2014\/05\/BIANCOSCURO_ART_CONTEST.jpg?resize=350%2C200 1x, https:\/\/i0.wp.com\/artcontest.biancoscuro.it\/site\/wp-content\/uploads\/2014\/05\/BIANCOSCURO_ART_CONTEST.jpg?resize=525%2C300 1.5x, https:\/\/i0.wp.com\/artcontest.biancoscuro.it\/site\/wp-content\/uploads\/2014\/05\/BIANCOSCURO_ART_CONTEST.jpg?resize=700%2C400 2x"},"classes":[]},{"id":378,"url":"https:\/\/www.biancoscuro.it\/site\/mostra-personale-di-delfina-porcu-dal-17-novembre-al-15-dicembre-2013\/","url_meta":{"origin":1,"position":3},"title":"Mostra Personale di Delfina Porcu dal 17 novembre al 15 dicembre 2013","author":"Redazione BIANCOSCURO","date":"17 Novembre 2013","format":"gallery","excerpt":"Delfina Porcu, artista autodidatta di Cagliari, espone per la prima volta presso lo spazio espositivo della Associazione Culturale Biancoscuro. I suoi quadri sono stati esposti in tutta Italia sia in mostre personali che collettive, ed ha ricevuto vari premi e riconoscimenti in concorsi nazionali ed internazionali. La sua arte espressionista\u2026","rel":"","context":"In &quot;arte&quot;","block_context":{"text":"arte","link":"https:\/\/www.biancoscuro.it\/site\/category\/arte\/"},"img":{"alt_text":"","src":"https:\/\/i0.wp.com\/www.biancoscuro.it\/site\/wp-content\/uploads\/2013\/11\/DelfinaPorcu%40BIANCOSCURO_01-150x150.jpg?resize=350%2C200&ssl=1","width":350,"height":200,"srcset":"https:\/\/i0.wp.com\/www.biancoscuro.it\/site\/wp-content\/uploads\/2013\/11\/DelfinaPorcu%40BIANCOSCURO_01-150x150.jpg?resize=350%2C200&ssl=1 1x, https:\/\/i0.wp.com\/www.biancoscuro.it\/site\/wp-content\/uploads\/2013\/11\/DelfinaPorcu%40BIANCOSCURO_01-150x150.jpg?resize=525%2C300&ssl=1 1.5x, https:\/\/i0.wp.com\/www.biancoscuro.it\/site\/wp-content\/uploads\/2013\/11\/DelfinaPorcu%40BIANCOSCURO_01-150x150.jpg?resize=700%2C400&ssl=1 2x, https:\/\/i0.wp.com\/www.biancoscuro.it\/site\/wp-content\/uploads\/2013\/11\/DelfinaPorcu%40BIANCOSCURO_01-150x150.jpg?resize=1050%2C600&ssl=1 3x"},"classes":[]},{"id":502,"url":"https:\/\/www.biancoscuro.it\/site\/collettiva-in-biancoscuro-spazio-espositivo\/","url_meta":{"origin":1,"position":4},"title":"Collettiva in biancoscuro, spazio espositivo","author":"Redazione BIANCOSCURO","date":"6 Gennaio 2014","format":"gallery","excerpt":"Lo spazio espositivo di biancoscuro si colora nuovamente con la mostra collettiva di tre artisti meritevolissimi: Amalia Borin, Lucillo Santesso e Maria Zimari. Amalia Borin, espone \"Raccontarsi\" e \"Sottrazione\", sculture in terracotta dipinte. Queste opere sono gli \"Arlecchini\", che per tanto tempo sono rimasti nascosti nel suo subconscio e che\u2026","rel":"","context":"In &quot;arte&quot;","block_context":{"text":"arte","link":"https:\/\/www.biancoscuro.it\/site\/category\/arte\/"},"img":{"alt_text":"","src":"https:\/\/i0.wp.com\/www.biancoscuro.it\/site\/wp-content\/uploads\/2014\/01\/BORIN-SANTESSO-ZIMARI_collettiva%40BIANCOSCURO-LOCANDINA-150x150.jpg?resize=350%2C200&ssl=1","width":350,"height":200,"srcset":"https:\/\/i0.wp.com\/www.biancoscuro.it\/site\/wp-content\/uploads\/2014\/01\/BORIN-SANTESSO-ZIMARI_collettiva%40BIANCOSCURO-LOCANDINA-150x150.jpg?resize=350%2C200&ssl=1 1x, https:\/\/i0.wp.com\/www.biancoscuro.it\/site\/wp-content\/uploads\/2014\/01\/BORIN-SANTESSO-ZIMARI_collettiva%40BIANCOSCURO-LOCANDINA-150x150.jpg?resize=525%2C300&ssl=1 1.5x, https:\/\/i0.wp.com\/www.biancoscuro.it\/site\/wp-content\/uploads\/2014\/01\/BORIN-SANTESSO-ZIMARI_collettiva%40BIANCOSCURO-LOCANDINA-150x150.jpg?resize=700%2C400&ssl=1 2x"},"classes":[]},{"id":3069,"url":"https:\/\/www.biancoscuro.it\/site\/biancoscuro-art-contest-2a-edizione-i-vincitori-delledizione-2015\/","url_meta":{"origin":1,"position":5},"title":"Biancoscuro Art Contest 2\u00aa edizione: i vincitori dell&#8217;edizione 2015!","author":"Redazione BIANCOSCURO","date":"4 Settembre 2015","format":false,"excerpt":"Biancoscuro ha espresso il suo\u00a0verdetto. La giuria\u00a0BIANCOSCURO,\u00a0composta da:\u00a0Vincenzo Chetta,\u00a0Mariarosaria\u00a0Belgiovine, Danilo Giusino, Francesco Chetta, Elena Cicchetti, Ernesto Galizia, Gian Paolo Curti, Daniela Malabaila, Massimo Basile, Luca Caricato, Claudio Raccagni, Oxana Albot, ha decretato i vincitori! Ogni artista vincitore\u00a0ricever\u00e0 lettera del Presidente con comunicazione ufficiale di premio e relative indicazioni su come\u2026","rel":"","context":"In &quot;arte&quot;","block_context":{"text":"arte","link":"https:\/\/www.biancoscuro.it\/site\/category\/arte\/"},"img":{"alt_text":"","src":"https:\/\/i0.wp.com\/www.biancoscuro.it\/site\/wp-content\/uploads\/2015\/09\/DSC_9291-1000x662.jpg?resize=350%2C200&ssl=1","width":350,"height":200,"srcset":"https:\/\/i0.wp.com\/www.biancoscuro.it\/site\/wp-content\/uploads\/2015\/09\/DSC_9291-1000x662.jpg?resize=350%2C200&ssl=1 1x, https:\/\/i0.wp.com\/www.biancoscuro.it\/site\/wp-content\/uploads\/2015\/09\/DSC_9291-1000x662.jpg?resize=525%2C300&ssl=1 1.5x, https:\/\/i0.wp.com\/www.biancoscuro.it\/site\/wp-content\/uploads\/2015\/09\/DSC_9291-1000x662.jpg?resize=700%2C400&ssl=1 2x"},"classes":[]}],"_links":{"self":[{"href":"https:\/\/www.biancoscuro.it\/site\/wp-json\/wp\/v2\/posts\/1","targetHints":{"allow":["GET"]}}],"collection":[{"href":"https:\/\/www.biancoscuro.it\/site\/wp-json\/wp\/v2\/posts"}],"about":[{"href":"https:\/\/www.biancoscuro.it\/site\/wp-json\/wp\/v2\/types\/post"}],"author":[{"embeddable":true,"href":"https:\/\/www.biancoscuro.it\/site\/wp-json\/wp\/v2\/users\/1"}],"replies":[{"embeddable":true,"href":"https:\/\/www.biancoscuro.it\/site\/wp-json\/wp\/v2\/comments?post=1"}],"version-history":[{"count":0,"href":"https:\/\/www.biancoscuro.it\/site\/wp-json\/wp\/v2\/posts\/1\/revisions"}],"wp:featuredmedia":[{"embeddable":true,"href":"https:\/\/www.biancoscuro.it\/site\/wp-json\/wp\/v2\/media\/149"}],"wp:attachment":[{"href":"https:\/\/www.biancoscuro.it\/site\/wp-json\/wp\/v2\/media?parent=1"}],"wp:term":[{"taxonomy":"category","embeddable":true,"href":"https:\/\/www.biancoscuro.it\/site\/wp-json\/wp\/v2\/categories?post=1"},{"taxonomy":"post_tag","embeddable":true,"href":"https:\/\/www.biancoscuro.it\/site\/wp-json\/wp\/v2\/tags?post=1"}],"curies":[{"name":"wp","href":"https:\/\/api.w.org\/{rel}","templated":true}]}}