{"id":10392,"date":"2020-02-13T15:27:57","date_gmt":"2020-02-13T14:27:57","guid":{"rendered":"https:\/\/www.biancoscuro.it\/site\/?p=10392"},"modified":"2020-02-14T18:32:30","modified_gmt":"2020-02-14T17:32:30","slug":"cellule","status":"publish","type":"post","link":"https:\/\/www.biancoscuro.it\/site\/cellule\/","title":{"rendered":"Cellule di Walter Puppo"},"content":{"rendered":"<span class=\"span-reading-time rt-reading-time\" style=\"display: block;\"><span class=\"rt-label rt-prefix\">\u23f0 lettura <\/span> <span class=\"rt-time\"> 4<\/span> <span class=\"rt-label rt-postfix\">min. <br><br><\/span><\/span>\n<p>Mostra personale di Walter Puppo<\/p>\n\n\n\n<p>Il titolo gi\u00e0 di per s\u00e9 emblematico, lo spazio in cui espone ancora di pi\u00f9.<\/p>\n\n\n\n<figure class=\"wp-block-image size-large\"><img loading=\"lazy\" decoding=\"async\" width=\"1024\" height=\"793\" src=\"https:\/\/www.biancoscuro.it\/site\/wp-content\/uploads\/2020\/02\/@courtesy-of-Mauro-Mariani-1-1024x793.jpg\" alt=\"\" class=\"wp-image-10398\" srcset=\"https:\/\/www.biancoscuro.it\/site\/wp-content\/uploads\/2020\/02\/@courtesy-of-Mauro-Mariani-1-1024x793.jpg 1024w, https:\/\/www.biancoscuro.it\/site\/wp-content\/uploads\/2020\/02\/@courtesy-of-Mauro-Mariani-1-300x232.jpg 300w, https:\/\/www.biancoscuro.it\/site\/wp-content\/uploads\/2020\/02\/@courtesy-of-Mauro-Mariani-1-768x595.jpg 768w, https:\/\/www.biancoscuro.it\/site\/wp-content\/uploads\/2020\/02\/@courtesy-of-Mauro-Mariani-1-600x465.jpg 600w, https:\/\/www.biancoscuro.it\/site\/wp-content\/uploads\/2020\/02\/@courtesy-of-Mauro-Mariani-1-1320x1022.jpg 1320w, https:\/\/www.biancoscuro.it\/site\/wp-content\/uploads\/2020\/02\/@courtesy-of-Mauro-Mariani-1.jpg 1511w\" sizes=\"auto, (max-width: 1024px) 100vw, 1024px\" \/><figcaption>@courtesy of Mauro Mariani<\/figcaption><\/figure>\n\n\n\n<p>Mi ritrovo seduta sul divano di una amica cara che rivedo con piacere, il giorno di inaugurazione, circondata letteralmente da cellule.<\/p>\n\n\n\n<p>Cellule infinite che si moltiplicano e si replicano, sebbene statiche si librano in mondi a noi sconosciuti. Si perch\u00e9 le cellule di Walter richiamano alla mia mente immediatamente e senza possibilit\u00e0 di errore, una esistenza non terrena, pi\u00f9 simile a qualcosa di trascendente che di veramente umano, quasi dei pianeti che ruotano su se stessi facendo giri immensi per poi arrivare ad un abbraccio globale quasi mistico, avvolgente. I colori sono determinanti nella scelta di dar vita a questi micro e macro cosmi, le forme sono tutte completamente differenti, proprio a voler lasciare un messaggio, per chi avr\u00e0 la fortuna di osservarle: noi Cellule esistiamo, siamo complete, nel nostro essere siamo vita, futuro e forza. Si forza, non si scorge nell\u2019opera di Walter alcun tipo di fragilit\u00e0, n\u00e9 nel segno n\u00e9 nella forma, laddove la materia farebbe credere a qualche possibile cedimento \u00e8 invece l\u2019esatto contrario.<\/p>\n\n\n\n<figure class=\"wp-block-image size-large\"><img loading=\"lazy\" decoding=\"async\" width=\"1024\" height=\"768\" src=\"https:\/\/www.biancoscuro.it\/site\/wp-content\/uploads\/2020\/02\/IMG_1921-1024x768.jpg\" alt=\"\" class=\"wp-image-10399\" srcset=\"https:\/\/www.biancoscuro.it\/site\/wp-content\/uploads\/2020\/02\/IMG_1921-1024x768.jpg 1024w, https:\/\/www.biancoscuro.it\/site\/wp-content\/uploads\/2020\/02\/IMG_1921-300x225.jpg 300w, https:\/\/www.biancoscuro.it\/site\/wp-content\/uploads\/2020\/02\/IMG_1921-768x576.jpg 768w, https:\/\/www.biancoscuro.it\/site\/wp-content\/uploads\/2020\/02\/IMG_1921-600x450.jpg 600w, https:\/\/www.biancoscuro.it\/site\/wp-content\/uploads\/2020\/02\/IMG_1921-1320x990.jpg 1320w, https:\/\/www.biancoscuro.it\/site\/wp-content\/uploads\/2020\/02\/IMG_1921.jpg 1343w\" sizes=\"auto, (max-width: 1024px) 100vw, 1024px\" \/><figcaption>@courtesy of Mauro Mariani<\/figcaption><\/figure>\n\n\n\n<p>Cellule sono fortemente salde non importa da quale mondo, pianeta, stella provengano sono li davanti ai miei occhi e non mi danno alternativa, se non prendere coscienza del fatto che esistono, vere, reali, indenni alla distruzione temporale, anche a quella della memoria. Si fanno avanti non con gentilezza, ma con la giusta prepotenza, di vita che sa di essere prima di tutto, poi di opera d\u2019arte.<\/p>\n\n\n\n<p>La poetica di Walter \u00e8 proprio questa, pochi arzigogolamenti intorno all\u2019idea di arte, contemporanea soprattutto. Nella sua vita le Cellule sono sempre esistite, dapprima su carta, poi facendo, un p\u00f2 come accade nella vita di ciascuno di noi, una virata al suo lavoro di artista. Le Cellule sempre presenti, ma con la consapevolezza che, non importa il supporto, il colore, la dimensione, la forma, importante \u00e8 la costante precisa ricorrente idea che esse siano poesia.<\/p>\n\n\n\n<figure class=\"wp-block-image size-large\"><img loading=\"lazy\" decoding=\"async\" width=\"1024\" height=\"987\" src=\"https:\/\/www.biancoscuro.it\/site\/wp-content\/uploads\/2020\/02\/IMG_1917-1024x987.jpg\" alt=\"\" class=\"wp-image-10401\" srcset=\"https:\/\/www.biancoscuro.it\/site\/wp-content\/uploads\/2020\/02\/IMG_1917-1024x987.jpg 1024w, https:\/\/www.biancoscuro.it\/site\/wp-content\/uploads\/2020\/02\/IMG_1917-300x289.jpg 300w, https:\/\/www.biancoscuro.it\/site\/wp-content\/uploads\/2020\/02\/IMG_1917-768x740.jpg 768w, https:\/\/www.biancoscuro.it\/site\/wp-content\/uploads\/2020\/02\/IMG_1917-600x578.jpg 600w, https:\/\/www.biancoscuro.it\/site\/wp-content\/uploads\/2020\/02\/IMG_1917-1320x1272.jpg 1320w, https:\/\/www.biancoscuro.it\/site\/wp-content\/uploads\/2020\/02\/IMG_1917.jpg 1369w\" sizes=\"auto, (max-width: 1024px) 100vw, 1024px\" \/><figcaption>@courtesy of Mauro Mariani<\/figcaption><\/figure>\n\n\n\n<p>Nelle Cellule di Walter scorgo un mondo onirico, fatto di microcosmi nei quali posso immaginare di fare e di muovermi come se fossero saldamente ancorate al mio corpo, scorgo tanta metafisica, questa idea di ogni dottrina filosofica che si presenti come scienza della realt\u00e0 assoluta, che cerchi cio\u00e8 di dare una spiegazione delle cause prime della realt\u00e0, prescindendo da qualsiasi dato dell&#8217;esperienza; vuole rappresentare ci\u00f2 che \u00e8 oltre l&#8217;apparenza fisica della <strong>realt\u00e0<\/strong>, al di l\u00e0 dell&#8217;esperienza dei&nbsp;<strong>sensi<\/strong>. Ecco che le Cellule di Puppo potrebbero benissimo inserirsi in quadri di autori come De Chirico e nessuno ne rimarrebbe sconvolto, anzi, sono la sintesi cromatica e materica della metafisica che tutti noi conosciamo.<\/p>\n\n\n\n<p>Un altro aspetto che subito rende le Cellule attraenti \u00e8 questa loro capacit\u00e0 di lasciarsi toccare, lo abbiamo detto, non respingono ti avvicinano, io ho personalmente toccato a pi\u00f9 riprese ogni scultura, ogni installazione, e pi\u00f9 la mia mano veniva in contatto con le opere, pi\u00f9 sentivo la necessit\u00e0 di non allontanarmi. Le Cellule di Walter Puppo hanno questa potenza, ti attraggono come calamiti e non ti lasciano andare, non puoi distrarti, calamitano l\u2019 attenzione, lo sguardo, tutto del tuo corpo, come se volessero, proprio perch\u00e9 vive, attirarti in questo loro mondo fatto di passato, di futuro, di forze primordiali, ataviche ma anche attuali e allo stesso tempo contemporanee. Una sorta di viaggio fatto con la macchina del tempo, ma comprendente il passato ed il futuro. Il passato di Walter, uomo isolano, con negli occhi e nel cuore la sabbia, il colore dell\u2019acqua, con nelle orecchie il suono del libeccio, il sapore salmastro nella bocca e poi il futuro, decidere di muoversi da un\u2019isola (Isola d&#8217;Elba) ad una citt\u00e0 metropolitana (Milano) non deve essere facile, ci vuole coraggio, tanto coraggio e questa forza la si percepisce nelle sue Cellule, viaggianti, nomadi, oggi sono a Milano domani chiss\u00e0. L\u2019atmosfera creatasi dall\u2019installazione e dallo spazio che le ospita esponendole \u00e8 potente, i giochi di luce si alternano, i materiali come gli oli, gli acrilici, la grafite, la carta esplodono in tutta la loro bellezza, in tutto il loro magnetismo, un uso sapiente della materia che nonostante la forma data dall&#8217;autore all\u2019origine \u00e8 mutevole, cambia continuamente modificando la prospettiva di visione, il vuoto, non \u00e8 pi\u00f9 vuoto, il pieno viene assorbito e poi respinto in un gioco di alta geometria con l\u2019intento di far si che le cellule siano percepite con mille sfumature differenti.&nbsp;<\/p>\n\n\n\n<figure class=\"wp-block-image size-large\"><img loading=\"lazy\" decoding=\"async\" width=\"1024\" height=\"768\" src=\"https:\/\/www.biancoscuro.it\/site\/wp-content\/uploads\/2020\/02\/IMG_1920-1024x768.jpg\" alt=\"\" class=\"wp-image-10402\" srcset=\"https:\/\/www.biancoscuro.it\/site\/wp-content\/uploads\/2020\/02\/IMG_1920-1024x768.jpg 1024w, https:\/\/www.biancoscuro.it\/site\/wp-content\/uploads\/2020\/02\/IMG_1920-300x225.jpg 300w, https:\/\/www.biancoscuro.it\/site\/wp-content\/uploads\/2020\/02\/IMG_1920-768x576.jpg 768w, https:\/\/www.biancoscuro.it\/site\/wp-content\/uploads\/2020\/02\/IMG_1920-600x450.jpg 600w, https:\/\/www.biancoscuro.it\/site\/wp-content\/uploads\/2020\/02\/IMG_1920.jpg 1051w\" sizes=\"auto, (max-width: 1024px) 100vw, 1024px\" \/><figcaption>particolare @courtesy of Mauro Mariani<\/figcaption><\/figure>\n\n\n\n<p>Walter non prende in considerazione un aspetto affascinante come quello della scienza, ma inconsciamente lo fa ugualmente, le sue sculture chiamate Cellule, possono benissimo essere intese come delle nuvole, dei cosmi, dei pianeti e cosa non sono queste se non scienza?&nbsp;<\/p>\n\n\n\n<p>Finalmente una mostra dove non c\u2019\u00e8 la solita ripetizione cromatica, o la solita forma, ma una continua scoperta di colori, forme, supporti e materiali che, se pur ben conosciuti, ci lasciano sperare in un qualcosa di nuovo che possa ancora avvenire.<\/p>\n\n\n\n<p>Cellule di Walter Puppo \u00e8 una mostra onirica, simbolista, che permette di lasciare a chi la guarda di immaginare, di sognare, una mostra foriera di luoghi, profumi, sensazioni che ciascuno di noi porta dentro di s\u00e9 e per questo altamente contemporanea.<\/p>\n\n\n\n<figure class=\"wp-block-image size-large\"><img loading=\"lazy\" decoding=\"async\" width=\"1024\" height=\"768\" src=\"https:\/\/www.biancoscuro.it\/site\/wp-content\/uploads\/2020\/02\/IMG_7046-1024x768.jpg\" alt=\"\" class=\"wp-image-10405\" srcset=\"https:\/\/www.biancoscuro.it\/site\/wp-content\/uploads\/2020\/02\/IMG_7046-1024x768.jpg 1024w, https:\/\/www.biancoscuro.it\/site\/wp-content\/uploads\/2020\/02\/IMG_7046-300x225.jpg 300w, https:\/\/www.biancoscuro.it\/site\/wp-content\/uploads\/2020\/02\/IMG_7046-768x576.jpg 768w, https:\/\/www.biancoscuro.it\/site\/wp-content\/uploads\/2020\/02\/IMG_7046-600x450.jpg 600w, https:\/\/www.biancoscuro.it\/site\/wp-content\/uploads\/2020\/02\/IMG_7046-1536x1152.jpg 1536w, https:\/\/www.biancoscuro.it\/site\/wp-content\/uploads\/2020\/02\/IMG_7046-2048x1536.jpg 2048w, https:\/\/www.biancoscuro.it\/site\/wp-content\/uploads\/2020\/02\/IMG_7046-1320x990.jpg 1320w\" sizes=\"auto, (max-width: 1024px) 100vw, 1024px\" \/><figcaption>@courtesy of Mauro Mariani<\/figcaption><\/figure>\n\n\n\n<p>Lo spazio che ospita Walter Puppo \u00e8 l\u2019atelier studio dell\u2019artista Natsuko Toyofuku, che a sua volta crea delle sculture gioiello; quale location storica migliore visto che il pap\u00e0 di Natsuko, (Natsu) \u00e8 stato un importantissimo scultore in Milano. La bellezza dell\u2019arte \u00e8 proprio questa, le contaminazioni tra artisti, importantissime e imprescindibili, dalle quali poter attingere come linfa per alimentarsi.&nbsp;<\/p>\n\n\n\n<p><\/p>\n\n\n\n<p>La mostra Cellule di Walter Puppo a cura di Luca Sartini \u00e8 visibile presso lo spazio atelier Natsuko Toyofuku in Corso Como, 9 a Milano fino al 21 febbraio 2020 dal martedi a sabato dalle ore 10,30 alle 19,30.<\/p>\n","protected":false},"excerpt":{"rendered":"<p><span class=\"span-reading-time rt-reading-time\" style=\"display: block;\"><span class=\"rt-label rt-prefix\">\u23f0 lettura <\/span> <span class=\"rt-time\"> 4<\/span> <span class=\"rt-label rt-postfix\">min. <\/p>\n<p><\/span><\/span>Mostra personale di Walter Puppo Il titolo gi\u00e0 di per s\u00e9 emblematico, lo spazio in cui espone ancora di pi\u00f9. Mi ritrovo seduta sul divano di una amica cara che rivedo con piacere, il giorno di inaugurazione, circondata letteralmente da cellule. Cellule infinite che si moltiplicano e si replicano, sebbene statiche si librano in mondi&hellip;&nbsp;<a href=\"https:\/\/www.biancoscuro.it\/site\/cellule\/\" rel=\"bookmark\">Leggi tutto &raquo;<span class=\"screen-reader-text\">Cellule di Walter Puppo<\/span><\/a><\/p>\n","protected":false},"author":1054,"featured_media":10394,"comment_status":"closed","ping_status":"closed","sticky":false,"template":"","format":"standard","meta":{"neve_meta_sidebar":"","neve_meta_container":"","neve_meta_enable_content_width":"","neve_meta_content_width":0,"neve_meta_title_alignment":"","neve_meta_author_avatar":"","neve_post_elements_order":"","neve_meta_disable_header":"","neve_meta_disable_footer":"","neve_meta_disable_title":"","advanced_seo_description":"","jetpack_seo_html_title":"","jetpack_seo_noindex":false,"footnotes":""},"categories":[5,334,24,6],"tags":[461,637,450],"class_list":["post-10392","post","type-post","status-publish","format-standard","has-post-thumbnail","hentry","category-arte","category-installazioni","category-mostre","category-pittura","tag-arte-contemporanea","tag-mostra-personale","tag-pittura"],"jetpack_featured_media_url":"https:\/\/www.biancoscuro.it\/site\/wp-content\/uploads\/2020\/02\/@courtesy-of-Mauro-Mariani-scaled.jpg","jetpack_sharing_enabled":true,"jetpack-related-posts":[{"id":3977,"url":"https:\/\/www.biancoscuro.it\/site\/dermamutazioni\/","url_meta":{"origin":10392,"position":0},"title":"DERMAMUTAZIONI &#8211; copertura di forme con cellule dalle punte molli","author":"Redazione BIANCOSCURO","date":"27 Maggio 2016","format":false,"excerpt":"Vittorio Valente, indiscusso protagonista dell\u2019arte contemporanea, con al suo\u00a0attivo innumerevoli presenze in mostre e rassegne non solo nazionali, realizzer\u00e0 una performance\u00a0il 29 maggio presso la sede CUVAGE ad Acqui Terme in occasione della manifestazione Cantine Aperte. Valente eseguir\u00e0 in diretta uno dei suoi celebri \u201ccontenitori di corpi\u201d: una confezione magnum\u2026","rel":"","context":"In &quot;arte&quot;","block_context":{"text":"arte","link":"https:\/\/www.biancoscuro.it\/site\/category\/arte\/"},"img":{"alt_text":"","src":"https:\/\/i0.wp.com\/www.biancoscuro.it\/site\/wp-content\/uploads\/2016\/05\/valente1.jpg?resize=350%2C200&ssl=1","width":350,"height":200,"srcset":"https:\/\/i0.wp.com\/www.biancoscuro.it\/site\/wp-content\/uploads\/2016\/05\/valente1.jpg?resize=350%2C200&ssl=1 1x, https:\/\/i0.wp.com\/www.biancoscuro.it\/site\/wp-content\/uploads\/2016\/05\/valente1.jpg?resize=525%2C300&ssl=1 1.5x, https:\/\/i0.wp.com\/www.biancoscuro.it\/site\/wp-content\/uploads\/2016\/05\/valente1.jpg?resize=700%2C400&ssl=1 2x"},"classes":[]},{"id":15532,"url":"https:\/\/www.biancoscuro.it\/site\/walter-bonatti-novita-al-museomontagna\/","url_meta":{"origin":10392,"position":1},"title":"Walter Bonatti | Novit\u00e0 al Museomontagna","author":"Redazione BIANCOSCURO","date":"28 Febbraio 2023","format":false,"excerpt":"Dall'Archivio Walter Bonatti, fotografie ed oggetti originali racconteranno le \"due vite\" di una delle figure pi\u00f9 amate del Novecento: la prima dedicata all'alpinismo estremo, la seconda all'esplorazione di terre e culture lontane. Archivio Walter Bonatti. Centro Documentazione Museomontagna La nuova sezione espositiva permanente al Museomontagna da venerd\u00ec 3 marzo La\u2026","rel":"","context":"In &quot;arte&quot;","block_context":{"text":"arte","link":"https:\/\/www.biancoscuro.it\/site\/category\/arte\/"},"img":{"alt_text":"","src":"https:\/\/i0.wp.com\/www.biancoscuro.it\/site\/wp-content\/uploads\/2023\/02\/Archivio-Walter-Bonatti.-Centro-Documentazione-Museomontagna2.jpg?resize=350%2C200&ssl=1","width":350,"height":200,"srcset":"https:\/\/i0.wp.com\/www.biancoscuro.it\/site\/wp-content\/uploads\/2023\/02\/Archivio-Walter-Bonatti.-Centro-Documentazione-Museomontagna2.jpg?resize=350%2C200&ssl=1 1x, https:\/\/i0.wp.com\/www.biancoscuro.it\/site\/wp-content\/uploads\/2023\/02\/Archivio-Walter-Bonatti.-Centro-Documentazione-Museomontagna2.jpg?resize=525%2C300&ssl=1 1.5x, https:\/\/i0.wp.com\/www.biancoscuro.it\/site\/wp-content\/uploads\/2023\/02\/Archivio-Walter-Bonatti.-Centro-Documentazione-Museomontagna2.jpg?resize=700%2C400&ssl=1 2x"},"classes":[]},{"id":3961,"url":"https:\/\/www.biancoscuro.it\/site\/vittorio-valente-mostra-personale-presso-globart-gallery\/","url_meta":{"origin":10392,"position":2},"title":"Vittorio Valente Mostra personale presso Globart Gallery","author":"Vincenzo Chetta","date":"18 Maggio 2016","format":false,"excerpt":"Inaugura sabato 11 giugno 2016, presso GlobArt Gallery di Acqui Terme, la mostra dedicata al genovese Vittorio Valente, artista di origini astigiane che utilizza silicone (colorato), per realizzare le sue opere. L\u2019arte di Vittorio Valente si potrebbe infatti definire come \u201cArte del non visibile a occhio nudo\u201d. Possiamo datare l\u2019inizio\u2026","rel":"","context":"In &quot;arte&quot;","block_context":{"text":"arte","link":"https:\/\/www.biancoscuro.it\/site\/category\/arte\/"},"img":{"alt_text":"Vittorio Valente","src":"https:\/\/i0.wp.com\/www.biancoscuro.it\/site\/wp-content\/uploads\/2016\/05\/2-3.jpg?resize=350%2C200&ssl=1","width":350,"height":200,"srcset":"https:\/\/i0.wp.com\/www.biancoscuro.it\/site\/wp-content\/uploads\/2016\/05\/2-3.jpg?resize=350%2C200&ssl=1 1x, https:\/\/i0.wp.com\/www.biancoscuro.it\/site\/wp-content\/uploads\/2016\/05\/2-3.jpg?resize=525%2C300&ssl=1 1.5x, https:\/\/i0.wp.com\/www.biancoscuro.it\/site\/wp-content\/uploads\/2016\/05\/2-3.jpg?resize=700%2C400&ssl=1 2x"},"classes":[]},{"id":9714,"url":"https:\/\/www.biancoscuro.it\/site\/mondo-invisibile-personale-di-vittorio-valente\/","url_meta":{"origin":10392,"position":3},"title":"MONDO INVISIBILE | Personale di Vittorio Valente","author":"Redazione BIANCOSCURO","date":"24 Settembre 2019","format":false,"excerpt":"Dal 28 settembre in mostra alla Showcases Gallery una selezione di opere dell\u2019artista genovese (di origini astigiane) che ha iniziato la sua carriera artistica negli anni \u201980, vantando ora numerose apparizioni in gallerie e musei. Valente, che ha sviluppato nel corso degli anni un percorso artistico e creativo estremamente personale\u2026","rel":"","context":"In &quot;arte&quot;","block_context":{"text":"arte","link":"https:\/\/www.biancoscuro.it\/site\/category\/arte\/"},"img":{"alt_text":"","src":"https:\/\/i0.wp.com\/www.biancoscuro.it\/site\/wp-content\/uploads\/2019\/09\/locandina-invitoPRE.jpg?resize=350%2C200&ssl=1","width":350,"height":200,"srcset":"https:\/\/i0.wp.com\/www.biancoscuro.it\/site\/wp-content\/uploads\/2019\/09\/locandina-invitoPRE.jpg?resize=350%2C200&ssl=1 1x, https:\/\/i0.wp.com\/www.biancoscuro.it\/site\/wp-content\/uploads\/2019\/09\/locandina-invitoPRE.jpg?resize=525%2C300&ssl=1 1.5x"},"classes":[]},{"id":1449,"url":"https:\/\/www.biancoscuro.it\/site\/trofeo-la-vela-doro-2014-a-cesenatico\/","url_meta":{"origin":10392,"position":4},"title":"Trofeo La Vela d\u2019Oro 2014 a Cesenatico","author":"Redazione BIANCOSCURO","date":"26 Giugno 2014","format":false,"excerpt":"Dal 28 giugno 2014 a Cesenatico, presso la Sala Congressi dell\u2019Hotel Miramare, si terr\u00e0 la manifestazione \u201cTrofeo La Vela d\u2019Oro\u201d 2014, conferimento per meriti artistici organizzato da ArtExp\u00f2 Gallery. Gli Artisti: Mariagrazia Algisi, Gionatan Alpini, Rosanna Arena, Anna Avossa, Besnik Harizaj, Luciano Bonetti, Cosetta Borin, Teresa Bortolin, Adela Burta, Jole\u2026","rel":"","context":"In &quot;arte&quot;","block_context":{"text":"arte","link":"https:\/\/www.biancoscuro.it\/site\/category\/arte\/"},"img":{"alt_text":"CESENATICO BIANCOSCURO  ART MAGAZINE","src":"https:\/\/i0.wp.com\/www.biancoscuro.it\/site\/wp-content\/uploads\/2014\/06\/CESENATICO.jpg?resize=350%2C200","width":350,"height":200,"srcset":"https:\/\/i0.wp.com\/www.biancoscuro.it\/site\/wp-content\/uploads\/2014\/06\/CESENATICO.jpg?resize=350%2C200 1x, https:\/\/i0.wp.com\/www.biancoscuro.it\/site\/wp-content\/uploads\/2014\/06\/CESENATICO.jpg?resize=525%2C300 1.5x"},"classes":[]},{"id":17472,"url":"https:\/\/www.biancoscuro.it\/site\/larte-che-parla-alle-masse\/","url_meta":{"origin":10392,"position":5},"title":"L\u2019arte che parla alle masse","author":"Redazione BIANCOSCURO","date":"3 Luglio 2024","format":false,"excerpt":"Il Palazzo Buontalenti di Pistoia, ospita la grande mostra '60 Pop Art Italia La rassegna, visitabile fino al prossimo 14 luglio, \u00e8 curata da Walter Guadagnini e presenta 70 opere che ricostruiscono le vicende della Pop Art in Italia, attraverso i suoi maggiori esponenti. Il percorso espositivo si configura come\u2026","rel":"","context":"In &quot;arte&quot;","block_context":{"text":"arte","link":"https:\/\/www.biancoscuro.it\/site\/category\/arte\/"},"img":{"alt_text":"","src":"https:\/\/i0.wp.com\/www.biancoscuro.it\/site\/wp-content\/uploads\/2024\/07\/999_Innocente_Jasper-Johnson-1322x1920-1.jpg?resize=350%2C200&ssl=1","width":350,"height":200,"srcset":"https:\/\/i0.wp.com\/www.biancoscuro.it\/site\/wp-content\/uploads\/2024\/07\/999_Innocente_Jasper-Johnson-1322x1920-1.jpg?resize=350%2C200&ssl=1 1x, https:\/\/i0.wp.com\/www.biancoscuro.it\/site\/wp-content\/uploads\/2024\/07\/999_Innocente_Jasper-Johnson-1322x1920-1.jpg?resize=525%2C300&ssl=1 1.5x, https:\/\/i0.wp.com\/www.biancoscuro.it\/site\/wp-content\/uploads\/2024\/07\/999_Innocente_Jasper-Johnson-1322x1920-1.jpg?resize=700%2C400&ssl=1 2x"},"classes":[]}],"_links":{"self":[{"href":"https:\/\/www.biancoscuro.it\/site\/wp-json\/wp\/v2\/posts\/10392","targetHints":{"allow":["GET"]}}],"collection":[{"href":"https:\/\/www.biancoscuro.it\/site\/wp-json\/wp\/v2\/posts"}],"about":[{"href":"https:\/\/www.biancoscuro.it\/site\/wp-json\/wp\/v2\/types\/post"}],"author":[{"embeddable":true,"href":"https:\/\/www.biancoscuro.it\/site\/wp-json\/wp\/v2\/users\/1054"}],"replies":[{"embeddable":true,"href":"https:\/\/www.biancoscuro.it\/site\/wp-json\/wp\/v2\/comments?post=10392"}],"version-history":[{"count":0,"href":"https:\/\/www.biancoscuro.it\/site\/wp-json\/wp\/v2\/posts\/10392\/revisions"}],"wp:featuredmedia":[{"embeddable":true,"href":"https:\/\/www.biancoscuro.it\/site\/wp-json\/wp\/v2\/media\/10394"}],"wp:attachment":[{"href":"https:\/\/www.biancoscuro.it\/site\/wp-json\/wp\/v2\/media?parent=10392"}],"wp:term":[{"taxonomy":"category","embeddable":true,"href":"https:\/\/www.biancoscuro.it\/site\/wp-json\/wp\/v2\/categories?post=10392"},{"taxonomy":"post_tag","embeddable":true,"href":"https:\/\/www.biancoscuro.it\/site\/wp-json\/wp\/v2\/tags?post=10392"}],"curies":[{"name":"wp","href":"https:\/\/api.w.org\/{rel}","templated":true}]}}