{"id":10438,"date":"2020-02-18T19:49:47","date_gmt":"2020-02-18T18:49:47","guid":{"rendered":"https:\/\/www.biancoscuro.it\/site\/?p=10438"},"modified":"2020-02-19T15:55:45","modified_gmt":"2020-02-19T14:55:45","slug":"a-helpful-guide-to-nowherela-nuova-monografia-di-giacomo-costa","status":"publish","type":"post","link":"https:\/\/www.biancoscuro.it\/site\/a-helpful-guide-to-nowherela-nuova-monografia-di-giacomo-costa\/","title":{"rendered":"\u201cA HELPFUL GUIDE TO NOWHERE\u201d: La nuova monografia di Giacomo Costa"},"content":{"rendered":"<span class=\"span-reading-time rt-reading-time\" style=\"display: block;\"><span class=\"rt-label rt-prefix\">\u23f0 lettura <\/span> <span class=\"rt-time\"> 3<\/span> <span class=\"rt-label rt-postfix\">min. <br><br><\/span><\/span>\n<p>Dopo \u201cThe\nChronicles of Time\u201d (Damiani 2009) che definiva il percorso\nevolutivo dell&#8217;opera di Giacomo Costa arrivando fino al 2008\nincludendo la Biennale di Venezia, ora l&#8217;artista presenta la sua\nnuova monografia \u201cA Helpful Guide to Nowhere\u201d (Damiani 2020) che\n\u00e8 scandita per temi, di conseguenza ogni capitolo include opere di\nanni diversi, dal 2003 fino ai progetti pi\u00f9 recenti come \u201cLandscape\u201d\n  ,\u201cTime(e)scapes\u201d e \u201cAtmosfera\u201d. All&#8217;interno un&#8217;intervista\ndi Luca Beatrice che propone un vivace scambio dialettico con Giacomo\nCosta.<\/p>\n\n\n\n<p>La temperie del\n\u201cpost-umano\u201d (di cui parla diffusamente il filosofo ed etologo\nRoberto Marchesini)\u00e8 certamente presente nella cifra stilistica\ndell&#8217;artista. Postumane sono le immagini create che richiamano mondi\ndistopici ispirati proprio a quel filone di fantascienza che ha avuto\nil suo apice in scenari alla \u201cBlade Runner\u201d o \u201cMatrix\u201d e in\nautori come Isaac Asimov, Philip Dick o William Gibson, mondi\naffascinanti seppur inquietanti, dove l&#8217;artista riesce a creare una\nvisione dove \u00e8 presenta quella liricit\u00e0 che per coinvolgimento\nemotivo ricorda la tragedia greca cos\u00ec come quella shakespeariana.\nLa vertigine e il senso di precariet\u00e0  che trasmette \u201cAtmosfera\nn.1\u201d(2018) sono  attraenti seppur inquietanti nel loro incerto\nequilibrio.<\/p>\n\n\n\n<figure class=\"wp-block-image size-large\"><img loading=\"lazy\" decoding=\"async\" width=\"1000\" height=\"563\" src=\"https:\/\/www.biancoscuro.it\/site\/wp-content\/uploads\/2020\/02\/atmosferan.12018.jpg\" alt=\"\" class=\"wp-image-10439\" srcset=\"https:\/\/www.biancoscuro.it\/site\/wp-content\/uploads\/2020\/02\/atmosferan.12018.jpg 1000w, https:\/\/www.biancoscuro.it\/site\/wp-content\/uploads\/2020\/02\/atmosferan.12018-300x169.jpg 300w, https:\/\/www.biancoscuro.it\/site\/wp-content\/uploads\/2020\/02\/atmosferan.12018-768x432.jpg 768w, https:\/\/www.biancoscuro.it\/site\/wp-content\/uploads\/2020\/02\/atmosferan.12018-600x338.jpg 600w\" sizes=\"auto, (max-width: 1000px) 100vw, 1000px\" \/><figcaption>&#8220;ATMOSFERA N.1,2018&#8221;<\/figcaption><\/figure>\n\n\n\n<p>Postumane sono le\ntensioni e le preoccupazioni verso il domani, come nei futuri\nfuturibili di Costa, che paiono un presagio dal tono visionario. In\nquesto senso \u00e8 indicativo il titolo del libro, col quale l&#8217;artista\nsembra dichiarare \u201cVedo questo mondo in crisi, non ho una risposta\no una soluzione, mi limito a dire, tramite la mia opera, che le cose\nnon vanno bene.\u201d \n<\/p>\n\n\n\n<p>L&#8217;uomo \u00e8 solo apparentemente assente nelle opere di Costa: in realt\u00e0  \u00e8 ovunque, infatti l&#8217;artista usa l&#8217;architettura per descrivere l&#8217;essere umano, che, autoelettosi padrone assoluto, ha modificato e abusato dell&#8217;ambiente come una cellula impazzita nel grande organismo della Terra, costruendo megalopoli di edifici dove la natura viene vista come  un&#8217;alterit\u00e0 che difficilmente si rapporta con l&#8217;umano, come in \u201cAtmosfera n.6\u201d<\/p>\n\n\n\n<p><\/p>\n\n\n\n<figure class=\"wp-block-image size-large\"><img loading=\"lazy\" decoding=\"async\" width=\"1000\" height=\"334\" src=\"https:\/\/www.biancoscuro.it\/site\/wp-content\/uploads\/2020\/02\/atmosfera-n.62019.jpg\" alt=\"\" class=\"wp-image-10440\" srcset=\"https:\/\/www.biancoscuro.it\/site\/wp-content\/uploads\/2020\/02\/atmosfera-n.62019.jpg 1000w, https:\/\/www.biancoscuro.it\/site\/wp-content\/uploads\/2020\/02\/atmosfera-n.62019-300x100.jpg 300w, https:\/\/www.biancoscuro.it\/site\/wp-content\/uploads\/2020\/02\/atmosfera-n.62019-768x257.jpg 768w, https:\/\/www.biancoscuro.it\/site\/wp-content\/uploads\/2020\/02\/atmosfera-n.62019-600x200.jpg 600w\" sizes=\"auto, (max-width: 1000px) 100vw, 1000px\" \/><figcaption>&#8220;ATMOSFERA N.6, 2019&#8221;<\/figcaption><\/figure>\n\n\n\n<p>L&#8217;errore\nantropocentrico ha portato l&#8217;uomo a considerarsi centro dell&#8217;universo\ne a ridurre la natura a puro scopo utilitaristico, in una visione\nantropoplastica.<\/p>\n\n\n\n<p>Al contrario\ndobbiamo accettare di avere una capacit\u00e0 limitata di capire e\ncontrollare la natura: essa sussiste di per s\u00e9, non ha volont\u00e0. \nNoi siamo ospiti di questo mondo, non ne siamo l&#8217;essenza.<\/p>\n\n\n\n<p>Attraverso la\ntecnologia, usando diversi programmi, da Photoshop al pi\u00f9 recente\nHoudini, l&#8217;artista considera il computer un&#8217;estensione di s\u00e9 stesso\nche egli usa per esprimersi. E con l&#8217;evoluzione della tecnologia\ncambia anche la sua opera.<\/p>\n\n\n\n<p>La rivoluzione\ndigitale e tecnologica da un lato ha fatto emergere un senso di\nincertezza e transitoriet\u00e0, consegnandoci a quella condizione\nliquida di cui parla Bauman, che definisce la contemporaneit\u00e0\nattanagliata tra consumismo e globalizzazione. Per\u00f2 dall&#8217;altro lato\nemergono nuovi scenari e nuove possibilit\u00e0 per il futuro. E&#8217; quello\nche si auspica anche l&#8217;artista che, sa da un lato \u00e8 pessimista e non\nha molta fiducia nell&#8217;essere umano, dall&#8217;altro \u00e8 ottimista nel\nproposito che attraverso le nuove tecnologie si possano diffondere ed\nattuare azioni e pensieri propositivi che ci faccia realmente\nchiamare in causa nell&#8217;attuare una serie di comportamenti che possano\n concretamente aiutare il pianeta.<\/p>\n\n\n\n<p>Una nuova cultura\nper la techne: l&#8217;uomo \u00e8 portato a pensare che attraverso la techne\negli possa sbarazzarsi della condizione animale, pensiero che porta\ninevitabilmente a credere che le nuove tecnologie siano uno strumento\ndi dominio sulla natura. Non \u00e8 cos\u00ec. Non si deve ragionare in\ntermini binari contrapponendo natura e cultura, ma comprendere che\nsiamo responsabili del grande organismo di cui facciamo parte che \u00e8\nla Terra.<\/p>\n\n\n\n<p>Rebecca Delmenico<\/p>\n","protected":false},"excerpt":{"rendered":"<p><span class=\"span-reading-time rt-reading-time\" style=\"display: block;\"><span class=\"rt-label rt-prefix\">\u23f0 lettura <\/span> <span class=\"rt-time\"> 3<\/span> <span class=\"rt-label rt-postfix\">min. <\/p>\n<p><\/span><\/span>Dopo \u201cThe Chronicles of Time\u201d (Damiani 2009) che definiva il percorso evolutivo dell&#8217;opera di Giacomo Costa arrivando fino al 2008 includendo la Biennale di Venezia, ora l&#8217;artista presenta la sua nuova monografia \u201cA Helpful Guide to Nowhere\u201d (Damiani 2020) che \u00e8 scandita per temi, di conseguenza ogni capitolo include opere di anni diversi, dal 2003&hellip;&nbsp;<a href=\"https:\/\/www.biancoscuro.it\/site\/a-helpful-guide-to-nowherela-nuova-monografia-di-giacomo-costa\/\" rel=\"bookmark\">Leggi tutto &raquo;<span class=\"screen-reader-text\">\u201cA HELPFUL GUIDE TO NOWHERE\u201d: La nuova monografia di Giacomo Costa<\/span><\/a><\/p>\n","protected":false},"author":1,"featured_media":10441,"comment_status":"closed","ping_status":"closed","sticky":false,"template":"","format":"standard","meta":{"neve_meta_sidebar":"","neve_meta_container":"","neve_meta_enable_content_width":"","neve_meta_content_width":0,"neve_meta_title_alignment":"","neve_meta_author_avatar":"","neve_post_elements_order":"","neve_meta_disable_header":"","neve_meta_disable_footer":"","neve_meta_disable_title":"","advanced_seo_description":"","jetpack_seo_html_title":"","jetpack_seo_noindex":false,"footnotes":""},"categories":[5,21,8,30],"tags":[461,455,2105,1062,2104,2106],"class_list":["post-10438","post","type-post","status-publish","format-standard","has-post-thumbnail","hentry","category-arte","category-catalogo-darte","category-fotografia","category-grafica","tag-arte-contemporanea","tag-catalogo-darte","tag-giacomo-costa","tag-luca-beatrice","tag-rebecca-delmenico","tag-roberto-marchesini"],"jetpack_featured_media_url":"https:\/\/www.biancoscuro.it\/site\/wp-content\/uploads\/2020\/02\/atmosfera-n.202019.jpg","jetpack_sharing_enabled":true,"jetpack-related-posts":[{"id":11076,"url":"https:\/\/www.biancoscuro.it\/site\/giacomo-costa-no-w-here\/","url_meta":{"origin":10438,"position":0},"title":"Giacomo Costa | no-w-here","author":"Redazione BIANCOSCURO","date":"28 Settembre 2020","format":false,"excerpt":"Giacomo Costa \"Atmosfera n.19\" 2019, Stampa lambda su dibond, 100x100 cm. No-w-here prende vita dopo due anni di studio dell\u2019artista per poter ampliare i propri orizzonti espressivi attraverso lo studio delle nuove tecnologie 3d. Il risultato sono opere tremendamente realistiche, di un forte impatto emotivo che rappresentano il delicato e\u2026","rel":"","context":"In &quot;arte&quot;","block_context":{"text":"arte","link":"https:\/\/www.biancoscuro.it\/site\/category\/arte\/"},"img":{"alt_text":"","src":"https:\/\/i0.wp.com\/www.biancoscuro.it\/site\/wp-content\/uploads\/2020\/09\/Giacomo-Costa-Atmosfera-n.6-Stampa-lambda-su-dibond-cm-80x240-2019COP.jpg?resize=350%2C200&ssl=1","width":350,"height":200,"srcset":"https:\/\/i0.wp.com\/www.biancoscuro.it\/site\/wp-content\/uploads\/2020\/09\/Giacomo-Costa-Atmosfera-n.6-Stampa-lambda-su-dibond-cm-80x240-2019COP.jpg?resize=350%2C200&ssl=1 1x, https:\/\/i0.wp.com\/www.biancoscuro.it\/site\/wp-content\/uploads\/2020\/09\/Giacomo-Costa-Atmosfera-n.6-Stampa-lambda-su-dibond-cm-80x240-2019COP.jpg?resize=525%2C300&ssl=1 1.5x, https:\/\/i0.wp.com\/www.biancoscuro.it\/site\/wp-content\/uploads\/2020\/09\/Giacomo-Costa-Atmosfera-n.6-Stampa-lambda-su-dibond-cm-80x240-2019COP.jpg?resize=700%2C400&ssl=1 2x, https:\/\/i0.wp.com\/www.biancoscuro.it\/site\/wp-content\/uploads\/2020\/09\/Giacomo-Costa-Atmosfera-n.6-Stampa-lambda-su-dibond-cm-80x240-2019COP.jpg?resize=1050%2C600&ssl=1 3x, https:\/\/i0.wp.com\/www.biancoscuro.it\/site\/wp-content\/uploads\/2020\/09\/Giacomo-Costa-Atmosfera-n.6-Stampa-lambda-su-dibond-cm-80x240-2019COP.jpg?resize=1400%2C800&ssl=1 4x"},"classes":[]},{"id":1140,"url":"https:\/\/www.biancoscuro.it\/site\/online-il-catalogo-del-nostro-vulcanico-giacomo-rossi\/","url_meta":{"origin":10438,"position":1},"title":"Online il catalogo del nostro vulcanico Giacomo Rossi","author":"Redazione BIANCOSCURO","date":"17 Aprile 2014","format":false,"excerpt":"Finalmente online il catalogo delle opere del VULCANICO\u00a0Giacomo Rossi aggiornato ad aprile 2014. Recensioni: Franco Bulfarini, Francesco Chetta, Maurizio Gnali, Federica Pasini. Realizzazione: Liberementi - www.liberementi.it Editore: Biancoscuro www.biancoscuro.it Clicca qui per vedere online. Se interessato alla realizzazione di un catalogo personale da condividere online su Facebook, twitter, google+, tumblr,\u2026","rel":"","context":"In &quot;arte&quot;","block_context":{"text":"arte","link":"https:\/\/www.biancoscuro.it\/site\/category\/arte\/"},"img":{"alt_text":"Vittorio Sgarbi - Giacomo Rossi - Biancoscuro","src":"https:\/\/i0.wp.com\/www.biancoscuro.it\/site\/wp-content\/uploads\/2014\/04\/rossi-sgarbi.jpg?resize=350%2C200","width":350,"height":200},"classes":[]},{"id":6149,"url":"https:\/\/www.biancoscuro.it\/site\/biancoscuro-art-exhibition-montreux-art-gallery-2017\/","url_meta":{"origin":10438,"position":2},"title":"BIANCOSCURO Art Exhibition | Montreux Art Gallery 2017","author":"Redazione BIANCOSCURO","date":"6 Novembre 2017","format":false,"excerpt":"13\u00ba Salone d\u2019Arte Contemporanea di Montreux 8\u00a0al\u00a012\u00a0novembre 2017 Il MAG (Montreux Art Gallery) \u00e8 la mostra mercato che da oltre 13 anni si rivolge\u00a0ai collezionisti della Svizzera francese. L'edizione 2016 ha riscosso notevoli riscontri confermando le scelte fatte dal Presidente Jean-Fran\u00e7ois Gailloud. Un grande successo di visitatori; la presenza di\u2026","rel":"","context":"In &quot;arte&quot;","block_context":{"text":"arte","link":"https:\/\/www.biancoscuro.it\/site\/category\/arte\/"},"img":{"alt_text":"","src":"https:\/\/i0.wp.com\/www.biancoscuro.it\/site\/wp-content\/uploads\/2015\/08\/Schermata-2015-08-20-alle-10.08.26.png?resize=350%2C200&ssl=1","width":350,"height":200,"srcset":"https:\/\/i0.wp.com\/www.biancoscuro.it\/site\/wp-content\/uploads\/2015\/08\/Schermata-2015-08-20-alle-10.08.26.png?resize=350%2C200&ssl=1 1x, https:\/\/i0.wp.com\/www.biancoscuro.it\/site\/wp-content\/uploads\/2015\/08\/Schermata-2015-08-20-alle-10.08.26.png?resize=525%2C300&ssl=1 1.5x, https:\/\/i0.wp.com\/www.biancoscuro.it\/site\/wp-content\/uploads\/2015\/08\/Schermata-2015-08-20-alle-10.08.26.png?resize=700%2C400&ssl=1 2x, https:\/\/i0.wp.com\/www.biancoscuro.it\/site\/wp-content\/uploads\/2015\/08\/Schermata-2015-08-20-alle-10.08.26.png?resize=1050%2C600&ssl=1 3x"},"classes":[]},{"id":5441,"url":"https:\/\/www.biancoscuro.it\/site\/finissage-al-valla-back-to-college\/","url_meta":{"origin":10438,"position":3},"title":"Finissage al Valla &#8220;Back to college&#8221;","author":"Redazione BIANCOSCURO","date":"5 Maggio 2017","format":false,"excerpt":"La prima edizione di \u201cBack To College\u201d, la rassegna d\u2019arte contemporanea organizzata dal collegio universitario Lorenzo Valla di Pavia, \u00e8 giunta alla conclusione del suo primo percorso espositivo. Mercoled\u00ec 3 maggio si \u00e8 celebrato il successo dell'iniziativa con un affollato finissage, al quale hanno partecipato gli Artisti protagonisti della rassegna,\u2026","rel":"","context":"In &quot;arte&quot;","block_context":{"text":"arte","link":"https:\/\/www.biancoscuro.it\/site\/category\/arte\/"},"img":{"alt_text":"","src":"https:\/\/i0.wp.com\/www.biancoscuro.it\/site\/wp-content\/uploads\/2017\/05\/valla2.jpg?resize=350%2C200","width":350,"height":200,"srcset":"https:\/\/i0.wp.com\/www.biancoscuro.it\/site\/wp-content\/uploads\/2017\/05\/valla2.jpg?resize=350%2C200 1x, https:\/\/i0.wp.com\/www.biancoscuro.it\/site\/wp-content\/uploads\/2017\/05\/valla2.jpg?resize=525%2C300 1.5x, https:\/\/i0.wp.com\/www.biancoscuro.it\/site\/wp-content\/uploads\/2017\/05\/valla2.jpg?resize=700%2C400 2x"},"classes":[]},{"id":5125,"url":"https:\/\/www.biancoscuro.it\/site\/lodolafra-galleria-centro-steccata-parma\/","url_meta":{"origin":10438,"position":4},"title":"LoDoLaFra | Galleria Centro Steccata &#8211; Parma","author":"Redazione BIANCOSCURO","date":"15 Marzo 2017","format":false,"excerpt":"Dal 18 marzo\u00a0fino al 30 giugno 2017 presso la\u00a0Galleria Centro Steccata di Parma:\u00a0\u201cLODOLAFRA\u201d doppia mostra personale di Marco Lodola e Giovanna Fra. Vernissage della mostra sabato 18 alle \u00a0ore 17 con presentazione\u00a0a\u00a0cura di\u00a0Luca Beatrice\u00a0con\u00a0dj set di Andy (pittore e\u00a0musicista\/cantante dei Bluvertigo) al seguito. Marco Lodola e Giovanna Fra sono i\u2026","rel":"","context":"In &quot;art magazine&quot;","block_context":{"text":"art magazine","link":"https:\/\/www.biancoscuro.it\/site\/category\/art-magazine\/"},"img":{"alt_text":"biancoscuro art magazine lodolafra","src":"https:\/\/i0.wp.com\/www.biancoscuro.it\/site\/wp-content\/uploads\/2017\/03\/1000-Blues-acrilico-su-tela-140-x-140-cm.-2016_2_1.jpg?resize=350%2C200","width":350,"height":200,"srcset":"https:\/\/i0.wp.com\/www.biancoscuro.it\/site\/wp-content\/uploads\/2017\/03\/1000-Blues-acrilico-su-tela-140-x-140-cm.-2016_2_1.jpg?resize=350%2C200 1x, https:\/\/i0.wp.com\/www.biancoscuro.it\/site\/wp-content\/uploads\/2017\/03\/1000-Blues-acrilico-su-tela-140-x-140-cm.-2016_2_1.jpg?resize=525%2C300 1.5x, https:\/\/i0.wp.com\/www.biancoscuro.it\/site\/wp-content\/uploads\/2017\/03\/1000-Blues-acrilico-su-tela-140-x-140-cm.-2016_2_1.jpg?resize=700%2C400 2x"},"classes":[]},{"id":1040,"url":"https:\/\/www.biancoscuro.it\/site\/step-art-fair-la-5-edizione-e-una-conferma\/","url_meta":{"origin":10438,"position":5},"title":"Step Art Fair, la 5\u00aa edizione \u00e8 una conferma","author":"Redazione BIANCOSCURO","date":"31 Marzo 2014","format":false,"excerpt":"Si \u00e8 conclusa ieri Step Art Fair, giunta alla sua 5 edizione, presso il quartiere della arti milanese, nella cornice meravigliosa e di pregio come quella de La Fabbrica del Vapore. Una sfida su vari fronti, tante le iniziative artistiche in questo periodo, ma il tema dell'evento \"ecosostenibilit\u00e0 e natura\",\u2026","rel":"","context":"In &quot;arte&quot;","block_context":{"text":"arte","link":"https:\/\/www.biancoscuro.it\/site\/category\/arte\/"},"img":{"alt_text":"step art fair 2014 milano rivista d'arte biancoscuro art magazine","src":"https:\/\/i0.wp.com\/www.biancoscuro.it\/site\/wp-content\/uploads\/2014\/03\/31.jpg?resize=350%2C200","width":350,"height":200,"srcset":"https:\/\/i0.wp.com\/www.biancoscuro.it\/site\/wp-content\/uploads\/2014\/03\/31.jpg?resize=350%2C200 1x, https:\/\/i0.wp.com\/www.biancoscuro.it\/site\/wp-content\/uploads\/2014\/03\/31.jpg?resize=525%2C300 1.5x"},"classes":[]}],"_links":{"self":[{"href":"https:\/\/www.biancoscuro.it\/site\/wp-json\/wp\/v2\/posts\/10438","targetHints":{"allow":["GET"]}}],"collection":[{"href":"https:\/\/www.biancoscuro.it\/site\/wp-json\/wp\/v2\/posts"}],"about":[{"href":"https:\/\/www.biancoscuro.it\/site\/wp-json\/wp\/v2\/types\/post"}],"author":[{"embeddable":true,"href":"https:\/\/www.biancoscuro.it\/site\/wp-json\/wp\/v2\/users\/1"}],"replies":[{"embeddable":true,"href":"https:\/\/www.biancoscuro.it\/site\/wp-json\/wp\/v2\/comments?post=10438"}],"version-history":[{"count":0,"href":"https:\/\/www.biancoscuro.it\/site\/wp-json\/wp\/v2\/posts\/10438\/revisions"}],"wp:featuredmedia":[{"embeddable":true,"href":"https:\/\/www.biancoscuro.it\/site\/wp-json\/wp\/v2\/media\/10441"}],"wp:attachment":[{"href":"https:\/\/www.biancoscuro.it\/site\/wp-json\/wp\/v2\/media?parent=10438"}],"wp:term":[{"taxonomy":"category","embeddable":true,"href":"https:\/\/www.biancoscuro.it\/site\/wp-json\/wp\/v2\/categories?post=10438"},{"taxonomy":"post_tag","embeddable":true,"href":"https:\/\/www.biancoscuro.it\/site\/wp-json\/wp\/v2\/tags?post=10438"}],"curies":[{"name":"wp","href":"https:\/\/api.w.org\/{rel}","templated":true}]}}