{"id":10582,"date":"2020-03-31T17:13:00","date_gmt":"2020-03-31T15:13:00","guid":{"rendered":"https:\/\/www.biancoscuro.it\/site\/?p=10582"},"modified":"2020-04-30T17:24:08","modified_gmt":"2020-04-30T15:24:08","slug":"one-mans-dreams","status":"publish","type":"post","link":"https:\/\/www.biancoscuro.it\/site\/one-mans-dreams\/","title":{"rendered":"One Man\u2019s Dreams"},"content":{"rendered":"<span class=\"span-reading-time rt-reading-time\" style=\"display: block;\"><span class=\"rt-label rt-prefix\">\u23f0 lettura <\/span> <span class=\"rt-time\"> 3<\/span> <span class=\"rt-label rt-postfix\">min. <br><br><\/span><\/span>\n<h2 class=\"wp-block-heading\">Un progetto di Mattia Consonni &#8211; Musica per gli Occhi<\/h2>\n\n\n\n<p>Questa \u00e8 una di quelle storie d\u2019arte e di fiducia che viene voglia di raccontare.&nbsp; &nbsp;<strong>Un artista, un\u2019opera composta da quattro tele, tre anni, pi\u00f9 di cinquantamila chilometri, oltre sessanta citt\u00e0<\/strong>. Questi sono i numeri del progetto di <strong>Mattia Consonni \u2013 Musica per gli Occhi<\/strong>, iniziato ormai pi\u00f9 di 3 anni fa ed arrivato alla conclusione del suo ciclo itinerante.<\/p>\n\n\n\n<figure class=\"wp-block-image size-large\"><img loading=\"lazy\" decoding=\"async\" width=\"999\" height=\"528\" src=\"https:\/\/www.biancoscuro.it\/site\/wp-content\/uploads\/2020\/04\/nel-bel-mezzo-delloceano-atlantico-.a-bordo-della-Sy-Skype-jpeg.jpg\" alt=\"\" class=\"wp-image-10585\" srcset=\"https:\/\/www.biancoscuro.it\/site\/wp-content\/uploads\/2020\/04\/nel-bel-mezzo-delloceano-atlantico-.a-bordo-della-Sy-Skype-jpeg.jpg 999w, https:\/\/www.biancoscuro.it\/site\/wp-content\/uploads\/2020\/04\/nel-bel-mezzo-delloceano-atlantico-.a-bordo-della-Sy-Skype-jpeg-300x159.jpg 300w, https:\/\/www.biancoscuro.it\/site\/wp-content\/uploads\/2020\/04\/nel-bel-mezzo-delloceano-atlantico-.a-bordo-della-Sy-Skype-jpeg-768x406.jpg 768w, https:\/\/www.biancoscuro.it\/site\/wp-content\/uploads\/2020\/04\/nel-bel-mezzo-delloceano-atlantico-.a-bordo-della-Sy-Skype-jpeg-600x317.jpg 600w\" sizes=\"auto, (max-width: 999px) 100vw, 999px\" \/><figcaption><em>One Man\u2019s Dreams &nbsp;<\/em><br \/>Oceano Atlantico a bordo della Sy Skye<\/figcaption><\/figure>\n\n\n\n<p><strong>Il sogno di Mattia<\/strong> era realizzare un progetto abbinato ad <strong>un\u2019opera d\u2019arte che coinvolgesse pi\u00f9 persone, di paesi differenti, incaricandoli custodi e testimoni delle tele<\/strong>, volutamente separate. Ogni custode ha avuto in dotazione <strong>un diario di viaggio, sul quale raccogliere note, racconti, pensieri, foto, impressioni,<\/strong> tutto ci\u00f2 per contribuire a creare una storia per l\u2019opera durante i suoi spostamenti da un viaggiatore all\u2019altro, da una Nazione all\u2019altra. <strong>Quella che ne \u00e8 nata \u00e8 una vicenda ricca di umanit\u00e0 e di bellezza d\u2019animo, sulla base fondamentale della fiducia nell\u2019altro, con una sola parola d\u2019ordine: condivisione<\/strong>. L\u2019opera creata da Mattia Consonni \u00e8 composta in quattro tele ed \u00e8 ispirata dal brano di <strong>Yanni \u201cOne Man\u2019s Dream\u201d<\/strong>; non un brano a caso, quindi, ma uno che riflette l\u2019intenzione dell\u2019artista, cos\u00ec come succede con tutte le sue opere, estremamente legate ai brani che le ispirano e le titolano. Il racconto dell\u2019artista inizia con una grande soddisfazione: <em>\u201c<\/em><strong><em>Sono contento di come \u00e8 andata e delle situazioni che hanno vissuto le tele<\/em><\/strong><em>. Certo ci sono state delle difficolt\u00e0, ma ci\u00f2 non toglie che sia stata una grande esperienza\u201d<\/em>.<\/p>\n\n\n\n<figure class=\"wp-block-image size-large\"><img loading=\"lazy\" decoding=\"async\" width=\"720\" height=\"960\" src=\"https:\/\/www.biancoscuro.it\/site\/wp-content\/uploads\/2020\/04\/John-Lennon-Memorial-Strawberry-foto-di-Marco-e-Lauren-Fields.jpg\" alt=\"\" class=\"wp-image-10587\" srcset=\"https:\/\/www.biancoscuro.it\/site\/wp-content\/uploads\/2020\/04\/John-Lennon-Memorial-Strawberry-foto-di-Marco-e-Lauren-Fields.jpg 720w, https:\/\/www.biancoscuro.it\/site\/wp-content\/uploads\/2020\/04\/John-Lennon-Memorial-Strawberry-foto-di-Marco-e-Lauren-Fields-225x300.jpg 225w, https:\/\/www.biancoscuro.it\/site\/wp-content\/uploads\/2020\/04\/John-Lennon-Memorial-Strawberry-foto-di-Marco-e-Lauren-Fields-600x800.jpg 600w\" sizes=\"auto, (max-width: 720px) 100vw, 720px\" \/><figcaption><em>One Man\u2019s Dreams &nbsp;<\/em><br \/>John Lennon&nbsp;Memorial<\/figcaption><\/figure>\n\n\n\n<p>Chiusa nella sua valigetta di metallo, in compagnia del diario di viaggio, <strong>una tela ha raggiunto Londra e la sua prima custode, Nadia Spita<\/strong> (curatrice di mostre che ha addirittura tenuto una lezione alla Kingston University parlando del progetto); <strong>un\u2019altra ha raggiunto Roma e Giuseppe Di Bella<\/strong>; la terza tela \u00e8 arrivata <strong>a New York da Marco Martinoli <\/strong>(importante il suo contributo e quello di Lauren Evans per il Nord America), mentre la quarta \u00e8 stata <strong>accolta da Giuseppe Iannantuoni<\/strong> (che fa addirittura imbarcare la tela su una barca a vela) <strong>a Las Palmas<\/strong>. Da queste quattro prime tappe, ognuna di loro <strong>ha viaggiato e visitato i luoghi pi\u00f9 disparati, rimbalzato tra custode e custode, si \u00e8 fatta immortalare in giro per le varie localit\u00e0 raggiunte<\/strong>, e in alcuni casi \u00e8 anche stata ospite senza tracce che lo possano confermare, dunque di qualche passaggio non \u00e8 stato possibile rintracciare il percorso. In questi anni una tela \u00e8 stata definita smarrita, finch\u00e9, grazie agli appelli online, si \u00e8 scoperto che era stata consegnata in una casa sbagliata ed \u00e8 stata portata alla giusta destinazione.<\/p>\n\n\n\n<figure class=\"wp-block-image size-large\"><img loading=\"lazy\" decoding=\"async\" width=\"999\" height=\"749\" src=\"https:\/\/www.biancoscuro.it\/site\/wp-content\/uploads\/2020\/04\/Warren-dunes-state-park-lake-michigan-foto-di-Kimberly-Blackburn.jpg\" alt=\"\" class=\"wp-image-10584\" srcset=\"https:\/\/www.biancoscuro.it\/site\/wp-content\/uploads\/2020\/04\/Warren-dunes-state-park-lake-michigan-foto-di-Kimberly-Blackburn.jpg 999w, https:\/\/www.biancoscuro.it\/site\/wp-content\/uploads\/2020\/04\/Warren-dunes-state-park-lake-michigan-foto-di-Kimberly-Blackburn-300x225.jpg 300w, https:\/\/www.biancoscuro.it\/site\/wp-content\/uploads\/2020\/04\/Warren-dunes-state-park-lake-michigan-foto-di-Kimberly-Blackburn-768x576.jpg 768w, https:\/\/www.biancoscuro.it\/site\/wp-content\/uploads\/2020\/04\/Warren-dunes-state-park-lake-michigan-foto-di-Kimberly-Blackburn-600x450.jpg 600w\" sizes=\"auto, (max-width: 999px) 100vw, 999px\" \/><figcaption><em>One Man\u2019s Dreams &nbsp;<\/em><br \/>Warren Dunes State Park Michigan<\/figcaption><\/figure>\n\n\n\n<p>La prima tela da Nadia Spita \u00e8 passata nelle mani di Denise Denegri e Isabella Mura, girando <strong>da Pisa a Monte-Carlo, Milano, Stintino a Pietrasanta<\/strong>. \u00c9 poi passata in custodia a Federico Cilla, viaggiando <strong>da Matera a Maratea, e poi Oppolo Lucano e Napoli<\/strong>. La seconda tela, grazie a <strong>Marco Martinoli e Lauren Evans<\/strong>, vanta visite in luoghi musicalmente importanti, come la casa di David Bowie e quella di John Lennon, o ancora davanti al mosaico a lui dedicato a Central Park. Inoltre, \u00e8<strong> casualmente entrata a far parte di un documentario<\/strong> che parla del viaggio di Camilla Guasti in America in cerca di un oboe costruito dal nonno (<strong><em>\u201cMy Grandfather\u2019s Oboe\u201d diretto da Enrico Ventrice<\/em><\/strong>), che verr\u00e0 trasmesso sui canali Rai. <strong>La tela arrivata a Peppino Iannantuoni, proprietario del Sailor\u2019s Bar di Las Palmas, ha viaggiato sulla barca a vela Sy Skye fino alle West Indies<\/strong>, \u00e8 stata esposta durante una tappa della traversata a San Sebastian de la Gomera ed <strong>ha partecipato ad una regata storica<\/strong> da Antigua su una barca del 1926, Mary Rose.<\/p>\n\n\n\n<figure class=\"wp-block-image size-large\"><img loading=\"lazy\" decoding=\"async\" width=\"528\" height=\"960\" src=\"https:\/\/www.biancoscuro.it\/site\/wp-content\/uploads\/2020\/04\/la-piet\u00e0-foto-n.jpg\" alt=\"\" class=\"wp-image-10588\" srcset=\"https:\/\/www.biancoscuro.it\/site\/wp-content\/uploads\/2020\/04\/la-piet\u00e0-foto-n.jpg 528w, https:\/\/www.biancoscuro.it\/site\/wp-content\/uploads\/2020\/04\/la-piet\u00e0-foto-n-165x300.jpg 165w\" sizes=\"auto, (max-width: 528px) 100vw, 528px\" \/><figcaption><em>One Man\u2019s Dreams &nbsp;<\/em><br \/>&#8220;La Piet\u00e0&#8221;&nbsp;Basilica di San Pietro &#8211; Citt\u00e0 del Vaticano<\/figcaption><\/figure>\n\n\n\n<p>Molto sentita la riconoscenza di Mattia verso i custodi:<em>\u201c<\/em><strong><em>Desidero ringraziare tutte le persone che hanno permesso che One Man\u2019s Dream diventasse realt\u00e0<\/em><\/strong><em>, che l\u2019hanno fatto viaggiare e ne hanno dato testimonianza condividendo le varie tappe. Ringrazio Kimberly Blackbourn e suo figlio Alec, Nadia Spita, Denise Denegri e Isabella Mura. Grazie a Marco Martinoli e Lauren Evans, grazie a Polina Kuzmina e Patrizia Moskalevich, a Peppino Iannantuoni e a Stefano Colombo e Martina Liverani.\u201d<\/em>.&nbsp;<\/p>\n\n\n\n<p><strong>Il progetto si \u00e8 concluso con il ricongiungimento delle tele<\/strong> a Meda, citt\u00e0 di Mattia Consonni, che ha potuto cos\u00ec riabbracciare l\u2019opera nella sua totalit\u00e0, pi\u00f9 ricca di tante esperienze, ed ha potuto sfogliare e leggere <strong>i diari di viaggio, trovando commenti, lettere, immagini che testimoniano la perfetta riuscita di questo progetto sperimentale<\/strong>.&nbsp;<\/p>\n","protected":false},"excerpt":{"rendered":"<p><span class=\"span-reading-time rt-reading-time\" style=\"display: block;\"><span class=\"rt-label rt-prefix\">\u23f0 lettura <\/span> <span class=\"rt-time\"> 3<\/span> <span class=\"rt-label rt-postfix\">min. <\/p>\n<p><\/span><\/span>Un progetto di Mattia Consonni &#8211; Musica per gli Occhi Questa \u00e8 una di quelle storie d\u2019arte e di fiducia che viene voglia di raccontare.&nbsp; &nbsp;Un artista, un\u2019opera composta da quattro tele, tre anni, pi\u00f9 di cinquantamila chilometri, oltre sessanta citt\u00e0. Questi sono i numeri del progetto di Mattia Consonni \u2013 Musica per gli Occhi,&hellip;&nbsp;<a href=\"https:\/\/www.biancoscuro.it\/site\/one-mans-dreams\/\" rel=\"bookmark\">Leggi tutto &raquo;<span class=\"screen-reader-text\">One Man\u2019s Dreams<\/span><\/a><\/p>\n","protected":false},"author":1032,"featured_media":10586,"comment_status":"closed","ping_status":"closed","sticky":false,"template":"","format":"standard","meta":{"neve_meta_sidebar":"","neve_meta_container":"","neve_meta_enable_content_width":"","neve_meta_content_width":0,"neve_meta_title_alignment":"","neve_meta_author_avatar":"","neve_post_elements_order":"","neve_meta_disable_header":"","neve_meta_disable_footer":"","neve_meta_disable_title":"","advanced_seo_description":"","jetpack_seo_html_title":"","jetpack_seo_noindex":false,"footnotes":""},"categories":[5],"tags":[],"class_list":["post-10582","post","type-post","status-publish","format-standard","has-post-thumbnail","hentry","category-arte"],"jetpack_featured_media_url":"https:\/\/www.biancoscuro.it\/site\/wp-content\/uploads\/2020\/04\/nel-bel-mezzo-delloceano-atlantico-.a-bordo-della-Sy-SkypeH.jpg","jetpack_sharing_enabled":true,"jetpack-related-posts":[{"id":16961,"url":"https:\/\/www.biancoscuro.it\/site\/mattia-consonni-quando-la-musica-diventa-artelarte-diventa-musica-per-gli-occhi\/","url_meta":{"origin":10582,"position":0},"title":"Mattia Consonni | Quando la musica diventa arte,l\u2019Arte diventa \u201cMusica per gli occhi\u201d","author":"Redazione BIANCOSCURO","date":"7 Febbraio 2024","format":false,"excerpt":"Mattia Consonni, conosciuto dal grande pubblico come \u201cMusica per gli occhi\u201d, \u00e8 un talentuoso artista italiano che ha ottenuto numerosi riconoscimenti per le sue opere d\u2019arte e per le sue installazioni (quasi da record!). Nato a Meda nel 1972, si inserisce nel panorama artistico con una sperimentazione creativa unica che\u2026","rel":"","context":"In &quot;arte&quot;","block_context":{"text":"arte","link":"https:\/\/www.biancoscuro.it\/site\/category\/arte\/"},"img":{"alt_text":"","src":"https:\/\/i0.wp.com\/www.biancoscuro.it\/site\/wp-content\/uploads\/2024\/02\/ATELIER_MattiaConsonni_SFONDO-401786823_2098111977195413_6222411343528191651_n_tavolino.jpg?resize=350%2C200&ssl=1","width":350,"height":200,"srcset":"https:\/\/i0.wp.com\/www.biancoscuro.it\/site\/wp-content\/uploads\/2024\/02\/ATELIER_MattiaConsonni_SFONDO-401786823_2098111977195413_6222411343528191651_n_tavolino.jpg?resize=350%2C200&ssl=1 1x, https:\/\/i0.wp.com\/www.biancoscuro.it\/site\/wp-content\/uploads\/2024\/02\/ATELIER_MattiaConsonni_SFONDO-401786823_2098111977195413_6222411343528191651_n_tavolino.jpg?resize=525%2C300&ssl=1 1.5x, https:\/\/i0.wp.com\/www.biancoscuro.it\/site\/wp-content\/uploads\/2024\/02\/ATELIER_MattiaConsonni_SFONDO-401786823_2098111977195413_6222411343528191651_n_tavolino.jpg?resize=700%2C400&ssl=1 2x, https:\/\/i0.wp.com\/www.biancoscuro.it\/site\/wp-content\/uploads\/2024\/02\/ATELIER_MattiaConsonni_SFONDO-401786823_2098111977195413_6222411343528191651_n_tavolino.jpg?resize=1050%2C600&ssl=1 3x, https:\/\/i0.wp.com\/www.biancoscuro.it\/site\/wp-content\/uploads\/2024\/02\/ATELIER_MattiaConsonni_SFONDO-401786823_2098111977195413_6222411343528191651_n_tavolino.jpg?resize=1400%2C800&ssl=1 4x"},"classes":[]},{"id":15659,"url":"https:\/\/www.biancoscuro.it\/site\/vernice-art-fair-2023\/","url_meta":{"origin":10582,"position":1},"title":"Vernice Art Fair 2023","author":"Redazione BIANCOSCURO","date":"15 Marzo 2023","format":false,"excerpt":"Dopo la straordinaria edizione di marzo 2022, Vernice Art Fair ritorna a Forl\u00ec dal 17 al 19 marzo 2023 per la 20\u00aa edizione. Ad ampliare l\u2019offerta artistica di Vernice Art Fair ogni anno vengono realizzati eventi artistici per arricchire ulteriormente la visita e quest\u2019anno, con i festeggiamenti del ventennale, sono\u2026","rel":"","context":"In &quot;arte&quot;","block_context":{"text":"arte","link":"https:\/\/www.biancoscuro.it\/site\/category\/arte\/"},"img":{"alt_text":"","src":"https:\/\/i0.wp.com\/www.biancoscuro.it\/site\/wp-content\/uploads\/2023\/03\/Il-pubblico-presente-alledizione-2022.jpg?resize=350%2C200&ssl=1","width":350,"height":200,"srcset":"https:\/\/i0.wp.com\/www.biancoscuro.it\/site\/wp-content\/uploads\/2023\/03\/Il-pubblico-presente-alledizione-2022.jpg?resize=350%2C200&ssl=1 1x, https:\/\/i0.wp.com\/www.biancoscuro.it\/site\/wp-content\/uploads\/2023\/03\/Il-pubblico-presente-alledizione-2022.jpg?resize=525%2C300&ssl=1 1.5x, https:\/\/i0.wp.com\/www.biancoscuro.it\/site\/wp-content\/uploads\/2023\/03\/Il-pubblico-presente-alledizione-2022.jpg?resize=700%2C400&ssl=1 2x"},"classes":[]},{"id":8018,"url":"https:\/\/www.biancoscuro.it\/site\/musica-per-gli-occhi\/","url_meta":{"origin":10582,"position":2},"title":"Musica per gli Occhi &#8220;Experience&#8221; A Meda","author":"Vincenzo Chetta","date":"10 Ottobre 2018","format":false,"excerpt":"Grande attesa per l\u2019apertura della nuova grande mostra dedicata all\u2019arte di Mattia Consonni, ai pi\u00f9 conosciuto come \u201cMusica per gli occhi\u201d. La mostra personale di Consonni arriva dopo un anno ricco di soddisfazioni artistiche, e soprattutto dopo un anno di lavoro esclusivo sulla pianificazione dell\u2019installazione esterna, progettata magistralmente da Mattia.\u2026","rel":"","context":"In &quot;arte&quot;","block_context":{"text":"arte","link":"https:\/\/www.biancoscuro.it\/site\/category\/arte\/"},"img":{"alt_text":"Un rendering del progetto dell\u2019installazione \u201cThe Wall\u201d di Mattia Consonni \u201cMusica per gli Occhi Experience\u201d dal 27\/10 al 18\/11\/2018 Sala Civica Radio - MEDA","src":"https:\/\/i0.wp.com\/www.biancoscuro.it\/site\/wp-content\/uploads\/2018\/10\/Facciata-Rendering2000.jpg?resize=350%2C200&ssl=1","width":350,"height":200,"srcset":"https:\/\/i0.wp.com\/www.biancoscuro.it\/site\/wp-content\/uploads\/2018\/10\/Facciata-Rendering2000.jpg?resize=350%2C200&ssl=1 1x, https:\/\/i0.wp.com\/www.biancoscuro.it\/site\/wp-content\/uploads\/2018\/10\/Facciata-Rendering2000.jpg?resize=525%2C300&ssl=1 1.5x, https:\/\/i0.wp.com\/www.biancoscuro.it\/site\/wp-content\/uploads\/2018\/10\/Facciata-Rendering2000.jpg?resize=700%2C400&ssl=1 2x, https:\/\/i0.wp.com\/www.biancoscuro.it\/site\/wp-content\/uploads\/2018\/10\/Facciata-Rendering2000.jpg?resize=1050%2C600&ssl=1 3x, https:\/\/i0.wp.com\/www.biancoscuro.it\/site\/wp-content\/uploads\/2018\/10\/Facciata-Rendering2000.jpg?resize=1400%2C800&ssl=1 4x"},"classes":[]},{"id":18582,"url":"https:\/\/www.biancoscuro.it\/site\/mattia-consonni-musica-per-gli-occhi-art-tour-video\/","url_meta":{"origin":10582,"position":3},"title":"Mattia Consonni &#8211; Musica per gli Occhi &#8211; Art Tour [VIDEO]","author":"Redazione BIANCOSCURO","date":"4 Giugno 2025","format":false,"excerpt":"Un'esplorazione in 4K della mostra \"Musica per gli Occhi\", tra percezione cromatica e risonanze interiori, guidata dall'occhio esperto di BIANCOSCURO Art Magazine. Il panorama contemporaneo si arricchisce di una nuova, prospettiva grazie alla personale di Mattia Consonni, \"Musica per gli Occhi\", allestita nella prestigiosa cornice del Castello Sforzesco di Vigevano.\u2026","rel":"","context":"In &quot;Art Tour&quot;","block_context":{"text":"Art Tour","link":"https:\/\/www.biancoscuro.it\/site\/category\/art-tour\/"},"img":{"alt_text":"","src":"https:\/\/i0.wp.com\/www.biancoscuro.it\/site\/wp-content\/uploads\/2025\/06\/Copertina_Mattia-Consonni-Musica-per-gli-Occhi_Art-Tour_BIANCOSCURO_Walktrough-Highlights-4K-Schermata-2025-05-31-alle-10.34.28.jpg?resize=350%2C200&ssl=1","width":350,"height":200,"srcset":"https:\/\/i0.wp.com\/www.biancoscuro.it\/site\/wp-content\/uploads\/2025\/06\/Copertina_Mattia-Consonni-Musica-per-gli-Occhi_Art-Tour_BIANCOSCURO_Walktrough-Highlights-4K-Schermata-2025-05-31-alle-10.34.28.jpg?resize=350%2C200&ssl=1 1x, https:\/\/i0.wp.com\/www.biancoscuro.it\/site\/wp-content\/uploads\/2025\/06\/Copertina_Mattia-Consonni-Musica-per-gli-Occhi_Art-Tour_BIANCOSCURO_Walktrough-Highlights-4K-Schermata-2025-05-31-alle-10.34.28.jpg?resize=525%2C300&ssl=1 1.5x, https:\/\/i0.wp.com\/www.biancoscuro.it\/site\/wp-content\/uploads\/2025\/06\/Copertina_Mattia-Consonni-Musica-per-gli-Occhi_Art-Tour_BIANCOSCURO_Walktrough-Highlights-4K-Schermata-2025-05-31-alle-10.34.28.jpg?resize=700%2C400&ssl=1 2x"},"classes":[]},{"id":18715,"url":"https:\/\/www.biancoscuro.it\/site\/un-mare-di-vinili-per-teamwater\/","url_meta":{"origin":10582,"position":4},"title":"Un Mare di Vinili per #TeamWater","author":"Redazione BIANCOSCURO","date":"6 Agosto 2025","format":false,"excerpt":"L'Arte di Mattia Consonni Sposa la Causa di MrBeast! Ok, fermi tutti. Quando giganti del web come MrBeast e Mark Rober chiamano, il mondo digitale risponde. E la chiamata \u00e8 di quelle epiche: #TeamWater, una vera e propria crociata social per raccogliere la cifra sbalorditiva di 40 milioni di dollari\u2026","rel":"","context":"In &quot;arte&quot;","block_context":{"text":"arte","link":"https:\/\/www.biancoscuro.it\/site\/category\/arte\/"},"img":{"alt_text":"","src":"https:\/\/i0.wp.com\/www.biancoscuro.it\/site\/wp-content\/uploads\/2025\/08\/MATTIA_CONSONNI_musica-per-gli-occhi2.jpg?resize=350%2C200&ssl=1","width":350,"height":200,"srcset":"https:\/\/i0.wp.com\/www.biancoscuro.it\/site\/wp-content\/uploads\/2025\/08\/MATTIA_CONSONNI_musica-per-gli-occhi2.jpg?resize=350%2C200&ssl=1 1x, https:\/\/i0.wp.com\/www.biancoscuro.it\/site\/wp-content\/uploads\/2025\/08\/MATTIA_CONSONNI_musica-per-gli-occhi2.jpg?resize=525%2C300&ssl=1 1.5x, https:\/\/i0.wp.com\/www.biancoscuro.it\/site\/wp-content\/uploads\/2025\/08\/MATTIA_CONSONNI_musica-per-gli-occhi2.jpg?resize=700%2C400&ssl=1 2x, https:\/\/i0.wp.com\/www.biancoscuro.it\/site\/wp-content\/uploads\/2025\/08\/MATTIA_CONSONNI_musica-per-gli-occhi2.jpg?resize=1050%2C600&ssl=1 3x, https:\/\/i0.wp.com\/www.biancoscuro.it\/site\/wp-content\/uploads\/2025\/08\/MATTIA_CONSONNI_musica-per-gli-occhi2.jpg?resize=1400%2C800&ssl=1 4x"},"classes":[]},{"id":3390,"url":"https:\/\/www.biancoscuro.it\/site\/musica-per-gli-occhi-experience\/","url_meta":{"origin":10582,"position":5},"title":"Musica Per Gli Occhi Experience","author":"Redazione BIANCOSCURO","date":"24 Novembre 2015","format":false,"excerpt":"Mattia Consoni, artista medese vincitore del primo premio sezione pittura del BIANCOSCURO Art Contest 2015, dedicher\u00e0 un'intensa esposizione personale per condividere con collezionisti, art lovers e concittadini il suo percorso creativo, riconosciuto nell'attuale panorama internazionale d'Arte Contemporanea e fortemente connesso ad un'emozionante interpretazione dei brani musicali preferiti. Il vernissage si\u2026","rel":"","context":"In &quot;arte&quot;","block_context":{"text":"arte","link":"https:\/\/www.biancoscuro.it\/site\/category\/arte\/"},"img":{"alt_text":"","src":"https:\/\/i0.wp.com\/www.biancoscuro.it\/site\/wp-content\/uploads\/2015\/11\/12195868_178693215803975_7363566604469953234_n.jpg?resize=350%2C200&ssl=1","width":350,"height":200,"srcset":"https:\/\/i0.wp.com\/www.biancoscuro.it\/site\/wp-content\/uploads\/2015\/11\/12195868_178693215803975_7363566604469953234_n.jpg?resize=350%2C200&ssl=1 1x, https:\/\/i0.wp.com\/www.biancoscuro.it\/site\/wp-content\/uploads\/2015\/11\/12195868_178693215803975_7363566604469953234_n.jpg?resize=525%2C300&ssl=1 1.5x"},"classes":[]}],"_links":{"self":[{"href":"https:\/\/www.biancoscuro.it\/site\/wp-json\/wp\/v2\/posts\/10582","targetHints":{"allow":["GET"]}}],"collection":[{"href":"https:\/\/www.biancoscuro.it\/site\/wp-json\/wp\/v2\/posts"}],"about":[{"href":"https:\/\/www.biancoscuro.it\/site\/wp-json\/wp\/v2\/types\/post"}],"author":[{"embeddable":true,"href":"https:\/\/www.biancoscuro.it\/site\/wp-json\/wp\/v2\/users\/1032"}],"replies":[{"embeddable":true,"href":"https:\/\/www.biancoscuro.it\/site\/wp-json\/wp\/v2\/comments?post=10582"}],"version-history":[{"count":0,"href":"https:\/\/www.biancoscuro.it\/site\/wp-json\/wp\/v2\/posts\/10582\/revisions"}],"wp:featuredmedia":[{"embeddable":true,"href":"https:\/\/www.biancoscuro.it\/site\/wp-json\/wp\/v2\/media\/10586"}],"wp:attachment":[{"href":"https:\/\/www.biancoscuro.it\/site\/wp-json\/wp\/v2\/media?parent=10582"}],"wp:term":[{"taxonomy":"category","embeddable":true,"href":"https:\/\/www.biancoscuro.it\/site\/wp-json\/wp\/v2\/categories?post=10582"},{"taxonomy":"post_tag","embeddable":true,"href":"https:\/\/www.biancoscuro.it\/site\/wp-json\/wp\/v2\/tags?post=10582"}],"curies":[{"name":"wp","href":"https:\/\/api.w.org\/{rel}","templated":true}]}}