{"id":10768,"date":"2020-06-22T12:12:49","date_gmt":"2020-06-22T10:12:49","guid":{"rendered":"https:\/\/www.biancoscuro.it\/site\/?p=10768"},"modified":"2020-06-23T13:41:54","modified_gmt":"2020-06-23T11:41:54","slug":"conferenza-su-raffaello-del-critico-darte-luca-nannipieri-in-streaming-sulla-webtv-della-camera-dei-deputati-e-su-radio-radicale","status":"publish","type":"post","link":"https:\/\/www.biancoscuro.it\/site\/conferenza-su-raffaello-del-critico-darte-luca-nannipieri-in-streaming-sulla-webtv-della-camera-dei-deputati-e-su-radio-radicale\/","title":{"rendered":"RAFFAELLO | Conferenza del critico d&#8217;arte Luca Nannipieri"},"content":{"rendered":"<span class=\"span-reading-time rt-reading-time\" style=\"display: block;\"><span class=\"rt-label rt-prefix\">\u23f0 lettura <\/span> <span class=\"rt-time\"> 2<\/span> <span class=\"rt-label rt-postfix\">min. <br><br><\/span><\/span>\n<h2 class=\"wp-block-heading\">In streaming sulla webtv della Camera dei Deputati e su Radio Radicale<\/h2>\n\n\n\n<figure class=\"wp-block-image size-large\"><img loading=\"lazy\" decoding=\"async\" width=\"668\" height=\"960\" src=\"https:\/\/www.biancoscuro.it\/site\/wp-content\/uploads\/2020\/06\/Unknown.png\" alt=\"\" class=\"wp-image-10769\" srcset=\"https:\/\/www.biancoscuro.it\/site\/wp-content\/uploads\/2020\/06\/Unknown.png 668w, https:\/\/www.biancoscuro.it\/site\/wp-content\/uploads\/2020\/06\/Unknown-209x300.png 209w, https:\/\/www.biancoscuro.it\/site\/wp-content\/uploads\/2020\/06\/Unknown-600x862.png 600w\" sizes=\"auto, (max-width: 668px) 100vw, 668px\" \/><\/figure>\n\n\n\n<p><strong><em>In occasione delle celebrazioni per i 500 anni dalla morte di Raffaello<\/em><\/strong> <strong>Mercoled\u00ec 24 giugno alle<\/strong>&nbsp;<strong>ore 12<\/strong> il critico d&#8217;arte&nbsp;<strong>Luca Nannipieri<\/strong>&nbsp;terr\u00e0 presso la Sala Stampa della&nbsp;<strong>Camera dei Deputati&nbsp;<\/strong>una conferenza dedicata a&nbsp;<strong>RAFFAELLO<\/strong>, dal suo libro&nbsp;<strong><em>\u201cRaffaello. Il trionfo della ragione\u201d<\/em><\/strong>&nbsp;pubblicato da&nbsp;<strong>Skira.<\/strong><\/p>\n\n\n\n<p>Introduce l&#8217;<strong>onorevole Manuela Gagliardi,&nbsp;<\/strong>interviene&nbsp;<strong>Giuseppe Di Leo<\/strong>, giornalista di Radio Radicale.&nbsp;<\/p>\n\n\n\n<p><strong>L&#8217;incontro \u00e8 visibile,&nbsp;<u>previa registrazione<\/u>, sul canale ufficiale webtv della Camera dei Deputati e su Radio Radicale.<\/strong><strong>&nbsp;<\/strong><\/p>\n\n\n\n<p>Nella conferenza e nel volume di Luca Nannipieri, Raffaello viene analizzato in una prospettiva inedita, mettendo in risalto il contributo che il grande artista rinascimentale ha dato allo sviluppo del pensiero laico. Scrive Nannipieri:<em>&#8220;L&#8217;uomo \u00e8 molto pi\u00f9 importante di Dio. Sembra scritto questo nell&#8217;opera che riteniamo pi\u00f9 importante di Raffaello, lo&nbsp;<\/em>Sposalizio della Vergine<em>, conservata alla Pinacoteca di Brera. Guardando la scena, paradossalmente, centrale non \u00e8 Dio, non \u00e8 il suo racconto, ma \u00e8 l&#8217;opera dell\u2019uomo. Te lo dice lo sguardo, anzitutto. Raffaello voleva che lo dicessero anzitutto loro: i tuoi occhi. I tuoi occhi che, osservando l&#8217;opera, sono sospinti a guardare con insistenza non tanto i personaggi evangelici quanto il grandioso tempio in prospettiva che troneggia su tutto. Silenziosamente si fa strada quel laicismo &#8211; quella fiducia cio\u00e8 nella potenza dell&#8217;uomo, prima che in Dio &#8211; che la modernit\u00e0 ha interamente metabolizzato&#8221;.<\/em><\/p>\n\n\n\n<figure class=\"wp-block-image size-large\"><img loading=\"lazy\" decoding=\"async\" width=\"766\" height=\"1024\" src=\"https:\/\/www.biancoscuro.it\/site\/wp-content\/uploads\/2020\/06\/Raffaello-Trionfo-della-ragione-766x1024.jpeg\" alt=\"\" class=\"wp-image-10770\" srcset=\"https:\/\/www.biancoscuro.it\/site\/wp-content\/uploads\/2020\/06\/Raffaello-Trionfo-della-ragione-766x1024.jpeg 766w, https:\/\/www.biancoscuro.it\/site\/wp-content\/uploads\/2020\/06\/Raffaello-Trionfo-della-ragione-224x300.jpeg 224w, https:\/\/www.biancoscuro.it\/site\/wp-content\/uploads\/2020\/06\/Raffaello-Trionfo-della-ragione-768x1027.jpeg 768w, https:\/\/www.biancoscuro.it\/site\/wp-content\/uploads\/2020\/06\/Raffaello-Trionfo-della-ragione-600x802.jpeg 600w, https:\/\/www.biancoscuro.it\/site\/wp-content\/uploads\/2020\/06\/Raffaello-Trionfo-della-ragione.jpeg 795w\" sizes=\"auto, (max-width: 766px) 100vw, 766px\" \/><\/figure>\n\n\n\n<p>Nello&nbsp;<em>Sposalizio della Vergine&nbsp;<\/em>di Raffaello, il protagonista assoluto \u00e8 lo spazio umano, terreno, perfettamente e armonicamente razionalizzato. Il racconto cristiano diventa, forse per la prima volta nella storia, assolutamente comprimario, ausiliario.<\/p>\n\n\n\n<p>\u00c8 un cambio di prospettiva concettuale radicale che il nostro artista non svilupper\u00e0 mai compiutamente (se non nella Stanza della Segnatura in Vaticano, e nello specifico nella&nbsp;&nbsp;<em>Scuola di Atene<\/em>), ma che di fatto testimonia pittoricamente l\u2019essenza del Rinascimento: e soprattutto apre, assieme ad altre opere coeve, quella crisi e quel conflitto tra uomo e Dio che l\u2019arte moderna e contemporanea porter\u00e0 ai suoi estremi.&nbsp;<\/p>\n\n\n\n<p><strong>Luca Nannipieri<\/strong>, critico d&#8217;arte, volto televisivo, tra i suoi ultimi libri vi sono &#8220;Capolavori rubati&#8221; (Skira, 2019), &#8220;Raffaello. Il trionfo della ragione&#8221; (Skira, 2020), &#8220;Bellissima Italia. Splendori e miserie del patrimonio storico artistico nazionale&#8221; (RAI Libri, 2016). Scrive e collabora con quotidiani e settimanali nazionali come Panorama e Il Giornale. Dirige Casa Nannipieri Arte, curando mostre e conferenze da Giacomo Balla a Keith Haring.&nbsp;&nbsp;<\/p>\n\n\n\n<figure class=\"wp-block-image size-large\"><img loading=\"lazy\" decoding=\"async\" width=\"720\" height=\"540\" src=\"https:\/\/www.biancoscuro.it\/site\/wp-content\/uploads\/2020\/06\/Nannipieri.jpg\" alt=\"\" class=\"wp-image-10771\" srcset=\"https:\/\/www.biancoscuro.it\/site\/wp-content\/uploads\/2020\/06\/Nannipieri.jpg 720w, https:\/\/www.biancoscuro.it\/site\/wp-content\/uploads\/2020\/06\/Nannipieri-300x225.jpg 300w, https:\/\/www.biancoscuro.it\/site\/wp-content\/uploads\/2020\/06\/Nannipieri-600x450.jpg 600w\" sizes=\"auto, (max-width: 720px) 100vw, 720px\" \/><\/figure>\n","protected":false},"excerpt":{"rendered":"<p><span class=\"span-reading-time rt-reading-time\" style=\"display: block;\"><span class=\"rt-label rt-prefix\">\u23f0 lettura <\/span> <span class=\"rt-time\"> 2<\/span> <span class=\"rt-label rt-postfix\">min. <\/p>\n<p><\/span><\/span>In streaming sulla webtv della Camera dei Deputati e su Radio Radicale In occasione delle celebrazioni per i 500 anni dalla morte di Raffaello Mercoled\u00ec 24 giugno alle&nbsp;ore 12 il critico d&#8217;arte&nbsp;Luca Nannipieri&nbsp;terr\u00e0 presso la Sala Stampa della&nbsp;Camera dei Deputati&nbsp;una conferenza dedicata a&nbsp;RAFFAELLO, dal suo libro&nbsp;\u201cRaffaello. Il trionfo della ragione\u201d&nbsp;pubblicato da&nbsp;Skira. Introduce l&#8217;onorevole Manuela Gagliardi,&nbsp;interviene&nbsp;Giuseppe&hellip;&nbsp;<a href=\"https:\/\/www.biancoscuro.it\/site\/conferenza-su-raffaello-del-critico-darte-luca-nannipieri-in-streaming-sulla-webtv-della-camera-dei-deputati-e-su-radio-radicale\/\" rel=\"bookmark\">Leggi tutto &raquo;<span class=\"screen-reader-text\">RAFFAELLO | Conferenza del critico d&#8217;arte Luca Nannipieri<\/span><\/a><\/p>\n","protected":false},"author":917,"featured_media":10775,"comment_status":"closed","ping_status":"closed","sticky":false,"template":"","format":"standard","meta":{"neve_meta_sidebar":"","neve_meta_container":"","neve_meta_enable_content_width":"","neve_meta_content_width":0,"neve_meta_title_alignment":"","neve_meta_author_avatar":"","neve_post_elements_order":"","neve_meta_disable_header":"","neve_meta_disable_footer":"","neve_meta_disable_title":"","advanced_seo_description":"","jetpack_seo_html_title":"","jetpack_seo_noindex":false,"footnotes":""},"categories":[5],"tags":[2108,2111,2112,2110,2109],"class_list":["post-10768","post","type-post","status-publish","format-standard","has-post-thumbnail","hentry","category-arte","tag-conferenza","tag-giuseppe-di-leo","tag-luca-nannipieri","tag-manuela-gagliardi","tag-raffaello"],"jetpack_featured_media_url":"https:\/\/www.biancoscuro.it\/site\/wp-content\/uploads\/2020\/06\/Unknown.jpg","jetpack_sharing_enabled":true,"jetpack-related-posts":[{"id":11675,"url":"https:\/\/www.biancoscuro.it\/site\/a-cosa-serve-la-storia-dellarte-conferenza-di-luca-nannipieri-in-senato\/","url_meta":{"origin":10768,"position":0},"title":"A cosa serve la storia dell&#8217;arte.        Conferenza di Luca Nannipieri in Senato","author":"Chiara","date":"21 Aprile 2021","format":false,"excerpt":"Venerd\u00ec 23 aprile alle 10 lo storico dell'arte e critico Luca Nannipieri terr\u00e0 presso il Senato della Repubblica (Sala Capitolare presso il chiostro del Convento di Santa Maria sopra Minerva, Roma) la conferenza dal titolo A cosa serve la storia dell'arte, sui temi trattati nell'omonimo volume pubblicato di recente per\u2026","rel":"","context":"In &quot;arte&quot;","block_context":{"text":"arte","link":"https:\/\/www.biancoscuro.it\/site\/category\/arte\/"},"img":{"alt_text":"","src":"https:\/\/i0.wp.com\/www.biancoscuro.it\/site\/wp-content\/uploads\/2021\/04\/Luca-Nannipieri-foto-Paolo-Ferraina-web-scaled.jpg?resize=350%2C200&ssl=1","width":350,"height":200,"srcset":"https:\/\/i0.wp.com\/www.biancoscuro.it\/site\/wp-content\/uploads\/2021\/04\/Luca-Nannipieri-foto-Paolo-Ferraina-web-scaled.jpg?resize=350%2C200&ssl=1 1x, https:\/\/i0.wp.com\/www.biancoscuro.it\/site\/wp-content\/uploads\/2021\/04\/Luca-Nannipieri-foto-Paolo-Ferraina-web-scaled.jpg?resize=525%2C300&ssl=1 1.5x, https:\/\/i0.wp.com\/www.biancoscuro.it\/site\/wp-content\/uploads\/2021\/04\/Luca-Nannipieri-foto-Paolo-Ferraina-web-scaled.jpg?resize=700%2C400&ssl=1 2x, https:\/\/i0.wp.com\/www.biancoscuro.it\/site\/wp-content\/uploads\/2021\/04\/Luca-Nannipieri-foto-Paolo-Ferraina-web-scaled.jpg?resize=1050%2C600&ssl=1 3x, https:\/\/i0.wp.com\/www.biancoscuro.it\/site\/wp-content\/uploads\/2021\/04\/Luca-Nannipieri-foto-Paolo-Ferraina-web-scaled.jpg?resize=1400%2C800&ssl=1 4x"},"classes":[]},{"id":13233,"url":"https:\/\/www.biancoscuro.it\/site\/tiziano-vecellio-lamore-la-donna-a-milano-una-lezione-spettacolo-di-luca-nannipieri\/","url_meta":{"origin":10768,"position":1},"title":"Tiziano Vecellio, l&#8217;amore, la donna","author":"Chiara","date":"20 Aprile 2022","format":false,"excerpt":"A Milano una lezione-spettacolo di Luca Nannipieri Autore del recente volume pubblicato da Skira Il destino di un amore Tiziano Vecellio e Cecilia, Luca Nannipieri, critico e storico dell\u2019arte, dedicher\u00e0 una lezione-spettacolo a Tiziano, l'amore, la donna gioved\u00ec 28 aprile alle 18 al Teatro Franco Parenti a Milano (via Pier\u2026","rel":"","context":"In &quot;arte&quot;","block_context":{"text":"arte","link":"https:\/\/www.biancoscuro.it\/site\/category\/arte\/"},"img":{"alt_text":"","src":"https:\/\/i0.wp.com\/www.biancoscuro.it\/site\/wp-content\/uploads\/2022\/04\/Nannipieri-Destino-di-un-amore-Tiziano-e-Cecilia.jpg?resize=350%2C200&ssl=1","width":350,"height":200,"srcset":"https:\/\/i0.wp.com\/www.biancoscuro.it\/site\/wp-content\/uploads\/2022\/04\/Nannipieri-Destino-di-un-amore-Tiziano-e-Cecilia.jpg?resize=350%2C200&ssl=1 1x, https:\/\/i0.wp.com\/www.biancoscuro.it\/site\/wp-content\/uploads\/2022\/04\/Nannipieri-Destino-di-un-amore-Tiziano-e-Cecilia.jpg?resize=525%2C300&ssl=1 1.5x, https:\/\/i0.wp.com\/www.biancoscuro.it\/site\/wp-content\/uploads\/2022\/04\/Nannipieri-Destino-di-un-amore-Tiziano-e-Cecilia.jpg?resize=700%2C400&ssl=1 2x"},"classes":[]},{"id":11405,"url":"https:\/\/www.biancoscuro.it\/site\/a-cosa-serve-la-storia-dellarte\/","url_meta":{"origin":10768,"position":2},"title":"A cosa serve la storia dell&#8217;arte","author":"Chiara","date":"16 Dicembre 2020","format":false,"excerpt":"E' uscito per Skira editore il nuovo libro di Luca Nannipieri, critico d'arte e saggista, che si interroga su un quesito fondamentale: a cosa serve la storia dell'arte? E accanto a questo, su altri quesiti fondativi:\u00a0qual \u00e8 il compito dello storico dell\u2019arte? Perch\u00e9 si conservano i manufatti e le opere?\u2026","rel":"","context":"In &quot;arte&quot;","block_context":{"text":"arte","link":"https:\/\/www.biancoscuro.it\/site\/category\/arte\/"},"img":{"alt_text":"","src":"https:\/\/i0.wp.com\/www.biancoscuro.it\/site\/wp-content\/uploads\/2020\/12\/Nannipieri-Storia-dellarte.jpg?resize=350%2C200&ssl=1","width":350,"height":200,"srcset":"https:\/\/i0.wp.com\/www.biancoscuro.it\/site\/wp-content\/uploads\/2020\/12\/Nannipieri-Storia-dellarte.jpg?resize=350%2C200&ssl=1 1x, https:\/\/i0.wp.com\/www.biancoscuro.it\/site\/wp-content\/uploads\/2020\/12\/Nannipieri-Storia-dellarte.jpg?resize=525%2C300&ssl=1 1.5x, https:\/\/i0.wp.com\/www.biancoscuro.it\/site\/wp-content\/uploads\/2020\/12\/Nannipieri-Storia-dellarte.jpg?resize=700%2C400&ssl=1 2x"},"classes":[]},{"id":9596,"url":"https:\/\/www.biancoscuro.it\/site\/capolavori-rubati-luca-nannipieri-presenta-il-suo-ultimo-libro-alla-pinacoteca-di-brera\/","url_meta":{"origin":10768,"position":3},"title":"Capolavori rubati. Presentazione a Brera","author":"Chiara","date":"5 Settembre 2019","format":false,"excerpt":"Gioved\u00ec 12 settembre alla Pinacoteca di Brera a Milano, in Sala della Passione\u00a0alle ore 18.30\u00a0si terr\u00e0 la presentazione del volume di Luca Nannipieri edito da Skira Capolavori rubati. Furti, saccheggi, requisizioni, spoliazioni, mercato nero,\u00a0ritrovamenti, sequestri: il grande teatro dell\u2019illecito\u00a0e del concesso attorno all\u2019arte. Con l\u2019autore intervengono Francesco Boni, Carlo Hruby,\u2026","rel":"","context":"In &quot;arte&quot;","block_context":{"text":"arte","link":"https:\/\/www.biancoscuro.it\/site\/category\/arte\/"},"img":{"alt_text":"","src":"https:\/\/i0.wp.com\/www.biancoscuro.it\/site\/wp-content\/uploads\/2019\/09\/Capolavori-Rubati-Luca-Nannipieri-SKIRA.jpg?resize=350%2C200&ssl=1","width":350,"height":200,"srcset":"https:\/\/i0.wp.com\/www.biancoscuro.it\/site\/wp-content\/uploads\/2019\/09\/Capolavori-Rubati-Luca-Nannipieri-SKIRA.jpg?resize=350%2C200&ssl=1 1x, https:\/\/i0.wp.com\/www.biancoscuro.it\/site\/wp-content\/uploads\/2019\/09\/Capolavori-Rubati-Luca-Nannipieri-SKIRA.jpg?resize=525%2C300&ssl=1 1.5x, https:\/\/i0.wp.com\/www.biancoscuro.it\/site\/wp-content\/uploads\/2019\/09\/Capolavori-Rubati-Luca-Nannipieri-SKIRA.jpg?resize=700%2C400&ssl=1 2x, https:\/\/i0.wp.com\/www.biancoscuro.it\/site\/wp-content\/uploads\/2019\/09\/Capolavori-Rubati-Luca-Nannipieri-SKIRA.jpg?resize=1050%2C600&ssl=1 3x, https:\/\/i0.wp.com\/www.biancoscuro.it\/site\/wp-content\/uploads\/2019\/09\/Capolavori-Rubati-Luca-Nannipieri-SKIRA.jpg?resize=1400%2C800&ssl=1 4x"},"classes":[]},{"id":9690,"url":"https:\/\/www.biancoscuro.it\/site\/ai-musei-capitolini-a-roma-si-parla-di-furti-darte\/","url_meta":{"origin":10768,"position":4},"title":"Ai Musei Capitolini a Roma si parla di furti d&#8217;arte","author":"Chiara","date":"19 Settembre 2019","format":false,"excerpt":"Marted\u00ec\u00a024 settembre alle 18.30 ai Musei Capitolini, Sala Pietro da Cortona, Piazza del Campidoglio 1, Roma, il critico d'arte Luca Nanniperi presenter\u00e0 al pubblico il suo ultimo libro Capolavori rubati, edito da Skira. Con l\u2019autore intervengono Fabio Isman, giornalista e scrittore e il Generale Roberto Riccardi, Comandante dei Carabinieri per\u2026","rel":"","context":"In &quot;arte&quot;","block_context":{"text":"arte","link":"https:\/\/www.biancoscuro.it\/site\/category\/arte\/"},"img":{"alt_text":"","src":"https:\/\/i0.wp.com\/www.biancoscuro.it\/site\/wp-content\/uploads\/2019\/09\/8.-Klimt-Ritratto-di-Signora.jpg?resize=350%2C200&ssl=1","width":350,"height":200,"srcset":"https:\/\/i0.wp.com\/www.biancoscuro.it\/site\/wp-content\/uploads\/2019\/09\/8.-Klimt-Ritratto-di-Signora.jpg?resize=350%2C200&ssl=1 1x, https:\/\/i0.wp.com\/www.biancoscuro.it\/site\/wp-content\/uploads\/2019\/09\/8.-Klimt-Ritratto-di-Signora.jpg?resize=525%2C300&ssl=1 1.5x, https:\/\/i0.wp.com\/www.biancoscuro.it\/site\/wp-content\/uploads\/2019\/09\/8.-Klimt-Ritratto-di-Signora.jpg?resize=700%2C400&ssl=1 2x"},"classes":[]},{"id":13679,"url":"https:\/\/www.biancoscuro.it\/site\/raffaello-tra-gli-sterpi-le-rovine-di-roma-e-le-origini-della-tutela\/","url_meta":{"origin":10768,"position":5},"title":"Raffaello tra gli sterpi. Le rovine di Roma e le origini della tutela\u00a0","author":"Chiara","date":"15 Giugno 2022","format":false,"excerpt":"Raffaello tra gli sterpi. Le\u00a0rovine\u00a0di Roma e le\u00a0origini\u00a0della\u00a0tutela\u00a0\u00e8 il titolo del volume di Salvatore Settis e Giulia Ammannati edito da SKIRA, che sar\u00e0 presentato marted\u00ec 21 giugno alle 18.30 a Roma alla Libreria Scuderie del Quirinale (via XXIV Maggio 16). Con gli autori\u00a0interverranno Marzia Faietti,\u00a0Storica dell\u2019arte e docente\u00a0all\u2019Universit\u00e0\u00a0di Bologna\u00a0e Claudio\u2026","rel":"","context":"In &quot;arte&quot;","block_context":{"text":"arte","link":"https:\/\/www.biancoscuro.it\/site\/category\/arte\/"},"img":{"alt_text":"Raffaello tra gli sterpi. Le rovine di Roma e le origini della tutela\u00a0","src":"https:\/\/i0.wp.com\/www.biancoscuro.it\/site\/wp-content\/uploads\/2022\/06\/Raffaello-tra-gli-sterpi.-Le-rovine-di-Roma-e-le-origini-della-tutela-.jpg?resize=350%2C200&ssl=1","width":350,"height":200},"classes":[]}],"_links":{"self":[{"href":"https:\/\/www.biancoscuro.it\/site\/wp-json\/wp\/v2\/posts\/10768","targetHints":{"allow":["GET"]}}],"collection":[{"href":"https:\/\/www.biancoscuro.it\/site\/wp-json\/wp\/v2\/posts"}],"about":[{"href":"https:\/\/www.biancoscuro.it\/site\/wp-json\/wp\/v2\/types\/post"}],"author":[{"embeddable":true,"href":"https:\/\/www.biancoscuro.it\/site\/wp-json\/wp\/v2\/users\/917"}],"replies":[{"embeddable":true,"href":"https:\/\/www.biancoscuro.it\/site\/wp-json\/wp\/v2\/comments?post=10768"}],"version-history":[{"count":0,"href":"https:\/\/www.biancoscuro.it\/site\/wp-json\/wp\/v2\/posts\/10768\/revisions"}],"wp:featuredmedia":[{"embeddable":true,"href":"https:\/\/www.biancoscuro.it\/site\/wp-json\/wp\/v2\/media\/10775"}],"wp:attachment":[{"href":"https:\/\/www.biancoscuro.it\/site\/wp-json\/wp\/v2\/media?parent=10768"}],"wp:term":[{"taxonomy":"category","embeddable":true,"href":"https:\/\/www.biancoscuro.it\/site\/wp-json\/wp\/v2\/categories?post=10768"},{"taxonomy":"post_tag","embeddable":true,"href":"https:\/\/www.biancoscuro.it\/site\/wp-json\/wp\/v2\/tags?post=10768"}],"curies":[{"name":"wp","href":"https:\/\/api.w.org\/{rel}","templated":true}]}}