{"id":10934,"date":"2020-07-29T18:18:19","date_gmt":"2020-07-29T16:18:19","guid":{"rendered":"https:\/\/www.biancoscuro.it\/site\/?p=10934"},"modified":"2020-09-09T18:22:07","modified_gmt":"2020-09-09T16:22:07","slug":"biancoscuro-leditoriale-di-agosto-settembre-2020","status":"publish","type":"post","link":"https:\/\/www.biancoscuro.it\/site\/biancoscuro-leditoriale-di-agosto-settembre-2020\/","title":{"rendered":"BIANCOSCURO, l\u2019editoriale di agosto-settembre 2020"},"content":{"rendered":"<span class=\"span-reading-time rt-reading-time\" style=\"display: block;\"><span class=\"rt-label rt-prefix\">\u23f0 lettura <\/span> <span class=\"rt-time\"> 2<\/span> <span class=\"rt-label rt-postfix\">min. <br><br><\/span><\/span>\n<hr class=\"wp-block-separator\"\/>\n\n\n\n<p>Parola d\u2019ordine: \u201c<em>prudenza<\/em>\u201d. Le grandi fiere d\u2019arte non si sbilanciano e posticipano le loro edizioni in tempi pi\u00f9 sicuri, traslando in \u201c<em>edizioni virtuali<\/em>\u201d.&nbsp;<\/p>\n\n\n\n<p>Gli organizzatori di eventi artistici, travolti in pieno dalla pandemia, sanno che la battaglia \u00e8 ancora lunga, comprendono che nuovi comportamenti e abitudini stanno entrando in scena e si comportano di conseguenza, con buoni risultati. Ad esempio, la <strong>Viewing Rooms di Art Basel<\/strong> ha totalizzato oltre 230.000 visitatori tra collezionisti, galleristi ed appassionati, esponendo circa 4.000 opere, con notevoli successi nelle vendite.&nbsp;<\/p>\n\n\n\n<p>Il modello di <strong><a href=\"http:\/\/www.artbasel.com\" target=\"_blank\" rel=\"noreferrer noopener\">Art Basel<\/a><\/strong> \u00e8 stato di ispirazione al <strong><a href=\"http:\/\/www.miart.it\/\" target=\"_blank\" rel=\"noreferrer noopener\">Miart<\/a><\/strong>: a settembre infatti si terr\u00e0 l\u2019edizione digitale. Sono curioso di vedere come sar\u00e0 sviluppata la piattaforma, <strong>quella di Art Basel nella sua semplicit\u00e0 estetica racchiude un\u2019elevata raffinatezza di programmazione<\/strong>, <strong>Miart sar\u00e0 all\u2019altezza delle aspettative<\/strong>? Osservando tutto questo, quello che salta all\u2019occhio \u00e8 il cambio di passo; le fiere del futuro daranno meno spazio alla spettacolarizzazione dell\u2019arte e punteranno di pi\u00f9 sulla vendita, ci sar\u00e0 un cambio generazionale <em>(cambiamento finora latente che sta accelerando)<\/em>, e si modificher\u00e0 dunque il comportamento del collezionista medio, sempre pi\u00f9 giovane e tecnologico.<\/p>\n\n\n\n<p>Proprio come nell\u2019<a href=\"https:\/\/artshop.biancoscuro.it\/\" target=\"_blank\" rel=\"noreferrer noopener\">e-commerce<\/a>, <strong>il mondo dell\u2019arte avr\u00e0 bisogno di una parte virtuale ben integrata alla parte espositiva reale<\/strong>: il collezionista utilizza sempre pi\u00f9 il web ed i social per trovare informazioni e spuntare il miglior prezzo. Sul web i \u201c<em>numeri<\/em>\u201d sono immediati, l\u2019interessato lascia facilmente il \u201c<em>contatto<\/em>\u201d e di conseguenza il lavoro successivo \u00e8 meramente commerciale, si evita cos\u00ec la noiosa visione di chi va in fiera per passatempo o per chiedere se <em>\u201cc\u2019\u00e8 qualcosa in regalo\u201d<\/em> (<em>per fortuna le fiere d\u2019arte sono poco afflitte da questo problema, ma talvolta qualche personaggio tipico si palesa<\/em>), e questo, insieme alla pandemia, sta influenzando pesantemente il mercato.<\/p>\n\n\n\n<p>Io faccio parte della nuova generazione, lo si capisce bene dalle mie parole, sono sempre stato \u201c<em>pro digital<\/em>\u201d, ma ci tengo a ribadire che le fiere fisiche sono fondamentali perch\u00e9 permettono la visione dal vivo dell\u2019oggetto d\u2019arte: quel calore umano che nessuna realt\u00e0 virtuale potr\u00e0 mai sostituire, ma i cambiamenti sono inevitabili, <strong>bisogna sapersi adattare al mutare dei tempi<\/strong>, bisogna diversificare e saper integrare il reale con il virtuale, in una realt\u00e0 aumentata.<\/p>\n\n\n\n<p><strong>Buona lettura<\/strong>.<\/p>\n\n\n\n<figure class=\"wp-block-image\"><img loading=\"lazy\" decoding=\"async\" width=\"300\" height=\"103\" src=\"http:\/\/www.biancoscuro.it\/site\/wp-content\/uploads\/2015\/10\/firmaVincenzoChettaDirettoreBiancoscuro-300x103.jpg\" alt=\"Vincenzo Chetta Direttore Biancoscuro\" class=\"wp-image-3226\" srcset=\"https:\/\/www.biancoscuro.it\/site\/wp-content\/uploads\/2015\/10\/firmaVincenzoChettaDirettoreBiancoscuro-300x103.jpg 300w, https:\/\/www.biancoscuro.it\/site\/wp-content\/uploads\/2015\/10\/firmaVincenzoChettaDirettoreBiancoscuro.jpg 500w\" sizes=\"auto, (max-width: 300px) 100vw, 300px\" \/><\/figure>\n\n\n\n<p>Vincenzo Chetta<br \/>Direttore<br \/><strong>BIANCOSCURO Art Magazine<\/strong><\/p>\n\n\n\n<hr class=\"wp-block-separator\"\/>\n\n\n\n<figure class=\"wp-block-image size-large\"><img loading=\"lazy\" decoding=\"async\" width=\"999\" height=\"1008\" src=\"https:\/\/www.biancoscuro.it\/site\/wp-content\/uploads\/2020\/07\/BRAeditoriale41.jpg\" alt=\"\" class=\"wp-image-10936\" srcset=\"https:\/\/www.biancoscuro.it\/site\/wp-content\/uploads\/2020\/07\/BRAeditoriale41.jpg 999w, https:\/\/www.biancoscuro.it\/site\/wp-content\/uploads\/2020\/07\/BRAeditoriale41-297x300.jpg 297w, https:\/\/www.biancoscuro.it\/site\/wp-content\/uploads\/2020\/07\/BRAeditoriale41-150x150.jpg 150w, https:\/\/www.biancoscuro.it\/site\/wp-content\/uploads\/2020\/07\/BRAeditoriale41-768x775.jpg 768w, https:\/\/www.biancoscuro.it\/site\/wp-content\/uploads\/2020\/07\/BRAeditoriale41-600x605.jpg 600w\" sizes=\"auto, (max-width: 999px) 100vw, 999px\" \/><figcaption><strong>Hackatao \u201cDandy Dee\u201d&nbsp;<\/strong><br \/>esposto al Museo Bodini per la mostra Real Art #5,&nbsp;<br \/>perfetto esempio di arte che si adatta al cambio generazionale<\/figcaption><\/figure>\n","protected":false},"excerpt":{"rendered":"<p><span class=\"span-reading-time rt-reading-time\" style=\"display: block;\"><span class=\"rt-label rt-prefix\">\u23f0 lettura <\/span> <span class=\"rt-time\"> 2<\/span> <span class=\"rt-label rt-postfix\">min. <\/p>\n<p><\/span><\/span>Parola d\u2019ordine: \u201cprudenza\u201d. Le grandi fiere d\u2019arte non si sbilanciano e posticipano le loro edizioni in tempi pi\u00f9 sicuri, traslando in \u201cedizioni virtuali\u201d.&nbsp; Gli organizzatori di eventi artistici, travolti in pieno dalla pandemia, sanno che la battaglia \u00e8 ancora lunga, comprendono che nuovi comportamenti e abitudini stanno entrando in scena e si comportano di conseguenza,&hellip;&nbsp;<a href=\"https:\/\/www.biancoscuro.it\/site\/biancoscuro-leditoriale-di-agosto-settembre-2020\/\" rel=\"bookmark\">Leggi tutto &raquo;<span class=\"screen-reader-text\">BIANCOSCURO, l\u2019editoriale di agosto-settembre 2020<\/span><\/a><\/p>\n","protected":false},"author":909,"featured_media":10937,"comment_status":"closed","ping_status":"closed","sticky":false,"template":"","format":"standard","meta":{"neve_meta_sidebar":"","neve_meta_container":"","neve_meta_enable_content_width":"","neve_meta_content_width":0,"neve_meta_title_alignment":"","neve_meta_author_avatar":"","neve_post_elements_order":"","neve_meta_disable_header":"","neve_meta_disable_footer":"","neve_meta_disable_title":"","advanced_seo_description":"","jetpack_seo_html_title":"","jetpack_seo_noindex":false,"footnotes":""},"categories":[470,5,469,15],"tags":[39,185,583,408],"class_list":["post-10934","post","type-post","status-publish","format-standard","has-post-thumbnail","hentry","category-art-magazine","category-arte","category-editoriale","category-rivista-darte","tag-biancoscuro","tag-biancoscuro-art-magazine","tag-editoriale","tag-vincenzo-chetta"],"jetpack_featured_media_url":"https:\/\/www.biancoscuro.it\/site\/wp-content\/uploads\/2020\/07\/BRAeditoriale41-333.jpg","jetpack_sharing_enabled":true,"jetpack-related-posts":[{"id":12172,"url":"https:\/\/www.biancoscuro.it\/site\/biancoscuro-leditoriale-di-agosto-settembre-21\/","url_meta":{"origin":10934,"position":0},"title":"BIANCOSCURO, l\u2019editoriale di agosto\/settembre &#8217;21","author":"Vincenzo Chetta","date":"27 Luglio 2021","format":false,"excerpt":"Tutto pronto per riaprire la stagione fieristica dell\u2019Arte, e non vediamo l\u2019ora di respirare nuovamente quella frenesia pre-fiera che tanto ci piace. Settembre vedr\u00e0 nascere la nuova edizione in presenza della fiera d\u2019arte pi\u00f9 importante del mondo: Art Basel a Basilea sar\u00e0 aperta al pubblico dal 23 al 26 settembre,\u2026","rel":"","context":"In &quot;art magazine&quot;","block_context":{"text":"art magazine","link":"https:\/\/www.biancoscuro.it\/site\/category\/art-magazine\/"},"img":{"alt_text":"","src":"https:\/\/i0.wp.com\/www.biancoscuro.it\/site\/wp-content\/uploads\/2021\/07\/ARTBASEL_KEV9689-999.jpg?resize=350%2C200&ssl=1","width":350,"height":200,"srcset":"https:\/\/i0.wp.com\/www.biancoscuro.it\/site\/wp-content\/uploads\/2021\/07\/ARTBASEL_KEV9689-999.jpg?resize=350%2C200&ssl=1 1x, https:\/\/i0.wp.com\/www.biancoscuro.it\/site\/wp-content\/uploads\/2021\/07\/ARTBASEL_KEV9689-999.jpg?resize=525%2C300&ssl=1 1.5x, https:\/\/i0.wp.com\/www.biancoscuro.it\/site\/wp-content\/uploads\/2021\/07\/ARTBASEL_KEV9689-999.jpg?resize=700%2C400&ssl=1 2x"},"classes":[]},{"id":13605,"url":"https:\/\/www.biancoscuro.it\/site\/biancoscuro-leditoriale-di-giugno-luglio-2022\/","url_meta":{"origin":10934,"position":1},"title":"BIANCOSCURO, l\u2019editoriale di giugno\/luglio 2022","author":"Vincenzo Chetta","date":"2 Giugno 2022","format":false,"excerpt":"Biennale Arte 2022 \u201cIl latte dei sogni\u201d. L\u2019ingresso all\u2019Arsenale May you live in interesting times\u00a0 \u00e8 il titolo che diede Ralph Rugoff alla 58. Esposizione Internazionale d\u2019Arte della Biennale 2019: \u201cUna sorta di maledizione\u201d - disse l\u2019allora Presidente Paolo Baratta, nella quale l\u2019espressione \u201cinteresting times\u201d evoca l\u2019idea di tempi minacciosi\u2026\u2026","rel":"","context":"In &quot;art magazine&quot;","block_context":{"text":"art magazine","link":"https:\/\/www.biancoscuro.it\/site\/category\/art-magazine\/"},"img":{"alt_text":"Biennale Arte 2022 \u201cIl latte dei sogni\u201d. L\u2019ingresso all\u2019Arsenale","src":"https:\/\/i0.wp.com\/www.biancoscuro.it\/site\/wp-content\/uploads\/2022\/05\/ILLATTEDEISOGNI_DSC1601-999.jpg?resize=350%2C200&ssl=1","width":350,"height":200,"srcset":"https:\/\/i0.wp.com\/www.biancoscuro.it\/site\/wp-content\/uploads\/2022\/05\/ILLATTEDEISOGNI_DSC1601-999.jpg?resize=350%2C200&ssl=1 1x, https:\/\/i0.wp.com\/www.biancoscuro.it\/site\/wp-content\/uploads\/2022\/05\/ILLATTEDEISOGNI_DSC1601-999.jpg?resize=525%2C300&ssl=1 1.5x, https:\/\/i0.wp.com\/www.biancoscuro.it\/site\/wp-content\/uploads\/2022\/05\/ILLATTEDEISOGNI_DSC1601-999.jpg?resize=700%2C400&ssl=1 2x"},"classes":[]},{"id":10694,"url":"https:\/\/www.biancoscuro.it\/site\/biancoscuro-art-magazine-on-line-il-numero-40\/","url_meta":{"origin":10934,"position":2},"title":"BIANCOSCURO Art Magazine! On-line il numero #40","author":"Redazione BIANCOSCURO","date":"1 Giugno 2020","format":false,"excerpt":"\"BIANCOSCURO\u00a0Rivista d'Arte\", sfoglia qui \u00a0sotto la versione web di BIANCOSCURO Art Magazine #40 (giugno\/luglio 2020) o scarica la versione integrale.\u00a0Iscriviti\u00a0alla nostra\u00a0mailing list\u00a0per essere costantemente aggiornato sui nostri eventi e sulle nostre attivit\u00e0:\u00a0inserisci\u00a0nome,\u00a0cognome\u00a0ed\u00a0e-mail\u00a0nei campi qui a destra per ricevere gratuitamente nella tua casella email. Ordina\u00a0su\u00a0artshop.biancoscuro.it Come fare per avere la rivista\u2026","rel":"","context":"In &quot;art magazine&quot;","block_context":{"text":"art magazine","link":"https:\/\/www.biancoscuro.it\/site\/category\/art-magazine\/"},"img":{"alt_text":"","src":"https:\/\/i0.wp.com\/www.biancoscuro.it\/site\/wp-content\/uploads\/2020\/06\/BAM_issue40_900pxSITO.jpg?resize=350%2C200&ssl=1","width":350,"height":200,"srcset":"https:\/\/i0.wp.com\/www.biancoscuro.it\/site\/wp-content\/uploads\/2020\/06\/BAM_issue40_900pxSITO.jpg?resize=350%2C200&ssl=1 1x, https:\/\/i0.wp.com\/www.biancoscuro.it\/site\/wp-content\/uploads\/2020\/06\/BAM_issue40_900pxSITO.jpg?resize=525%2C300&ssl=1 1.5x, https:\/\/i0.wp.com\/www.biancoscuro.it\/site\/wp-content\/uploads\/2020\/06\/BAM_issue40_900pxSITO.jpg?resize=700%2C400&ssl=1 2x"},"classes":[]},{"id":8267,"url":"https:\/\/www.biancoscuro.it\/site\/biancoscuro-leditoriale-di-dicembre18-gennaio-19\/","url_meta":{"origin":10934,"position":3},"title":"BIANCOSCURO, l\u2019editoriale di dicembre&#8217;18 \/ gennaio &#8217;19","author":"Vincenzo Chetta","date":"30 Novembre 2018","format":false,"excerpt":"Pensare che questo \u00e8 gi\u00e0 l\u2019ultimo numero del 2018, porta un po\u2019 di... Stupore! In questa societ\u00e0 in continua accelerazione, siamo come sempre un passo davanti agli altri, il nostro ultimo numero del 2018, \u00e8 anche il primo del 2019! Di solito dicembre \u00e8 il momento per fare il bilancio\u2026","rel":"","context":"In &quot;art magazine&quot;","block_context":{"text":"art magazine","link":"https:\/\/www.biancoscuro.it\/site\/category\/art-magazine\/"},"img":{"alt_text":"Art Basel Miami Beach \u00a9 Courtesy Art Basel","src":"https:\/\/i0.wp.com\/www.biancoscuro.it\/site\/wp-content\/uploads\/2018\/11\/ABMB17__General_Impressions__PR_9059_HiRes600px.jpg?resize=350%2C200&ssl=1","width":350,"height":200,"srcset":"https:\/\/i0.wp.com\/www.biancoscuro.it\/site\/wp-content\/uploads\/2018\/11\/ABMB17__General_Impressions__PR_9059_HiRes600px.jpg?resize=350%2C200&ssl=1 1x, https:\/\/i0.wp.com\/www.biancoscuro.it\/site\/wp-content\/uploads\/2018\/11\/ABMB17__General_Impressions__PR_9059_HiRes600px.jpg?resize=525%2C300&ssl=1 1.5x"},"classes":[]},{"id":17687,"url":"https:\/\/www.biancoscuro.it\/site\/biancoscuro-leditoriale-di-vincenzo-chetta-66-ottobre-novembre-2024\/","url_meta":{"origin":10934,"position":4},"title":"BIANCOSCURO, l\u2019editoriale di Vincenzo Chetta &#8211; #66 OTTOBRE\/NOVEMBRE 2024","author":"Vincenzo Chetta","date":"8 Ottobre 2024","format":false,"excerpt":"Art Basel\u2019s 2023 edition in Paris\u00a9\u00a0 Courtesy of Art Basel Ci siamo! Stiamo finalmente entrando nel vivo della nuova stagione degli eventi artistici: fiere, mostre, inaugurazioni, solo show e collettive. In Italia e all\u2019estero, rassegne storiche e nuovi interessanti progetti: la scena dell\u2019arte \u00e8 pi\u00f9 viva che mai! A ottobre,\u2026","rel":"","context":"In &quot;art magazine&quot;","block_context":{"text":"art magazine","link":"https:\/\/www.biancoscuro.it\/site\/category\/art-magazine\/"},"img":{"alt_text":"","src":"https:\/\/i0.wp.com\/www.biancoscuro.it\/site\/wp-content\/uploads\/2024\/10\/Art-Basel-edition-in-Paris_Courtesy-of-Art-Basel.jpg?resize=350%2C200&ssl=1","width":350,"height":200,"srcset":"https:\/\/i0.wp.com\/www.biancoscuro.it\/site\/wp-content\/uploads\/2024\/10\/Art-Basel-edition-in-Paris_Courtesy-of-Art-Basel.jpg?resize=350%2C200&ssl=1 1x, https:\/\/i0.wp.com\/www.biancoscuro.it\/site\/wp-content\/uploads\/2024\/10\/Art-Basel-edition-in-Paris_Courtesy-of-Art-Basel.jpg?resize=525%2C300&ssl=1 1.5x, https:\/\/i0.wp.com\/www.biancoscuro.it\/site\/wp-content\/uploads\/2024\/10\/Art-Basel-edition-in-Paris_Courtesy-of-Art-Basel.jpg?resize=700%2C400&ssl=1 2x"},"classes":[]},{"id":18597,"url":"https:\/\/www.biancoscuro.it\/site\/biancoscuro-70-leditoriale-di-vincenzo-chetta-giugno-luglio-2025\/","url_meta":{"origin":10934,"position":5},"title":"BIANCOSCURO #70, l\u2019editoriale di Vincenzo Chetta &#8211; GIUGNO\/LUGLIO 2025","author":"Vincenzo Chetta","date":"2 Giugno 2025","format":false,"excerpt":"Eccoci, come di consueto, al febbrile momento della chiusura del numero. E quando giugno \u00e8 prossimo, e le pagine di BIANCOSCURO prendono la loro forma definitiva prima della stampa, il pensiero non pu\u00f2 che correre all\u2019imminente appuntamento con Art Basel. Importantissimo evento che, anno dopo anno, catalizza energie, collezionisti, sguardi\u2026","rel":"","context":"In &quot;art magazine&quot;","block_context":{"text":"art magazine","link":"https:\/\/www.biancoscuro.it\/site\/category\/art-magazine\/"},"img":{"alt_text":"","src":"https:\/\/i0.wp.com\/www.biancoscuro.it\/site\/wp-content\/uploads\/2025\/06\/ArtBasel2024.jpg?resize=350%2C200&ssl=1","width":350,"height":200,"srcset":"https:\/\/i0.wp.com\/www.biancoscuro.it\/site\/wp-content\/uploads\/2025\/06\/ArtBasel2024.jpg?resize=350%2C200&ssl=1 1x, https:\/\/i0.wp.com\/www.biancoscuro.it\/site\/wp-content\/uploads\/2025\/06\/ArtBasel2024.jpg?resize=525%2C300&ssl=1 1.5x, https:\/\/i0.wp.com\/www.biancoscuro.it\/site\/wp-content\/uploads\/2025\/06\/ArtBasel2024.jpg?resize=700%2C400&ssl=1 2x"},"classes":[]}],"_links":{"self":[{"href":"https:\/\/www.biancoscuro.it\/site\/wp-json\/wp\/v2\/posts\/10934","targetHints":{"allow":["GET"]}}],"collection":[{"href":"https:\/\/www.biancoscuro.it\/site\/wp-json\/wp\/v2\/posts"}],"about":[{"href":"https:\/\/www.biancoscuro.it\/site\/wp-json\/wp\/v2\/types\/post"}],"author":[{"embeddable":true,"href":"https:\/\/www.biancoscuro.it\/site\/wp-json\/wp\/v2\/users\/909"}],"replies":[{"embeddable":true,"href":"https:\/\/www.biancoscuro.it\/site\/wp-json\/wp\/v2\/comments?post=10934"}],"version-history":[{"count":0,"href":"https:\/\/www.biancoscuro.it\/site\/wp-json\/wp\/v2\/posts\/10934\/revisions"}],"wp:featuredmedia":[{"embeddable":true,"href":"https:\/\/www.biancoscuro.it\/site\/wp-json\/wp\/v2\/media\/10937"}],"wp:attachment":[{"href":"https:\/\/www.biancoscuro.it\/site\/wp-json\/wp\/v2\/media?parent=10934"}],"wp:term":[{"taxonomy":"category","embeddable":true,"href":"https:\/\/www.biancoscuro.it\/site\/wp-json\/wp\/v2\/categories?post=10934"},{"taxonomy":"post_tag","embeddable":true,"href":"https:\/\/www.biancoscuro.it\/site\/wp-json\/wp\/v2\/tags?post=10934"}],"curies":[{"name":"wp","href":"https:\/\/api.w.org\/{rel}","templated":true}]}}