{"id":11044,"date":"2020-09-22T18:53:00","date_gmt":"2020-09-22T16:53:00","guid":{"rendered":"https:\/\/www.biancoscuro.it\/site\/?p=11044"},"modified":"2020-09-24T09:44:37","modified_gmt":"2020-09-24T07:44:37","slug":"andre-derain-una-grande-retrospettiva-a-mendrisio","status":"publish","type":"post","link":"https:\/\/www.biancoscuro.it\/site\/andre-derain-una-grande-retrospettiva-a-mendrisio\/","title":{"rendered":"Andr\u00e9 Derain. Una grande retrospettiva a Mendrisio"},"content":{"rendered":"<span class=\"span-reading-time rt-reading-time\" style=\"display: block;\"><span class=\"rt-label rt-prefix\">\u23f0 lettura <\/span> <span class=\"rt-time\"> 4<\/span> <span class=\"rt-label rt-postfix\">min. <br><br><\/span><\/span>\n<figure class=\"wp-block-image size-large\"><img loading=\"lazy\" decoding=\"async\" width=\"800\" height=\"864\" src=\"https:\/\/www.biancoscuro.it\/site\/wp-content\/uploads\/2020\/09\/5.Derain-a-Chambourcy-davanti-al-dipinto-Genevie\u0300ve-a\u0300-la-pomme-in-mostra-anni-\u201850.jpg\" alt=\"\" class=\"wp-image-11053\" srcset=\"https:\/\/www.biancoscuro.it\/site\/wp-content\/uploads\/2020\/09\/5.Derain-a-Chambourcy-davanti-al-dipinto-Genevie\u0300ve-a\u0300-la-pomme-in-mostra-anni-\u201850.jpg 800w, https:\/\/www.biancoscuro.it\/site\/wp-content\/uploads\/2020\/09\/5.Derain-a-Chambourcy-davanti-al-dipinto-Genevie\u0300ve-a\u0300-la-pomme-in-mostra-anni-\u201850-278x300.jpg 278w, https:\/\/www.biancoscuro.it\/site\/wp-content\/uploads\/2020\/09\/5.Derain-a-Chambourcy-davanti-al-dipinto-Genevie\u0300ve-a\u0300-la-pomme-in-mostra-anni-\u201850-768x829.jpg 768w, https:\/\/www.biancoscuro.it\/site\/wp-content\/uploads\/2020\/09\/5.Derain-a-Chambourcy-davanti-al-dipinto-Genevie\u0300ve-a\u0300-la-pomme-in-mostra-anni-\u201850-600x648.jpg 600w\" sizes=\"auto, (max-width: 800px) 100vw, 800px\" \/><figcaption>Derain a Chambourcy, davanti al dipinto <em>Genevi\u00e8ve \u00e0 la pomme<\/em>, (in mostra) anni \u201850<br \/>Foto Archives Taillade, Parigi<\/figcaption><\/figure>\n\n\n\n<hr class=\"wp-block-separator\"\/>\n\n\n\n<p><strong>Domenica 27 settembre al Museo d&#8217;arte di Mendrisio apre una grande retrospettiva dedicata a uno dei maestri della pittura francese del Novecento, Andr\u00e9 Derain, una delle grandi figure della rivoluzione artistica dell\u2019inizio del XX secolo, amico di Picasso, Matisse, Braque, Giacometti.<\/strong><\/p>\n\n\n\n<p><strong>Con Matisse e Picasso <\/strong><strong>Derain ha formato<\/strong> la triade di artisti che ha completamente cambiato a livello mondiale l\u2019arte del Novecento. Derain \u00e8 stato a capo e ispiratore di molte delle maggiori correnti della pittura moderna e contemporanea. \u00c8 stato l\u2019erede dell\u2019<strong>Impressionismo<\/strong>, l\u2019iniziatore della pittura <strong>Fauve <\/strong>e uno dei padri del <strong>Cubismo<\/strong>, nonch\u00e9 il precursore del <strong>Ritorno al Classicismo<\/strong>.<\/p>\n\n\n\n<div class=\"wp-block-image\"><figure class=\"aligncenter size-large\"><img loading=\"lazy\" decoding=\"async\" width=\"567\" height=\"461\" src=\"https:\/\/www.biancoscuro.it\/site\/wp-content\/uploads\/2020\/09\/5.-DERAIN-Paysage-de-Provence-\u00a9-2020-ProLitteris-Zurich.jpg\" alt=\"\" class=\"wp-image-11050\" srcset=\"https:\/\/www.biancoscuro.it\/site\/wp-content\/uploads\/2020\/09\/5.-DERAIN-Paysage-de-Provence-\u00a9-2020-ProLitteris-Zurich.jpg 567w, https:\/\/www.biancoscuro.it\/site\/wp-content\/uploads\/2020\/09\/5.-DERAIN-Paysage-de-Provence-\u00a9-2020-ProLitteris-Zurich-300x244.jpg 300w\" sizes=\"auto, (max-width: 567px) 100vw, 567px\" \/><figcaption><strong><em>Paysage de Provence, <\/em><\/strong>1930 circa<br \/>olio su tela, 60 x 73 cm<br \/>Collezione privata<br \/><strong>\u00a9 2020, ProLitteris, Zurich&nbsp;<\/strong><\/figcaption><\/figure><\/div>\n\n\n\n<hr class=\"wp-block-separator\"\/>\n\n\n\n<p>Nei primissimi anni del Novecento, una manciata di artisti cambi\u00f2 completamente il modo di vedere l\u2019arte. Tra i massimi innovatori ci furono <strong>Derain e Matisse<\/strong>, che trascorsero diversi anni a dipingere insieme i paesaggi di mare a Collioure, nel Sud della Francia.&nbsp; I due diedero vita tra il 1905 e il 1910 a un movimento per il quale si coni\u00f2 il termine <strong>Fauve<\/strong>, cio\u00e8 il gruppo dei \u201cSelvaggi\u201d, a causa dei vivacissimi, infuocati colori che caratterizzavano le loro opere.<\/p>\n\n\n\n<p>Anche <strong>Picasso<\/strong> nutr\u00ec grande ammirazione e stima per Derain, soprattutto all\u2019inizio del secolo scorso. A partire dal 1910, per diversi anni, Derain e Picasso collaborarono e si studiarono reciprocamente. Si frequentarono molto e la loro amicizia dur\u00f2 fino agli anni Trenta. Fu Derain a introdurre Picasso nel mondo dell\u2019<strong>arte africana <\/strong>e con Derain Picasso fece i primi passi verso il <strong>Cubismo<\/strong>. Entrambi furono amanti della mondanit\u00e0, uomini di grande successo, celebrit\u00e0 delle arti del XX secolo. Ma se la fortuna di Picasso crebbe per tutto il secolo, quella di Derain ebbe un brusco, momentaneo declino dopo la seconda guerra mondiale, complice il mondo delle gallerie d\u2019arte e del mercato.<\/p>\n\n\n\n<div class=\"wp-block-image\"><figure class=\"aligncenter size-large\"><img loading=\"lazy\" decoding=\"async\" width=\"437\" height=\"300\" src=\"https:\/\/www.biancoscuro.it\/site\/wp-content\/uploads\/2020\/09\/3.-DERAIN-LEstaque-\u00a9-2020-ProLitteris-Zurich.jpg\" alt=\"\" class=\"wp-image-11046\" srcset=\"https:\/\/www.biancoscuro.it\/site\/wp-content\/uploads\/2020\/09\/3.-DERAIN-LEstaque-\u00a9-2020-ProLitteris-Zurich.jpg 437w, https:\/\/www.biancoscuro.it\/site\/wp-content\/uploads\/2020\/09\/3.-DERAIN-LEstaque-\u00a9-2020-ProLitteris-Zurich-300x206.jpg 300w\" sizes=\"auto, (max-width: 437px) 100vw, 437px\" \/><figcaption><strong><em>L\u2019Estaque, <\/em><\/strong>1906 <br \/>olio su tela, 38 x 55 cm<br \/>Mus\u00e9e des beaux-arts, La Chaux-de-Fonds, Collection Ren\u00e9 et Madeleine Junod<br \/><strong>\u00a9 2020, ProLitteris, Zurich&nbsp;<\/strong><\/figcaption><\/figure><\/div>\n\n\n\n<hr class=\"wp-block-separator\"\/>\n\n\n\n<p>Il <strong>Cubismo<\/strong>, grande tendenza di cambiamento all\u2019inizio del \u2018900, ebbe origine da <strong>Georges Braque<\/strong>, oltre che da Derain e Picasso. <strong>Braque e Derain <\/strong>strinsero amicizia proprio verso il 1909 e per vari anni vissero l\u2019uno vicino all\u2019altro. Nel periodo in cui dipinsero insieme nel quartiere parigino della Ruche, Braque apprezz\u00f2 molto il <strong>Primitivismo <\/strong>di Derain e quest\u2019ultimo guard\u00f2 molto al moderno classicismo di Braque. Dei suoi vecchi amici, Braque fu l\u2019unico ad aiutare Derain nei momenti di difficolt\u00e0, subito dopo la seconda Guerra Mondiale.<\/p>\n\n\n\n<div class=\"wp-block-image\"><figure class=\"aligncenter size-large\"><img loading=\"lazy\" decoding=\"async\" width=\"280\" height=\"400\" src=\"https:\/\/www.biancoscuro.it\/site\/wp-content\/uploads\/2020\/09\/13.-DERAIN-Portrait-dIturrino-\u00a9-2020-ProLitteris-Zurich.jpg\" alt=\"\" class=\"wp-image-11052\" srcset=\"https:\/\/www.biancoscuro.it\/site\/wp-content\/uploads\/2020\/09\/13.-DERAIN-Portrait-dIturrino-\u00a9-2020-ProLitteris-Zurich.jpg 280w, https:\/\/www.biancoscuro.it\/site\/wp-content\/uploads\/2020\/09\/13.-DERAIN-Portrait-dIturrino-\u00a9-2020-ProLitteris-Zurich-210x300.jpg 210w\" sizes=\"auto, (max-width: 280px) 100vw, 280px\" \/><figcaption><strong><em>Portrait d&#8217;Iturrino, <\/em><\/strong>1914 <br \/>olio su tela, 92 x 65 cm<br \/>Centre Pompidou, Parigi. Mus\u00e9e national d&#8217;art moderne-Centre de cr\u00e9ation industrielle, Donazione Genevi\u00e8ve Gallibert, 1970 <br \/><strong>\u00a9 2020, ProLitteris, Zurich&nbsp;<\/strong><\/figcaption><\/figure><\/div>\n\n\n\n<hr class=\"wp-block-separator\"\/>\n\n\n\n<p>Chi am\u00f2 particolarmente l\u2019opera di Derain fu <strong>Alberto Giacometti<\/strong>. Al grande artista svizzero piaceva in particolar modo la capacit\u00e0 di Derain di cambiare stile rifacendosi alla <strong>tradizione dell\u2019arte antica<\/strong>. <strong>Derain rimase sempre legato alla pittura figurativa<\/strong> \u2013 <strong>il ritratto, il paesaggio, le nature morte <\/strong>\u2013 e trov\u00f2 ispirazione dall\u2019arte greca e romana, su su fino ai grandi maestri dell\u2019Ottocento. Giacometti dedic\u00f2 un lungo articolo alla sua straordinaria capacit\u00e0 di raccogliere idee da tutta la storia dell\u2019arte, trasformandola in qualcosa di personale. Alla morte del maestro, fu Giacometti ad aiutare i famigliari a salvare decine di sculture di Derain.<\/p>\n\n\n\n<div class=\"wp-block-image\"><figure class=\"aligncenter size-large\"><img loading=\"lazy\" decoding=\"async\" width=\"330\" height=\"400\" src=\"https:\/\/www.biancoscuro.it\/site\/wp-content\/uploads\/2020\/09\/8.-DERAIN-Portrait-de-Genevie\u0300ve-en-bleu-\u00a9-2020-ProLitteris-Zurich-1.jpg\" alt=\"\" class=\"wp-image-11048\" srcset=\"https:\/\/www.biancoscuro.it\/site\/wp-content\/uploads\/2020\/09\/8.-DERAIN-Portrait-de-Genevie\u0300ve-en-bleu-\u00a9-2020-ProLitteris-Zurich-1.jpg 330w, https:\/\/www.biancoscuro.it\/site\/wp-content\/uploads\/2020\/09\/8.-DERAIN-Portrait-de-Genevie\u0300ve-en-bleu-\u00a9-2020-ProLitteris-Zurich-1-248x300.jpg 248w\" sizes=\"auto, (max-width: 330px) 100vw, 330px\" \/><figcaption><strong><em>Portrait de Genevi\u00e8ve en bleu, <\/em><\/strong>1937-1938<br \/>olio su tela, 35 x 28 cm<br \/> Collezione privata<br \/><strong>\u00a9 2020, ProLitteris, Zurich&nbsp;<\/strong><\/figcaption><\/figure><\/div>\n\n\n\n<hr class=\"wp-block-separator\"\/>\n\n\n\n<p>L&#8217;esposizione, realizzata grazie alla collaborazione degli <strong>Archivi Andr\u00e9 Derain <\/strong>e ai prestiti di alcuni <strong>prestigiosi musei francesi<\/strong>, <strong>curata da Simone Soldini, Francesco Poli <\/strong>e<strong> Barbara Paltenghi Malacrida<\/strong>, presenta <strong>70 dipinti, 30 opere su carta, 20 sculture, 25 progetti per costumi e scene teatrali, illustrazioni di libri e alcune ceramiche che ripercorrono la creativit\u00e0 vulcanica e l\u2019attivit\u00e0 poliedrica di questo massimo protagonista dell\u2019arte moderna.<\/strong> Un percorso che intende <strong>esplorare tutti i principali aspetti della ricerca di Derain<\/strong>, e in particolare contribuire <strong>a rimettere a fuoco e rivalorizzare le peculiari qualit\u00e0 della sua complessa e articolata produzione fra le due guerre e fino alla sua morte.<\/strong><\/p>\n\n\n\n<div class=\"wp-block-image\"><figure class=\"aligncenter size-large\"><img loading=\"lazy\" decoding=\"async\" width=\"318\" height=\"400\" src=\"https:\/\/www.biancoscuro.it\/site\/wp-content\/uploads\/2020\/09\/7.-DERAIN-Genevie\u0300ve-a\u0300-la-pomme-\u00a9-2020-ProLitteris-Zurich.jpg\" alt=\"\" class=\"wp-image-11049\" srcset=\"https:\/\/www.biancoscuro.it\/site\/wp-content\/uploads\/2020\/09\/7.-DERAIN-Genevie\u0300ve-a\u0300-la-pomme-\u00a9-2020-ProLitteris-Zurich.jpg 318w, https:\/\/www.biancoscuro.it\/site\/wp-content\/uploads\/2020\/09\/7.-DERAIN-Genevie\u0300ve-a\u0300-la-pomme-\u00a9-2020-ProLitteris-Zurich-239x300.jpg 239w\" sizes=\"auto, (max-width: 318px) 100vw, 318px\" \/><figcaption><strong><em>Genevi\u00e8ve \u00e0 la pomme, <\/em><\/strong>1937-1938<br \/> olio su tela, 92 x 73 cm<br \/> Collezione Genevi\u00e8ve Taillade<br \/><strong>\u00a9 2020, ProLitteris, Zurich&nbsp;<\/strong><\/figcaption><\/figure><\/div>\n\n\n\n<hr class=\"wp-block-separator\"\/>\n\n\n\n<p>Un catalogo di circa 230 pagine, edito dal Museo d\u2019arte Mendrisio, documenta con fotografie storiche e schede tutte le opere in mostra, introdotte dai contributi di studiosi e curatori e seguite dai consueti apparati riportanti una bibliografia scelta e una selezione delle esposizioni. Vengono inoltre pubblicati alcuni testi teorici esemplari dell\u2019artista, tradotti per la prima volta in italiano.<\/p>\n\n\n\n<p>La mostra rimarr\u00e0 aperta fino al 31 gennaio 2021.<\/p>\n\n\n\n<p>www.museo.mendrisio.ch<\/p>\n\n\n\n<div class=\"wp-block-image\"><figure class=\"aligncenter size-large\"><img loading=\"lazy\" decoding=\"async\" width=\"400\" height=\"222\" src=\"https:\/\/www.biancoscuro.it\/site\/wp-content\/uploads\/2020\/09\/11.-DERAIN-La-clairie\u0300re-ou-le-de\u0301jeuner-sur-lherbe-\u00a9-2020-ProLitteris-Zurich.jpg\" alt=\"\" class=\"wp-image-11051\" srcset=\"https:\/\/www.biancoscuro.it\/site\/wp-content\/uploads\/2020\/09\/11.-DERAIN-La-clairie\u0300re-ou-le-de\u0301jeuner-sur-lherbe-\u00a9-2020-ProLitteris-Zurich.jpg 400w, https:\/\/www.biancoscuro.it\/site\/wp-content\/uploads\/2020\/09\/11.-DERAIN-La-clairie\u0300re-ou-le-de\u0301jeuner-sur-lherbe-\u00a9-2020-ProLitteris-Zurich-300x167.jpg 300w\" sizes=\"auto, (max-width: 400px) 100vw, 400px\" \/><figcaption><strong><em>La Clairi\u00e8re, ou le d\u00e9jeuner sur l\u2019herbe, <\/em><\/strong>1938<br \/>olio su tela, 138 x 250 cm<br \/> Association des Amis du Petit Palais, Ginevra<br \/><strong>\u00a9 2020, ProLitteris, Zurich&nbsp;<\/strong><\/figcaption><\/figure><\/div>\n\n\n\n<hr class=\"wp-block-separator\"\/>\n","protected":false},"excerpt":{"rendered":"<p><span class=\"span-reading-time rt-reading-time\" style=\"display: block;\"><span class=\"rt-label rt-prefix\">\u23f0 lettura <\/span> <span class=\"rt-time\"> 4<\/span> <span class=\"rt-label rt-postfix\">min. <\/p>\n<p><\/span><\/span>Domenica 27 settembre al Museo d&#8217;arte di Mendrisio apre una grande retrospettiva dedicata a uno dei maestri della pittura francese del Novecento, Andr\u00e9 Derain, una delle grandi figure della rivoluzione artistica dell\u2019inizio del XX secolo, amico di Picasso, Matisse, Braque, Giacometti. Con Matisse e Picasso Derain ha formato la triade di artisti che ha completamente&hellip;&nbsp;<a href=\"https:\/\/www.biancoscuro.it\/site\/andre-derain-una-grande-retrospettiva-a-mendrisio\/\" rel=\"bookmark\">Leggi tutto &raquo;<span class=\"screen-reader-text\">Andr\u00e9 Derain. Una grande retrospettiva a Mendrisio<\/span><\/a><\/p>\n","protected":false},"author":917,"featured_media":11049,"comment_status":"closed","ping_status":"closed","sticky":false,"template":"","format":"standard","meta":{"neve_meta_sidebar":"","neve_meta_container":"","neve_meta_enable_content_width":"","neve_meta_content_width":0,"neve_meta_title_alignment":"","neve_meta_author_avatar":"","neve_post_elements_order":"","neve_meta_disable_header":"","neve_meta_disable_footer":"","neve_meta_disable_title":"","advanced_seo_description":"","jetpack_seo_html_title":"","jetpack_seo_noindex":false,"footnotes":""},"categories":[5],"tags":[],"class_list":["post-11044","post","type-post","status-publish","format-standard","has-post-thumbnail","hentry","category-arte"],"jetpack_featured_media_url":"https:\/\/www.biancoscuro.it\/site\/wp-content\/uploads\/2020\/09\/7.-DERAIN-Genevie\u0300ve-a\u0300-la-pomme-\u00a9-2020-ProLitteris-Zurich.jpg","jetpack_sharing_enabled":true,"jetpack-related-posts":[{"id":12502,"url":"https:\/\/www.biancoscuro.it\/site\/a-r-penck-a-mendrisio-una-grande-retrospettiva-dedicata-al-maestro-tedesco\/","url_meta":{"origin":11044,"position":0},"title":"A.R. Penck. A Mendrisio una grande retrospettiva dedicata al maestro tedesco","author":"Chiara","date":"27 Ottobre 2021","format":false,"excerpt":"Il Museo d'arte di Mendrisio presenta fino al 13 febbraio 2022 una grande retrospettiva dedicata a A.R. Penck (pseudonimo di Ralf Winkler), tra i pi\u00f9 importanti artisti tedeschi della seconda met\u00e0 del Novecento, scomparso a Zurigo nel 2017. Curata da Simone Soldini, Ulf Jensen, Barbara Paltenghi Malacrida, la mostra, che\u2026","rel":"","context":"In &quot;arte&quot;","block_context":{"text":"arte","link":"https:\/\/www.biancoscuro.it\/site\/category\/arte\/"},"img":{"alt_text":"","src":"https:\/\/i0.wp.com\/www.biancoscuro.it\/site\/wp-content\/uploads\/2021\/10\/3.-PENCK-Standart-1969.jpg?resize=350%2C200&ssl=1","width":350,"height":200,"srcset":"https:\/\/i0.wp.com\/www.biancoscuro.it\/site\/wp-content\/uploads\/2021\/10\/3.-PENCK-Standart-1969.jpg?resize=350%2C200&ssl=1 1x, https:\/\/i0.wp.com\/www.biancoscuro.it\/site\/wp-content\/uploads\/2021\/10\/3.-PENCK-Standart-1969.jpg?resize=525%2C300&ssl=1 1.5x, https:\/\/i0.wp.com\/www.biancoscuro.it\/site\/wp-content\/uploads\/2021\/10\/3.-PENCK-Standart-1969.jpg?resize=700%2C400&ssl=1 2x"},"classes":[]},{"id":8066,"url":"https:\/\/www.biancoscuro.it\/site\/max-beckmann-al-museo-darte-a-mendrisio-una-grande-antologica-dedicata-al-maestro-tedesco\/","url_meta":{"origin":11044,"position":1},"title":"MAX BECKMANN Al Museo d&#8217;arte a Mendrisio una grande antologica dedicata al maestro tedesco","author":"Chiara","date":"25 Ottobre 2018","format":false,"excerpt":"Max Beckmann \u00e8, insieme a Pablo Picasso ed Henri Matisse, uno dei massimi Maestri dell\u2019arte moderna. Con loro figura nelle sale dei pi\u00f9 importanti musei del mondo. Nonostante la sua maestria pittorica, plastica e grafica, le sue opere - inquietanti, enigmatiche e sensuali - continuano a essere una sfida per\u2026","rel":"","context":"In &quot;arte&quot;","block_context":{"text":"arte","link":"https:\/\/www.biancoscuro.it\/site\/category\/arte\/"},"img":{"alt_text":"","src":"https:\/\/i0.wp.com\/www.biancoscuro.it\/site\/wp-content\/uploads\/2018\/10\/BECKMANN-509-Autoritratto-su-fondo-verde-con-camicia-verde.jpg?resize=350%2C200&ssl=1","width":350,"height":200,"srcset":"https:\/\/i0.wp.com\/www.biancoscuro.it\/site\/wp-content\/uploads\/2018\/10\/BECKMANN-509-Autoritratto-su-fondo-verde-con-camicia-verde.jpg?resize=350%2C200&ssl=1 1x, https:\/\/i0.wp.com\/www.biancoscuro.it\/site\/wp-content\/uploads\/2018\/10\/BECKMANN-509-Autoritratto-su-fondo-verde-con-camicia-verde.jpg?resize=525%2C300&ssl=1 1.5x, https:\/\/i0.wp.com\/www.biancoscuro.it\/site\/wp-content\/uploads\/2018\/10\/BECKMANN-509-Autoritratto-su-fondo-verde-con-camicia-verde.jpg?resize=700%2C400&ssl=1 2x"},"classes":[]},{"id":3944,"url":"https:\/\/www.biancoscuro.it\/site\/matisse-e-contemporanei\/","url_meta":{"origin":11044,"position":2},"title":"Matisse e contemporanei","author":"Lucia Garnero","date":"4 Aprile 2016","format":false,"excerpt":"Matisse e contemporanei a\u00a0Palazzo Chiablese Ispirazioni comuni e influenze reciproche Fino al 15 maggio, Torino ospita, a Palazzo Chiablese, \u201cMatisse e il suo tempo\u201d. Con 50 opere di Matisse e 47 di artisti a lui coevi (quali Picasso, Renoir, Bonnard, Modigliani, Mir\u00f3, Derain, Braque, Marquet, L\u00e9ger), la mostra, curata da\u2026","rel":"","context":"In &quot;art magazine&quot;","block_context":{"text":"art magazine","link":"https:\/\/www.biancoscuro.it\/site\/category\/art-magazine\/"},"img":{"alt_text":"Henri Matisse - Lorette con tazza di caff\u00e8 anno 1917, olio su tela, 91x148 cm. Collection Centre Pompidou, Paris Mus\u00e9e national d\u2019art moderne - Centre de cr\u00e9ation industrielle - Photo : \u00a9 Centre Pompidou, MNAMCCI\/Philippe Migeat\/Dist. RMN-GP \u00a9 Succession H. Matisse by SIAE 2015","src":"https:\/\/i0.wp.com\/www.biancoscuro.it\/site\/wp-content\/uploads\/2016\/04\/1-1.jpg?resize=350%2C200&ssl=1","width":350,"height":200,"srcset":"https:\/\/i0.wp.com\/www.biancoscuro.it\/site\/wp-content\/uploads\/2016\/04\/1-1.jpg?resize=350%2C200&ssl=1 1x, https:\/\/i0.wp.com\/www.biancoscuro.it\/site\/wp-content\/uploads\/2016\/04\/1-1.jpg?resize=525%2C300&ssl=1 1.5x, https:\/\/i0.wp.com\/www.biancoscuro.it\/site\/wp-content\/uploads\/2016\/04\/1-1.jpg?resize=700%2C400&ssl=1 2x"},"classes":[]},{"id":6095,"url":"https:\/\/www.biancoscuro.it\/site\/paradiso-cuno-amiet-mostra-al-museo-darte-mendrisio\/","url_meta":{"origin":11044,"position":3},"title":"IL PARADISO DI CUNO AMIET IN MOSTRA AL MUSEO D&#8217;ARTE DI MENDRISIO","author":"Chiara","date":"31 Ottobre 2017","format":false,"excerpt":"Al Museo d'arte di Mendrisio \u00e8 stata da poco inaugurata una importante retrospettiva dedicata al grande pittore Cuno Amiet (Soletta, 1868; Oschwand, 1961), tra le personalit\u00e0 pi\u00f9 rappresentative dell\u2019arte svizzera della prima met\u00e0 del Novecento, considerato uno dei grandi maestri della pittura moderna. Partito giovanissimo in compagnia di Giovanni Giacometti\u2026","rel":"","context":"In &quot;arte&quot;","block_context":{"text":"arte","link":"https:\/\/www.biancoscuro.it\/site\/category\/arte\/"},"img":{"alt_text":"","src":"https:\/\/i0.wp.com\/www.biancoscuro.it\/site\/wp-content\/uploads\/2017\/10\/AMIET-1894.24.jpg?resize=350%2C200&ssl=1","width":350,"height":200,"srcset":"https:\/\/i0.wp.com\/www.biancoscuro.it\/site\/wp-content\/uploads\/2017\/10\/AMIET-1894.24.jpg?resize=350%2C200&ssl=1 1x, https:\/\/i0.wp.com\/www.biancoscuro.it\/site\/wp-content\/uploads\/2017\/10\/AMIET-1894.24.jpg?resize=525%2C300&ssl=1 1.5x, https:\/\/i0.wp.com\/www.biancoscuro.it\/site\/wp-content\/uploads\/2017\/10\/AMIET-1894.24.jpg?resize=700%2C400&ssl=1 2x, https:\/\/i0.wp.com\/www.biancoscuro.it\/site\/wp-content\/uploads\/2017\/10\/AMIET-1894.24.jpg?resize=1050%2C600&ssl=1 3x, https:\/\/i0.wp.com\/www.biancoscuro.it\/site\/wp-content\/uploads\/2017\/10\/AMIET-1894.24.jpg?resize=1400%2C800&ssl=1 4x"},"classes":[]},{"id":4483,"url":"https:\/\/www.biancoscuro.it\/site\/grande-artista-danese-kirkeby-mostra-al-museo-darte-mendrisio\/","url_meta":{"origin":11044,"position":4},"title":"Il grande artista danese PER KIRKEBY in mostra al Museo d&#8217;arte di Mendrisio","author":"Chiara","date":"29 Settembre 2016","format":false,"excerpt":"PER KIRKEBY\u00a0 I luoghi dell'anima del grande maestro scandinavo 2 ottobre 2016 \u2013 29 gennaio 2017 Museo d\u2019arte di Mendrisio Acclamato in tutta Europa per gli straordinari risultati raggiunti in campo artistico, Per Kirkeby \u00e8 certamente uno tra i maggiori protagonisti della scena culturale scandinava del Novecento. Si \u00e8 imposto\u2026","rel":"","context":"In &quot;arte&quot;","block_context":{"text":"arte","link":"https:\/\/www.biancoscuro.it\/site\/category\/arte\/"},"img":{"alt_text":"PK_1249","src":"https:\/\/i0.wp.com\/www.biancoscuro.it\/site\/wp-content\/uploads\/2016\/09\/11.-KIRKEBY-1249-300x203.jpg?resize=350%2C200","width":350,"height":200},"classes":[]},{"id":9976,"url":"https:\/\/www.biancoscuro.it\/site\/arte-indiana-a-mendrisio\/","url_meta":{"origin":11044,"position":5},"title":"Arte indiana a Mendrisio","author":"Chiara","date":"14 Novembre 2019","format":false,"excerpt":"Fino al 26 gennaio 2020 al Museo d'arte Mendrisio \u00e8 possibile ammirare una straordinaria selezione di capolavori dell'arte indiana, oltre 70 sculture provenienti da diverse regioni dell\u2019India, Pakistan e Afghanistan - che\u00a0coprono un arco temporale di quattordici secoli, dal II secolo a.C. al XII secolo d.C. - riuniti nella mostra\u2026","rel":"","context":"In &quot;arte&quot;","block_context":{"text":"arte","link":"https:\/\/www.biancoscuro.it\/site\/category\/arte\/"},"img":{"alt_text":"","src":"https:\/\/i0.wp.com\/www.biancoscuro.it\/site\/wp-content\/uploads\/2019\/11\/23.-Testa-del-Budda.jpg?resize=350%2C200&ssl=1","width":350,"height":200,"srcset":"https:\/\/i0.wp.com\/www.biancoscuro.it\/site\/wp-content\/uploads\/2019\/11\/23.-Testa-del-Budda.jpg?resize=350%2C200&ssl=1 1x, https:\/\/i0.wp.com\/www.biancoscuro.it\/site\/wp-content\/uploads\/2019\/11\/23.-Testa-del-Budda.jpg?resize=525%2C300&ssl=1 1.5x, https:\/\/i0.wp.com\/www.biancoscuro.it\/site\/wp-content\/uploads\/2019\/11\/23.-Testa-del-Budda.jpg?resize=700%2C400&ssl=1 2x"},"classes":[]}],"_links":{"self":[{"href":"https:\/\/www.biancoscuro.it\/site\/wp-json\/wp\/v2\/posts\/11044","targetHints":{"allow":["GET"]}}],"collection":[{"href":"https:\/\/www.biancoscuro.it\/site\/wp-json\/wp\/v2\/posts"}],"about":[{"href":"https:\/\/www.biancoscuro.it\/site\/wp-json\/wp\/v2\/types\/post"}],"author":[{"embeddable":true,"href":"https:\/\/www.biancoscuro.it\/site\/wp-json\/wp\/v2\/users\/917"}],"replies":[{"embeddable":true,"href":"https:\/\/www.biancoscuro.it\/site\/wp-json\/wp\/v2\/comments?post=11044"}],"version-history":[{"count":0,"href":"https:\/\/www.biancoscuro.it\/site\/wp-json\/wp\/v2\/posts\/11044\/revisions"}],"wp:featuredmedia":[{"embeddable":true,"href":"https:\/\/www.biancoscuro.it\/site\/wp-json\/wp\/v2\/media\/11049"}],"wp:attachment":[{"href":"https:\/\/www.biancoscuro.it\/site\/wp-json\/wp\/v2\/media?parent=11044"}],"wp:term":[{"taxonomy":"category","embeddable":true,"href":"https:\/\/www.biancoscuro.it\/site\/wp-json\/wp\/v2\/categories?post=11044"},{"taxonomy":"post_tag","embeddable":true,"href":"https:\/\/www.biancoscuro.it\/site\/wp-json\/wp\/v2\/tags?post=11044"}],"curies":[{"name":"wp","href":"https:\/\/api.w.org\/{rel}","templated":true}]}}