{"id":11331,"date":"2020-12-01T19:52:08","date_gmt":"2020-12-01T18:52:08","guid":{"rendered":"https:\/\/www.biancoscuro.it\/site\/?p=11331"},"modified":"2023-04-04T14:39:06","modified_gmt":"2023-04-04T13:39:06","slug":"biancoscuro-leditoriale-di-dicembre-20-gennaio-21","status":"publish","type":"post","link":"https:\/\/www.biancoscuro.it\/site\/biancoscuro-leditoriale-di-dicembre-20-gennaio-21\/","title":{"rendered":"BIANCOSCURO, l\u2019editoriale di dicembre &#8217;20 \/ gennaio &#8217;21"},"content":{"rendered":"<span class=\"span-reading-time rt-reading-time\" style=\"display: block;\"><span class=\"rt-label rt-prefix\">\u23f0 lettura <\/span> <span class=\"rt-time\"> 2<\/span> <span class=\"rt-label rt-postfix\">min. <br><br><\/span><\/span>\n<p>Dicembre, ultimo numero dell\u2019anno e al tempo stesso primo numero di quello nuovo, un numero che ci accompagna al termine di questo \u201c<em>faticoso<\/em>\u201d 2020:&nbsp; anno bisesto, anno funesto. 2020 \u201c<em>a sandwiches<\/em>\u201d tra gli \u201c<em>ipocondriaci<\/em>\u201d ed i complottisti della serie: \u201c<em>Non ce n\u2019\u00e8 coviddi<\/em>\u201d, districandosi tra&nbsp;notizie vere e fake news. Un anno con gran finale (ancora a dividere il mondo intero), la sfida tra <strong>Trump<\/strong> e <strong>Biden<\/strong>, dove il perdente non ammette la sconfitta ed i suoi \u201c<em>amici<\/em>\u201d lo abbandonano, un anno di cui non sentiremo la mancanza.<\/p>\n\n\n\n<p>Questo lungo periodo di incertezza ha fatto perdere a molti l\u2019equilibrio e la lucidit\u00e0. Senza mancare di rispetto a chi \u00e8 stato direttamente coinvolto e senza offendere chi ritiene inutili le misure preventive, consiglio di riflettere su, un passaggio pubblicato sul Corriere della Sera: \u201cL\u2019epidemia \u00e8 un problema sanitario, che <strong>riguarda la massa di persone malate contemporaneamente<\/strong> (una malattia poco grave che fa ammalare moltissime persone contemporaneamente crea pi\u00f9 problemi di una pi\u00f9 grave, ma poco infettiva) <strong>e la capacit\u00e0 di presa in cura delle persone nel tempo<\/strong>.\u201d<\/p>\n\n\n\n<p>Di conseguenza \u00e8 chiaro che pi\u00f9 persone \u201c<em>si fermano<\/em>\u201d, meno persone si ammalano, minori sono i contagi contemporanei, maggiori sono le possibilit\u00e0 di assistere e di curare le persone. Ecco dunque perch\u00e9 luoghi con alta frequentazione come bar, ristoranti, palestre, musei, cinema e poli fieristici sono stati prima limitati e poi chiusi.&nbsp;<\/p>\n\n\n\n<p>Infatti le uniche fiere a svolgersi sul territorio italiano nel 2020 sono state <strong>ArteFiera a Bologna<\/strong>, <strong>ArteGenova<\/strong> e <strong>Art Parma<\/strong> poco prima del nuovo soft lockdown. Nella realt\u00e0 popolare e mediatica si citano sempre e solo i punti di ristoro e aggregazione, ma non dimentichiamo le migliaia di persone che lavorano nell\u2019ambito culturale e degli eventi, i \u201c<em>dietro le quinte<\/em>\u201d sono senza lavoro da mesi, e non possono neanche fare l\u2019asporto\u2026 L\u2019unica speranza al nostro arricchimento culturale \u00e8 dato dai <strong>Musei e dalle Fondazioni che hanno istituito canali online per le visite a distanza<\/strong>, un modo per non fermare del tutto le attivit\u00e0 di Istituzioni che potrebbero anche rischiare la chiusura per mancanza di fondi. <strong>BIANCOSCURO<\/strong>, dopo aver regalato migliaia di copie digitali della rivista, ha deciso di proseguire nella sua mission culturale e <a href=\"https:\/\/artshop.biancoscuro.it\/site\/shop\/libri-riviste\/abbonamento-biancoscuro-italia-per-1-anno\/\" target=\"_blank\" rel=\"noreferrer noopener\">regaler\u00e0 un abbonamento digitale annuale a tutti quelli che attiveranno un nuovo abbonamento cartaceo<\/a>.&nbsp;<\/p>\n\n\n\n<p><strong>Un solo piccolo augurio, che il 2021 sia migliore del 2020.<\/strong><\/p>\n\n\n\n<p>Buona fine, buon inizio e <strong>buona lettura<\/strong>.<\/p>\n\n\n\n<figure class=\"wp-block-image\"><img loading=\"lazy\" decoding=\"async\" width=\"300\" height=\"103\" src=\"http:\/\/www.biancoscuro.it\/site\/wp-content\/uploads\/2015\/10\/firmaVincenzoChettaDirettoreBiancoscuro-300x103.jpg\" alt=\"Vincenzo Chetta Direttore Biancoscuro\" class=\"wp-image-3226\" srcset=\"https:\/\/www.biancoscuro.it\/site\/wp-content\/uploads\/2015\/10\/firmaVincenzoChettaDirettoreBiancoscuro-300x103.jpg 300w, https:\/\/www.biancoscuro.it\/site\/wp-content\/uploads\/2015\/10\/firmaVincenzoChettaDirettoreBiancoscuro.jpg 500w\" sizes=\"auto, (max-width: 300px) 100vw, 300px\" \/><\/figure>\n\n\n\n<p>Vincenzo Chetta<br \/>Direttore<br \/><strong>BIANCOSCURO Art Magazine<\/strong><\/p>\n\n\n\n<hr class=\"wp-block-separator\"\/>\n\n\n\n<figure class=\"wp-block-image size-large\"><img loading=\"lazy\" decoding=\"async\" width=\"664\" height=\"664\" src=\"https:\/\/www.biancoscuro.it\/site\/wp-content\/uploads\/2020\/12\/BRAeditoriale43.jpg\" alt=\"\" class=\"wp-image-11333\" srcset=\"https:\/\/www.biancoscuro.it\/site\/wp-content\/uploads\/2020\/12\/BRAeditoriale43.jpg 664w, https:\/\/www.biancoscuro.it\/site\/wp-content\/uploads\/2020\/12\/BRAeditoriale43-300x300.jpg 300w, https:\/\/www.biancoscuro.it\/site\/wp-content\/uploads\/2020\/12\/BRAeditoriale43-150x150.jpg 150w, https:\/\/www.biancoscuro.it\/site\/wp-content\/uploads\/2020\/12\/BRAeditoriale43-600x600.jpg 600w\" sizes=\"auto, (max-width: 664px) 100vw, 664px\" \/><figcaption><strong>&#8211;<\/strong><\/figcaption><\/figure>\n","protected":false},"excerpt":{"rendered":"<p><span class=\"span-reading-time rt-reading-time\" style=\"display: block;\"><span class=\"rt-label rt-prefix\">\u23f0 lettura <\/span> <span class=\"rt-time\"> 2<\/span> <span class=\"rt-label rt-postfix\">min. <\/p>\n<p><\/span><\/span>Dicembre, ultimo numero dell\u2019anno e al tempo stesso primo numero di quello nuovo, un numero che ci accompagna al termine di questo \u201cfaticoso\u201d 2020:&nbsp; anno bisesto, anno funesto. 2020 \u201ca sandwiches\u201d tra gli \u201cipocondriaci\u201d ed i complottisti della serie: \u201cNon ce n\u2019\u00e8 coviddi\u201d, districandosi tra&nbsp;notizie vere e fake news. Un anno con gran finale (ancora&hellip;&nbsp;<a href=\"https:\/\/www.biancoscuro.it\/site\/biancoscuro-leditoriale-di-dicembre-20-gennaio-21\/\" rel=\"bookmark\">Leggi tutto &raquo;<span class=\"screen-reader-text\">BIANCOSCURO, l\u2019editoriale di dicembre &#8217;20 \/ gennaio &#8217;21<\/span><\/a><\/p>\n","protected":false},"author":909,"featured_media":11332,"comment_status":"closed","ping_status":"closed","sticky":false,"template":"","format":"standard","meta":{"neve_meta_sidebar":"","neve_meta_container":"","neve_meta_enable_content_width":"","neve_meta_content_width":0,"neve_meta_title_alignment":"","neve_meta_author_avatar":"","neve_post_elements_order":"","neve_meta_disable_header":"","neve_meta_disable_footer":"","neve_meta_disable_title":"","advanced_seo_description":"","jetpack_seo_html_title":"","jetpack_seo_noindex":false,"footnotes":""},"categories":[470,5,469,15],"tags":[39,185,583,408],"class_list":["post-11331","post","type-post","status-publish","format-standard","has-post-thumbnail","hentry","category-art-magazine","category-arte","category-editoriale","category-rivista-darte","tag-biancoscuro","tag-biancoscuro-art-magazine","tag-editoriale","tag-vincenzo-chetta"],"jetpack_featured_media_url":"https:\/\/www.biancoscuro.it\/site\/wp-content\/uploads\/2020\/12\/BRAeditoriale43-333.jpg","jetpack_sharing_enabled":true,"jetpack-related-posts":[{"id":3661,"url":"https:\/\/www.biancoscuro.it\/site\/biancoscuro-leditoriale-dicembre-2015-gennaio-2016\/","url_meta":{"origin":11331,"position":0},"title":"BIANCOSCURO, l\u2019editoriale di dicembre 2015","author":"Vincenzo Chetta","date":"1 Dicembre 2015","format":false,"excerpt":"Rileggendo l\u2019editoriale del precedente numero di Biancoscuro, mi chiedevo se non fossi stato troppo duro, in fondo tutti possono sbagliare toni e modi, e magari noi eravamo solo incappati in un periodo di luna calante molto duro da superare... Poi per\u00f2 ho pensato ai due mesi trascorsi dalla sua stesura,\u2026","rel":"","context":"In &quot;art magazine&quot;","block_context":{"text":"art magazine","link":"https:\/\/www.biancoscuro.it\/site\/category\/art-magazine\/"},"img":{"alt_text":"","src":"https:\/\/i0.wp.com\/www.biancoscuro.it\/site\/wp-content\/uploads\/2014\/02\/blocco-partner-biancoscuro-1.jpg?resize=350%2C200&ssl=1","width":350,"height":200,"srcset":"https:\/\/i0.wp.com\/www.biancoscuro.it\/site\/wp-content\/uploads\/2014\/02\/blocco-partner-biancoscuro-1.jpg?resize=350%2C200&ssl=1 1x, https:\/\/i0.wp.com\/www.biancoscuro.it\/site\/wp-content\/uploads\/2014\/02\/blocco-partner-biancoscuro-1.jpg?resize=525%2C300&ssl=1 1.5x"},"classes":[]},{"id":10080,"url":"https:\/\/www.biancoscuro.it\/site\/biancoscuro-leditoriale-di-dicembre-2019-gennaio-2020\/","url_meta":{"origin":11331,"position":1},"title":"BIANCOSCURO, l\u2019editoriale di dicembre 2019 &#8211; gennaio 2020","author":"Vincenzo Chetta","date":"2 Dicembre 2019","format":false,"excerpt":"Anche questo 2019 sta finendo e, come di consueto nello scrivere l\u2019ultimo numero dell\u2019anno, volgiamo uno sguardo indietro per gettare le basi per il nuovo anno che arriver\u00e0. Non voglio essere banale o retorico, ma non posso esimermi dal pensare ai fatti di novembre, un mese terribile per l\u2019Italia per\u2026","rel":"","context":"In &quot;art magazine&quot;","block_context":{"text":"art magazine","link":"https:\/\/www.biancoscuro.it\/site\/category\/art-magazine\/"},"img":{"alt_text":"","src":"https:\/\/i0.wp.com\/www.biancoscuro.it\/site\/wp-content\/uploads\/2019\/12\/Piazza-San-Marco-Venezia-900.jpg?resize=350%2C200&ssl=1","width":350,"height":200,"srcset":"https:\/\/i0.wp.com\/www.biancoscuro.it\/site\/wp-content\/uploads\/2019\/12\/Piazza-San-Marco-Venezia-900.jpg?resize=350%2C200&ssl=1 1x, https:\/\/i0.wp.com\/www.biancoscuro.it\/site\/wp-content\/uploads\/2019\/12\/Piazza-San-Marco-Venezia-900.jpg?resize=525%2C300&ssl=1 1.5x, https:\/\/i0.wp.com\/www.biancoscuro.it\/site\/wp-content\/uploads\/2019\/12\/Piazza-San-Marco-Venezia-900.jpg?resize=700%2C400&ssl=1 2x"},"classes":[]},{"id":8267,"url":"https:\/\/www.biancoscuro.it\/site\/biancoscuro-leditoriale-di-dicembre18-gennaio-19\/","url_meta":{"origin":11331,"position":2},"title":"BIANCOSCURO, l\u2019editoriale di dicembre&#8217;18 \/ gennaio &#8217;19","author":"Vincenzo Chetta","date":"30 Novembre 2018","format":false,"excerpt":"Pensare che questo \u00e8 gi\u00e0 l\u2019ultimo numero del 2018, porta un po\u2019 di... Stupore! In questa societ\u00e0 in continua accelerazione, siamo come sempre un passo davanti agli altri, il nostro ultimo numero del 2018, \u00e8 anche il primo del 2019! Di solito dicembre \u00e8 il momento per fare il bilancio\u2026","rel":"","context":"In &quot;art magazine&quot;","block_context":{"text":"art magazine","link":"https:\/\/www.biancoscuro.it\/site\/category\/art-magazine\/"},"img":{"alt_text":"Art Basel Miami Beach \u00a9 Courtesy Art Basel","src":"https:\/\/i0.wp.com\/www.biancoscuro.it\/site\/wp-content\/uploads\/2018\/11\/ABMB17__General_Impressions__PR_9059_HiRes600px.jpg?resize=350%2C200&ssl=1","width":350,"height":200,"srcset":"https:\/\/i0.wp.com\/www.biancoscuro.it\/site\/wp-content\/uploads\/2018\/11\/ABMB17__General_Impressions__PR_9059_HiRes600px.jpg?resize=350%2C200&ssl=1 1x, https:\/\/i0.wp.com\/www.biancoscuro.it\/site\/wp-content\/uploads\/2018\/11\/ABMB17__General_Impressions__PR_9059_HiRes600px.jpg?resize=525%2C300&ssl=1 1.5x"},"classes":[]},{"id":4714,"url":"https:\/\/www.biancoscuro.it\/site\/biancoscuro-leditoriale-dicembre16-gennaio17\/","url_meta":{"origin":11331,"position":3},"title":"BIANCOSCURO, l\u2019editoriale di dicembre&#8217;16-gennaio&#8217;17","author":"Vincenzo Chetta","date":"28 Novembre 2016","format":false,"excerpt":"L\u2019ultima uscita del 2016 di BIANCOSCURO: un altro anno \u00e8 gi\u00e0 passato, \u00e8 tempo di bilanci. Qualcuno sta per tirare le somme, qualcuno sta gi\u00e0 preparandosi per il 2017, noi di BIANCOSCURO stiamo facendo entrambe le cose, per ricordare il passato e guardare al futuro con fiducia. Fiducia nelle nostre\u2026","rel":"","context":"In &quot;art magazine&quot;","block_context":{"text":"art magazine","link":"https:\/\/www.biancoscuro.it\/site\/category\/art-magazine\/"},"img":{"alt_text":"Vincenzo Chetta Direttore Biancoscuro","src":"https:\/\/i0.wp.com\/www.biancoscuro.it\/site\/wp-content\/uploads\/2015\/10\/firmaVincenzoChettaDirettoreBiancoscuro-300x103.jpg?resize=350%2C200","width":350,"height":200},"classes":[]},{"id":10079,"url":"https:\/\/www.biancoscuro.it\/site\/biancoscuro-art-magazine-on-line-il-numero-37\/","url_meta":{"origin":11331,"position":4},"title":"BIANCOSCURO Art Magazine! On-line il numero #37","author":"Redazione BIANCOSCURO","date":"1 Dicembre 2019","format":false,"excerpt":"\"BIANCOSCURO\u00a0Rivista d'Arte\", sfoglia qui \u00a0sotto la versione web di BIANCOSCURO Art Magazine #37 (dicembre 2019 - gennaio 2020) o scarica la versione integrale.\u00a0Iscriviti\u00a0alla nostra\u00a0mailing list\u00a0per essere costantemente aggiornato sui nostri eventi e sulle nostre attivit\u00e0:\u00a0inserisci\u00a0nome,\u00a0cognome\u00a0ed\u00a0e-mail\u00a0nei campi qui a destra per ricevere gratuitamente nella tua casella email. Ordina\u00a0su\u00a0artshop.biancoscuro.it Come fare per\u2026","rel":"","context":"In &quot;art magazine&quot;","block_context":{"text":"art magazine","link":"https:\/\/www.biancoscuro.it\/site\/category\/art-magazine\/"},"img":{"alt_text":"","src":"https:\/\/i0.wp.com\/www.biancoscuro.it\/site\/wp-content\/uploads\/2019\/12\/BAM_issue37_900pxSITO.jpg?resize=350%2C200&ssl=1","width":350,"height":200,"srcset":"https:\/\/i0.wp.com\/www.biancoscuro.it\/site\/wp-content\/uploads\/2019\/12\/BAM_issue37_900pxSITO.jpg?resize=350%2C200&ssl=1 1x, https:\/\/i0.wp.com\/www.biancoscuro.it\/site\/wp-content\/uploads\/2019\/12\/BAM_issue37_900pxSITO.jpg?resize=525%2C300&ssl=1 1.5x, https:\/\/i0.wp.com\/www.biancoscuro.it\/site\/wp-content\/uploads\/2019\/12\/BAM_issue37_900pxSITO.jpg?resize=700%2C400&ssl=1 2x"},"classes":[]},{"id":10346,"url":"https:\/\/www.biancoscuro.it\/site\/biancoscuro-leditoriale-di-febbraio-marzo-2020\/","url_meta":{"origin":11331,"position":5},"title":"BIANCOSCURO, l\u2019editoriale di febbraio-marzo 2020","author":"Vincenzo Chetta","date":"2 Febbraio 2020","format":false,"excerpt":"Il numero #38 di BIANCOSCURO \u00e8 pronto per la stampa e, come sempre, attende solo il mio pezzo per l\u2019Editoriale. In questi giorni, gi\u00e0 normalmente frenetici, \u00e8 arrivata la notizia del ritrovamento di \u201cRitratto di Donna\u201d di Gustav Klimt, rubato nel 1997 alla galleria Ricci Oddi di Piacenza. Un\u2019opera con\u2026","rel":"","context":"In &quot;art magazine&quot;","block_context":{"text":"art magazine","link":"https:\/\/www.biancoscuro.it\/site\/category\/art-magazine\/"},"img":{"alt_text":"","src":"https:\/\/i0.wp.com\/www.biancoscuro.it\/site\/wp-content\/uploads\/2020\/02\/0ArteFierawelcome_07-500.jpg?resize=350%2C200&ssl=1","width":350,"height":200},"classes":[]}],"_links":{"self":[{"href":"https:\/\/www.biancoscuro.it\/site\/wp-json\/wp\/v2\/posts\/11331","targetHints":{"allow":["GET"]}}],"collection":[{"href":"https:\/\/www.biancoscuro.it\/site\/wp-json\/wp\/v2\/posts"}],"about":[{"href":"https:\/\/www.biancoscuro.it\/site\/wp-json\/wp\/v2\/types\/post"}],"author":[{"embeddable":true,"href":"https:\/\/www.biancoscuro.it\/site\/wp-json\/wp\/v2\/users\/909"}],"replies":[{"embeddable":true,"href":"https:\/\/www.biancoscuro.it\/site\/wp-json\/wp\/v2\/comments?post=11331"}],"version-history":[{"count":0,"href":"https:\/\/www.biancoscuro.it\/site\/wp-json\/wp\/v2\/posts\/11331\/revisions"}],"wp:featuredmedia":[{"embeddable":true,"href":"https:\/\/www.biancoscuro.it\/site\/wp-json\/wp\/v2\/media\/11332"}],"wp:attachment":[{"href":"https:\/\/www.biancoscuro.it\/site\/wp-json\/wp\/v2\/media?parent=11331"}],"wp:term":[{"taxonomy":"category","embeddable":true,"href":"https:\/\/www.biancoscuro.it\/site\/wp-json\/wp\/v2\/categories?post=11331"},{"taxonomy":"post_tag","embeddable":true,"href":"https:\/\/www.biancoscuro.it\/site\/wp-json\/wp\/v2\/tags?post=11331"}],"curies":[{"name":"wp","href":"https:\/\/api.w.org\/{rel}","templated":true}]}}