{"id":11450,"date":"2021-01-23T15:53:32","date_gmt":"2021-01-23T14:53:32","guid":{"rendered":"https:\/\/www.biancoscuro.it\/site\/?p=11450"},"modified":"2021-01-24T18:59:37","modified_gmt":"2021-01-24T17:59:37","slug":"camilla-marinoni-ricamare-il-vuoto","status":"publish","type":"post","link":"https:\/\/www.biancoscuro.it\/site\/camilla-marinoni-ricamare-il-vuoto\/","title":{"rendered":"Camilla Marinoni \/ Ricamare il vuoto"},"content":{"rendered":"<span class=\"span-reading-time rt-reading-time\" style=\"display: block;\"><span class=\"rt-label rt-prefix\">\u23f0 lettura <\/span> <span class=\"rt-time\"> 3<\/span> <span class=\"rt-label rt-postfix\">min. <br><br><\/span><\/span>\n<p>Ho assistito all\u2019inaugurazione della mostra personale dell\u2019artista Camilla Marinoni on line, per i noti motivi che tutti noi conosciamo.<\/p>\n\n\n\n<p>Ho gi\u00e0 visto parecchie mostre presentate on line, solo alcune mi hanno colpito in modo particolare da spingermi a scrivere un articolo, una tra queste \u00e8 Ricamare il vuoto di Camilla Marinoni.<\/p>\n\n\n\n<p>Non conosco personalmente Camilla, l\u2019ho sentita al telefono diverse volte e mi ha colpito la sua voce: dolce, cristallina, una voce rassicurante, quasi da bambina, con una voce cos\u00ec mai ti aspetteresti una tale potenza nelle sue opere.<\/p>\n\n\n\n<p>La sua ricerca \u00e8 un urlo, fortissimo, un richiamo, una esortazione, una invocazione, a tratti pi\u00f9 acuto, a tratti pi\u00f9 suadente ma sempre contiene in se il pensiero che domina tutta la sua produzione.<\/p>\n\n\n\n<figure class=\"wp-block-image size-large is-resized\"><img loading=\"lazy\" decoding=\"async\" src=\"https:\/\/www.biancoscuro.it\/site\/wp-content\/uploads\/2021\/01\/decanter-01-1024x714.jpeg\" alt=\"\" class=\"wp-image-11452\" width=\"580\" height=\"404\" srcset=\"https:\/\/www.biancoscuro.it\/site\/wp-content\/uploads\/2021\/01\/decanter-01-1024x714.jpeg 1024w, https:\/\/www.biancoscuro.it\/site\/wp-content\/uploads\/2021\/01\/decanter-01-300x209.jpeg 300w, https:\/\/www.biancoscuro.it\/site\/wp-content\/uploads\/2021\/01\/decanter-01-768x536.jpeg 768w, https:\/\/www.biancoscuro.it\/site\/wp-content\/uploads\/2021\/01\/decanter-01-600x419.jpeg 600w, https:\/\/www.biancoscuro.it\/site\/wp-content\/uploads\/2021\/01\/decanter-01.jpeg 1280w\" sizes=\"auto, (max-width: 580px) 100vw, 580px\" \/><figcaption><strong>Decanter<\/strong>, 2019 77x55x5 cm cad. Vino, immagine fotografica, cotone intrecciato all&#8217;uncinetto su carta Cotton 100%  \u00a9 Camilla Marinoni, Courtesy by Zerial Art Project Gallery<\/figcaption><\/figure>\n\n\n\n<p>Camilla utilizza tecniche differenti per le sue opere, dalla carta al centrino, dal vino, alla ceramica tutte unite dallo stesso filo rosso: le ferite, le donne, la cura e la memoria.<\/p>\n\n\n\n<p>Questo paradigma pu\u00f2 sembrare scontato, non lo \u00e8, Camilla mette a nudo le sue ferite, il suo essere donna, la cura che utilizza per \u201cguarire\u201dquella parte del suo io, quello pi\u00f9 vero.<\/p>\n\n\n\n<p>Camilla prevalentemente utilizza il centrino, prima, visto ricamare dalla nonna, poi dalla mamma, infine ricamandolo lei stessa.<\/p>\n\n\n\n<p>Ricama per dare un senso al vuoto, all\u2019angoscia, alla paura, alle ferite che ogni giorno dobbiamo subire, ma nel suo ricamare, in questo gesto dal sapore e dall\u2019uso antico,&nbsp; traspira tutta la sua volont\u00e0 a porre rimedio, a porre una fine, a fare si che la cura permetta alle ferite di scomparire ma non di dimenticare.<\/p>\n\n\n\n<figure class=\"wp-block-image size-large\"><img loading=\"lazy\" decoding=\"async\" width=\"731\" height=\"1024\" src=\"https:\/\/www.biancoscuro.it\/site\/wp-content\/uploads\/2021\/01\/Zaffo-018-731x1024.jpeg\" alt=\"\" class=\"wp-image-11453\" srcset=\"https:\/\/www.biancoscuro.it\/site\/wp-content\/uploads\/2021\/01\/Zaffo-018-731x1024.jpeg 731w, https:\/\/www.biancoscuro.it\/site\/wp-content\/uploads\/2021\/01\/Zaffo-018-214x300.jpeg 214w, https:\/\/www.biancoscuro.it\/site\/wp-content\/uploads\/2021\/01\/Zaffo-018-768x1076.jpeg 768w, https:\/\/www.biancoscuro.it\/site\/wp-content\/uploads\/2021\/01\/Zaffo-018-600x840.jpeg 600w, https:\/\/www.biancoscuro.it\/site\/wp-content\/uploads\/2021\/01\/Zaffo-018.jpeg 914w\" sizes=\"auto, (max-width: 731px) 100vw, 731px\" \/><figcaption><strong>Zaffo<\/strong>, 2018 100 carte 31&#215;23 cm Immagine fotografica, cotone intrecciato all&#8217;uncinetto su carta Cotton 100% \u00a9 Camilla Marinoni, Courtesy by Zerial Art Project Gallery<\/figcaption><\/figure>\n\n\n\n<p>Camilla Marinoni, inconsapevolmente ci riporta in un mondo ancestrale, fatto di gesti. L\u2019arte del ricamo, nato in Oriente e poi arrivato in Occidente \u00e8 di et\u00e0 antichissima. Dal medioevo fino al XVI secolo, i <strong>ricami<\/strong> sono sovente portatori di tradizioni popolari e di poesia, ma anche di leggende profondamente radicate nell&#8217;animo dei popoli.<\/p>\n\n\n\n<p>Ecco che, il ricamo di Camilla porta con se una storia millenaria, attualizzandola ai nostri giorni per risvegliare le coscienze.<\/p>\n\n\n\n<p>Le opere presentate portano a riflettere, portano a considerare le variabili dell\u2019animo umano, e sono, sebbene ben allineate ed esposte, un pugno nello stomaco, reale, concreto. Camilla ricama ferite reali, non immaginarie, ricama drammi accaduti non inventati, ricama con filo bianco e filo rosso, fili non immaginati ma fili che uniscono ciascuno di noi.<\/p>\n\n\n\n<p>Nelle sue opere siamo tutti connessi in un divenire che ci appartiene e contemporaneamente in un passato che conosciamo, personalmente vissuto da tutti noi, nessuno escluso.<\/p>\n\n\n\n<p>Questa a mio avviso \u00e8 la potenza delle opere e della ricerca di Camilla Marinoni, la quale, riesce abilmente e concretamente a farci sentire uniti, uguali, un tutt\u2019uno con le sue opere.<\/p>\n\n\n\n<p>Rimango sempre sbalordita ed allo stesso tempo \u201c emozionata\u201d, quando un artista riesce a trasmettere cos\u00ec abilmente il suo pensiero; non \u00e8 retorica, Camilla Marinoni porta avanti una ricerca importante, non solo per gli aspetti che copre, ma per il modo in cui riesce a farli sentire nostri, di tutti.<\/p>\n\n\n\n<p>Ricamare il vuoto significa ricamare la nostra <strong>anima<\/strong>, il nostro <strong>essere<\/strong>, il nostro <strong>io<\/strong> pi\u00f9 profondo e a volte nascosto.<\/p>\n\n\n\n<p>Quante cicatrici ricoprono il nostro corpo? Non solo quelle visibili, ma quelle nascoste nel nostro animo? Quante ferite, quante perdite, quanti drammi ciascuno di noi porta dentro di se? Ecco, Camilla li ricama, li rende visibili, li mostra a tutti, non c\u2019\u00e8 niente da nascondere, \u00e8 tutto da rivelare e disvelare, poco importa il come, importa che la memoria rimanga vigile e presente, solo in questo modo possiamo trovare la <strong>Cura.<\/strong><\/p>\n\n\n\n<figure class=\"wp-block-image size-large\"><img loading=\"lazy\" decoding=\"async\" width=\"1024\" height=\"768\" src=\"https:\/\/www.biancoscuro.it\/site\/wp-content\/uploads\/2021\/01\/p.MarinoniC_ore-3-6-1024x768.jpeg\" alt=\"\" class=\"wp-image-11454\" srcset=\"https:\/\/www.biancoscuro.it\/site\/wp-content\/uploads\/2021\/01\/p.MarinoniC_ore-3-6-1024x768.jpeg 1024w, https:\/\/www.biancoscuro.it\/site\/wp-content\/uploads\/2021\/01\/p.MarinoniC_ore-3-6-300x225.jpeg 300w, https:\/\/www.biancoscuro.it\/site\/wp-content\/uploads\/2021\/01\/p.MarinoniC_ore-3-6-768x576.jpeg 768w, https:\/\/www.biancoscuro.it\/site\/wp-content\/uploads\/2021\/01\/p.MarinoniC_ore-3-6-600x450.jpeg 600w, https:\/\/www.biancoscuro.it\/site\/wp-content\/uploads\/2021\/01\/p.MarinoniC_ore-3-6.jpeg 1280w\" sizes=\"auto, (max-width: 1024px) 100vw, 1024px\" \/><figcaption><strong>Alle ore 3<\/strong>, 2018 \u00f8 30&#215;150 cm cad. Tre concertino in acciaio zioncato, centrini di cotone, teli di cotone \u00a9 Camilla Marinoni, Courtesy by Zariel Art Project Gallery<\/figcaption><\/figure>\n\n\n\n<p>Ascoltare la sua voce, nel video presentato all&#8217;interno della mostra, in cui l&#8217;artista spiega e si svela, \u00e8 un momento particolarmente alto di pathos, di suggestioni, di immaginazione circa il suo lavoro, la sua capacit\u00e0 manuale, la ricerca dei materiali, l&#8217;utilizzo finale, l&#8217;opera che si compie: ci porta davvero ad essere presenti in quel preciso momento, come se stessimo vis \u00e0 vis.<\/p>\n\n\n\n<p>La sensibilit\u00e0 di Camilla Marinoni nel trattare temi cos\u00ec delicati \u00e8 altissima, si percepisce la passione, l\u2019amore, la perfezione, la ricerca continua ed incessante e noi, possiamo solo ammirare le sue opere, che trasformano il nostro sentire e che ci fanno sentire, finalmente umani.<\/p>\n\n\n\n<p>Camilla Marinoni \/ Ricamare il vuoto<\/p>\n\n\n\n<p>A cura di Elisabetta Zerial<\/p>\n\n\n\n<p>Un progetto di Zerial Art Project Gallery <\/p>\n\n\n\n<p>mostra visibile on line dal 22 Gennaio al 25 Gennaio 2021 sul sito della Galleria Zerial Art Project<\/p>\n\n\n\n<p>Link htttps:\/\/www.zerialartproject.com\/camilla-marinoni-ricamare-il-vuoto<\/p>\n\n\n\n<p><\/p>\n","protected":false},"excerpt":{"rendered":"<p><span class=\"span-reading-time rt-reading-time\" style=\"display: block;\"><span class=\"rt-label rt-prefix\">\u23f0 lettura <\/span> <span class=\"rt-time\"> 3<\/span> <span class=\"rt-label rt-postfix\">min. <\/p>\n<p><\/span><\/span>Ho assistito all\u2019inaugurazione della mostra personale dell\u2019artista Camilla Marinoni on line, per i noti motivi che tutti noi conosciamo. Ho gi\u00e0 visto parecchie mostre presentate on line, solo alcune mi hanno colpito in modo particolare da spingermi a scrivere un articolo, una tra queste \u00e8 Ricamare il vuoto di Camilla Marinoni. Non conosco personalmente Camilla,&hellip;&nbsp;<a href=\"https:\/\/www.biancoscuro.it\/site\/camilla-marinoni-ricamare-il-vuoto\/\" rel=\"bookmark\">Leggi tutto &raquo;<span class=\"screen-reader-text\">Camilla Marinoni \/ Ricamare il vuoto<\/span><\/a><\/p>\n","protected":false},"author":1054,"featured_media":11451,"comment_status":"closed","ping_status":"closed","sticky":false,"template":"","format":"standard","meta":{"neve_meta_sidebar":"","neve_meta_container":"","neve_meta_enable_content_width":"","neve_meta_content_width":0,"neve_meta_title_alignment":"","neve_meta_author_avatar":"","neve_post_elements_order":"","neve_meta_disable_header":"","neve_meta_disable_footer":"","neve_meta_disable_title":"","advanced_seo_description":"","jetpack_seo_html_title":"","jetpack_seo_noindex":false,"footnotes":""},"categories":[470,5,8,334,24,7,9],"tags":[461],"class_list":["post-11450","post","type-post","status-publish","format-standard","has-post-thumbnail","hentry","category-art-magazine","category-arte","category-fotografia","category-installazioni","category-mostre","category-scultura","category-video","tag-arte-contemporanea"],"jetpack_featured_media_url":"https:\/\/www.biancoscuro.it\/site\/wp-content\/uploads\/2021\/01\/decanter-03.jpeg","jetpack_sharing_enabled":true,"jetpack-related-posts":[{"id":1083,"url":"https:\/\/www.biancoscuro.it\/site\/biancoscuro-rivista-darte-on-line\/","url_meta":{"origin":11450,"position":0},"title":"BIANCOSCURO rivista d&#8217;arte ora on-line!","author":"Redazione BIANCOSCURO","date":"2 Aprile 2014","format":false,"excerpt":"\u00c8 on-line il nuovo numero di Biancoscuro Rivista d'Arte. In questo numero:\u00a0Johannes Vermeer\u00a0Il mito della Golden Age,\u00a0Vassily Kandinsky La collezione del Centre Pompidou,\u00a0Van Gogh Alive\u00a0Un nuovo modo per ammirare l\u2019arte,\u00a0Camille Pissarro L\u2019anima dell\u2019Impressionismo,\u00a0Robert Doisneau Paris en libert\u00e9. Clicca qui sotto per vedere e sfogliare Biancoscuro\u00a0online! Iscriviti alla nostra\u00a0mailing list, clicca\u2026","rel":"","context":"In &quot;arte&quot;","block_context":{"text":"arte","link":"https:\/\/www.biancoscuro.it\/site\/category\/arte\/"},"img":{"alt_text":"maxtin2","src":"https:\/\/i0.wp.com\/www.biancoscuro.it\/site\/wp-content\/uploads\/2014\/03\/maxtin2-211x300.png?resize=350%2C200","width":350,"height":200},"classes":[]},{"id":1170,"url":"https:\/\/www.biancoscuro.it\/site\/pissarro-il-primo-degli-impressionisti\/","url_meta":{"origin":11450,"position":1},"title":"Pissarro: il primo degli Impressionisti","author":"Redazione BIANCOSCURO","date":"22 Aprile 2014","format":false,"excerpt":"Un grande evento dopo l\u2019altro alle Scuderie del Castello Visconteo; dopo i record di visitatori accorsi per ammirare le opere di Renoir e Monet, dal 21 febbraio al 2 giugno 2014 sar\u00e0 in scena un grande dell\u2019Impressionismo: Camille Pissarro. Continua la collaborazione tra i Comune di Pavia e Alef -\u2026","rel":"","context":"In &quot;arte&quot;","block_context":{"text":"arte","link":"https:\/\/www.biancoscuro.it\/site\/category\/arte\/"},"img":{"alt_text":"Camille Pissarro Place du Theatre Francais , 1898 olio su tela 73 x 92 cm. National Museum of Belgrade","src":"https:\/\/i0.wp.com\/www.biancoscuro.it\/site\/wp-content\/uploads\/2014\/04\/pissarro.jpg?resize=350%2C200","width":350,"height":200},"classes":[]},{"id":15305,"url":"https:\/\/www.biancoscuro.it\/site\/doubleface-teppa-elle\/","url_meta":{"origin":11450,"position":2},"title":"DOUBLEFACE &#8211; Teppa Elle","author":"Camilla Salvi","date":"13 Dicembre 2022","format":false,"excerpt":"Dal\u00a014 dicembre al 31 marzo\u00a0sar\u00e0 in mostra, negli spazi dello\u00a0Studio Legale Fair Legals,D O U B L E F A C E, la prima personale dell\u2019artista Teppa Elle. Un progetto a cura di Camilla Salvi, che intende affrontare il tema portante della ricerca dell\u2019artista, il doppio, inquadrandolo sia nella sua\u2026","rel":"","context":"In &quot;arte&quot;","block_context":{"text":"arte","link":"https:\/\/www.biancoscuro.it\/site\/category\/arte\/"},"img":{"alt_text":"","src":"https:\/\/i0.wp.com\/www.biancoscuro.it\/site\/wp-content\/uploads\/2022\/12\/DOUBLEFACE-Teppa-Elle2.jpg?resize=350%2C200&ssl=1","width":350,"height":200,"srcset":"https:\/\/i0.wp.com\/www.biancoscuro.it\/site\/wp-content\/uploads\/2022\/12\/DOUBLEFACE-Teppa-Elle2.jpg?resize=350%2C200&ssl=1 1x, https:\/\/i0.wp.com\/www.biancoscuro.it\/site\/wp-content\/uploads\/2022\/12\/DOUBLEFACE-Teppa-Elle2.jpg?resize=525%2C300&ssl=1 1.5x, https:\/\/i0.wp.com\/www.biancoscuro.it\/site\/wp-content\/uploads\/2022\/12\/DOUBLEFACE-Teppa-Elle2.jpg?resize=700%2C400&ssl=1 2x"},"classes":[]},{"id":3946,"url":"https:\/\/www.biancoscuro.it\/site\/un-imprecazione-cesellata-nel-diamante-tutta-italiana-la-scapigliatura\/","url_meta":{"origin":11450,"position":3},"title":"Un\u2019 imprecazione cesellata nel diamante, tutta italiana: la Scapigliatura","author":"Mario Gambatesa","date":"17 Maggio 2016","format":false,"excerpt":"L\u2019omaggio pavese a Tranquillo Cremona e all\u2019Ottocento italiano La citt\u00e0 di Pavia, continua il suo programma espositivo dedicato alle correnti artistiche dell\u2019Ottocento, con la mostra \u201cTranquillo Cremona e la Scapigliatura\u201d, aperta al\u00a0 pubblico dal 26 febbraio al 5 giugno 2016, presso le Scuderie del magnifico Castello Visconteo. Preceduta dall\u2019omaggio alla\u2026","rel":"","context":"In &quot;arte&quot;","block_context":{"text":"arte","link":"https:\/\/www.biancoscuro.it\/site\/category\/arte\/"},"img":{"alt_text":"Tranquillo Cremona Ritratto di Benedetto Junck 1874 circa, olio su tela, 83x58 cm. GAM, Galleria Civica d\u2019Arte Moderna e Contemporanea, Torino","src":"https:\/\/i0.wp.com\/www.biancoscuro.it\/site\/wp-content\/uploads\/2016\/05\/1-2.jpg?resize=350%2C200&ssl=1","width":350,"height":200,"srcset":"https:\/\/i0.wp.com\/www.biancoscuro.it\/site\/wp-content\/uploads\/2016\/05\/1-2.jpg?resize=350%2C200&ssl=1 1x, https:\/\/i0.wp.com\/www.biancoscuro.it\/site\/wp-content\/uploads\/2016\/05\/1-2.jpg?resize=525%2C300&ssl=1 1.5x, https:\/\/i0.wp.com\/www.biancoscuro.it\/site\/wp-content\/uploads\/2016\/05\/1-2.jpg?resize=700%2C400&ssl=1 2x"},"classes":[]},{"id":11313,"url":"https:\/\/www.biancoscuro.it\/site\/libri-darte-per-bambini-in-missione-con-giambattista-tiepolo\/","url_meta":{"origin":11450,"position":4},"title":"IN MISSIONE CON&#8230; Giambattista Tiepolo","author":"Chiara","date":"27 Novembre 2020","format":false,"excerpt":"Libri d'arte per bambini IN MISSIONE CON\u2026 Giambattista Tiepolo Chi era Giambattista Tiepolo? Chi sono i personaggi ritratti nei suoi dipinti e affreschi?\u00a0Attraverso un linguaggio adatto ai pi\u00f9 piccoli, il libro In missione con...Giambattista Tiepolo, pubblicato da Edizioni Gallerie d'Italia|Skira in occasione della grande mostra a Milano dedicata al Maestro\u2026","rel":"","context":"In &quot;arte&quot;","block_context":{"text":"arte","link":"https:\/\/www.biancoscuro.it\/site\/category\/arte\/"},"img":{"alt_text":"","src":"https:\/\/i0.wp.com\/www.biancoscuro.it\/site\/wp-content\/uploads\/2020\/11\/Tiepolo-Kids-web.jpg?resize=350%2C200&ssl=1","width":350,"height":200,"srcset":"https:\/\/i0.wp.com\/www.biancoscuro.it\/site\/wp-content\/uploads\/2020\/11\/Tiepolo-Kids-web.jpg?resize=350%2C200&ssl=1 1x, https:\/\/i0.wp.com\/www.biancoscuro.it\/site\/wp-content\/uploads\/2020\/11\/Tiepolo-Kids-web.jpg?resize=525%2C300&ssl=1 1.5x, https:\/\/i0.wp.com\/www.biancoscuro.it\/site\/wp-content\/uploads\/2020\/11\/Tiepolo-Kids-web.jpg?resize=700%2C400&ssl=1 2x, https:\/\/i0.wp.com\/www.biancoscuro.it\/site\/wp-content\/uploads\/2020\/11\/Tiepolo-Kids-web.jpg?resize=1050%2C600&ssl=1 3x"},"classes":[]},{"id":11300,"url":"https:\/\/www.biancoscuro.it\/site\/capolavori-divisionisti-on-line-tour-virtuale-della-grande-mostra-a-novara-in-attesa-della-riapertura\/","url_meta":{"origin":11450,"position":5},"title":"Capolavori divisionisti on line","author":"Chiara","date":"25 Novembre 2020","format":false,"excerpt":"Tour virtuale della grande mostra a Novara in attesa della riapertura Attendendo la riapertura al pubblico delle mostre e dei musei in tutta Italia, sono diversi gli eventi espositivi attualmente fruibili sul web. E' il caso della grande mostra dedicata al Divisionismo italiano DIVISIONISMO La rivoluzione della luce REWIND al\u2026","rel":"","context":"In &quot;arte&quot;","block_context":{"text":"arte","link":"https:\/\/www.biancoscuro.it\/site\/category\/arte\/"},"img":{"alt_text":"","src":"https:\/\/i0.wp.com\/www.biancoscuro.it\/site\/wp-content\/uploads\/2020\/11\/DIVISIONISMO-27-Quinsac.jpg?resize=350%2C200&ssl=1","width":350,"height":200,"srcset":"https:\/\/i0.wp.com\/www.biancoscuro.it\/site\/wp-content\/uploads\/2020\/11\/DIVISIONISMO-27-Quinsac.jpg?resize=350%2C200&ssl=1 1x, https:\/\/i0.wp.com\/www.biancoscuro.it\/site\/wp-content\/uploads\/2020\/11\/DIVISIONISMO-27-Quinsac.jpg?resize=525%2C300&ssl=1 1.5x, https:\/\/i0.wp.com\/www.biancoscuro.it\/site\/wp-content\/uploads\/2020\/11\/DIVISIONISMO-27-Quinsac.jpg?resize=700%2C400&ssl=1 2x, https:\/\/i0.wp.com\/www.biancoscuro.it\/site\/wp-content\/uploads\/2020\/11\/DIVISIONISMO-27-Quinsac.jpg?resize=1050%2C600&ssl=1 3x, https:\/\/i0.wp.com\/www.biancoscuro.it\/site\/wp-content\/uploads\/2020\/11\/DIVISIONISMO-27-Quinsac.jpg?resize=1400%2C800&ssl=1 4x"},"classes":[]}],"_links":{"self":[{"href":"https:\/\/www.biancoscuro.it\/site\/wp-json\/wp\/v2\/posts\/11450","targetHints":{"allow":["GET"]}}],"collection":[{"href":"https:\/\/www.biancoscuro.it\/site\/wp-json\/wp\/v2\/posts"}],"about":[{"href":"https:\/\/www.biancoscuro.it\/site\/wp-json\/wp\/v2\/types\/post"}],"author":[{"embeddable":true,"href":"https:\/\/www.biancoscuro.it\/site\/wp-json\/wp\/v2\/users\/1054"}],"replies":[{"embeddable":true,"href":"https:\/\/www.biancoscuro.it\/site\/wp-json\/wp\/v2\/comments?post=11450"}],"version-history":[{"count":0,"href":"https:\/\/www.biancoscuro.it\/site\/wp-json\/wp\/v2\/posts\/11450\/revisions"}],"wp:featuredmedia":[{"embeddable":true,"href":"https:\/\/www.biancoscuro.it\/site\/wp-json\/wp\/v2\/media\/11451"}],"wp:attachment":[{"href":"https:\/\/www.biancoscuro.it\/site\/wp-json\/wp\/v2\/media?parent=11450"}],"wp:term":[{"taxonomy":"category","embeddable":true,"href":"https:\/\/www.biancoscuro.it\/site\/wp-json\/wp\/v2\/categories?post=11450"},{"taxonomy":"post_tag","embeddable":true,"href":"https:\/\/www.biancoscuro.it\/site\/wp-json\/wp\/v2\/tags?post=11450"}],"curies":[{"name":"wp","href":"https:\/\/api.w.org\/{rel}","templated":true}]}}