{"id":11472,"date":"2021-01-29T16:11:45","date_gmt":"2021-01-29T15:11:45","guid":{"rendered":"https:\/\/www.biancoscuro.it\/site\/?p=11472"},"modified":"2023-04-04T14:39:06","modified_gmt":"2023-04-04T13:39:06","slug":"biancoscuro-leditoriale-di-febbraio-marzo-21","status":"publish","type":"post","link":"https:\/\/www.biancoscuro.it\/site\/biancoscuro-leditoriale-di-febbraio-marzo-21\/","title":{"rendered":"BIANCOSCURO, l\u2019editoriale di febbraio\/marzo &#8217;21"},"content":{"rendered":"<span class=\"span-reading-time rt-reading-time\" style=\"display: block;\"><span class=\"rt-label rt-prefix\">\u23f0 lettura <\/span> <span class=\"rt-time\"> 2<\/span> <span class=\"rt-label rt-postfix\">min. <br><br><\/span><\/span>\n<p>Durante la pandemia molti settori sono stati fortemente penalizzati, sappiamo benissimo quali e non entro nel merito perch\u00e9 ci sarebbe da discuterne per giorni interi&#8230; Mi soffermer\u00f2 per\u00f2 su quanto di mia competenza, <strong>l\u2019arte e la cultura<\/strong>. Credo sia assurdo aprire i musei solo nei giorni feriali, questa parziale riapertura rischia di penalizzare ulteriormente il ruolo e la funzione sociale dei musei, mettendo a rischio la sostenibilit\u00e0 economica e finanziaria per molti di essi.<br \/><strong>Musei e istituzioni culturali non sono tutti uguali tra loro<\/strong>. L\u2019indice di contagio non pu\u00f2 pi\u00f9 essere l\u2019unico elemento a determinare la chiusura di questi luoghi, ovvio, voglio essere coerente con quanto \u00e8 sempre stato il mio pensiero e con quanto ho sempre detto, ovvero <strong>\u00e8 necessario che luoghi ad alta frequentazione siano limitati<\/strong>, ma sappiamo benissimo che in Italia, purtroppo, la frequentazione di molti luoghi di cultura non desta preoccupazioni riguardo gli assembramenti.<br \/>Le Direzioni dovrebbero essere coinvolte nella valutazione sulle riaperture di questi luoghi in relazione <strong>non soltanto all&#8217;indice del contagio, ma anche alla media annuale dei visitatori<\/strong>, in modo che possano essere fatte tutte le valutazioni necessarie affinch\u00e9 si possa mantenere vivo il legame con il proprio pubblico e con il proprio territorio.<\/p>\n\n\n\n<p>Mi faccio portavoce di \u201c<strong>AMACI &#8211; Associazione Musei D&#8217;arte Contemporanea Italiani\u201d <\/strong>ricordando che ha fatto appello al senso di responsabilit\u00e0 dei propri associati, chiamandoli a rispettare le norme per il mantenimento del contagio, <strong>ed i musei sono stati responsabili, attenti e rispettosi delle direttive<\/strong>. <strong>L\u2019associazione intende sottolineare che tali istituzioni culturali chiedono di continuare a fare la propria parte in relazione alle proprie specificit\u00e0<\/strong> e alla propria funzione, mettendoli nella condizione di esercitare, nelle forme e nei modi possibili, il proprio compito nei confronti della societ\u00e0, perch\u00e8 i musei non sono dei meri contenitori di opere d\u2019arte: sono centri di studio e punti di riferimento fondamentali per la comunit\u00e0. Queste realt\u00e0 sentono un forte senso di responsabilit\u00e0 e per questo chiedono che gli sia data voce e che il loro legame con la societ\u00e0 venga riconosciuto e non pi\u00f9 delegato alle sole modalit\u00e0 digitali.<br \/>La necessit\u00e0 che il Governo (ed in particolare il Ministro per i beni e le attivit\u00e0 culturali e per il turismo) riconsideri le norme vigenti per quanto riguarda i luoghi di cultura fa sicuramente sorridere i gestori di altre attivit\u00e0, chiuse anch\u2019esse, ma bisogna comprendere che l\u2019arte e la cultura non sono solo uno svago o un dovere del turista, dietro all\u2019organizzazione di un Museo o di una mostra in un Palazzo storico, ci sono persone che vivono e lavorano con l\u2019arte, proprio come il ristoratore vive e lavora col cibo.<br \/><strong>E si s\u00e0, con lo stomaco e l\u2019anima sazi, si vive meglio<\/strong><br \/><strong>Buona lettura<\/strong><\/p>\n\n\n\n<figure class=\"wp-block-image\"><img loading=\"lazy\" decoding=\"async\" width=\"300\" height=\"103\" src=\"http:\/\/www.biancoscuro.it\/site\/wp-content\/uploads\/2015\/10\/firmaVincenzoChettaDirettoreBiancoscuro-300x103.jpg\" alt=\"Vincenzo Chetta Direttore Biancoscuro\" class=\"wp-image-3226\" srcset=\"https:\/\/www.biancoscuro.it\/site\/wp-content\/uploads\/2015\/10\/firmaVincenzoChettaDirettoreBiancoscuro-300x103.jpg 300w, https:\/\/www.biancoscuro.it\/site\/wp-content\/uploads\/2015\/10\/firmaVincenzoChettaDirettoreBiancoscuro.jpg 500w\" sizes=\"auto, (max-width: 300px) 100vw, 300px\" \/><\/figure>\n\n\n\n<p>Vincenzo Chetta<br \/>Direttore<br \/><strong>BIANCOSCURO Art Magazine<\/strong><\/p>\n\n\n\n<hr class=\"wp-block-separator\"\/>\n\n\n\n<figure class=\"wp-block-image size-large\"><img loading=\"lazy\" decoding=\"async\" width=\"768\" height=\"1024\" src=\"https:\/\/www.biancoscuro.it\/site\/wp-content\/uploads\/2021\/01\/BRAeditoriale44-Nanda-Vigo.-Light-Project-Palazzo-Reale-Milano-2019-768x1024.jpg\" alt=\"Nanda-Vigo.-Light-Project-Palazzo-Reale-Milano-2019\" class=\"wp-image-11475\" srcset=\"https:\/\/www.biancoscuro.it\/site\/wp-content\/uploads\/2021\/01\/BRAeditoriale44-Nanda-Vigo.-Light-Project-Palazzo-Reale-Milano-2019-768x1024.jpg 768w, https:\/\/www.biancoscuro.it\/site\/wp-content\/uploads\/2021\/01\/BRAeditoriale44-Nanda-Vigo.-Light-Project-Palazzo-Reale-Milano-2019-225x300.jpg 225w, https:\/\/www.biancoscuro.it\/site\/wp-content\/uploads\/2021\/01\/BRAeditoriale44-Nanda-Vigo.-Light-Project-Palazzo-Reale-Milano-2019-600x800.jpg 600w, https:\/\/www.biancoscuro.it\/site\/wp-content\/uploads\/2021\/01\/BRAeditoriale44-Nanda-Vigo.-Light-Project-Palazzo-Reale-Milano-2019.jpg 999w\" sizes=\"auto, (max-width: 768px) 100vw, 768px\" \/><figcaption>Nanda Vigo &#8220;Light Project&#8221;  Palazzo Reale &#8211; Milano, 2019<\/figcaption><\/figure>\n","protected":false},"excerpt":{"rendered":"<p><span class=\"span-reading-time rt-reading-time\" style=\"display: block;\"><span class=\"rt-label rt-prefix\">\u23f0 lettura <\/span> <span class=\"rt-time\"> 2<\/span> <span class=\"rt-label rt-postfix\">min. <\/p>\n<p><\/span><\/span>Durante la pandemia molti settori sono stati fortemente penalizzati, sappiamo benissimo quali e non entro nel merito perch\u00e9 ci sarebbe da discuterne per giorni interi&#8230; Mi soffermer\u00f2 per\u00f2 su quanto di mia competenza, l\u2019arte e la cultura. Credo sia assurdo aprire i musei solo nei giorni feriali, questa parziale riapertura rischia di penalizzare ulteriormente il&hellip;&nbsp;<a href=\"https:\/\/www.biancoscuro.it\/site\/biancoscuro-leditoriale-di-febbraio-marzo-21\/\" rel=\"bookmark\">Leggi tutto &raquo;<span class=\"screen-reader-text\">BIANCOSCURO, l\u2019editoriale di febbraio\/marzo &#8217;21<\/span><\/a><\/p>\n","protected":false},"author":909,"featured_media":11474,"comment_status":"closed","ping_status":"closed","sticky":false,"template":"","format":"standard","meta":{"neve_meta_sidebar":"","neve_meta_container":"","neve_meta_enable_content_width":"","neve_meta_content_width":0,"neve_meta_title_alignment":"","neve_meta_author_avatar":"","neve_post_elements_order":"","neve_meta_disable_header":"","neve_meta_disable_footer":"","neve_meta_disable_title":"","advanced_seo_description":"","jetpack_seo_html_title":"","jetpack_seo_noindex":false,"footnotes":""},"categories":[470,5,469,15],"tags":[39,185,583,408],"class_list":["post-11472","post","type-post","status-publish","format-standard","has-post-thumbnail","hentry","category-art-magazine","category-arte","category-editoriale","category-rivista-darte","tag-biancoscuro","tag-biancoscuro-art-magazine","tag-editoriale","tag-vincenzo-chetta"],"jetpack_featured_media_url":"https:\/\/www.biancoscuro.it\/site\/wp-content\/uploads\/2021\/01\/BRAeditoriale44-333.jpg","jetpack_sharing_enabled":true,"jetpack-related-posts":[{"id":10080,"url":"https:\/\/www.biancoscuro.it\/site\/biancoscuro-leditoriale-di-dicembre-2019-gennaio-2020\/","url_meta":{"origin":11472,"position":0},"title":"BIANCOSCURO, l\u2019editoriale di dicembre 2019 &#8211; gennaio 2020","author":"Vincenzo Chetta","date":"2 Dicembre 2019","format":false,"excerpt":"Anche questo 2019 sta finendo e, come di consueto nello scrivere l\u2019ultimo numero dell\u2019anno, volgiamo uno sguardo indietro per gettare le basi per il nuovo anno che arriver\u00e0. Non voglio essere banale o retorico, ma non posso esimermi dal pensare ai fatti di novembre, un mese terribile per l\u2019Italia per\u2026","rel":"","context":"In &quot;art magazine&quot;","block_context":{"text":"art magazine","link":"https:\/\/www.biancoscuro.it\/site\/category\/art-magazine\/"},"img":{"alt_text":"","src":"https:\/\/i0.wp.com\/www.biancoscuro.it\/site\/wp-content\/uploads\/2019\/12\/Piazza-San-Marco-Venezia-900.jpg?resize=350%2C200&ssl=1","width":350,"height":200,"srcset":"https:\/\/i0.wp.com\/www.biancoscuro.it\/site\/wp-content\/uploads\/2019\/12\/Piazza-San-Marco-Venezia-900.jpg?resize=350%2C200&ssl=1 1x, https:\/\/i0.wp.com\/www.biancoscuro.it\/site\/wp-content\/uploads\/2019\/12\/Piazza-San-Marco-Venezia-900.jpg?resize=525%2C300&ssl=1 1.5x, https:\/\/i0.wp.com\/www.biancoscuro.it\/site\/wp-content\/uploads\/2019\/12\/Piazza-San-Marco-Venezia-900.jpg?resize=700%2C400&ssl=1 2x"},"classes":[]},{"id":9731,"url":"https:\/\/www.biancoscuro.it\/site\/biancoscuro-leditoriale-di-ottobre-novembre-19\/","url_meta":{"origin":11472,"position":1},"title":"BIANCOSCURO, l\u2019editoriale di ottobre-novembre \u201919","author":"Vincenzo Chetta","date":"29 Settembre 2019","format":false,"excerpt":"BIANCOSCURO Art Contest - 21 settembre 2019Cerimonia di premiazione a Monte-Carlo (Monaco) Ph. Enrico Mangano Monte-Carlo, domenica 22 settembre.Si \u00e8 appena conclusa la Cerimonia di Premiazione del BIANCOSCURO Art Contest 2019, tutta la rivista \u00e8 pronta, mancano solo il mio editoriale e qualche immagine dell\u2019evento per poter dare l\u2019ok alla\u2026","rel":"","context":"In &quot;art magazine&quot;","block_context":{"text":"art magazine","link":"https:\/\/www.biancoscuro.it\/site\/category\/art-magazine\/"},"img":{"alt_text":"BIANCOSCURO Art Contest 21 settembre 2019 Cerimonia di premiazione a Monte-Carlo (Monaco) Ph. Enrico Mangano","src":"https:\/\/i0.wp.com\/www.biancoscuro.it\/site\/wp-content\/uploads\/2019\/09\/Vincenzo-Chetta-Monte-Carlo2.jpg?resize=350%2C200&ssl=1","width":350,"height":200,"srcset":"https:\/\/i0.wp.com\/www.biancoscuro.it\/site\/wp-content\/uploads\/2019\/09\/Vincenzo-Chetta-Monte-Carlo2.jpg?resize=350%2C200&ssl=1 1x, https:\/\/i0.wp.com\/www.biancoscuro.it\/site\/wp-content\/uploads\/2019\/09\/Vincenzo-Chetta-Monte-Carlo2.jpg?resize=525%2C300&ssl=1 1.5x, https:\/\/i0.wp.com\/www.biancoscuro.it\/site\/wp-content\/uploads\/2019\/09\/Vincenzo-Chetta-Monte-Carlo2.jpg?resize=700%2C400&ssl=1 2x"},"classes":[]},{"id":4892,"url":"https:\/\/www.biancoscuro.it\/site\/biancoscuro-art-magazine-line-numero-20\/","url_meta":{"origin":11472,"position":2},"title":"BIANCOSCURO Art Magazine! On-line il nuovo numero #20","author":"Redazione BIANCOSCURO","date":"1 Febbraio 2017","format":false,"excerpt":"\"BIANCOSCURO\u00a0Rivista d'Arte\", sfoglia qui \u00a0sotto l'anteprima di BIANCOSCURO Art Magazine\u00a0#20 (febbraio-marzo 2017) o\u00a0scarica la versione integrale.\u00a0Iscriviti\u00a0alla nostra\u00a0mailing list\u00a0per essere costantemente aggiornato sui nostri eventi e sulle nostre attivit\u00e0:\u00a0inserisci\u00a0nome,\u00a0cognome\u00a0ed\u00a0e-mail\u00a0nei campi qui a destra per ricevere gratuitamente nella tua casella email. Ordina\u00a0su\u00a0artshop.biancoscuro.it Se vuoi puoi abbonarti alla versione\u00a0cartacea\u00a0cliccando sull'immagine qui sotto! Vuoi\u2026","rel":"","context":"In &quot;art magazine&quot;","block_context":{"text":"art magazine","link":"https:\/\/www.biancoscuro.it\/site\/category\/art-magazine\/"},"img":{"alt_text":"","src":"https:\/\/i0.wp.com\/www.biancoscuro.it\/site\/wp-content\/uploads\/2014\/03\/BAM_issue19_900px.jpg?resize=350%2C200","width":350,"height":200,"srcset":"https:\/\/i0.wp.com\/www.biancoscuro.it\/site\/wp-content\/uploads\/2014\/03\/BAM_issue19_900px.jpg?resize=350%2C200 1x, https:\/\/i0.wp.com\/www.biancoscuro.it\/site\/wp-content\/uploads\/2014\/03\/BAM_issue19_900px.jpg?resize=525%2C300 1.5x, https:\/\/i0.wp.com\/www.biancoscuro.it\/site\/wp-content\/uploads\/2014\/03\/BAM_issue19_900px.jpg?resize=700%2C400 2x"},"classes":[]},{"id":4032,"url":"https:\/\/www.biancoscuro.it\/site\/biancoscuro-leditoriale-giugno-luglio-2016\/","url_meta":{"origin":11472,"position":3},"title":"BIANCOSCURO, l\u2019editoriale di giugno-luglio 2016","author":"Vincenzo Chetta","date":"1 Giugno 2016","format":false,"excerpt":"Con l\u2019estate alle porte, cerchiamo di toglierci di dosso la paura terroristica che ormai dilaga, e cerchiamo di rifocalizzare la mente sui prossimi impegni artistici che ci vedranno nuovamente in giro per l\u2019Europa. Primo grande appuntamento della stagione estiva \u00e8 il Loop Fair di Barcellona, in Spagna, prima fiera in\u2026","rel":"","context":"In &quot;art magazine&quot;","block_context":{"text":"art magazine","link":"https:\/\/www.biancoscuro.it\/site\/category\/art-magazine\/"},"img":{"alt_text":"","src":"https:\/\/i0.wp.com\/www.biancoscuro.it\/site\/wp-content\/uploads\/2016\/06\/KEV_8221.jpg?resize=350%2C200&ssl=1","width":350,"height":200,"srcset":"https:\/\/i0.wp.com\/www.biancoscuro.it\/site\/wp-content\/uploads\/2016\/06\/KEV_8221.jpg?resize=350%2C200&ssl=1 1x, https:\/\/i0.wp.com\/www.biancoscuro.it\/site\/wp-content\/uploads\/2016\/06\/KEV_8221.jpg?resize=525%2C300&ssl=1 1.5x, https:\/\/i0.wp.com\/www.biancoscuro.it\/site\/wp-content\/uploads\/2016\/06\/KEV_8221.jpg?resize=700%2C400&ssl=1 2x"},"classes":[]},{"id":3555,"url":"https:\/\/www.biancoscuro.it\/site\/biancoscuro-leditoriale-di-febbraio-ma-2015\/","url_meta":{"origin":11472,"position":4},"title":"BIANCOSCURO, L&#8217;editoriale di febbraio-marzo 2016","author":"Vincenzo Chetta","date":"1 Febbraio 2016","format":false,"excerpt":"Questo 2016 \u00e8 iniziato con i migliori auspici, tante nuove iniziative artistiche che promettono bene, per sopperire a quella mancanza di \u201coriginale modernit\u00e0\u201d che dovrebbe essere ormai la base per il rinnovamento delle formule pi\u00f9 consolidate, ma che rischiano di cadere, non tanto nel banale, quanto nel noioso. Se \u00e8\u2026","rel":"","context":"In &quot;art magazine&quot;","block_context":{"text":"art magazine","link":"https:\/\/www.biancoscuro.it\/site\/category\/art-magazine\/"},"img":{"alt_text":"\/\/\/ Berlin Art Week 2015 3 piani d\u2019Arte, dipinti, sculture, installazioni e videoinstallazioni","src":"https:\/\/i0.wp.com\/www.biancoscuro.it\/site\/wp-content\/uploads\/2016\/02\/aKEV_8252.jpg?resize=350%2C200&ssl=1","width":350,"height":200,"srcset":"https:\/\/i0.wp.com\/www.biancoscuro.it\/site\/wp-content\/uploads\/2016\/02\/aKEV_8252.jpg?resize=350%2C200&ssl=1 1x, https:\/\/i0.wp.com\/www.biancoscuro.it\/site\/wp-content\/uploads\/2016\/02\/aKEV_8252.jpg?resize=525%2C300&ssl=1 1.5x, https:\/\/i0.wp.com\/www.biancoscuro.it\/site\/wp-content\/uploads\/2016\/02\/aKEV_8252.jpg?resize=700%2C400&ssl=1 2x"},"classes":[]},{"id":4521,"url":"https:\/\/www.biancoscuro.it\/site\/biancoscuro-leditoriale-di-ottobre-novembre-2016\/","url_meta":{"origin":11472,"position":5},"title":"BIANCOSCURO, l\u2019editoriale di ottobre-novembre 2016","author":"Vincenzo Chetta","date":"1 Ottobre 2016","format":false,"excerpt":"Sono gi\u00e0 stato ospite di Berlino molte volte, ma ogni volta \u00e8 come se fosse la prima, ed ogni volta riprendere l\u2019aereo per tornare in Italia \u00e8 un grande dispiacere. Il fermento che si vive l\u00ec \u00e8 unico, una Berlin Art Week all\u2019anno non basta, bisognerebbe essere completamente liberi dagli\u2026","rel":"","context":"In &quot;art magazine&quot;","block_context":{"text":"art magazine","link":"https:\/\/www.biancoscuro.it\/site\/category\/art-magazine\/"},"img":{"alt_text":"","src":"https:\/\/i0.wp.com\/www.biancoscuro.it\/site\/wp-content\/uploads\/2016\/10\/HUMBOLDTforum.jpg?resize=350%2C200&ssl=1","width":350,"height":200,"srcset":"https:\/\/i0.wp.com\/www.biancoscuro.it\/site\/wp-content\/uploads\/2016\/10\/HUMBOLDTforum.jpg?resize=350%2C200&ssl=1 1x, https:\/\/i0.wp.com\/www.biancoscuro.it\/site\/wp-content\/uploads\/2016\/10\/HUMBOLDTforum.jpg?resize=525%2C300&ssl=1 1.5x, https:\/\/i0.wp.com\/www.biancoscuro.it\/site\/wp-content\/uploads\/2016\/10\/HUMBOLDTforum.jpg?resize=700%2C400&ssl=1 2x"},"classes":[]}],"_links":{"self":[{"href":"https:\/\/www.biancoscuro.it\/site\/wp-json\/wp\/v2\/posts\/11472","targetHints":{"allow":["GET"]}}],"collection":[{"href":"https:\/\/www.biancoscuro.it\/site\/wp-json\/wp\/v2\/posts"}],"about":[{"href":"https:\/\/www.biancoscuro.it\/site\/wp-json\/wp\/v2\/types\/post"}],"author":[{"embeddable":true,"href":"https:\/\/www.biancoscuro.it\/site\/wp-json\/wp\/v2\/users\/909"}],"replies":[{"embeddable":true,"href":"https:\/\/www.biancoscuro.it\/site\/wp-json\/wp\/v2\/comments?post=11472"}],"version-history":[{"count":0,"href":"https:\/\/www.biancoscuro.it\/site\/wp-json\/wp\/v2\/posts\/11472\/revisions"}],"wp:featuredmedia":[{"embeddable":true,"href":"https:\/\/www.biancoscuro.it\/site\/wp-json\/wp\/v2\/media\/11474"}],"wp:attachment":[{"href":"https:\/\/www.biancoscuro.it\/site\/wp-json\/wp\/v2\/media?parent=11472"}],"wp:term":[{"taxonomy":"category","embeddable":true,"href":"https:\/\/www.biancoscuro.it\/site\/wp-json\/wp\/v2\/categories?post=11472"},{"taxonomy":"post_tag","embeddable":true,"href":"https:\/\/www.biancoscuro.it\/site\/wp-json\/wp\/v2\/tags?post=11472"}],"curies":[{"name":"wp","href":"https:\/\/api.w.org\/{rel}","templated":true}]}}