{"id":11521,"date":"2021-02-05T13:31:00","date_gmt":"2021-02-05T12:31:00","guid":{"rendered":"https:\/\/www.biancoscuro.it\/site\/?p=11521"},"modified":"2021-02-12T16:33:58","modified_gmt":"2021-02-12T15:33:58","slug":"oscar-damiani-la-sua-collezione-in-rosso","status":"publish","type":"post","link":"https:\/\/www.biancoscuro.it\/site\/oscar-damiani-la-sua-collezione-in-rosso\/","title":{"rendered":"Oscar Damiani | La sua Collezione, in rosso"},"content":{"rendered":"<span class=\"span-reading-time rt-reading-time\" style=\"display: block;\"><span class=\"rt-label rt-prefix\">\u23f0 lettura <\/span> <span class=\"rt-time\"> 6<\/span> <span class=\"rt-label rt-postfix\">min. <br><br><\/span><\/span>\n<figure class=\"wp-block-image size-large\"><img loading=\"lazy\" decoding=\"async\" width=\"999\" height=\"834\" src=\"https:\/\/www.biancoscuro.it\/site\/wp-content\/uploads\/2021\/02\/11_Oscar-Damiani_Arte-nel-pallone.jpg\" alt=\"\" class=\"wp-image-11530\" srcset=\"https:\/\/www.biancoscuro.it\/site\/wp-content\/uploads\/2021\/02\/11_Oscar-Damiani_Arte-nel-pallone.jpg 999w, https:\/\/www.biancoscuro.it\/site\/wp-content\/uploads\/2021\/02\/11_Oscar-Damiani_Arte-nel-pallone-300x250.jpg 300w, https:\/\/www.biancoscuro.it\/site\/wp-content\/uploads\/2021\/02\/11_Oscar-Damiani_Arte-nel-pallone-768x641.jpg 768w, https:\/\/www.biancoscuro.it\/site\/wp-content\/uploads\/2021\/02\/11_Oscar-Damiani_Arte-nel-pallone-600x501.jpg 600w\" sizes=\"auto, (max-width: 999px) 100vw, 999px\" \/><figcaption><em>Ben Vautier \u201cL\u2019art est rouge\u201d, 2010, acrilico su tela, 53,5&#215;65 cm. <br \/>Collezione Oscar Giuseppe Damiani. Ph.Alessio e Stefano Gilardi<\/em><\/figcaption><\/figure>\n\n\n\n<hr class=\"wp-block-separator\"\/>\n\n\n\n<p><strong>Giuseppe Damiani<\/strong>, detto <strong>Oscar<\/strong>, da calciatore era invece <strong>soprannominato Flipper<\/strong> per le sue movenze rapide ed intelligenti. \u00c8 stato attaccante di Milan, Inter, Napoli, Lazio, Genoa, Parma e Vicenza; ha segnato 71 reti in Serie A e 30 in Serie B, vincendo uno scudetto con la Juventus (nel \u201874-\u201975) ed il titolo di capocannoniere di Serie B (78-\u201979). Dopo il ritiro, Damiani ha intrapreso la carriera di procuratore sportivo, ma ha anche portato avanti un\u2019altra sua passione: quella per l\u2019arte. Recentemente <strong>Chimera Editore ha pubblicato il suo volume <em>\u201cL\u2019arte nel pallone\u201d<\/em>, a cura di Angela Faravelli<\/strong>, che nasce dalla volont\u00e0 di raccontare e condividere la sua storia utilizzando come chiave di lettura le due grandi passioni che hanno caratterizzato e percorso tutta la sua vita. Abbiamo avuto il piacere di conoscerlo e fargli qualche domanda.<\/p>\n\n\n\n<figure class=\"wp-block-image size-large\"><img loading=\"lazy\" decoding=\"async\" width=\"999\" height=\"907\" src=\"https:\/\/www.biancoscuro.it\/site\/wp-content\/uploads\/2021\/02\/09_Oscar-Damiani_Arte-nel-pallone.jpg\" alt=\"\" class=\"wp-image-11529\" srcset=\"https:\/\/www.biancoscuro.it\/site\/wp-content\/uploads\/2021\/02\/09_Oscar-Damiani_Arte-nel-pallone.jpg 999w, https:\/\/www.biancoscuro.it\/site\/wp-content\/uploads\/2021\/02\/09_Oscar-Damiani_Arte-nel-pallone-300x272.jpg 300w, https:\/\/www.biancoscuro.it\/site\/wp-content\/uploads\/2021\/02\/09_Oscar-Damiani_Arte-nel-pallone-768x697.jpg 768w, https:\/\/www.biancoscuro.it\/site\/wp-content\/uploads\/2021\/02\/09_Oscar-Damiani_Arte-nel-pallone-600x545.jpg 600w\" sizes=\"auto, (max-width: 999px) 100vw, 999px\" \/><figcaption><em><br \/>Maurizio Savini \u201cSenza titolo\u201d, 2015, chewing gum, \u00f8 25 cm. <\/em><br \/><em>Collezione Oscar Giuseppe Damiani. Ph.Alessio e Stefano Gilardi<\/em><\/figcaption><\/figure>\n\n\n\n<hr class=\"wp-block-separator\"\/>\n\n\n\n<p><strong>Vincenzo Chetta: <\/strong>Buongiorno Oscar, benvenuto sulle pagine di <strong>BIANCOSCURO<\/strong>. Ci racconti, come \u00e8 nata la sua passione per il collezionismo?<br \/><strong><em>Oscar Damiani: <\/em><\/strong><em>Il mio primo approccio con il mondo dell\u2019arte \u00e8 avvenuto quando ero piuttosto giovane, era il 1969 e avevo 19 anni, mi ero da poco trasferito a Vicenza per iniziare finalmente a giocare in una squadra di Serie A, dopo l\u2019esperienza biennale nei ragazzi dell\u2019Inter a Milano. Tutto \u00e8 stato tanto naturale quanto casuale: dopo le sessioni di allenamento, durante il resto della giornata, noi calciatori avevamo molto tempo libero, facevamo dei giri nel centro della citt\u00e0 e sono stato subito incuriosito, quasi <\/em><strong><em>catturato, dalle vetrine delle gallerie d\u2019arte moderna e contemporanea<\/em><\/strong><em>. Non avevo nessuna cultura in materia ma la passione mi guidava, \u00e8 avvenuto tutto in maniera molto disinvolta e in poco tempo ho iniziato a frequentare questo ambiente e ad avere amici con i quali confrontarmi e discutere su ci\u00f2 che osservavo nelle esposizioni temporanee di cui aspettavo con impazienza il vernissage.<\/em><\/p>\n\n\n\n<figure class=\"wp-block-image size-large\"><img loading=\"lazy\" decoding=\"async\" width=\"999\" height=\"352\" src=\"https:\/\/www.biancoscuro.it\/site\/wp-content\/uploads\/2021\/02\/12_Oscar-Damiani_Arte-nel-pallone.jpg\" alt=\"\" class=\"wp-image-11531\" srcset=\"https:\/\/www.biancoscuro.it\/site\/wp-content\/uploads\/2021\/02\/12_Oscar-Damiani_Arte-nel-pallone.jpg 999w, https:\/\/www.biancoscuro.it\/site\/wp-content\/uploads\/2021\/02\/12_Oscar-Damiani_Arte-nel-pallone-300x106.jpg 300w, https:\/\/www.biancoscuro.it\/site\/wp-content\/uploads\/2021\/02\/12_Oscar-Damiani_Arte-nel-pallone-768x271.jpg 768w, https:\/\/www.biancoscuro.it\/site\/wp-content\/uploads\/2021\/02\/12_Oscar-Damiani_Arte-nel-pallone-600x211.jpg 600w\" sizes=\"auto, (max-width: 999px) 100vw, 999px\" \/><figcaption><em>Fabrizio Dusi &#8220;Bla Bla Bla&#8221;, 2018, neon rosso, 35&#215;150 cm.<br \/>Collezione Oscar Giuseppe Damiani. Ph. Alessio e Stefano Gilardi, Lecco<\/em><\/figcaption><\/figure>\n\n\n\n<hr class=\"wp-block-separator\"\/>\n\n\n\n<p><strong>V.C.: <\/strong>Come potrebbe collocare il suo essere collezionista? <em>\u201cFreddo investimento\u201d <\/em>o <em>\u201cpuro amore per l\u2019arte\u201d <\/em>?<br \/><strong><em>O.D.: <\/em><\/strong><em>Non ho mai comprato un\u2019opera pensando di poterla rivendere. Il 90% delle opere che ho acquistato negli anni ad oggi le possiedo ancora quasi tutte.&nbsp;<\/em><br \/><em>Dunque<\/em><strong><em> la mia \u00e8 una collezione fatta con il cuore<\/em><\/strong><em>: per comprare un\u2019opera per me \u00e8 necessario avere un colpo di fulmine immediato, \u00e8 una questione energetica dove, a partire dalla vista, si attivano tutti gli altri sensi, fino a provocare in me un\u2019emozione unica.<\/em><\/p>\n\n\n\n<p><strong>V.C.: <\/strong>Una peculiarit\u00e0 della sua Collezione \u00e8 quella di essere declinata al colore rosso, come mai colleziona solo opere di questo colore?<br \/><strong><em>O.D.: <\/em><\/strong><em>Senza averne pienamente coscienza, un giorno mi sono accorto di aver dato corpo ad una raccolta di opere prevalentemente rosse, una palette ricca di tonalit\u00e0 e sfumature diverse in cui il colore poteva essere evocato nella sua totalit\u00e0 o solamente da un dettaglio oppure, ancora, nel titolo. Una <\/em><strong><em>\u201csinfonia in rosso\u201d <\/em><\/strong><em>che silenziosamente aveva preso piede nella mia vita. Avevo collezionato da monocromi (come i quadri di Rodolfo <\/em><strong><em>Aric\u00f2<\/em><\/strong><em> e Antonio <\/em><strong><em>Scaccabarozzi<\/em><\/strong><em>) dove il colore rosso appare in tutta la sua evidenza, a lavori pi\u00f9 concettuali (due esempi emblematici sono i neon di Joseph <\/em><strong><em>Kosuth <\/em><\/strong><em>e Maurizio <\/em><strong><em>Nannucci<\/em><\/strong><em>) in cui il riferimento oltre che visivo \u00e8 anche semantico, da forme in cui prevale la matericit\u00e0 del pigmento (evidenza sviluppata in maniera diversa da Pino <\/em><strong><em>Pinelli<\/em><\/strong><em> e Jason <\/em><strong><em>Martin<\/em><\/strong><em>) che conferisce enfasi all\u2019essenza della sostanza, ad altre in cui lo sguardo pu\u00f2 sperimentare le infinite potenzialit\u00e0 dell\u2019aspetto ottico-cinetico (caratteristica comune dei fondatori del <\/em><strong><em>Gruppo N<\/em><\/strong><em> di Padova Alberto <\/em><strong><em>Biasi<\/em><\/strong><em> e Toni <\/em><strong><em>Costa<\/em><\/strong><em>) perdendosi letteralmente nelle pieghe dell\u2019opera.<\/em><\/p>\n\n\n\n<p><strong>V.C.: <\/strong>So che tra i suoi autori pi\u00f9 amati figura anche Anselm Kiefer, (di cui per\u00f2 l\u2019opera che possiede, non \u00e8 rossa), ce ne pu\u00f2 parlare?<br \/><strong><em>O.D.: <\/em><\/strong><em>Nel 2006 la gallerista <\/em><strong><em>Lia Rumma<\/em><\/strong><em> mi aveva invitato al vernissage partenopeo della personale dell\u2019artista tedesco, \u201cOdi navali\u201d; una volta entrato nella galleria sono stato travolto dalla grandezza sia dimensionale che narrativa delle opere: vi erano un\u2019infinit\u00e0 di riferimenti, citazioni e rimandi, evocati da molteplici media artistici, <\/em><strong><em>ogni opera custodiva un racconto<\/em><\/strong><em> e ogni racconto, nell\u2019insieme della mostra, dava vita ad una storia tanto poetica quanto riflessiva. Rimasi folgorato ed ebbi anche l\u2019occasione e l\u2019onore di poter conoscere personalmente e conversare, grazie al mio francese, con<\/em><strong><em> Anselm Kiefer<\/em><\/strong><em>.<\/em><\/p>\n\n\n\n<figure class=\"wp-block-image size-large\"><img loading=\"lazy\" decoding=\"async\" width=\"999\" height=\"749\" src=\"https:\/\/www.biancoscuro.it\/site\/wp-content\/uploads\/2021\/02\/20210205_113131-LOW1.jpg\" alt=\"\" class=\"wp-image-11524\" srcset=\"https:\/\/www.biancoscuro.it\/site\/wp-content\/uploads\/2021\/02\/20210205_113131-LOW1.jpg 999w, https:\/\/www.biancoscuro.it\/site\/wp-content\/uploads\/2021\/02\/20210205_113131-LOW1-300x225.jpg 300w, https:\/\/www.biancoscuro.it\/site\/wp-content\/uploads\/2021\/02\/20210205_113131-LOW1-768x576.jpg 768w, https:\/\/www.biancoscuro.it\/site\/wp-content\/uploads\/2021\/02\/20210205_113131-LOW1-600x450.jpg 600w\" sizes=\"auto, (max-width: 999px) 100vw, 999px\" \/><figcaption><em>Oscar Damiani con Vincenzo Chetta, direttore di BIANCOSCURO, sullo sfondo l&#8217;opera di Anselm Kiefer &#8220;Himmel Auf Erden&#8221;<\/em>, 1998, acrilico, olio, smalto, rami secchi, cartone dipinto su tela, 190&#215;280 cm. Collezione Oscar Giuseppe Damiani<\/figcaption><\/figure>\n\n\n\n<hr class=\"wp-block-separator\"\/>\n\n\n\n<p><em>Avevo ormai la consapevolezza che sarebbe stato per me inevitabile desiderare di avere un\u2019opera di questo artista di cui poter ammirare la potenza ogni giorno, era diventata un\u2019esigenza interiore, un tarlo che non mi avrebbe lasciato pace. Come diceva il mio omonimo Oscar Wilde <\/em><strong><em>\u201cL\u2019unico modo per liberarsi da una tentazione \u00e8 cedervi\u201d<\/em><\/strong><em>. Cos\u00ec un anno dopo, in seguito a numerose riflessioni e chiacchierate con la gallerista e amica Lia, mi decisi ed acquistai <\/em><strong><em>\u201cHimmel Auf Erden\u201d <\/em><\/strong><em>(1998) che letteralmente significa \u201cil paradiso in terra\u201d, ma concettualmente vi \u00e8 il riferimento allo sterminio degli ebrei, ai campi di concentramento e alla durezza e aridit\u00e0 d\u2019animo che hanno caratterizzato il genere umano per un certo periodo storico. Ci\u00f2 che questo lavoro rappresenta e richiama alla mente ed il titolo che gli \u00e8 stato attribuito, costituiscono due estremi in conflitto, si tratta di un ossimoro, una contraddizione, ed \u00e8 proprio per questo motivo che ha catturato la mia curiosit\u00e0 ed infine l\u2019ho scelto tra le altre opere.<\/em><\/p>\n\n\n\n<p><strong>V.C.: <\/strong>Nella sua Collezione vi \u00e8 anche un <strong>Fontana<\/strong>, come si \u00e8 avvicinato alla sua arte, \u00e8 il pezzo pi\u00f9 pregiato?<br \/><strong><em>O.D.: <\/em><\/strong><em>L\u2019opera che preferisco della mia collezione \u00e8 una tela monocroma di Lucio Fontana appartenente alla serie <\/em><strong><em>\u201cConcetto spaziale. Attese\u201d <\/em><\/strong><em>la cui superficie \u00e8 interrotta da tre tagli verticali netti e decisi. Ho desiderato tanto possedere questo pezzo, fa parte delle mie fantasie\u2026 Ritengo sia un\u2019opera \u201cviva\u201d e aggressiva nel suo entrare in rapporto diretto con lo spazio e la luce reali. In fondo si pu\u00f2 pensare a qualunque cosa con quei tagli!<\/em><\/p>\n\n\n\n<figure class=\"wp-block-image size-large\"><img loading=\"lazy\" decoding=\"async\" width=\"822\" height=\"999\" src=\"https:\/\/www.biancoscuro.it\/site\/wp-content\/uploads\/2021\/02\/06_Oscar-Damiani_Arte-nel-pallone.jpg\" alt=\"\" class=\"wp-image-11528\" srcset=\"https:\/\/www.biancoscuro.it\/site\/wp-content\/uploads\/2021\/02\/06_Oscar-Damiani_Arte-nel-pallone.jpg 822w, https:\/\/www.biancoscuro.it\/site\/wp-content\/uploads\/2021\/02\/06_Oscar-Damiani_Arte-nel-pallone-247x300.jpg 247w, https:\/\/www.biancoscuro.it\/site\/wp-content\/uploads\/2021\/02\/06_Oscar-Damiani_Arte-nel-pallone-768x933.jpg 768w, https:\/\/www.biancoscuro.it\/site\/wp-content\/uploads\/2021\/02\/06_Oscar-Damiani_Arte-nel-pallone-600x729.jpg 600w\" sizes=\"auto, (max-width: 822px) 100vw, 822px\" \/><figcaption><em><br \/>Lucio Fontana \u201cConcetto spaziale. Attese\u201d, 1968, idropittura su tela, 60&#215;50 cm. Collezione Oscar Giuseppe Damiani, Ph. Paolo Vandrasch<\/em><\/figcaption><\/figure>\n\n\n\n<p><strong>V.C.: <\/strong>Nella sua Collezione sono gi\u00e0 presenti anche giovani Artisti contemporanei?<br \/><strong><em>O.D.: <\/em><\/strong><em>Seguo con interesse il lavoro dei giovani artisti e nella mia collezione ho diverse opere: dal neon \u201cBla bla bla\u201d di Fabrizio <\/em><strong><em>Dusi<\/em><\/strong><em> al pallone fatto con il chewing gum di Maurizio <\/em><strong><em>Savini<\/em><\/strong><em>, dalle matite di Paola <\/em><strong><em>Pezzi<\/em><\/strong><em> ad un mappamondo di Francesco <\/em><strong><em>De Molfetta<\/em><\/strong><em>, al flipper meccanico di Giuseppe <\/em><strong><em>Stampone<\/em><\/strong><em>. Quest\u2019ultimo ha realizzato appositamente per me tante opere che ritengo bellissime ed emozionanti, \u00e8 giovane ed ha molte potenzialit\u00e0, oltre a possedere una tecnica ed una manualit\u00e0 fuori dal comune; grazie a lui ho rivalutato molto l\u2019arte figurativa, anche se in realt\u00e0 la sua poetica \u00e8 colma di rimandi e significati nascosti, dunque \u00e8 anche molto concettuale.<\/em><\/p>\n\n\n\n<p><strong>V.C.: <\/strong>Nel suo recente volume <strong><em>\u201cL\u2019arte nel pallone\u201d<\/em><\/strong>, come si sviluppano i due racconti paralleli del mondo del calcio e del mondo dell\u2019arte?<br \/><strong><em>O.D.: <\/em><\/strong><em>Si tratta di due racconti che si sviluppano in parallelo, divisi in sette capitoli proprio come il numero della maglia che ho sempre indossato in tutte le squadre in cui ho giocato; uno narra in maniera cronologicamente ordinata la mia carriera legata al calcio, prima da giocatore e poi da procuratore, che appartiene ad una sfera di \u201cdominio pubblico\u201d, mentre l\u2019altro svela un lato pi\u00f9 personale e privato in quanto offro alla collettivit\u00e0 <\/em><strong><em>il frutto pi\u00f9 prelibato delle mie ossessioni<\/em><\/strong><em>: <\/em><strong><em>la mia collezione d\u2019arte<\/em><\/strong><em>.<\/em><br \/><em>La sezione relativa al calcio \u00e8 stata curata da Alberto Cerruti ed esplora il mio percorso attraverso episodi ironici ed esilaranti a partire dagli esordi nel 1968, per poi addentrarsi con successo nel nucleo storico dei procuratori.<\/em><br \/><em>La sezione relativa al mondo dell\u2019arte \u00e8 stata curata da Angela Faravelli, che ha catalogato<\/em><strong><em> oltre 100 opere d\u2019arte<\/em><\/strong><em> che compongono la mia collezione, di cui al termine del volume compaiono dettagliate schede tecniche, abbinando gli oltre <\/em><strong><em>80 artisti<\/em><\/strong><em> menzionati alle vicende vissute che ho vissuto nell\u2019arco di tutta la mia vita da calciatore-collezionista.<\/em><\/p>\n\n\n\n<figure class=\"wp-block-image size-large\"><img loading=\"lazy\" decoding=\"async\" width=\"999\" height=\"870\" src=\"https:\/\/www.biancoscuro.it\/site\/wp-content\/uploads\/2021\/02\/04_Oscar-Damiani_Arte-nel-pallone.jpg\" alt=\"\" class=\"wp-image-11527\" srcset=\"https:\/\/www.biancoscuro.it\/site\/wp-content\/uploads\/2021\/02\/04_Oscar-Damiani_Arte-nel-pallone.jpg 999w, https:\/\/www.biancoscuro.it\/site\/wp-content\/uploads\/2021\/02\/04_Oscar-Damiani_Arte-nel-pallone-300x261.jpg 300w, https:\/\/www.biancoscuro.it\/site\/wp-content\/uploads\/2021\/02\/04_Oscar-Damiani_Arte-nel-pallone-768x669.jpg 768w, https:\/\/www.biancoscuro.it\/site\/wp-content\/uploads\/2021\/02\/04_Oscar-Damiani_Arte-nel-pallone-600x523.jpg 600w\" sizes=\"auto, (max-width: 999px) 100vw, 999px\" \/><figcaption><em>Clegg &amp; Guttmann \u201cA Portrait with a Ball and a De Dominicis\u201d, 2019, stampa Lambda montata dietro plexiglas, 133x153x4,7 cm. Collezione Oscar Giuseppe Damiani. Courtesy Galleria Lia Rumma<\/em><\/figcaption><\/figure>\n\n\n\n<p><strong>V.C.: <\/strong>Da appassionato non posso esimermi: qual\u2019\u00e8 stato il suo gol pi\u00f9 bello?<br \/><strong><em>O.D.: <\/em><\/strong><em>Nell\u2019estate del 1974 giocavo nella Juventus e l\u2019allenatore Carlo Parola, per farmi giocare all\u2019ala destra, aveva spostato Franco Causio al centro e la mossa funzion\u00f2 meravigliosamente per tutti e due. All\u2019ultima giornata, a Torino, nella partita decisiva proprio contro il mio vecchio Vicenza, vincemmo 5-0 e io segnai una doppietta. Questo \u00e8 stato <\/em><strong><em>il mio primo e unico scudetto<\/em><\/strong><em> e quei due gol, quindi, sono quelli ai quali sono rimasto pi\u00f9 affezionato, ripensando al significato della partita. In assoluto, per\u00f2, il gol pi\u00f9 importante l\u2019ho realizzato l\u2019anno dopo negli ottavi di Coppa Uefa contro l\u2019Ajax a Torino, con un colpo di testa su calcio d\u2019angolo che, quella volta, <\/em><strong><em>fu il gol decisivo per la vittoria<\/em><\/strong><em>. Fu un grande successo e per me una consacrazione a livello internazionale, perch\u00e9 il giorno successivo La Gazzetta dello Sport scrisse che il calcio italiano aveva trovato <\/em><strong><em>la migliore ala destra<\/em><\/strong><em> dopo il mitico brasiliano Manoel Francisco dos Santos, meglio noto come Garrincha, esagerando forse un pochino.&nbsp;<\/em><\/p>\n\n\n\n<p><strong>V.C.: <\/strong>Grazie Oscar per aver risposto a tutte le nostre domande, \u00e8 stato un grande piacere conoscerla.<br \/><strong><em>O.D.: <\/em><\/strong><em>Grazie a Lei Vincenzo, per me \u00e8 sempre un piacere poter parlare di arte!&nbsp;<\/em><\/p>\n\n\n\n<figure class=\"wp-block-image size-large\"><img loading=\"lazy\" decoding=\"async\" width=\"999\" height=\"916\" src=\"https:\/\/www.biancoscuro.it\/site\/wp-content\/uploads\/2021\/02\/00_Oscar-Damiani_Arte-nel-pallone.jpg\" alt=\"\" class=\"wp-image-11526\" srcset=\"https:\/\/www.biancoscuro.it\/site\/wp-content\/uploads\/2021\/02\/00_Oscar-Damiani_Arte-nel-pallone.jpg 999w, https:\/\/www.biancoscuro.it\/site\/wp-content\/uploads\/2021\/02\/00_Oscar-Damiani_Arte-nel-pallone-300x275.jpg 300w, https:\/\/www.biancoscuro.it\/site\/wp-content\/uploads\/2021\/02\/00_Oscar-Damiani_Arte-nel-pallone-768x704.jpg 768w, https:\/\/www.biancoscuro.it\/site\/wp-content\/uploads\/2021\/02\/00_Oscar-Damiani_Arte-nel-pallone-600x550.jpg 600w\" sizes=\"auto, (max-width: 999px) 100vw, 999px\" \/><figcaption><em><br \/>Copertina del libro \u201cOscar Damiani.&nbsp; L\u2019arte nel pallone\u201d. Opera in copertina: Giulio Ceppi &#8211; L\u2019arte nel pallone. \u201cScollamenti temporali\u201d, 2020, collage su cartoncino, 40&#215;30 cm. Collezione Oscar Giuseppe Damiani<\/em><\/figcaption><\/figure>\n","protected":false},"excerpt":{"rendered":"<p><span class=\"span-reading-time rt-reading-time\" style=\"display: block;\"><span class=\"rt-label rt-prefix\">\u23f0 lettura <\/span> <span class=\"rt-time\"> 6<\/span> <span class=\"rt-label rt-postfix\">min. <\/p>\n<p><\/span><\/span>Giuseppe Damiani, detto Oscar, da calciatore era invece soprannominato Flipper per le sue movenze rapide ed intelligenti. \u00c8 stato attaccante di Milan, Inter, Napoli, Lazio, Genoa, Parma e Vicenza; ha segnato 71 reti in Serie A e 30 in Serie B, vincendo uno scudetto con la Juventus (nel \u201874-\u201975) ed il titolo di capocannoniere di&hellip;&nbsp;<a href=\"https:\/\/www.biancoscuro.it\/site\/oscar-damiani-la-sua-collezione-in-rosso\/\" rel=\"bookmark\">Leggi tutto &raquo;<span class=\"screen-reader-text\">Oscar Damiani | La sua Collezione, in rosso<\/span><\/a><\/p>\n","protected":false},"author":909,"featured_media":11522,"comment_status":"closed","ping_status":"closed","sticky":false,"template":"","format":"standard","meta":{"neve_meta_sidebar":"","neve_meta_container":"","neve_meta_enable_content_width":"","neve_meta_content_width":0,"neve_meta_title_alignment":"","neve_meta_author_avatar":"","neve_post_elements_order":"","neve_meta_disable_header":"","neve_meta_disable_footer":"","neve_meta_disable_title":"","advanced_seo_description":"","jetpack_seo_html_title":"","jetpack_seo_noindex":false,"footnotes":""},"categories":[5],"tags":[],"class_list":["post-11521","post","type-post","status-publish","format-standard","has-post-thumbnail","hentry","category-arte"],"jetpack_featured_media_url":"https:\/\/www.biancoscuro.it\/site\/wp-content\/uploads\/2021\/02\/20210205_113131-OKcop.jpg","jetpack_sharing_enabled":true,"jetpack-related-posts":[{"id":4629,"url":"https:\/\/www.biancoscuro.it\/site\/paolo-damiani-interni-ritratti\/","url_meta":{"origin":11521,"position":0},"title":"Paolo Damiani. Interni &amp; Ritratti","author":"Roberta Melasecca","date":"1 Novembre 2016","format":false,"excerpt":"\u00a0 Paolo Damiani. Interni & Ritratti a cura di Agn\u00e8s Martin 8 novembre 2016 ore 17.00 | St Stephen's Cultural Center Foundation | Roma \u00a0 Il giorno 8 novembre 2016 alle ore 17.00 si inagura presso gli spazi del St Stephen's Cultural Center Foundation di Roma la mostra \u201cInterni &\u2026","rel":"","context":"In &quot;arte&quot;","block_context":{"text":"arte","link":"https:\/\/www.biancoscuro.it\/site\/category\/arte\/"},"img":{"alt_text":"paolo-damiani-web-1","src":"https:\/\/i0.wp.com\/www.biancoscuro.it\/site\/wp-content\/uploads\/2016\/11\/PAOLO-DAMIANI-web-1.jpg?resize=350%2C200","width":350,"height":200,"srcset":"https:\/\/i0.wp.com\/www.biancoscuro.it\/site\/wp-content\/uploads\/2016\/11\/PAOLO-DAMIANI-web-1.jpg?resize=350%2C200 1x, https:\/\/i0.wp.com\/www.biancoscuro.it\/site\/wp-content\/uploads\/2016\/11\/PAOLO-DAMIANI-web-1.jpg?resize=525%2C300 1.5x"},"classes":[]},{"id":235,"url":"https:\/\/www.biancoscuro.it\/site\/alcuni-istanti-del-conferimento-del-premio-biennale-per-le-arti-visive-oscar-dellarte-2013%e2%80%b3-2\/","url_meta":{"origin":11521,"position":1},"title":"alcuni istanti del conferimento del Premio Biennale per le Arti Visive \u201cOscar dell\u2019Arte 2013\u2033","author":"Redazione BIANCOSCURO","date":"7 Ottobre 2013","format":false,"excerpt":"Sabato 5 Ottobre 2013 Hotel de Paris di Montecarlo, alcuni istanti del conferimento del Premio Biennale per le Arti Visive \u201cOscar dell\u2019Arte 2013\u2033, manifestazione nata grazie ad ArtExp\u00f2 Gallery ed al suo direttore artistico, Mariarosaria Belgiovine.","rel":"","context":"In &quot;arte&quot;","block_context":{"text":"arte","link":"https:\/\/www.biancoscuro.it\/site\/category\/arte\/"},"img":{"alt_text":"","src":"https:\/\/i0.wp.com\/www.biancoscuro.it\/site\/wp-content\/uploads\/2013\/10\/Oscar-2013-02.jpg?resize=350%2C200&ssl=1","width":350,"height":200,"srcset":"https:\/\/i0.wp.com\/www.biancoscuro.it\/site\/wp-content\/uploads\/2013\/10\/Oscar-2013-02.jpg?resize=350%2C200&ssl=1 1x, https:\/\/i0.wp.com\/www.biancoscuro.it\/site\/wp-content\/uploads\/2013\/10\/Oscar-2013-02.jpg?resize=525%2C300&ssl=1 1.5x, https:\/\/i0.wp.com\/www.biancoscuro.it\/site\/wp-content\/uploads\/2013\/10\/Oscar-2013-02.jpg?resize=700%2C400&ssl=1 2x"},"classes":[]},{"id":61,"url":"https:\/\/www.biancoscuro.it\/site\/bs-a-mc-con-aeg\/","url_meta":{"origin":11521,"position":2},"title":"biancoscuro con ArtExp\u00f2 Gallery a Montecarlo","author":"Redazione BIANCOSCURO","date":"4 Ottobre 2013","format":false,"excerpt":"Sabato 5 Ottobre 2013 all'Hotel de Paris di Montecarlo si terr\u00e0 il conferimento del Premio Biennale per le Arti Visive \u201cOscar dell\u2019Arte 2013\u2033, manifestazione nata grazie ad ArtExp\u00f2 Gallery ed al suo direttore artistico, Mariarosaria Belgiovine. Biancoscuro sar\u00e0 presente all'evento per immortalare i momenti salienti e congratularsi con i vincitori\u2026","rel":"","context":"In &quot;arte&quot;","block_context":{"text":"arte","link":"https:\/\/www.biancoscuro.it\/site\/category\/arte\/"},"img":{"alt_text":"","src":"https:\/\/i0.wp.com\/www.biancoscuro.it\/site\/wp-content\/uploads\/2013\/10\/Oscar-2013-01.jpg?resize=350%2C200&ssl=1","width":350,"height":200,"srcset":"https:\/\/i0.wp.com\/www.biancoscuro.it\/site\/wp-content\/uploads\/2013\/10\/Oscar-2013-01.jpg?resize=350%2C200&ssl=1 1x, https:\/\/i0.wp.com\/www.biancoscuro.it\/site\/wp-content\/uploads\/2013\/10\/Oscar-2013-01.jpg?resize=525%2C300&ssl=1 1.5x, https:\/\/i0.wp.com\/www.biancoscuro.it\/site\/wp-content\/uploads\/2013\/10\/Oscar-2013-01.jpg?resize=700%2C400&ssl=1 2x"},"classes":[]},{"id":1475,"url":"https:\/\/www.biancoscuro.it\/site\/fino-a-domenica-29-settembre-arte-pittorica-e-sugar-art-a-torino\/","url_meta":{"origin":11521,"position":3},"title":"Fino a domenica 29 giugno Arte Pittorica e Sugar Art a Torino","author":"Redazione BIANCOSCURO","date":"26 Giugno 2014","format":false,"excerpt":"Nel Mondo di Alice La mostra \"Nel Mondo di Alice\" inaugurata il 15 giugno, curata da Nikolinka Nikolova e\u00a0Mary Cocciolo, ha suscitato grandissimo interesse. La scelta degli Sugar Artist \u00e8 stata curata da Mary Cocciolo, che ha gi\u00e0 organizzato molti eventi in questo settore, come \u201cMister Tulipano\u201d al castello di\u2026","rel":"","context":"In &quot;arte&quot;","block_context":{"text":"arte","link":"https:\/\/www.biancoscuro.it\/site\/category\/arte\/"},"img":{"alt_text":"","src":"https:\/\/scontent-b-lhr.xx.fbcdn.net\/hphotos-xap1\/t1.0-9\/10420139_341057426046678_7929426778684188122_n.jpg","width":350,"height":200},"classes":[]},{"id":10438,"url":"https:\/\/www.biancoscuro.it\/site\/a-helpful-guide-to-nowherela-nuova-monografia-di-giacomo-costa\/","url_meta":{"origin":11521,"position":4},"title":"\u201cA HELPFUL GUIDE TO NOWHERE\u201d: La nuova monografia di Giacomo Costa","author":"Redazione BIANCOSCURO","date":"18 Febbraio 2020","format":false,"excerpt":"Dopo \u201cThe Chronicles of Time\u201d (Damiani 2009) che definiva il percorso evolutivo dell'opera di Giacomo Costa arrivando fino al 2008 includendo la Biennale di Venezia, ora l'artista presenta la sua nuova monografia \u201cA Helpful Guide to Nowhere\u201d (Damiani 2020) che \u00e8 scandita per temi, di conseguenza ogni capitolo include opere\u2026","rel":"","context":"In &quot;arte&quot;","block_context":{"text":"arte","link":"https:\/\/www.biancoscuro.it\/site\/category\/arte\/"},"img":{"alt_text":"","src":"https:\/\/i0.wp.com\/www.biancoscuro.it\/site\/wp-content\/uploads\/2020\/02\/atmosfera-n.62019.jpg?resize=350%2C200&ssl=1","width":350,"height":200,"srcset":"https:\/\/i0.wp.com\/www.biancoscuro.it\/site\/wp-content\/uploads\/2020\/02\/atmosfera-n.62019.jpg?resize=350%2C200&ssl=1 1x, https:\/\/i0.wp.com\/www.biancoscuro.it\/site\/wp-content\/uploads\/2020\/02\/atmosfera-n.62019.jpg?resize=525%2C300&ssl=1 1.5x, https:\/\/i0.wp.com\/www.biancoscuro.it\/site\/wp-content\/uploads\/2020\/02\/atmosfera-n.62019.jpg?resize=700%2C400&ssl=1 2x"},"classes":[]},{"id":3275,"url":"https:\/\/www.biancoscuro.it\/site\/premio-biennale-oscar-per-le-arti-visive-e-premiazione-biancoscuro-art-contest\/","url_meta":{"origin":11521,"position":5},"title":"Premio Biennale Oscar per le Arti Visive e premiazione BIANCOSCURO Art Contest","author":"Redazione BIANCOSCURO","date":"19 Ottobre 2015","format":false,"excerpt":"L'appuntamento Biennale dell\u2019Arte, giunto ormai alla ottava edizione, Oscar per le Arti Visive\u00a0si svolger\u00e0 \u00a0Sabato 24 Ottobre 2015 Monte-Carlo Bay, Principato di Monaco. Il Premio conferito da ArtExp\u00f2 Gallery, \u00e8 il giusto riconoscimento per la professionalit\u00e0, ricerca e creativit\u00e0. La prima edizione della cerimonia risale al febbraio 2001 ed al\u2026","rel":"","context":"In &quot;arte&quot;","block_context":{"text":"arte","link":"https:\/\/www.biancoscuro.it\/site\/category\/arte\/"},"img":{"alt_text":"","src":"https:\/\/i0.wp.com\/www.biancoscuro.it\/site\/wp-content\/uploads\/2015\/09\/Monte-Carlo2.jpg?resize=350%2C200&ssl=1","width":350,"height":200,"srcset":"https:\/\/i0.wp.com\/www.biancoscuro.it\/site\/wp-content\/uploads\/2015\/09\/Monte-Carlo2.jpg?resize=350%2C200&ssl=1 1x, https:\/\/i0.wp.com\/www.biancoscuro.it\/site\/wp-content\/uploads\/2015\/09\/Monte-Carlo2.jpg?resize=525%2C300&ssl=1 1.5x, https:\/\/i0.wp.com\/www.biancoscuro.it\/site\/wp-content\/uploads\/2015\/09\/Monte-Carlo2.jpg?resize=700%2C400&ssl=1 2x"},"classes":[]}],"_links":{"self":[{"href":"https:\/\/www.biancoscuro.it\/site\/wp-json\/wp\/v2\/posts\/11521","targetHints":{"allow":["GET"]}}],"collection":[{"href":"https:\/\/www.biancoscuro.it\/site\/wp-json\/wp\/v2\/posts"}],"about":[{"href":"https:\/\/www.biancoscuro.it\/site\/wp-json\/wp\/v2\/types\/post"}],"author":[{"embeddable":true,"href":"https:\/\/www.biancoscuro.it\/site\/wp-json\/wp\/v2\/users\/909"}],"replies":[{"embeddable":true,"href":"https:\/\/www.biancoscuro.it\/site\/wp-json\/wp\/v2\/comments?post=11521"}],"version-history":[{"count":0,"href":"https:\/\/www.biancoscuro.it\/site\/wp-json\/wp\/v2\/posts\/11521\/revisions"}],"wp:featuredmedia":[{"embeddable":true,"href":"https:\/\/www.biancoscuro.it\/site\/wp-json\/wp\/v2\/media\/11522"}],"wp:attachment":[{"href":"https:\/\/www.biancoscuro.it\/site\/wp-json\/wp\/v2\/media?parent=11521"}],"wp:term":[{"taxonomy":"category","embeddable":true,"href":"https:\/\/www.biancoscuro.it\/site\/wp-json\/wp\/v2\/categories?post=11521"},{"taxonomy":"post_tag","embeddable":true,"href":"https:\/\/www.biancoscuro.it\/site\/wp-json\/wp\/v2\/tags?post=11521"}],"curies":[{"name":"wp","href":"https:\/\/api.w.org\/{rel}","templated":true}]}}