{"id":12081,"date":"2021-07-07T17:28:10","date_gmt":"2021-07-07T15:28:10","guid":{"rendered":"https:\/\/www.biancoscuro.it\/site\/?p=12081"},"modified":"2021-07-07T17:28:18","modified_gmt":"2021-07-07T15:28:18","slug":"il-pianeta-citta-in-mostra-alla-fondazione-ragghianti-a-lucca","status":"publish","type":"post","link":"https:\/\/www.biancoscuro.it\/site\/il-pianeta-citta-in-mostra-alla-fondazione-ragghianti-a-lucca\/","title":{"rendered":"Il Pianeta Citt\u00e0 in mostra alla Fondazione Ragghianti a Lucca"},"content":{"rendered":"<span class=\"span-reading-time rt-reading-time\" style=\"display: block;\"><span class=\"rt-label rt-prefix\">\u23f0 lettura <\/span> <span class=\"rt-time\"> 4<\/span> <span class=\"rt-label rt-postfix\">min. <br><br><\/span><\/span>\n<p><strong>Il 9 luglio apre alla Fondazione Ragghianti a Lucca una mostra insolita e interdisciplinare, <em>Pianeta Citt\u00e0. Arti cinema musica design nella Collezione Rota 1900-2021<\/em><\/strong>, un\u2019esposizione inerente al <strong>tema della citt\u00e0 <\/strong>e della trasmissione della conoscenza, analizzato prevalentemente attraverso gli <strong>innumerevoli pezzi della collezione, eccezionale e unica, dell\u2019architetto Italo Rota<\/strong>, tra i pi\u00f9 noti progettisti del nostro tempo.<\/p>\n\n\n\n<p>\u201cL\u2019intento \u2013 spiega il <strong>direttore della Fondazione Ragghianti Paolo Bolpagni<\/strong> \u2013  \u00e8 quello di creare un racconto del Novecento e del primo ventennio del nuovo millennio attraverso la visione della citt\u00e0, la sua rappresentazione nelle arti e nel cinema e l\u2019evoluzione dell\u2019oggetto libro. Da una parte ripercorrendo <strong>lo sviluppo dell\u2019idea di citt\u00e0<\/strong>, dall\u2019altra analizzando come sia cambiato il nostro<strong> modo di trasmettere la conoscenza<\/strong>, fino alle evoluzioni contemporanee e al cambiamento del nostro modo di pensare, con lo sviluppo di una modalit\u00e0 di ragionamento ipertestuale e intertestuale, ma con la permanenza del libro, rivelatosi ancora attuale e vivo nella sua dialettica tra la carta stampata e il digitale\u201d.<\/p>\n\n\n\n<p>Il <strong><em>concept <\/em>della mostra <\/strong> \u00e8 stato <strong>ideato da Paolo Bolpagni con Aldo Colonetti<\/strong>, filosofo e studioso di architettura e design <strong>e con lo stesso Italo Rota<\/strong>, in condivisione con un comitato scientifico nel quale sono rappresentate le <strong>differenti discipline coinvolte: la storia dell\u2019arte, il cinema, la geografia economica, l\u2019architettura, l\u2019urbanistica.<\/strong><\/p>\n\n\n\n<p><strong>In mostra oltre cinquecento pezzi<\/strong>, una moltitudine di oggetti di vario tipo, tecnica e dimensioni: <strong>dai libri alle opere d\u2019arte, dai manifesti al cinema, dalle copertine dei dischi ai prodotti di design, dalle riviste ai fumetti<\/strong>. Tutto ci\u00f2\u2002 seguendo <strong>un itinerario che va dalla nascita della citt\u00e0 contemporanea all\u2019inizio del Novecento fino alla nuova idea di citt\u00e0 che si sta profilando<\/strong>, e sempre ponendo in relazione la cultura di tutti i giorni con le ricerche pi\u00f9 avanzate.<\/p>\n\n\n\n<p><strong>Dieci le sezioni, che presentano al proprio interno diversi macro-temi:<\/strong><\/p>\n\n\n\n<p><strong>1. Primo \u2019900: l\u2019alba della contemporaneit\u00e0\u2002<\/strong><\/p>\n\n\n\n<p><strong>2. L\u2019utopia delle avanguardie e la citt\u00e0 nuova<\/strong><\/p>\n\n\n\n<p><strong>3. L\u2019orrore del nazismo<\/strong><\/p>\n\n\n\n<p><strong>4. Maestri dell\u2019architettura<\/strong><\/p>\n\n\n\n<p><strong>5. Visioni fantascientifiche<\/strong><\/p>\n\n\n\n<p><strong>6. Berlino est: l\u2019angoscia del socialismo reale<\/strong><\/p>\n\n\n\n<p><strong>7. Gli anni del boom<\/strong><\/p>\n\n\n\n<p><strong>8. Immaginare il futuro<\/strong>  <\/p>\n\n\n\n<p><strong>9. Abitare alla scandinava<\/strong> <\/p>\n\n\n\n<p><strong>10. Nuove prospettive<\/strong> <\/p>\n\n\n\n<p>\u201cLa mostra \u2013 afferma <strong>Italo Rota<\/strong> \u2013 \u00e8 imperniata sulla relazione tra umani quando si riuniscono in alta concentrazione: il 70% dell\u2019umanit\u00e0 vive in citt\u00e0, \u00e8 la storia della migrazione verso punti precisi del pianeta\u201d. E prosegue <strong>Aldo Colonetti<\/strong>: \u201cda qui al 2030 il 60% degli esseri umani vivr\u00e0 in citt\u00e0, le megacities dove abitano pi\u00f9 di dieci milioni di persone aumenteranno da 33 a 43, mentre il nostro Paese fa eccezione: le metropoli perdono terreno e prosperano i mille campanili di medie dimensioni\u201d. Conclude <strong>Paolo<\/strong> <strong>Bolpagni<\/strong>: \u201ccon questa esposizione si affronta un tema attuale e ricco di connessioni, in prospettiva storica ma anche presente, e con uno sguardo al futuro. Lo scopo \u00e8 di creare un\u2019occasione per ragionare sulla citt\u00e0, sui cambiamenti che gi\u00e0 stiamo sperimentando e che ci attendono in un avvenire non lontano\u201d.<\/p>\n\n\n\n<p>In occasione della mostra \u00e8 pubblicato <strong>un volume<\/strong> (Edizioni Fondazione Ragghianti Studi sull\u2019arte) che include i saggi di <strong>Paolo Bolpagni, Francesco Careri, Aldo Colonetti, Daniele Ietri, Franco La Cecla, Eleonora Mastropietro, lessandro Romanini <\/strong>e<strong> Italo Rota<\/strong>.<\/p>\n\n\n\n<p>Accanto alla mostra \u00e8 realizzato <strong>un documentario<\/strong> della durata di circa venti minuti, prodotto dalla Fondazione Ragghianti in collaborazione con La Fournaise, che racconta la collezione di Italo Rota dalla sua prospettiva personale.<\/p>\n\n\n\n<p><strong><em>PIANETA CITTA&#8217;. Arti cinema musica design nella Collezione Rota 1900-2021<\/em><\/strong><\/p>\n\n\n\n<p><strong>Lucca, Fondazione Ragghianti<\/strong>, <strong>Complesso monumentale di San Micheletto<\/strong><\/p>\n\n\n\n<p><strong>9 luglio &#8211; 24 ottobre 2021<\/strong><\/p>\n\n\n\n<p><strong>www.fondazioneragghianti.it<\/strong><\/p>\n\n\n\n<figure class=\"wp-block-gallery columns-3 is-cropped wp-block-gallery-1 is-layout-flex wp-block-gallery-is-layout-flex\"><ul class=\"blocks-gallery-grid\"><li class=\"blocks-gallery-item\"><figure><img loading=\"lazy\" decoding=\"async\" width=\"1024\" height=\"428\" src=\"https:\/\/www.biancoscuro.it\/site\/wp-content\/uploads\/2021\/07\/2.Aroldo-Bonzagni-Verso-San-Siro-Milano-1910-1911-DEF-1024x428.jpg\" alt=\"\" data-id=\"12082\" data-link=\"https:\/\/www.biancoscuro.it\/site\/?attachment_id=12082\" class=\"wp-image-12082\" srcset=\"https:\/\/www.biancoscuro.it\/site\/wp-content\/uploads\/2021\/07\/2.Aroldo-Bonzagni-Verso-San-Siro-Milano-1910-1911-DEF-1024x428.jpg 1024w, https:\/\/www.biancoscuro.it\/site\/wp-content\/uploads\/2021\/07\/2.Aroldo-Bonzagni-Verso-San-Siro-Milano-1910-1911-DEF-300x125.jpg 300w, https:\/\/www.biancoscuro.it\/site\/wp-content\/uploads\/2021\/07\/2.Aroldo-Bonzagni-Verso-San-Siro-Milano-1910-1911-DEF-768x321.jpg 768w, https:\/\/www.biancoscuro.it\/site\/wp-content\/uploads\/2021\/07\/2.Aroldo-Bonzagni-Verso-San-Siro-Milano-1910-1911-DEF-600x251.jpg 600w, https:\/\/www.biancoscuro.it\/site\/wp-content\/uploads\/2021\/07\/2.Aroldo-Bonzagni-Verso-San-Siro-Milano-1910-1911-DEF-1536x642.jpg 1536w, https:\/\/www.biancoscuro.it\/site\/wp-content\/uploads\/2021\/07\/2.Aroldo-Bonzagni-Verso-San-Siro-Milano-1910-1911-DEF-1320x552.jpg 1320w, https:\/\/www.biancoscuro.it\/site\/wp-content\/uploads\/2021\/07\/2.Aroldo-Bonzagni-Verso-San-Siro-Milano-1910-1911-DEF.jpg 1793w\" sizes=\"auto, (max-width: 1024px) 100vw, 1024px\" \/><\/figure><\/li><li class=\"blocks-gallery-item\"><figure><img loading=\"lazy\" decoding=\"async\" width=\"986\" height=\"800\" src=\"https:\/\/www.biancoscuro.it\/site\/wp-content\/uploads\/2021\/07\/5.Hoffmann-giocattolo-in-blocchi-di-legno-dipinto-impilabile-1920.jpg\" alt=\"\" data-id=\"12083\" data-link=\"https:\/\/www.biancoscuro.it\/site\/?attachment_id=12083\" class=\"wp-image-12083\" srcset=\"https:\/\/www.biancoscuro.it\/site\/wp-content\/uploads\/2021\/07\/5.Hoffmann-giocattolo-in-blocchi-di-legno-dipinto-impilabile-1920.jpg 986w, https:\/\/www.biancoscuro.it\/site\/wp-content\/uploads\/2021\/07\/5.Hoffmann-giocattolo-in-blocchi-di-legno-dipinto-impilabile-1920-300x243.jpg 300w, https:\/\/www.biancoscuro.it\/site\/wp-content\/uploads\/2021\/07\/5.Hoffmann-giocattolo-in-blocchi-di-legno-dipinto-impilabile-1920-768x623.jpg 768w, https:\/\/www.biancoscuro.it\/site\/wp-content\/uploads\/2021\/07\/5.Hoffmann-giocattolo-in-blocchi-di-legno-dipinto-impilabile-1920-600x487.jpg 600w\" sizes=\"auto, (max-width: 986px) 100vw, 986px\" \/><\/figure><\/li><li class=\"blocks-gallery-item\"><figure><img loading=\"lazy\" decoding=\"async\" width=\"1024\" height=\"683\" src=\"https:\/\/www.biancoscuro.it\/site\/wp-content\/uploads\/2021\/07\/7.Hartwig-Gli-scacchi-Bauhaus-1923-1924-1024x683.jpg\" alt=\"\" data-id=\"12084\" data-link=\"https:\/\/www.biancoscuro.it\/site\/?attachment_id=12084\" class=\"wp-image-12084\" srcset=\"https:\/\/www.biancoscuro.it\/site\/wp-content\/uploads\/2021\/07\/7.Hartwig-Gli-scacchi-Bauhaus-1923-1924-1024x683.jpg 1024w, https:\/\/www.biancoscuro.it\/site\/wp-content\/uploads\/2021\/07\/7.Hartwig-Gli-scacchi-Bauhaus-1923-1924-300x200.jpg 300w, https:\/\/www.biancoscuro.it\/site\/wp-content\/uploads\/2021\/07\/7.Hartwig-Gli-scacchi-Bauhaus-1923-1924-768x512.jpg 768w, https:\/\/www.biancoscuro.it\/site\/wp-content\/uploads\/2021\/07\/7.Hartwig-Gli-scacchi-Bauhaus-1923-1924-600x400.jpg 600w, https:\/\/www.biancoscuro.it\/site\/wp-content\/uploads\/2021\/07\/7.Hartwig-Gli-scacchi-Bauhaus-1923-1924.jpg 1200w\" sizes=\"auto, (max-width: 1024px) 100vw, 1024px\" \/><\/figure><\/li><li class=\"blocks-gallery-item\"><figure><img loading=\"lazy\" decoding=\"async\" width=\"710\" height=\"1024\" src=\"https:\/\/www.biancoscuro.it\/site\/wp-content\/uploads\/2021\/07\/13-a-Rodc\u030cenko-Numeri-della-rivista-Novij-Lef-1927-1928-710x1024.jpg\" alt=\"\" data-id=\"12085\" data-link=\"https:\/\/www.biancoscuro.it\/site\/?attachment_id=12085\" class=\"wp-image-12085\" srcset=\"https:\/\/www.biancoscuro.it\/site\/wp-content\/uploads\/2021\/07\/13-a-Rodc\u030cenko-Numeri-della-rivista-Novij-Lef-1927-1928-710x1024.jpg 710w, https:\/\/www.biancoscuro.it\/site\/wp-content\/uploads\/2021\/07\/13-a-Rodc\u030cenko-Numeri-della-rivista-Novij-Lef-1927-1928-208x300.jpg 208w, https:\/\/www.biancoscuro.it\/site\/wp-content\/uploads\/2021\/07\/13-a-Rodc\u030cenko-Numeri-della-rivista-Novij-Lef-1927-1928-768x1108.jpg 768w, https:\/\/www.biancoscuro.it\/site\/wp-content\/uploads\/2021\/07\/13-a-Rodc\u030cenko-Numeri-della-rivista-Novij-Lef-1927-1928-600x866.jpg 600w, https:\/\/www.biancoscuro.it\/site\/wp-content\/uploads\/2021\/07\/13-a-Rodc\u030cenko-Numeri-della-rivista-Novij-Lef-1927-1928.jpg 800w\" sizes=\"auto, (max-width: 710px) 100vw, 710px\" \/><\/figure><\/li><li class=\"blocks-gallery-item\"><figure><img loading=\"lazy\" decoding=\"async\" width=\"800\" height=\"976\" src=\"https:\/\/www.biancoscuro.it\/site\/wp-content\/uploads\/2021\/07\/9.Mondrian-Neue-Gestaltung-1925.jpg\" alt=\"\" data-id=\"12087\" data-link=\"https:\/\/www.biancoscuro.it\/site\/?attachment_id=12087\" class=\"wp-image-12087\" srcset=\"https:\/\/www.biancoscuro.it\/site\/wp-content\/uploads\/2021\/07\/9.Mondrian-Neue-Gestaltung-1925.jpg 800w, https:\/\/www.biancoscuro.it\/site\/wp-content\/uploads\/2021\/07\/9.Mondrian-Neue-Gestaltung-1925-246x300.jpg 246w, https:\/\/www.biancoscuro.it\/site\/wp-content\/uploads\/2021\/07\/9.Mondrian-Neue-Gestaltung-1925-768x937.jpg 768w, https:\/\/www.biancoscuro.it\/site\/wp-content\/uploads\/2021\/07\/9.Mondrian-Neue-Gestaltung-1925-600x732.jpg 600w\" sizes=\"auto, (max-width: 800px) 100vw, 800px\" \/><\/figure><\/li><li class=\"blocks-gallery-item\"><figure><img loading=\"lazy\" decoding=\"async\" width=\"734\" height=\"1024\" src=\"https:\/\/www.biancoscuro.it\/site\/wp-content\/uploads\/2021\/07\/10.von-Harbou-Thea-Metropolis-ediz.-tedesca-1926-734x1024.jpg\" alt=\"\" data-id=\"12086\" data-link=\"https:\/\/www.biancoscuro.it\/site\/?attachment_id=12086\" class=\"wp-image-12086\" srcset=\"https:\/\/www.biancoscuro.it\/site\/wp-content\/uploads\/2021\/07\/10.von-Harbou-Thea-Metropolis-ediz.-tedesca-1926-734x1024.jpg 734w, https:\/\/www.biancoscuro.it\/site\/wp-content\/uploads\/2021\/07\/10.von-Harbou-Thea-Metropolis-ediz.-tedesca-1926-215x300.jpg 215w, https:\/\/www.biancoscuro.it\/site\/wp-content\/uploads\/2021\/07\/10.von-Harbou-Thea-Metropolis-ediz.-tedesca-1926-768x1071.jpg 768w, https:\/\/www.biancoscuro.it\/site\/wp-content\/uploads\/2021\/07\/10.von-Harbou-Thea-Metropolis-ediz.-tedesca-1926-600x837.jpg 600w, https:\/\/www.biancoscuro.it\/site\/wp-content\/uploads\/2021\/07\/10.von-Harbou-Thea-Metropolis-ediz.-tedesca-1926.jpg 800w\" sizes=\"auto, (max-width: 734px) 100vw, 734px\" \/><\/figure><\/li><li class=\"blocks-gallery-item\"><figure><img loading=\"lazy\" decoding=\"async\" width=\"800\" height=\"1017\" src=\"https:\/\/www.biancoscuro.it\/site\/wp-content\/uploads\/2021\/07\/21.Archigram-numero-4-rivista-1964.jpg\" alt=\"\" data-id=\"12088\" data-link=\"https:\/\/www.biancoscuro.it\/site\/?attachment_id=12088\" class=\"wp-image-12088\" srcset=\"https:\/\/www.biancoscuro.it\/site\/wp-content\/uploads\/2021\/07\/21.Archigram-numero-4-rivista-1964.jpg 800w, https:\/\/www.biancoscuro.it\/site\/wp-content\/uploads\/2021\/07\/21.Archigram-numero-4-rivista-1964-236x300.jpg 236w, https:\/\/www.biancoscuro.it\/site\/wp-content\/uploads\/2021\/07\/21.Archigram-numero-4-rivista-1964-768x976.jpg 768w, https:\/\/www.biancoscuro.it\/site\/wp-content\/uploads\/2021\/07\/21.Archigram-numero-4-rivista-1964-600x763.jpg 600w\" sizes=\"auto, (max-width: 800px) 100vw, 800px\" \/><\/figure><\/li><li class=\"blocks-gallery-item\"><figure><img loading=\"lazy\" decoding=\"async\" width=\"727\" height=\"1024\" src=\"https:\/\/www.biancoscuro.it\/site\/wp-content\/uploads\/2021\/07\/23.Yokoo-La-citta\u0300-e-il-design-manifesto-1966-727x1024.jpg\" alt=\"\" data-id=\"12089\" data-link=\"https:\/\/www.biancoscuro.it\/site\/?attachment_id=12089\" class=\"wp-image-12089\" srcset=\"https:\/\/www.biancoscuro.it\/site\/wp-content\/uploads\/2021\/07\/23.Yokoo-La-citta\u0300-e-il-design-manifesto-1966-727x1024.jpg 727w, https:\/\/www.biancoscuro.it\/site\/wp-content\/uploads\/2021\/07\/23.Yokoo-La-citta\u0300-e-il-design-manifesto-1966-213x300.jpg 213w, https:\/\/www.biancoscuro.it\/site\/wp-content\/uploads\/2021\/07\/23.Yokoo-La-citta\u0300-e-il-design-manifesto-1966-768x1082.jpg 768w, https:\/\/www.biancoscuro.it\/site\/wp-content\/uploads\/2021\/07\/23.Yokoo-La-citta\u0300-e-il-design-manifesto-1966-600x845.jpg 600w, https:\/\/www.biancoscuro.it\/site\/wp-content\/uploads\/2021\/07\/23.Yokoo-La-citta\u0300-e-il-design-manifesto-1966.jpg 800w\" sizes=\"auto, (max-width: 727px) 100vw, 727px\" \/><\/figure><\/li><li class=\"blocks-gallery-item\"><figure><img loading=\"lazy\" decoding=\"async\" width=\"795\" height=\"1024\" src=\"https:\/\/www.biancoscuro.it\/site\/wp-content\/uploads\/2021\/07\/27.-Avedon-Ritratti-psichedelici-Beatles-poster-George-Harrison-1967-795x1024.jpg\" alt=\"\" data-id=\"12090\" data-link=\"https:\/\/www.biancoscuro.it\/site\/?attachment_id=12090\" class=\"wp-image-12090\" srcset=\"https:\/\/www.biancoscuro.it\/site\/wp-content\/uploads\/2021\/07\/27.-Avedon-Ritratti-psichedelici-Beatles-poster-George-Harrison-1967-795x1024.jpg 795w, https:\/\/www.biancoscuro.it\/site\/wp-content\/uploads\/2021\/07\/27.-Avedon-Ritratti-psichedelici-Beatles-poster-George-Harrison-1967-233x300.jpg 233w, https:\/\/www.biancoscuro.it\/site\/wp-content\/uploads\/2021\/07\/27.-Avedon-Ritratti-psichedelici-Beatles-poster-George-Harrison-1967-768x989.jpg 768w, https:\/\/www.biancoscuro.it\/site\/wp-content\/uploads\/2021\/07\/27.-Avedon-Ritratti-psichedelici-Beatles-poster-George-Harrison-1967-600x773.jpg 600w, https:\/\/www.biancoscuro.it\/site\/wp-content\/uploads\/2021\/07\/27.-Avedon-Ritratti-psichedelici-Beatles-poster-George-Harrison-1967.jpg 800w\" sizes=\"auto, (max-width: 795px) 100vw, 795px\" \/><\/figure><\/li><li class=\"blocks-gallery-item\"><figure><img loading=\"lazy\" decoding=\"async\" width=\"688\" height=\"1024\" src=\"https:\/\/www.biancoscuro.it\/site\/wp-content\/uploads\/2021\/07\/33.Marco-Petrus-Interno-Milano-olio-su-tela-1997-688x1024.jpg\" alt=\"\" data-id=\"12092\" data-link=\"https:\/\/www.biancoscuro.it\/site\/?attachment_id=12092\" class=\"wp-image-12092\" srcset=\"https:\/\/www.biancoscuro.it\/site\/wp-content\/uploads\/2021\/07\/33.Marco-Petrus-Interno-Milano-olio-su-tela-1997-688x1024.jpg 688w, https:\/\/www.biancoscuro.it\/site\/wp-content\/uploads\/2021\/07\/33.Marco-Petrus-Interno-Milano-olio-su-tela-1997-202x300.jpg 202w, https:\/\/www.biancoscuro.it\/site\/wp-content\/uploads\/2021\/07\/33.Marco-Petrus-Interno-Milano-olio-su-tela-1997-768x1142.jpg 768w, https:\/\/www.biancoscuro.it\/site\/wp-content\/uploads\/2021\/07\/33.Marco-Petrus-Interno-Milano-olio-su-tela-1997-600x893.jpg 600w, https:\/\/www.biancoscuro.it\/site\/wp-content\/uploads\/2021\/07\/33.Marco-Petrus-Interno-Milano-olio-su-tela-1997.jpg 800w\" sizes=\"auto, (max-width: 688px) 100vw, 688px\" \/><\/figure><\/li><li class=\"blocks-gallery-item\"><figure><img loading=\"lazy\" decoding=\"async\" width=\"800\" height=\"999\" src=\"https:\/\/www.biancoscuro.it\/site\/wp-content\/uploads\/2021\/07\/30.Shamberg-Guerrilla-television-1971-volume.jpg\" alt=\"\" data-id=\"12093\" data-link=\"https:\/\/www.biancoscuro.it\/site\/?attachment_id=12093\" class=\"wp-image-12093\" srcset=\"https:\/\/www.biancoscuro.it\/site\/wp-content\/uploads\/2021\/07\/30.Shamberg-Guerrilla-television-1971-volume.jpg 800w, https:\/\/www.biancoscuro.it\/site\/wp-content\/uploads\/2021\/07\/30.Shamberg-Guerrilla-television-1971-volume-240x300.jpg 240w, https:\/\/www.biancoscuro.it\/site\/wp-content\/uploads\/2021\/07\/30.Shamberg-Guerrilla-television-1971-volume-768x959.jpg 768w, https:\/\/www.biancoscuro.it\/site\/wp-content\/uploads\/2021\/07\/30.Shamberg-Guerrilla-television-1971-volume-600x749.jpg 600w\" sizes=\"auto, (max-width: 800px) 100vw, 800px\" \/><\/figure><\/li><li class=\"blocks-gallery-item\"><figure><img loading=\"lazy\" decoding=\"async\" width=\"1024\" height=\"683\" src=\"https:\/\/www.biancoscuro.it\/site\/wp-content\/uploads\/2021\/07\/22.Le-Corbusier-Mise-au-point-1966-1024x683.jpg\" alt=\"\" data-id=\"12094\" data-full-url=\"https:\/\/www.biancoscuro.it\/site\/wp-content\/uploads\/2021\/07\/22.Le-Corbusier-Mise-au-point-1966.jpg\" data-link=\"https:\/\/www.biancoscuro.it\/site\/?attachment_id=12094\" class=\"wp-image-12094\" srcset=\"https:\/\/www.biancoscuro.it\/site\/wp-content\/uploads\/2021\/07\/22.Le-Corbusier-Mise-au-point-1966-1024x683.jpg 1024w, https:\/\/www.biancoscuro.it\/site\/wp-content\/uploads\/2021\/07\/22.Le-Corbusier-Mise-au-point-1966-300x200.jpg 300w, https:\/\/www.biancoscuro.it\/site\/wp-content\/uploads\/2021\/07\/22.Le-Corbusier-Mise-au-point-1966-768x512.jpg 768w, https:\/\/www.biancoscuro.it\/site\/wp-content\/uploads\/2021\/07\/22.Le-Corbusier-Mise-au-point-1966-600x400.jpg 600w, https:\/\/www.biancoscuro.it\/site\/wp-content\/uploads\/2021\/07\/22.Le-Corbusier-Mise-au-point-1966.jpg 1200w\" sizes=\"auto, (max-width: 1024px) 100vw, 1024px\" \/><\/figure><\/li><\/ul><\/figure>\n","protected":false},"excerpt":{"rendered":"<p><span class=\"span-reading-time rt-reading-time\" style=\"display: block;\"><span class=\"rt-label rt-prefix\">\u23f0 lettura <\/span> <span class=\"rt-time\"> 4<\/span> <span class=\"rt-label rt-postfix\">min. <\/p>\n<p><\/span><\/span>Il 9 luglio apre alla Fondazione Ragghianti a Lucca una mostra insolita e interdisciplinare, Pianeta Citt\u00e0. Arti cinema musica design nella Collezione Rota 1900-2021, un\u2019esposizione inerente al tema della citt\u00e0 e della trasmissione della conoscenza, analizzato prevalentemente attraverso gli innumerevoli pezzi della collezione, eccezionale e unica, dell\u2019architetto Italo Rota, tra i pi\u00f9 noti progettisti del&hellip;&nbsp;<a href=\"https:\/\/www.biancoscuro.it\/site\/il-pianeta-citta-in-mostra-alla-fondazione-ragghianti-a-lucca\/\" rel=\"bookmark\">Leggi tutto &raquo;<span class=\"screen-reader-text\">Il Pianeta Citt\u00e0 in mostra alla Fondazione Ragghianti a Lucca<\/span><\/a><\/p>\n","protected":false},"author":917,"featured_media":12091,"comment_status":"closed","ping_status":"closed","sticky":false,"template":"","format":"standard","meta":{"neve_meta_sidebar":"","neve_meta_container":"","neve_meta_enable_content_width":"","neve_meta_content_width":0,"neve_meta_title_alignment":"","neve_meta_author_avatar":"","neve_post_elements_order":"","neve_meta_disable_header":"","neve_meta_disable_footer":"","neve_meta_disable_title":"","advanced_seo_description":"","jetpack_seo_html_title":"","jetpack_seo_noindex":false,"footnotes":""},"categories":[5],"tags":[],"class_list":["post-12081","post","type-post","status-publish","format-standard","has-post-thumbnail","hentry","category-arte"],"jetpack_featured_media_url":"https:\/\/www.biancoscuro.it\/site\/wp-content\/uploads\/2021\/07\/32.Peter-Cook-Archigram-1972.jpg","jetpack_sharing_enabled":true,"jetpack-related-posts":[{"id":12758,"url":"https:\/\/www.biancoscuro.it\/site\/carlo-levi-e-carlo-ludovico-ragghianti-storia-di-unamicizia-tra-politica-e-arte\/","url_meta":{"origin":12081,"position":0},"title":"Levi e Ragghianti, storia di un&#8217;amicizia tra politica e arte","author":"Chiara","date":"23 Dicembre 2021","format":false,"excerpt":"Alla Fondazione Centro Studi Ragghianti a Lucca \u00e8 stata da poco inaugurata una mostra dedicata a due grandi intellettuali del Novecento, Carlo Levi (Torino, 1902 - Roma, 1975) e Carlo Ludovico Ragghianti (Lucca, 1910 - Firenze, 1987) e al loro fecondo rapporto di amicizia. Realizzata in collaborazione con la Fondazione\u2026","rel":"","context":"In &quot;arte&quot;","block_context":{"text":"arte","link":"https:\/\/www.biancoscuro.it\/site\/category\/arte\/"},"img":{"alt_text":"","src":"https:\/\/i0.wp.com\/www.biancoscuro.it\/site\/wp-content\/uploads\/2021\/12\/LEVI-RAGGHIANTI-Inizio-mostra-scaled.jpg?resize=350%2C200&ssl=1","width":350,"height":200,"srcset":"https:\/\/i0.wp.com\/www.biancoscuro.it\/site\/wp-content\/uploads\/2021\/12\/LEVI-RAGGHIANTI-Inizio-mostra-scaled.jpg?resize=350%2C200&ssl=1 1x, https:\/\/i0.wp.com\/www.biancoscuro.it\/site\/wp-content\/uploads\/2021\/12\/LEVI-RAGGHIANTI-Inizio-mostra-scaled.jpg?resize=525%2C300&ssl=1 1.5x, https:\/\/i0.wp.com\/www.biancoscuro.it\/site\/wp-content\/uploads\/2021\/12\/LEVI-RAGGHIANTI-Inizio-mostra-scaled.jpg?resize=700%2C400&ssl=1 2x, https:\/\/i0.wp.com\/www.biancoscuro.it\/site\/wp-content\/uploads\/2021\/12\/LEVI-RAGGHIANTI-Inizio-mostra-scaled.jpg?resize=1050%2C600&ssl=1 3x, https:\/\/i0.wp.com\/www.biancoscuro.it\/site\/wp-content\/uploads\/2021\/12\/LEVI-RAGGHIANTI-Inizio-mostra-scaled.jpg?resize=1400%2C800&ssl=1 4x"},"classes":[]},{"id":8857,"url":"https:\/\/www.biancoscuro.it\/site\/alla-fondazione-ragghianti-a-lucca-la-mostra-lartista-bambino-infanzia-e-primitivismi-nellarte-italiana-del-primo-novecento\/","url_meta":{"origin":12081,"position":1},"title":"Alla Fondazione Ragghianti a Lucca la mostra L&#8217;artista bambino. Infanzia e primitivismi nell\u2019arte italiana del primo Novecento","author":"Chiara","date":"14 Marzo 2019","format":false,"excerpt":"Nel bellissimo complesso monumentale medievale di San Micheletto a Lucca ha sede la Fondazione \"Centro Studi sull\u2019Arte Licia e Carlo Ludovico Ragghianti\u201d, importante istituzione culturale intitolata a Carlo Ludovico Ragghianti - critico, storico e teorico dell\u2019arte tra i maggiori del XX secolo in Italia - e alla moglie Licia Collobi.\u00a0\u2026","rel":"","context":"In &quot;arte&quot;","block_context":{"text":"arte","link":"https:\/\/www.biancoscuro.it\/site\/category\/arte\/"},"img":{"alt_text":"","src":"https:\/\/i0.wp.com\/www.biancoscuro.it\/site\/wp-content\/uploads\/2019\/03\/3.-Alberto-Magri-Il-bucato-tempera-su-tavola-1913-coll.-privata-002.jpg?resize=350%2C200&ssl=1","width":350,"height":200,"srcset":"https:\/\/i0.wp.com\/www.biancoscuro.it\/site\/wp-content\/uploads\/2019\/03\/3.-Alberto-Magri-Il-bucato-tempera-su-tavola-1913-coll.-privata-002.jpg?resize=350%2C200&ssl=1 1x, https:\/\/i0.wp.com\/www.biancoscuro.it\/site\/wp-content\/uploads\/2019\/03\/3.-Alberto-Magri-Il-bucato-tempera-su-tavola-1913-coll.-privata-002.jpg?resize=525%2C300&ssl=1 1.5x, https:\/\/i0.wp.com\/www.biancoscuro.it\/site\/wp-content\/uploads\/2019\/03\/3.-Alberto-Magri-Il-bucato-tempera-su-tavola-1913-coll.-privata-002.jpg?resize=700%2C400&ssl=1 2x"},"classes":[]},{"id":11436,"url":"https:\/\/www.biancoscuro.it\/site\/riaperta-a-lucca-alla-fondazione-ragghianti-la-doppia-mostra-lavventura-dellarte-nuova-anni-60-80\/","url_meta":{"origin":12081,"position":2},"title":"Riaperta la doppia mostra L\u2019avventura dell\u2019arte nuova","author":"Chiara","date":"19 Gennaio 2021","format":false,"excerpt":"A Lucca, alla Fondazione Ragghianti In ottemperanza al DPCM del 15 gennaio 2021 la Fondazione Centro Studi sull\u2019Arte Licia e Carlo Ludovico Ragghianti di Lucca riapre dal 19 gennaio al 19 febbraio la doppia esposizione\u00a0\u201cL\u2019avventura dell\u2019arte nuova | anni 60-80. Cioni Carpi | Gianni Melotti\u201d. Inaugurate il 2 ottobre scorso\u2026","rel":"","context":"In &quot;arte&quot;","block_context":{"text":"arte","link":"https:\/\/www.biancoscuro.it\/site\/category\/arte\/"},"img":{"alt_text":"","src":"https:\/\/i0.wp.com\/www.biancoscuro.it\/site\/wp-content\/uploads\/2021\/01\/4.-Gianni-Melotti-GLI-ANGOLI-DELLA-BIENNALE_07-serie-di-8_1976.jpg?resize=350%2C200&ssl=1","width":350,"height":200,"srcset":"https:\/\/i0.wp.com\/www.biancoscuro.it\/site\/wp-content\/uploads\/2021\/01\/4.-Gianni-Melotti-GLI-ANGOLI-DELLA-BIENNALE_07-serie-di-8_1976.jpg?resize=350%2C200&ssl=1 1x, https:\/\/i0.wp.com\/www.biancoscuro.it\/site\/wp-content\/uploads\/2021\/01\/4.-Gianni-Melotti-GLI-ANGOLI-DELLA-BIENNALE_07-serie-di-8_1976.jpg?resize=525%2C300&ssl=1 1.5x, https:\/\/i0.wp.com\/www.biancoscuro.it\/site\/wp-content\/uploads\/2021\/01\/4.-Gianni-Melotti-GLI-ANGOLI-DELLA-BIENNALE_07-serie-di-8_1976.jpg?resize=700%2C400&ssl=1 2x"},"classes":[]},{"id":10283,"url":"https:\/\/www.biancoscuro.it\/site\/critica-darte-la-nuova-serie-della-storica-rivista-fondata-nel-1935-da-carlo-ludovico-ragghianti\/","url_meta":{"origin":12081,"position":3},"title":"CRITICA D&#8217;ARTE. La nuova serie della storica rivista fondata nel 1935 da Carlo Ludovico Ragghianti","author":"Chiara","date":"13 Gennaio 2020","format":false,"excerpt":"La Fondazione Ragghianti di Lucca pubblica in coedizione con la casa editrice Le Lettere la nuova serie della storica rivista CRITICA D'ARTE, fondata nel 1935 da Carlo Ludovico Ragghianti e Ranuccio Bianchi Bandinelli. La nuova serie viene presentata a Milano il 14 gennaio alle 18 presso la sede del Banco\u2026","rel":"","context":"In &quot;arte&quot;","block_context":{"text":"arte","link":"https:\/\/www.biancoscuro.it\/site\/category\/arte\/"},"img":{"alt_text":"","src":"https:\/\/i0.wp.com\/www.biancoscuro.it\/site\/wp-content\/uploads\/2020\/01\/cover-Critica-dArte.jpg?resize=350%2C200&ssl=1","width":350,"height":200,"srcset":"https:\/\/i0.wp.com\/www.biancoscuro.it\/site\/wp-content\/uploads\/2020\/01\/cover-Critica-dArte.jpg?resize=350%2C200&ssl=1 1x, https:\/\/i0.wp.com\/www.biancoscuro.it\/site\/wp-content\/uploads\/2020\/01\/cover-Critica-dArte.jpg?resize=525%2C300&ssl=1 1.5x, https:\/\/i0.wp.com\/www.biancoscuro.it\/site\/wp-content\/uploads\/2020\/01\/cover-Critica-dArte.jpg?resize=700%2C400&ssl=1 2x"},"classes":[]},{"id":9878,"url":"https:\/\/www.biancoscuro.it\/site\/il-viaggio-in-toscana-di-bellotto\/","url_meta":{"origin":12081,"position":4},"title":"Il viaggio in Toscana di Bellotto","author":"Chiara","date":"29 Ottobre 2019","format":false,"excerpt":"E' in corso alla Fondazione Ragghianti di Lucca fino al 6 gennaio 2020 la mostra Bernardo Bellotto 1740 Viaggio in Toscana, dedicata all\u2019eccelso pittore veneziano, nipote di Canaletto. Bernardo Bellotto, L'Arno verso il Ponte Vecchio, Firenze, 1743-1744 olio su tela, 73,3 x 105,7 cm Cambridge, Fitzwilliam Museum Curata da Bo\u017cena\u2026","rel":"","context":"In &quot;arte&quot;","block_context":{"text":"arte","link":"https:\/\/www.biancoscuro.it\/site\/category\/arte\/"},"img":{"alt_text":"","src":"https:\/\/i0.wp.com\/www.biancoscuro.it\/site\/wp-content\/uploads\/2019\/10\/1.Bernardo-Bellotto-Piazza-San-Martino-con-la-cattedrale-Lucca-1740-York-City-Art-Gallery.jpg?resize=350%2C200&ssl=1","width":350,"height":200,"srcset":"https:\/\/i0.wp.com\/www.biancoscuro.it\/site\/wp-content\/uploads\/2019\/10\/1.Bernardo-Bellotto-Piazza-San-Martino-con-la-cattedrale-Lucca-1740-York-City-Art-Gallery.jpg?resize=350%2C200&ssl=1 1x, https:\/\/i0.wp.com\/www.biancoscuro.it\/site\/wp-content\/uploads\/2019\/10\/1.Bernardo-Bellotto-Piazza-San-Martino-con-la-cattedrale-Lucca-1740-York-City-Art-Gallery.jpg?resize=525%2C300&ssl=1 1.5x, https:\/\/i0.wp.com\/www.biancoscuro.it\/site\/wp-content\/uploads\/2019\/10\/1.Bernardo-Bellotto-Piazza-San-Martino-con-la-cattedrale-Lucca-1740-York-City-Art-Gallery.jpg?resize=700%2C400&ssl=1 2x, https:\/\/i0.wp.com\/www.biancoscuro.it\/site\/wp-content\/uploads\/2019\/10\/1.Bernardo-Bellotto-Piazza-San-Martino-con-la-cattedrale-Lucca-1740-York-City-Art-Gallery.jpg?resize=1050%2C600&ssl=1 3x"},"classes":[]},{"id":10652,"url":"https:\/\/www.biancoscuro.it\/site\/click-art-lo-scatto-dellarte-una-nuova-attivita-didattica-della-fondazione-ragghianti-disponibile-sul-web\/","url_meta":{"origin":12081,"position":5},"title":"CLICK ART | lo scatto dell&#8217;arte","author":"Chiara","date":"28 Maggio 2020","format":false,"excerpt":"Una nuova attivit\u00e0 didattica della Fondazione Ragghianti disponibile sul web Nell\u2019impossibilit\u00e0 di svolgere \u201cin presenza\u201d i laboratori artistici che avrebbero coinvolto decine di classi delle scuole della provincia di Lucca, la Fondazione Ragghianti propone un progetto online per stimolare anche a distanza la curiosit\u00e0 e il desiderio di conoscenza dei\u2026","rel":"","context":"In &quot;arte&quot;","block_context":{"text":"arte","link":"https:\/\/www.biancoscuro.it\/site\/category\/arte\/"},"img":{"alt_text":"","src":"https:\/\/i0.wp.com\/www.biancoscuro.it\/site\/wp-content\/uploads\/2020\/05\/LAB-WEB-MODI-0.jpg?resize=350%2C200&ssl=1","width":350,"height":200,"srcset":"https:\/\/i0.wp.com\/www.biancoscuro.it\/site\/wp-content\/uploads\/2020\/05\/LAB-WEB-MODI-0.jpg?resize=350%2C200&ssl=1 1x, https:\/\/i0.wp.com\/www.biancoscuro.it\/site\/wp-content\/uploads\/2020\/05\/LAB-WEB-MODI-0.jpg?resize=525%2C300&ssl=1 1.5x, https:\/\/i0.wp.com\/www.biancoscuro.it\/site\/wp-content\/uploads\/2020\/05\/LAB-WEB-MODI-0.jpg?resize=700%2C400&ssl=1 2x"},"classes":[]}],"_links":{"self":[{"href":"https:\/\/www.biancoscuro.it\/site\/wp-json\/wp\/v2\/posts\/12081","targetHints":{"allow":["GET"]}}],"collection":[{"href":"https:\/\/www.biancoscuro.it\/site\/wp-json\/wp\/v2\/posts"}],"about":[{"href":"https:\/\/www.biancoscuro.it\/site\/wp-json\/wp\/v2\/types\/post"}],"author":[{"embeddable":true,"href":"https:\/\/www.biancoscuro.it\/site\/wp-json\/wp\/v2\/users\/917"}],"replies":[{"embeddable":true,"href":"https:\/\/www.biancoscuro.it\/site\/wp-json\/wp\/v2\/comments?post=12081"}],"version-history":[{"count":0,"href":"https:\/\/www.biancoscuro.it\/site\/wp-json\/wp\/v2\/posts\/12081\/revisions"}],"wp:featuredmedia":[{"embeddable":true,"href":"https:\/\/www.biancoscuro.it\/site\/wp-json\/wp\/v2\/media\/12091"}],"wp:attachment":[{"href":"https:\/\/www.biancoscuro.it\/site\/wp-json\/wp\/v2\/media?parent=12081"}],"wp:term":[{"taxonomy":"category","embeddable":true,"href":"https:\/\/www.biancoscuro.it\/site\/wp-json\/wp\/v2\/categories?post=12081"},{"taxonomy":"post_tag","embeddable":true,"href":"https:\/\/www.biancoscuro.it\/site\/wp-json\/wp\/v2\/tags?post=12081"}],"curies":[{"name":"wp","href":"https:\/\/api.w.org\/{rel}","templated":true}]}}