{"id":12152,"date":"2021-07-26T19:13:41","date_gmt":"2021-07-26T17:13:41","guid":{"rendered":"https:\/\/www.biancoscuro.it\/site\/?p=12152"},"modified":"2021-07-27T18:48:33","modified_gmt":"2021-07-27T16:48:33","slug":"la-cracking-art-che-incanta","status":"publish","type":"post","link":"https:\/\/www.biancoscuro.it\/site\/la-cracking-art-che-incanta\/","title":{"rendered":"La Cracking Art che incanta"},"content":{"rendered":"<span class=\"span-reading-time rt-reading-time\" style=\"display: block;\"><span class=\"rt-label rt-prefix\">\u23f0 lettura <\/span> <span class=\"rt-time\"> 3<\/span> <span class=\"rt-label rt-postfix\">min. <br><br><\/span><\/span>\n<div style=\"height:31px\" aria-hidden=\"true\" class=\"wp-block-spacer\"><\/div>\n\n\n\n<h2 class=\"wp-block-heading\"><em>Trieste animata dalle creature colorate<\/em><\/h2>\n\n\n\n<p>Una coloratissima Trieste ci accoglie nelle sue piazze e nelle sue vie con una novit\u00e0:<strong> la Cracking Art \u00e8 in citt\u00e0!<\/strong><\/p>\n\n\n\n<figure class=\"wp-block-image size-full\"><img loading=\"lazy\" decoding=\"async\" width=\"999\" height=\"666\" src=\"https:\/\/www.biancoscuro.it\/site\/wp-content\/uploads\/2021\/07\/MS-33.jpg\" alt=\"\" class=\"wp-image-12161\" srcset=\"https:\/\/www.biancoscuro.it\/site\/wp-content\/uploads\/2021\/07\/MS-33.jpg 999w, https:\/\/www.biancoscuro.it\/site\/wp-content\/uploads\/2021\/07\/MS-33-300x200.jpg 300w, https:\/\/www.biancoscuro.it\/site\/wp-content\/uploads\/2021\/07\/MS-33-768x512.jpg 768w, https:\/\/www.biancoscuro.it\/site\/wp-content\/uploads\/2021\/07\/MS-33-600x400.jpg 600w\" sizes=\"auto, (max-width: 999px) 100vw, 999px\" \/><\/figure>\n\n\n\n<p>Dopo gli ultimi successi a Teramo, San Benedetto del Tronto, e al Desert Botanical Garden di Phoenix, in Arizona, fino al 17 ottobre sar\u00e0 possibile ammirare le installazioni del famoso movimento di arte contemporanea, sia in spazi chiusi come il <strong>Salone degli Incanti,<\/strong> che negli spazi aperti, della citt\u00e0. Da piazza Hortis a piazza Cavana, piazza Verdi, piazza della Borsa; dal Palazzo della Cassa di Risparmio di Trieste a piazza Ponterosso a via delle Torri, fino a raggiungere l\u2019Hotel Hilton in piazza della Repubblica, ovvero <strong>nei luoghi pi\u00f9 significativi del capoluogo giuliano.&nbsp; <\/strong><\/p>\n\n\n\n<figure class=\"wp-block-image size-full\"><img loading=\"lazy\" decoding=\"async\" width=\"999\" height=\"666\" src=\"https:\/\/www.biancoscuro.it\/site\/wp-content\/uploads\/2021\/07\/MS-31.jpg\" alt=\"\" class=\"wp-image-12160\" srcset=\"https:\/\/www.biancoscuro.it\/site\/wp-content\/uploads\/2021\/07\/MS-31.jpg 999w, https:\/\/www.biancoscuro.it\/site\/wp-content\/uploads\/2021\/07\/MS-31-300x200.jpg 300w, https:\/\/www.biancoscuro.it\/site\/wp-content\/uploads\/2021\/07\/MS-31-768x512.jpg 768w, https:\/\/www.biancoscuro.it\/site\/wp-content\/uploads\/2021\/07\/MS-31-600x400.jpg 600w\" sizes=\"auto, (max-width: 999px) 100vw, 999px\" \/><\/figure>\n\n\n\n<p><strong>Sono oltre 120 e di diverse dimensioni, le coloratissime opere<\/strong> che compongono la mostra intitolata <strong><em>\u201cIncanto\u201d <\/em><\/strong>del Comune di Trieste, organizzata dal <em>Gruppo Arthemisia <\/em>e&nbsp; curata proprio dal collettivo <em>Cracking Art<\/em>.<\/p>\n\n\n\n<figure class=\"wp-block-image size-full\"><img loading=\"lazy\" decoding=\"async\" width=\"999\" height=\"666\" src=\"https:\/\/www.biancoscuro.it\/site\/wp-content\/uploads\/2021\/07\/MS-04.jpg\" alt=\"\" class=\"wp-image-12157\" srcset=\"https:\/\/www.biancoscuro.it\/site\/wp-content\/uploads\/2021\/07\/MS-04.jpg 999w, https:\/\/www.biancoscuro.it\/site\/wp-content\/uploads\/2021\/07\/MS-04-300x200.jpg 300w, https:\/\/www.biancoscuro.it\/site\/wp-content\/uploads\/2021\/07\/MS-04-768x512.jpg 768w, https:\/\/www.biancoscuro.it\/site\/wp-content\/uploads\/2021\/07\/MS-04-600x400.jpg 600w\" sizes=\"auto, (max-width: 999px) 100vw, 999px\" \/><\/figure>\n\n\n\n<p>Il titolo della mostra riprende il punto di partenza di questo percorso espositivo cittadino, che parte da un Salone degli Incanti quasi \u201cinvaso\u201d da tantissime chiocciole colorate, quasi a rendere il luogo magico.&nbsp;<\/p>\n\n\n\n<figure class=\"wp-block-image size-full\"><img loading=\"lazy\" decoding=\"async\" width=\"999\" height=\"666\" src=\"https:\/\/www.biancoscuro.it\/site\/wp-content\/uploads\/2021\/07\/MS-26.jpg\" alt=\"\" class=\"wp-image-12159\" srcset=\"https:\/\/www.biancoscuro.it\/site\/wp-content\/uploads\/2021\/07\/MS-26.jpg 999w, https:\/\/www.biancoscuro.it\/site\/wp-content\/uploads\/2021\/07\/MS-26-300x200.jpg 300w, https:\/\/www.biancoscuro.it\/site\/wp-content\/uploads\/2021\/07\/MS-26-768x512.jpg 768w, https:\/\/www.biancoscuro.it\/site\/wp-content\/uploads\/2021\/07\/MS-26-600x400.jpg 600w\" sizes=\"auto, (max-width: 999px) 100vw, 999px\" \/><\/figure>\n\n\n\n<p>\u00c9 possibile prenotare una visita guidata (gratuita tutte le domeniche, alle ore 11.00), proprio <strong>come se la mostra fosse in un normale museo<\/strong>, per scoprire tutte le opere in giro per la citt\u00e0: <strong>chiocciole, rondini, conigli, coccodrilli, elefanti, pinguini, lupi e rane<\/strong>, parlano di rispetto per la natura e di attenzione per l\u2019ambiente. La plastica, infatti, si trasforma e si rende mezzo di comunicazione: da semplice materiale di uso comune e sostanza potenzialmente dannosa per l\u2019ambiente, diventa elemento decorativo e fonte di ispirazione. <\/p>\n\n\n\n<figure class=\"wp-block-image size-full\"><img loading=\"lazy\" decoding=\"async\" width=\"999\" height=\"666\" src=\"https:\/\/www.biancoscuro.it\/site\/wp-content\/uploads\/2021\/07\/MS-01.jpg\" alt=\"\" class=\"wp-image-12156\" srcset=\"https:\/\/www.biancoscuro.it\/site\/wp-content\/uploads\/2021\/07\/MS-01.jpg 999w, https:\/\/www.biancoscuro.it\/site\/wp-content\/uploads\/2021\/07\/MS-01-300x200.jpg 300w, https:\/\/www.biancoscuro.it\/site\/wp-content\/uploads\/2021\/07\/MS-01-768x512.jpg 768w, https:\/\/www.biancoscuro.it\/site\/wp-content\/uploads\/2021\/07\/MS-01-600x400.jpg 600w\" sizes=\"auto, (max-width: 999px) 100vw, 999px\" \/><\/figure>\n\n\n\n<p><strong><em>Cracking Art \u00e8 infatti noto nel mondo per la sua attenzione all\u2019ambiente<\/em><\/strong>, per il suo forte impegno e per la pratica della rigenerazione che ha reso iconiche le sue creazioni. Troppo spesso si demonizzano i materiali plastici generalizzando, e senza rendersi conto che la maggior parte del danno viene fatto da chi non la smaltisce o ricicla in maniera attenta e consapevole. <strong>Rigenerare la plastica significa infatti sottrarla alla distruzione tossica e devastante per l\u2019ambiente donandole nuova vita<\/strong>, e farne delle opere d\u2019arte significa comunicare attraverso un linguaggio estetico innovativo.<\/p>\n\n\n\n<figure class=\"wp-block-image size-full\"><img loading=\"lazy\" decoding=\"async\" width=\"999\" height=\"666\" src=\"https:\/\/www.biancoscuro.it\/site\/wp-content\/uploads\/2021\/07\/MS-09.jpg\" alt=\"\" class=\"wp-image-12158\" srcset=\"https:\/\/www.biancoscuro.it\/site\/wp-content\/uploads\/2021\/07\/MS-09.jpg 999w, https:\/\/www.biancoscuro.it\/site\/wp-content\/uploads\/2021\/07\/MS-09-300x200.jpg 300w, https:\/\/www.biancoscuro.it\/site\/wp-content\/uploads\/2021\/07\/MS-09-768x512.jpg 768w, https:\/\/www.biancoscuro.it\/site\/wp-content\/uploads\/2021\/07\/MS-09-600x400.jpg 600w\" sizes=\"auto, (max-width: 999px) 100vw, 999px\" \/><\/figure>\n\n\n\n<p>Le opere di Cracking Art vogliono sollecitare <strong>una riflessione collettiva<\/strong> sui temi dell\u2019effetto antropico sull\u2019ambiente naturale tramite queste azioni coinvolgenti, ecco perch\u00e9 la scelta di creare animali ingigantiti e colorati. La mostra \u00e8 pensata e voluta gratuita e all\u2019aperto, proprio perch\u00e9 possa essere alla portata di tutti, <strong>stimolando le reazioni e l\u2019attenzione verso importanti tematiche di interesse sociale<\/strong>. <em>&nbsp;<\/em><\/p>\n\n\n\n<figure class=\"wp-block-image size-large\"><img loading=\"lazy\" decoding=\"async\" width=\"1024\" height=\"682\" src=\"https:\/\/www.biancoscuro.it\/site\/wp-content\/uploads\/2021\/07\/MS-30-1024x682.jpg\" alt=\"\" class=\"wp-image-12153\" srcset=\"https:\/\/www.biancoscuro.it\/site\/wp-content\/uploads\/2021\/07\/MS-30-1024x682.jpg 1024w, https:\/\/www.biancoscuro.it\/site\/wp-content\/uploads\/2021\/07\/MS-30-300x200.jpg 300w, https:\/\/www.biancoscuro.it\/site\/wp-content\/uploads\/2021\/07\/MS-30-768x512.jpg 768w, https:\/\/www.biancoscuro.it\/site\/wp-content\/uploads\/2021\/07\/MS-30-600x400.jpg 600w, https:\/\/www.biancoscuro.it\/site\/wp-content\/uploads\/2021\/07\/MS-30-1536x1023.jpg 1536w, https:\/\/www.biancoscuro.it\/site\/wp-content\/uploads\/2021\/07\/MS-30-1320x880.jpg 1320w, https:\/\/www.biancoscuro.it\/site\/wp-content\/uploads\/2021\/07\/MS-30.jpg 1999w\" sizes=\"auto, (max-width: 1024px) 100vw, 1024px\" \/><\/figure>\n\n\n\n<pre class=\"wp-block-preformatted\"><strong>Incanto - Cracking Art\n<\/strong>03 luglio - 17 ottobre 2021\nSalone degli Incanti, Trieste\n\nDa luned\u00ec a domenica 10.00 - 20.00\n\nwww.triestecultura.it\n<\/pre>\n","protected":false},"excerpt":{"rendered":"<p><span class=\"span-reading-time rt-reading-time\" style=\"display: block;\"><span class=\"rt-label rt-prefix\">\u23f0 lettura <\/span> <span class=\"rt-time\"> 3<\/span> <span class=\"rt-label rt-postfix\">min. <\/p>\n<p><\/span><\/span>Trieste animata dalle creature colorate Una coloratissima Trieste ci accoglie nelle sue piazze e nelle sue vie con una novit\u00e0: la Cracking Art \u00e8 in citt\u00e0! Dopo gli ultimi successi a Teramo, San Benedetto del Tronto, e al Desert Botanical Garden di Phoenix, in Arizona, fino al 17 ottobre sar\u00e0 possibile ammirare le installazioni del&hellip;&nbsp;<a href=\"https:\/\/www.biancoscuro.it\/site\/la-cracking-art-che-incanta\/\" rel=\"bookmark\">Leggi tutto &raquo;<span class=\"screen-reader-text\">La Cracking Art che incanta<\/span><\/a><\/p>\n","protected":false},"author":1032,"featured_media":12153,"comment_status":"closed","ping_status":"closed","sticky":false,"template":"","format":"standard","meta":{"neve_meta_sidebar":"","neve_meta_container":"","neve_meta_enable_content_width":"","neve_meta_content_width":0,"neve_meta_title_alignment":"","neve_meta_author_avatar":"","neve_post_elements_order":"","neve_meta_disable_header":"","neve_meta_disable_footer":"","neve_meta_disable_title":"","advanced_seo_description":"","jetpack_seo_html_title":"","jetpack_seo_noindex":false,"footnotes":""},"categories":[5],"tags":[],"class_list":["post-12152","post","type-post","status-publish","format-standard","has-post-thumbnail","hentry","category-arte"],"jetpack_featured_media_url":"https:\/\/www.biancoscuro.it\/site\/wp-content\/uploads\/2021\/07\/MS-30.jpg","jetpack_sharing_enabled":true,"jetpack-related-posts":[{"id":10080,"url":"https:\/\/www.biancoscuro.it\/site\/biancoscuro-leditoriale-di-dicembre-2019-gennaio-2020\/","url_meta":{"origin":12152,"position":0},"title":"BIANCOSCURO, l\u2019editoriale di dicembre 2019 &#8211; gennaio 2020","author":"Vincenzo Chetta","date":"2 Dicembre 2019","format":false,"excerpt":"Anche questo 2019 sta finendo e, come di consueto nello scrivere l\u2019ultimo numero dell\u2019anno, volgiamo uno sguardo indietro per gettare le basi per il nuovo anno che arriver\u00e0. Non voglio essere banale o retorico, ma non posso esimermi dal pensare ai fatti di novembre, un mese terribile per l\u2019Italia per\u2026","rel":"","context":"In &quot;art magazine&quot;","block_context":{"text":"art magazine","link":"https:\/\/www.biancoscuro.it\/site\/category\/art-magazine\/"},"img":{"alt_text":"","src":"https:\/\/i0.wp.com\/www.biancoscuro.it\/site\/wp-content\/uploads\/2019\/12\/Piazza-San-Marco-Venezia-900.jpg?resize=350%2C200&ssl=1","width":350,"height":200,"srcset":"https:\/\/i0.wp.com\/www.biancoscuro.it\/site\/wp-content\/uploads\/2019\/12\/Piazza-San-Marco-Venezia-900.jpg?resize=350%2C200&ssl=1 1x, https:\/\/i0.wp.com\/www.biancoscuro.it\/site\/wp-content\/uploads\/2019\/12\/Piazza-San-Marco-Venezia-900.jpg?resize=525%2C300&ssl=1 1.5x, https:\/\/i0.wp.com\/www.biancoscuro.it\/site\/wp-content\/uploads\/2019\/12\/Piazza-San-Marco-Venezia-900.jpg?resize=700%2C400&ssl=1 2x"},"classes":[]},{"id":12346,"url":"https:\/\/www.biancoscuro.it\/site\/semi-vuoi-bene-alberta-piazza-e-sergio-vecia\/","url_meta":{"origin":12152,"position":1},"title":"SEMI VUOI BENE &#8211; Alberta Piazza e Sergio Vecia","author":"Roberta Melasecca","date":"3 Ottobre 2021","format":false,"excerpt":"Il giorno 9 ottobre 2021 alle ore 11.00, inaugura presso gli spazi della Ex Cartiera Latina la mostra SEMI VUOI BENE di Alberta Piazza e Sergio Vecia, con un testo critico a cura di Roberta Melasecca.\u00a0 SEMI VUOI BENE \u00e8 un progetto che nasce dalla precedente mostra SEMidei, presentata nel\u2026","rel":"","context":"In &quot;arte&quot;","block_context":{"text":"arte","link":"https:\/\/www.biancoscuro.it\/site\/category\/arte\/"},"img":{"alt_text":"","src":"https:\/\/i0.wp.com\/www.biancoscuro.it\/site\/wp-content\/uploads\/2021\/10\/locandina-copia.jpeg?resize=350%2C200&ssl=1","width":350,"height":200,"srcset":"https:\/\/i0.wp.com\/www.biancoscuro.it\/site\/wp-content\/uploads\/2021\/10\/locandina-copia.jpeg?resize=350%2C200&ssl=1 1x, https:\/\/i0.wp.com\/www.biancoscuro.it\/site\/wp-content\/uploads\/2021\/10\/locandina-copia.jpeg?resize=525%2C300&ssl=1 1.5x, https:\/\/i0.wp.com\/www.biancoscuro.it\/site\/wp-content\/uploads\/2021\/10\/locandina-copia.jpeg?resize=700%2C400&ssl=1 2x"},"classes":[]},{"id":8768,"url":"https:\/\/www.biancoscuro.it\/site\/michele-marinaccio-dicotomo-punto-rosso\/","url_meta":{"origin":12152,"position":2},"title":"Michele Marinaccio. Dic\u00f2tomo &#8211; Punto rosso","author":"Roberta Melasecca","date":"27 Febbraio 2019","format":false,"excerpt":"Il giorno 6 marzo 2019 alle ore 18.30 inaugura, presso gli spazi di 28 Piazza di Pietra Fine Art Gallery, la mostra Dic\u00f2tomo - Punto rosso di Michele Marinaccio a cura di Roberta Melasecca.\u00a0 In mostra una serie di lavori pittorici e fotografici, pensati specificatamente per la galleria, nella quale\u2026","rel":"","context":"In &quot;arte&quot;","block_context":{"text":"arte","link":"https:\/\/www.biancoscuro.it\/site\/category\/arte\/"},"img":{"alt_text":"","src":"https:\/\/i0.wp.com\/www.biancoscuro.it\/site\/wp-content\/uploads\/2019\/02\/michele-marinaccio-copia.jpg?resize=350%2C200&ssl=1","width":350,"height":200,"srcset":"https:\/\/i0.wp.com\/www.biancoscuro.it\/site\/wp-content\/uploads\/2019\/02\/michele-marinaccio-copia.jpg?resize=350%2C200&ssl=1 1x, https:\/\/i0.wp.com\/www.biancoscuro.it\/site\/wp-content\/uploads\/2019\/02\/michele-marinaccio-copia.jpg?resize=525%2C300&ssl=1 1.5x, https:\/\/i0.wp.com\/www.biancoscuro.it\/site\/wp-content\/uploads\/2019\/02\/michele-marinaccio-copia.jpg?resize=700%2C400&ssl=1 2x"},"classes":[]},{"id":8523,"url":"https:\/\/www.biancoscuro.it\/site\/semidei-alberta-piazza-e-sergio-vecia\/","url_meta":{"origin":12152,"position":3},"title":"SEMIdei  &#8211; Alberta Piazza e Sergio Vecia","author":"Roberta Melasecca","date":"14 Gennaio 2019","format":false,"excerpt":"SEMIdei Alberta Piazza e Sergio Vecia A cura di Roberta Melasecca Inaugurazione 22 gennaio 2019 ore 17.00 | Galleria Il Laboratorio | Roma Dal 22 al 27 gennaio 2019 Il giorno 22 gennaio 2019 alle ore 17.00, la Galleria Il Laboratorio presenta la mostra SEMIdei di Alberta Piazza e Sergio\u2026","rel":"","context":"In &quot;art magazine&quot;","block_context":{"text":"art magazine","link":"https:\/\/www.biancoscuro.it\/site\/category\/art-magazine\/"},"img":{"alt_text":"","src":"https:\/\/i0.wp.com\/www.biancoscuro.it\/site\/wp-content\/uploads\/2019\/01\/immagine-semidei.jpg?resize=350%2C200&ssl=1","width":350,"height":200,"srcset":"https:\/\/i0.wp.com\/www.biancoscuro.it\/site\/wp-content\/uploads\/2019\/01\/immagine-semidei.jpg?resize=350%2C200&ssl=1 1x, https:\/\/i0.wp.com\/www.biancoscuro.it\/site\/wp-content\/uploads\/2019\/01\/immagine-semidei.jpg?resize=525%2C300&ssl=1 1.5x, https:\/\/i0.wp.com\/www.biancoscuro.it\/site\/wp-content\/uploads\/2019\/01\/immagine-semidei.jpg?resize=700%2C400&ssl=1 2x"},"classes":[]},{"id":2684,"url":"https:\/\/www.biancoscuro.it\/site\/il-colore-degli-sfrattati\/","url_meta":{"origin":12152,"position":4},"title":"IL COLORE DEGLI SFRATTATI","author":"Redazione BIANCOSCURO","date":"15 Maggio 2015","format":false,"excerpt":"Rita Vitaloni con le opere del progetto IL COLORE DEGLI SFRATTATI sar\u00e0 presente a: EXPO IN CITT\u00c0, in EXPO Milano 2015, piattaforma culturale che il Comune e la Camera di Commercio di Milano hanno voluto affiancare al Padiglione Italia destinato all\u2019alimentazione. L\u2019Arte e il Tempo \u00e8 l\u2019official event, ideato da\u2026","rel":"","context":"In &quot;arte&quot;","block_context":{"text":"arte","link":"https:\/\/www.biancoscuro.it\/site\/category\/arte\/"},"img":{"alt_text":"","src":"https:\/\/i0.wp.com\/www.biancoscuro.it\/site\/wp-content\/uploads\/2015\/05\/EXPo1.jpg?resize=350%2C200&ssl=1","width":350,"height":200,"srcset":"https:\/\/i0.wp.com\/www.biancoscuro.it\/site\/wp-content\/uploads\/2015\/05\/EXPo1.jpg?resize=350%2C200&ssl=1 1x, https:\/\/i0.wp.com\/www.biancoscuro.it\/site\/wp-content\/uploads\/2015\/05\/EXPo1.jpg?resize=525%2C300&ssl=1 1.5x, https:\/\/i0.wp.com\/www.biancoscuro.it\/site\/wp-content\/uploads\/2015\/05\/EXPo1.jpg?resize=700%2C400&ssl=1 2x"},"classes":[]},{"id":9548,"url":"https:\/\/www.biancoscuro.it\/site\/il-colore-nelle-operazioni-finanziarie\/","url_meta":{"origin":12152,"position":5},"title":"Il colore nelle operazioni finanziarie","author":"Redazione BIANCOSCURO","date":"25 Luglio 2019","format":false,"excerpt":"Un elefante e un coccodrillo immortalati\u00a0in 2 preziose sculture in plexiglass, realizzate in edizione limitata dall\u2019artista Renzo Nucara, sono le ultime opere entrate nella prestigiosa collezione della Societ\u00e0 Polis Fondi SGR di Milano. Un sodalizio che da sette anni continua ad arricchirsi di\u00a0tombstone artistici\u00a0a suggello del lancio dei fondi di\u2026","rel":"","context":"In &quot;arte&quot;","block_context":{"text":"arte","link":"https:\/\/www.biancoscuro.it\/site\/category\/arte\/"},"img":{"alt_text":"","src":"https:\/\/i0.wp.com\/www.biancoscuro.it\/site\/wp-content\/uploads\/2019\/07\/polisNUCARA2.jpg?resize=350%2C200&ssl=1","width":350,"height":200,"srcset":"https:\/\/i0.wp.com\/www.biancoscuro.it\/site\/wp-content\/uploads\/2019\/07\/polisNUCARA2.jpg?resize=350%2C200&ssl=1 1x, https:\/\/i0.wp.com\/www.biancoscuro.it\/site\/wp-content\/uploads\/2019\/07\/polisNUCARA2.jpg?resize=525%2C300&ssl=1 1.5x, https:\/\/i0.wp.com\/www.biancoscuro.it\/site\/wp-content\/uploads\/2019\/07\/polisNUCARA2.jpg?resize=700%2C400&ssl=1 2x"},"classes":[]}],"_links":{"self":[{"href":"https:\/\/www.biancoscuro.it\/site\/wp-json\/wp\/v2\/posts\/12152","targetHints":{"allow":["GET"]}}],"collection":[{"href":"https:\/\/www.biancoscuro.it\/site\/wp-json\/wp\/v2\/posts"}],"about":[{"href":"https:\/\/www.biancoscuro.it\/site\/wp-json\/wp\/v2\/types\/post"}],"author":[{"embeddable":true,"href":"https:\/\/www.biancoscuro.it\/site\/wp-json\/wp\/v2\/users\/1032"}],"replies":[{"embeddable":true,"href":"https:\/\/www.biancoscuro.it\/site\/wp-json\/wp\/v2\/comments?post=12152"}],"version-history":[{"count":0,"href":"https:\/\/www.biancoscuro.it\/site\/wp-json\/wp\/v2\/posts\/12152\/revisions"}],"wp:featuredmedia":[{"embeddable":true,"href":"https:\/\/www.biancoscuro.it\/site\/wp-json\/wp\/v2\/media\/12153"}],"wp:attachment":[{"href":"https:\/\/www.biancoscuro.it\/site\/wp-json\/wp\/v2\/media?parent=12152"}],"wp:term":[{"taxonomy":"category","embeddable":true,"href":"https:\/\/www.biancoscuro.it\/site\/wp-json\/wp\/v2\/categories?post=12152"},{"taxonomy":"post_tag","embeddable":true,"href":"https:\/\/www.biancoscuro.it\/site\/wp-json\/wp\/v2\/tags?post=12152"}],"curies":[{"name":"wp","href":"https:\/\/api.w.org\/{rel}","templated":true}]}}