{"id":12263,"date":"2021-09-10T15:27:40","date_gmt":"2021-09-10T13:27:40","guid":{"rendered":"https:\/\/www.biancoscuro.it\/site\/?p=12263"},"modified":"2021-09-13T09:24:57","modified_gmt":"2021-09-13T07:24:57","slug":"arteporto-fuori-confine","status":"publish","type":"post","link":"https:\/\/www.biancoscuro.it\/site\/arteporto-fuori-confine\/","title":{"rendered":"ARTEPORTO | Fuori Confine"},"content":{"rendered":"<span class=\"span-reading-time rt-reading-time\" style=\"display: block;\"><span class=\"rt-label rt-prefix\">\u23f0 lettura <\/span> <span class=\"rt-time\"> 3<\/span> <span class=\"rt-label rt-postfix\">min. <br><br><\/span><\/span>\n<figure class=\"wp-block-image size-full\"><img loading=\"lazy\" decoding=\"async\" width=\"850\" height=\"567\" src=\"https:\/\/www.biancoscuro.it\/site\/wp-content\/uploads\/2021\/09\/arteporto-fuori-confine.jpg\" alt=\"\" class=\"wp-image-12264\" srcset=\"https:\/\/www.biancoscuro.it\/site\/wp-content\/uploads\/2021\/09\/arteporto-fuori-confine.jpg 850w, https:\/\/www.biancoscuro.it\/site\/wp-content\/uploads\/2021\/09\/arteporto-fuori-confine-300x200.jpg 300w, https:\/\/www.biancoscuro.it\/site\/wp-content\/uploads\/2021\/09\/arteporto-fuori-confine-768x512.jpg 768w, https:\/\/www.biancoscuro.it\/site\/wp-content\/uploads\/2021\/09\/arteporto-fuori-confine-600x400.jpg 600w\" sizes=\"auto, (max-width: 850px) 100vw, 850px\" \/><\/figure>\n\n\n\n<div style=\"height:27px\" aria-hidden=\"true\" class=\"wp-block-spacer\"><\/div>\n\n\n\n<p>Dopo il successo delle precedenti edizioni (2016 e 2018), la terza mostra d\u2019arte contemporanea <strong>Arteporto | Fuori Confine<\/strong> si apre quest\u2019anno alla collaborazione con importanti enti, accademie e istituzioni territoriali: promossa da <em>GAF &#8211; Glocal Art Factory APS<\/em>, si avvale del contributo del Consiglio Regionale del Lazio, del contributo e del patrocinio del Comune di Fiumicino, della collaborazione con il Parco archeologico di Ostia antica, da sempre partner del progetto, nonch\u00e9 dell\u2019Accademia di Romania, dell\u2019Accademia di Ungheria, della Temple University Rome Campus, della RUFA &#8211; Rome University of Fine Arts, dell&#8217;Accademia di Belle Arti di Roma, dell\u2019Accademia di Belle Arti di Frosinone e di Terra Arte &#8211; Parco di scultura contemporanea.&nbsp;<\/p>\n\n\n\n<p>Il tema di Arteporto 2021, \u201cFuori Confine\u201d, parte, infatti, dalle necessit\u00e0 di uscire dai propri spazi sicuri, di andare oltre, ritrovando nel lavoro a pi\u00f9 mani un nuovo slancio vitale, dopo questo periodo di isolamento, che ci aiuti a ripensare al mondo come comunit\u00e0. Inoltre, <em>Fuori Confine<\/em> rilancia la millenaria vocazione di \u201cporta di Roma sul mondo\u201d che caratterizza l\u2019area ospitante la mostra: prima sede degli antichi porti imperiali, oggi, in buona parte, dello scalo aereo internazionale di Fiumicino. Una zona di (s)confine, di partenza e accoglienza, che da secoli mette in relazione genti, luoghi, identit\u00e0 e culture differenti.<\/p>\n\n\n\n<p>Negli spazi aperti della meravigliosa area archeologica dei Porti Imperiali di Claudio e Traiano, la mostra costituir\u00e0 ancora una volta un importante momento di confronto in ambito artistico e, allo stesso tempo, stabilir\u00e0 con il territorio del litorale un legame interattivo, di appartenenza e partecipazione. La mostra si presenta come un fuori confine espositivo: le opere escono dagli spazi chiusi degli studi e delle gallerie per essere collocate all\u2019aperto a diretto contatto con la rigogliosa vegetazione e all\u2019azione degli agenti atmosferici, immerse in una storia millenaria potentemente evocata dai monumentali resti archeologici presenti nel sito. \u00c8 anche un fuori confine generazionale, con artisti di ogni et\u00e0, dagli studenti delle Accademie di Belle Arti, selezionati dai loro docenti, ad artisti di fama e esperienza decennale. Un sentire che inevitabilmente sfocia in un altro fuori confine diffuso nell\u2019esposizione, quello della paralizzante pandemia che da quasi due anni condiziona la vita umana dell\u2019intero pianeta e da cui, attraverso mille difficolt\u00e0, si cerca di andare oltre.&nbsp;<\/p>\n\n\n\n<p>Gli artisti invitati, partecipando fisicamente e concettualmente a questa moltitudine mobile, offriranno, attraverso le loro opere site specific, formazioni e sensibilit\u00e0 creative forgiate dalla propria storia personale e professionale, da quella del paese di appartenenza, dall\u2019insieme dialettico di conoscenze, valori, simboli e norme della societ\u00e0 in cui hanno vissuto; un universo culturale e generazionale che a contatto con esperienze diverse innesca cortocircuiti e inedite riflessioni proponendo una lettura dello spazio trasversale, capace di valorizzare le differenze esaltandone tangenze o conflitti.<\/p>\n\n\n\n<p><strong><em>Artisti e artiste partecipanti<\/em><\/strong><\/p>\n\n\n\n<p>Pasquale Altieri, Santo Alessandro Badolato, Luigi Battisti, Flavia Bellavia, Paolo Bielli, Enrico Borghini, Carlo Brignola, Gianmaria Brizzi, Flavia Bucci, Caltanino, Tommaso Cascella, Angelo Colagrossi, Publia Cruciani, Mauro Cuppone, Cecilia De Paolis, Yvonne Ekman, Stefania Fabrizi, David Fagioli, Marco Fioramanti, Gianluca Fiorentini, Nazzareno Flenghi, Elizabeth Frolet, Pino Genovese, Marina Haas, Alfonso Maria Isonzo, Susanne Kessler, Antonio La Rosa, Giovanni Longo, Franco Losvizzero, Mauro Magni, Elisa Majnoni, Susanna Micozzi, Valentina Palazzari, Alberto Parres, Francesco Petrone, Ascanio Renda, Josse Renda, Giulia Ripandelli, Massimo Ruiu, Sandro Scarmiglia, Thomas Spielmann, Alberto Timossi, Mara van Wees, Fiorenzo Zaffina, Giulia Zincone.<\/p>\n\n\n\n<p><strong><em>Accademie e Istituzioni partecipanti<\/em><\/strong><\/p>\n\n\n\n<p>Accademia di Romania: Alexandra Oancea; Accademia di Ungheria: Erzs\u00e9bet Pal\u00e1sti; Temple University Rome Campus: Marina Buening, Anita Guerra, Katherine Krizek, Liana Miuccio; RUFA &#8211; Rome University of Fine Arts: Emma Brunelli, Camilla Gurgone, Anica Huck, Cem Kanyar, Amedeo Longo, Alessandro Martina, Davide Miceli, Gianluca Ricco, Annalisa Welzhofer; Accademia di Belle Arti di Frosinone: Mattia Abballe; Giulia Apice; Ludovica Colanera; Simone Compagno; Chiara Crescenzi, Chiara Di Pofi, Alessandra Galanti, Veronica Neri, Cristiana Pagliarella, Manuel Picozzi, Maria Elena Piroli; Accademia di Belle Arti di Roma: Leonardo Ciotti, Giulio Martellotti, Caterina Sammartino, Gianmarco Savioli.<\/p>\n\n\n\n<div style=\"height:26px\" aria-hidden=\"true\" class=\"wp-block-spacer\"><\/div>\n\n\n\n<pre class=\"wp-block-preformatted\"><strong>INFO<\/strong>\n<strong>ARTEPORTO | Fuori Confine<\/strong>\na cura di Sandro Polo e Silvia Calvarese\n\n<strong>Inaugurazione<\/strong> <strong>sabato 18 settembre 2021 ore 11.00<\/strong>\n\n<strong>Porti Imperiali di Claudio e Traiano - Parco archeologico di Ostia antica<\/strong>\nVia Portuense 2329, Fiumicino (RM)\n\nConvenzione con i parcheggi di fronte all\u2019ingresso del sito:\nKingparking (tariffa 5\u20ac x 4 ore), Park and Fly (tariffa 4 per 4 ore)\n\n<strong>Fino al 17 ottobre 2021<\/strong>\n<strong>Giorni e orari:<\/strong>\n18, 19, 23, 24, 25, 26, 30 settembre dalle 10.00 alle 18.00\n2, 3, 7, 8, 9, 10, 14, 16, 17 ottobre dalle 10.00 alle 18.00\nIngresso libero - \u00e8 richiesto il Green Pass\n\n<strong>GAF - Glocal Art Factory APS<\/strong>\ngaf.factory@gmail.com\nwww.gaf-arte.com\n\npromossa da GAF - Glocal Art Factory APS\ncon il contributo del Consiglio Regionale del Lazio\ncon il contributo e il patrocinio del Comune di Fiumicino\nin collaborazione con Parco archeologico di Ostia antica, Accademia di Romania, Accademia di Ungheria, Temple University Rome Campus, RUFA - Rome University of Fine Arts, Accademia di Belle Arti di Roma, Accademia di Belle Arti di Frosinone, Terra Arte - Parco di scultura contemporanea, Casale del Giglio. \n<\/pre>\n","protected":false},"excerpt":{"rendered":"<p><span class=\"span-reading-time rt-reading-time\" style=\"display: block;\"><span class=\"rt-label rt-prefix\">\u23f0 lettura <\/span> <span class=\"rt-time\"> 3<\/span> <span class=\"rt-label rt-postfix\">min. <\/p>\n<p><\/span><\/span>Dopo il successo delle precedenti edizioni (2016 e 2018), la terza mostra d\u2019arte contemporanea Arteporto | Fuori Confine si apre quest\u2019anno alla collaborazione con importanti enti, accademie e istituzioni territoriali: promossa da GAF &#8211; Glocal Art Factory APS, si avvale del contributo del Consiglio Regionale del Lazio, del contributo e del patrocinio del Comune di&hellip;&nbsp;<a href=\"https:\/\/www.biancoscuro.it\/site\/arteporto-fuori-confine\/\" rel=\"bookmark\">Leggi tutto &raquo;<span class=\"screen-reader-text\">ARTEPORTO | Fuori Confine<\/span><\/a><\/p>\n","protected":false},"author":980,"featured_media":12264,"comment_status":"closed","ping_status":"closed","sticky":false,"template":"","format":"standard","meta":{"neve_meta_sidebar":"","neve_meta_container":"","neve_meta_enable_content_width":"","neve_meta_content_width":0,"neve_meta_title_alignment":"","neve_meta_author_avatar":"","neve_post_elements_order":"","neve_meta_disable_header":"","neve_meta_disable_footer":"","neve_meta_disable_title":"","advanced_seo_description":"","jetpack_seo_html_title":"","jetpack_seo_noindex":false,"footnotes":""},"categories":[5,26,334,24],"tags":[],"class_list":["post-12263","post","type-post","status-publish","format-standard","has-post-thumbnail","hentry","category-arte","category-eventi","category-installazioni","category-mostre"],"jetpack_featured_media_url":"https:\/\/www.biancoscuro.it\/site\/wp-content\/uploads\/2021\/09\/arteporto-fuori-confine.jpg","jetpack_sharing_enabled":true,"jetpack-related-posts":[{"id":17955,"url":"https:\/\/www.biancoscuro.it\/site\/larte-come-ponte-generazionale-la-collaborazione-tra-laccademia-di-belle-arti-di-roma-e-la-mostra-iosonovulnerabile-di-sergio-mario-illuminato\/","url_meta":{"origin":12263,"position":0},"title":"L\u2019arte come ponte generazionale","author":"Roberta Melasecca","date":"28 Dicembre 2024","format":false,"excerpt":"La collaborazione tra l\u2019Accademia di Belle Arti di Roma e la mostra iosonovulnerabile di Sergio Mario Illuminato Michele Vasca La mostra iosonovulnerabile di Sergio Mario Illuminato rappresenta un esempio di come l\u2019arte contemporanea possa fungere da catalizzatore per il dialogo tra generazioni, culture e discipline. Questo progetto transdisciplinare, che ha\u2026","rel":"","context":"In &quot;arte&quot;","block_context":{"text":"arte","link":"https:\/\/www.biancoscuro.it\/site\/category\/arte\/"},"img":{"alt_text":"","src":"https:\/\/i0.wp.com\/www.biancoscuro.it\/site\/wp-content\/uploads\/2024\/12\/Michele-Vasca-1.jpg?resize=350%2C200&ssl=1","width":350,"height":200,"srcset":"https:\/\/i0.wp.com\/www.biancoscuro.it\/site\/wp-content\/uploads\/2024\/12\/Michele-Vasca-1.jpg?resize=350%2C200&ssl=1 1x, https:\/\/i0.wp.com\/www.biancoscuro.it\/site\/wp-content\/uploads\/2024\/12\/Michele-Vasca-1.jpg?resize=525%2C300&ssl=1 1.5x, https:\/\/i0.wp.com\/www.biancoscuro.it\/site\/wp-content\/uploads\/2024\/12\/Michele-Vasca-1.jpg?resize=700%2C400&ssl=1 2x"},"classes":[]},{"id":8528,"url":"https:\/\/www.biancoscuro.it\/site\/latelier-di-giuliana-silvestrini\/","url_meta":{"origin":12263,"position":1},"title":"L\u2019Atelier di Giuliana Silvestrini","author":"Roberta Melasecca","date":"15 Gennaio 2019","format":false,"excerpt":"L\u2019Atelier di Giuliana Silvestrini Mostra personale Via Fabio Filzi 40 \u2013 presso La Piazza del Duomo Monterotondo (RM) Dal 19 al 20 gennaio 2019 Giuliana Silvestrini apre il suo Atelier nel centro storico di Monterotondo, in via Fabio Filzi 40, con una personale che rappresenta la sintesi del suo percorso\u2026","rel":"","context":"In &quot;arte&quot;","block_context":{"text":"arte","link":"https:\/\/www.biancoscuro.it\/site\/category\/arte\/"},"img":{"alt_text":"","src":"https:\/\/i0.wp.com\/www.biancoscuro.it\/site\/wp-content\/uploads\/2019\/01\/met-in-giallo-part.jpeg?resize=350%2C200&ssl=1","width":350,"height":200,"srcset":"https:\/\/i0.wp.com\/www.biancoscuro.it\/site\/wp-content\/uploads\/2019\/01\/met-in-giallo-part.jpeg?resize=350%2C200&ssl=1 1x, https:\/\/i0.wp.com\/www.biancoscuro.it\/site\/wp-content\/uploads\/2019\/01\/met-in-giallo-part.jpeg?resize=525%2C300&ssl=1 1.5x, https:\/\/i0.wp.com\/www.biancoscuro.it\/site\/wp-content\/uploads\/2019\/01\/met-in-giallo-part.jpeg?resize=700%2C400&ssl=1 2x, https:\/\/i0.wp.com\/www.biancoscuro.it\/site\/wp-content\/uploads\/2019\/01\/met-in-giallo-part.jpeg?resize=1050%2C600&ssl=1 3x"},"classes":[]},{"id":17851,"url":"https:\/\/www.biancoscuro.it\/site\/fuori-dentro-di-amz-alexandra-marie\/","url_meta":{"origin":12263,"position":2},"title":"Fuori Dentro | AmZ.Alexandra Marie","author":"Sandra Miranda Pattin","date":"12 Novembre 2024","format":false,"excerpt":"Fuori dentro \u00e8 un progetto del marchio AmZ.Alexandra Marie che sar\u00e0 ospitato da Chiasso Perduto come location per svelare le nuove collezioni. Si tratta di una collaborazione che chiede ad artisti contemporanei di comunicare attraverso abiti unici, spingendo i confini dei linguaggi creativi. La mostra esplora lo scambio fluido tra\u2026","rel":"","context":"In &quot;art magazine&quot;","block_context":{"text":"art magazine","link":"https:\/\/www.biancoscuro.it\/site\/category\/art-magazine\/"},"img":{"alt_text":"","src":"https:\/\/i0.wp.com\/www.biancoscuro.it\/site\/wp-content\/uploads\/2024\/11\/Opzione_I_AlexandraMarie.jpeg?resize=350%2C200&ssl=1","width":350,"height":200,"srcset":"https:\/\/i0.wp.com\/www.biancoscuro.it\/site\/wp-content\/uploads\/2024\/11\/Opzione_I_AlexandraMarie.jpeg?resize=350%2C200&ssl=1 1x, https:\/\/i0.wp.com\/www.biancoscuro.it\/site\/wp-content\/uploads\/2024\/11\/Opzione_I_AlexandraMarie.jpeg?resize=525%2C300&ssl=1 1.5x, https:\/\/i0.wp.com\/www.biancoscuro.it\/site\/wp-content\/uploads\/2024\/11\/Opzione_I_AlexandraMarie.jpeg?resize=700%2C400&ssl=1 2x, https:\/\/i0.wp.com\/www.biancoscuro.it\/site\/wp-content\/uploads\/2024\/11\/Opzione_I_AlexandraMarie.jpeg?resize=1050%2C600&ssl=1 3x, https:\/\/i0.wp.com\/www.biancoscuro.it\/site\/wp-content\/uploads\/2024\/11\/Opzione_I_AlexandraMarie.jpeg?resize=1400%2C800&ssl=1 4x"},"classes":[]},{"id":12464,"url":"https:\/\/www.biancoscuro.it\/site\/piano-di-fuga-escape-plan-collettivo-creative-contagion\/","url_meta":{"origin":12263,"position":3},"title":"Piano di fuga \/ Escape Plan &#8211; Collettivo Creative Contagion","author":"Roberta Melasecca","date":"20 Ottobre 2021","format":false,"excerpt":"Il giorno 25 ottobre 2021 dalle ore 18.00 Project SPACE ROME contemporary art presenta, nell\u2019ambito di Rome Art Week, il progetto Piano di fuga \/ Escape Plan, a cura di Gina Caruso e in collaborazione con Creative Alliance.\u00a0 In mostra le opere di alcuni artisti del collettivo Creative Contagion: Basurama\u2026","rel":"","context":"In &quot;arte&quot;","block_context":{"text":"arte","link":"https:\/\/www.biancoscuro.it\/site\/category\/arte\/"},"img":{"alt_text":"","src":"https:\/\/i0.wp.com\/www.biancoscuro.it\/site\/wp-content\/uploads\/2021\/10\/invito_SK_piano-di-Fuga-2021_retro-e1634810169744.jpg?resize=350%2C200&ssl=1","width":350,"height":200,"srcset":"https:\/\/i0.wp.com\/www.biancoscuro.it\/site\/wp-content\/uploads\/2021\/10\/invito_SK_piano-di-Fuga-2021_retro-e1634810169744.jpg?resize=350%2C200&ssl=1 1x, https:\/\/i0.wp.com\/www.biancoscuro.it\/site\/wp-content\/uploads\/2021\/10\/invito_SK_piano-di-Fuga-2021_retro-e1634810169744.jpg?resize=525%2C300&ssl=1 1.5x, https:\/\/i0.wp.com\/www.biancoscuro.it\/site\/wp-content\/uploads\/2021\/10\/invito_SK_piano-di-Fuga-2021_retro-e1634810169744.jpg?resize=700%2C400&ssl=1 2x, https:\/\/i0.wp.com\/www.biancoscuro.it\/site\/wp-content\/uploads\/2021\/10\/invito_SK_piano-di-Fuga-2021_retro-e1634810169744.jpg?resize=1050%2C600&ssl=1 3x, https:\/\/i0.wp.com\/www.biancoscuro.it\/site\/wp-content\/uploads\/2021\/10\/invito_SK_piano-di-Fuga-2021_retro-e1634810169744.jpg?resize=1400%2C800&ssl=1 4x"},"classes":[]},{"id":14320,"url":"https:\/\/www.biancoscuro.it\/site\/mostra-video-fotografica-tensione\/","url_meta":{"origin":12263,"position":4},"title":"Tensione | Mostra Video\/Fotografica","author":"Roberta Melasecca","date":"13 Ottobre 2022","format":false,"excerpt":"Domenica 23 ottobre 2022 alle ore 17.00, per Rome Art Week la settimana dell\u2019arte contemporanea, inaugura, negli spazi di Open Studio Patrizia Genovesi,il progetto video fotografico Tensione, con la direzione artistica di Patrizia Genovesi e le opere di Manuele Artibani, Marika Grossi, Giuseppe Palmeri, Federica Sarto, Margherita Segatta, Valerio Tamburrino,\u2026","rel":"","context":"In &quot;eventi&quot;","block_context":{"text":"eventi","link":"https:\/\/www.biancoscuro.it\/site\/category\/eventi\/"},"img":{"alt_text":"","src":"https:\/\/i0.wp.com\/www.biancoscuro.it\/site\/wp-content\/uploads\/2022\/10\/RAW_2022-Tensione.jpg?resize=350%2C200&ssl=1","width":350,"height":200},"classes":[]},{"id":6998,"url":"https:\/\/www.biancoscuro.it\/site\/gianmaria-potenza-il-genio-veneziano-in-due-prestigiose-mostre-a-firenze\/","url_meta":{"origin":12263,"position":5},"title":"Gianmaria Potenza | Il genio veneziano in due prestigiose mostre a Firenze","author":"Vincenzo Chetta","date":"4 Aprile 2018","format":false,"excerpt":"Abbiamo gi\u00e0 dedicato, due anni fa, una copertina al Maestro veneziano, in occasione dei suoi ottant\u2019anni.\u00a0Ora la storica Accademia delle Arti del Disegno, la pi\u00f9 antica Accademia di belle arti del mondo, e Villa Finaly, sede dell\u2019Universit\u00e0 Sorbonne di Parigi celebrano il Maestro Potenza con due prestigiose mostre, dal 6\u2026","rel":"","context":"In &quot;arte&quot;","block_context":{"text":"arte","link":"https:\/\/www.biancoscuro.it\/site\/category\/arte\/"},"img":{"alt_text":"","src":"https:\/\/i0.wp.com\/www.biancoscuro.it\/site\/wp-content\/uploads\/2018\/04\/Il-Giglio-di-Francia_Lily-of-France-Incisione-a-mola-su-lastra-di-cristallo-industriale_Engraving-on-industrial-plate-glass-40x50-cm_-16x20-in-2018.jpg?resize=350%2C200&ssl=1","width":350,"height":200,"srcset":"https:\/\/i0.wp.com\/www.biancoscuro.it\/site\/wp-content\/uploads\/2018\/04\/Il-Giglio-di-Francia_Lily-of-France-Incisione-a-mola-su-lastra-di-cristallo-industriale_Engraving-on-industrial-plate-glass-40x50-cm_-16x20-in-2018.jpg?resize=350%2C200&ssl=1 1x, https:\/\/i0.wp.com\/www.biancoscuro.it\/site\/wp-content\/uploads\/2018\/04\/Il-Giglio-di-Francia_Lily-of-France-Incisione-a-mola-su-lastra-di-cristallo-industriale_Engraving-on-industrial-plate-glass-40x50-cm_-16x20-in-2018.jpg?resize=525%2C300&ssl=1 1.5x"},"classes":[]}],"_links":{"self":[{"href":"https:\/\/www.biancoscuro.it\/site\/wp-json\/wp\/v2\/posts\/12263","targetHints":{"allow":["GET"]}}],"collection":[{"href":"https:\/\/www.biancoscuro.it\/site\/wp-json\/wp\/v2\/posts"}],"about":[{"href":"https:\/\/www.biancoscuro.it\/site\/wp-json\/wp\/v2\/types\/post"}],"author":[{"embeddable":true,"href":"https:\/\/www.biancoscuro.it\/site\/wp-json\/wp\/v2\/users\/980"}],"replies":[{"embeddable":true,"href":"https:\/\/www.biancoscuro.it\/site\/wp-json\/wp\/v2\/comments?post=12263"}],"version-history":[{"count":0,"href":"https:\/\/www.biancoscuro.it\/site\/wp-json\/wp\/v2\/posts\/12263\/revisions"}],"wp:featuredmedia":[{"embeddable":true,"href":"https:\/\/www.biancoscuro.it\/site\/wp-json\/wp\/v2\/media\/12264"}],"wp:attachment":[{"href":"https:\/\/www.biancoscuro.it\/site\/wp-json\/wp\/v2\/media?parent=12263"}],"wp:term":[{"taxonomy":"category","embeddable":true,"href":"https:\/\/www.biancoscuro.it\/site\/wp-json\/wp\/v2\/categories?post=12263"},{"taxonomy":"post_tag","embeddable":true,"href":"https:\/\/www.biancoscuro.it\/site\/wp-json\/wp\/v2\/tags?post=12263"}],"curies":[{"name":"wp","href":"https:\/\/api.w.org\/{rel}","templated":true}]}}