{"id":12285,"date":"2021-09-13T08:36:00","date_gmt":"2021-09-13T06:36:00","guid":{"rendered":"https:\/\/www.biancoscuro.it\/site\/?p=12285"},"modified":"2021-09-17T15:37:52","modified_gmt":"2021-09-17T13:37:52","slug":"recuse","status":"publish","type":"post","link":"https:\/\/www.biancoscuro.it\/site\/recuse\/","title":{"rendered":"RECuse"},"content":{"rendered":"<span class=\"span-reading-time rt-reading-time\" style=\"display: block;\"><span class=\"rt-label rt-prefix\">\u23f0 lettura <\/span> <span class=\"rt-time\"> 2<\/span> <span class=\"rt-label rt-postfix\">min. <br><br><\/span><\/span>\n<h2 class=\"wp-block-heading\">personale di Veronica Virreira<\/h2>\n\n\n\n<figure class=\"wp-block-image size-full\"><img loading=\"lazy\" decoding=\"async\" width=\"999\" height=\"664\" src=\"https:\/\/www.biancoscuro.it\/site\/wp-content\/uploads\/2021\/09\/34258eb7-8d1a-4648-a405-d1e9c20e8e65.jpg\" alt=\"\" class=\"wp-image-12300\" srcset=\"https:\/\/www.biancoscuro.it\/site\/wp-content\/uploads\/2021\/09\/34258eb7-8d1a-4648-a405-d1e9c20e8e65.jpg 999w, https:\/\/www.biancoscuro.it\/site\/wp-content\/uploads\/2021\/09\/34258eb7-8d1a-4648-a405-d1e9c20e8e65-300x199.jpg 300w, https:\/\/www.biancoscuro.it\/site\/wp-content\/uploads\/2021\/09\/34258eb7-8d1a-4648-a405-d1e9c20e8e65-768x510.jpg 768w, https:\/\/www.biancoscuro.it\/site\/wp-content\/uploads\/2021\/09\/34258eb7-8d1a-4648-a405-d1e9c20e8e65-600x399.jpg 600w\" sizes=\"auto, (max-width: 999px) 100vw, 999px\" \/><\/figure>\n\n\n\n<p>Ci ritroviamo immersi in una poetica quasi cinica, un futuro spazio museale per incontrare ci\u00f2 che gli esseri umani estinti hanno consumato in modo irresponsabile durante la loro permanenza. E cos\u00ec tra reperti a volte presentati con ordine ed eleganza e altri che soffocano gli spazi, l&#8217;ipotetico essere del futuro&nbsp; pu\u00f2 conoscerci solo attraverso ci\u00f2 che \u00e8 sopravvissuto, la plastica e suoi derivati, metalli e altri residui che il fiume e le sue sponde contenevano prima di scomparire. Si percepisce l&#8217;assenza dell&#8217;uomo sottolineata dagli oggetti in disuso una volta facenti parte dell&#8217;impiego quotidiano. Alcuni di questi elementi sono stati conservati all&#8217;interno delle resine quasi intatti come quegli organismi preistorici che ci hanno permesso di interpretare il passato, intrappolati nelle resine degli alberi. Questo punto di vista dell&#8217;artista ci trasporta non solo in un futuro molto prossimo ma in una atmosfera post apocalittica.<\/p>\n\n\n\n<p>La domanda scomoda che vorremmo che ognuno si ponesse \u00e8: la tua spazzatura, cosa direbbe di te?<\/p>\n\n\n\n<p>Veronica vuole cos\u00ec sottolineare l&#8217;indifferenza con cui spesso affrontiamo un problema ambientale che, come nell&#8217;ultimo rapporto presentato all&#8217;ONU*, viene indicato come quasi irreversibile. Cosa potrebbe concludere il visitatore del futuro? Cosa siamo disposti a cambiare nelle nostre abitudini quotidiane per evitare che questo processo degenerativo continui? Ver\u00f3nica Virreira ci offre una riflessione su cosa possiamo ancora fare, per salvarci.\u00a0<\/p>\n\n\n\n<figure class=\"wp-block-image size-large\"><img loading=\"lazy\" decoding=\"async\" width=\"724\" height=\"1024\" src=\"https:\/\/www.biancoscuro.it\/site\/wp-content\/uploads\/2021\/09\/8a8fea24-804a-4be1-9f19-ed747e1ed6cb-724x1024.jpg\" alt=\"\" class=\"wp-image-12299\" srcset=\"https:\/\/www.biancoscuro.it\/site\/wp-content\/uploads\/2021\/09\/8a8fea24-804a-4be1-9f19-ed747e1ed6cb-724x1024.jpg 724w, https:\/\/www.biancoscuro.it\/site\/wp-content\/uploads\/2021\/09\/8a8fea24-804a-4be1-9f19-ed747e1ed6cb-212x300.jpg 212w, https:\/\/www.biancoscuro.it\/site\/wp-content\/uploads\/2021\/09\/8a8fea24-804a-4be1-9f19-ed747e1ed6cb-768x1086.jpg 768w, https:\/\/www.biancoscuro.it\/site\/wp-content\/uploads\/2021\/09\/8a8fea24-804a-4be1-9f19-ed747e1ed6cb-600x849.jpg 600w, https:\/\/www.biancoscuro.it\/site\/wp-content\/uploads\/2021\/09\/8a8fea24-804a-4be1-9f19-ed747e1ed6cb.jpg 842w\" sizes=\"auto, (max-width: 724px) 100vw, 724px\" \/><\/figure>\n\n\n\n<pre class=\"wp-block-preformatted\">\n\n<strong>RECuse<\/strong>\nPersonale di Ver\u00f3nica Virreira\n\n\nA cura di Sandra Miranda Pattin &amp; Francesca Morozzi\nAssistant Curator Isabella Tamayo\n\nChiasso Perduto\nVia de\u2019 Coverelli 4R\n50125 Firenze\n\nInaugurazione:\n23 Settembre 2021 alle 18:30\n\nDal 24 al 27 Settembre aperta dalle 12 alle 18:30\n<\/pre>\n","protected":false},"excerpt":{"rendered":"<p><span class=\"span-reading-time rt-reading-time\" style=\"display: block;\"><span class=\"rt-label rt-prefix\">\u23f0 lettura <\/span> <span class=\"rt-time\"> 2<\/span> <span class=\"rt-label rt-postfix\">min. <\/p>\n<p><\/span><\/span>personale di Veronica Virreira Ci ritroviamo immersi in una poetica quasi cinica, un futuro spazio museale per incontrare ci\u00f2 che gli esseri umani estinti hanno consumato in modo irresponsabile durante la loro permanenza. E cos\u00ec tra reperti a volte presentati con ordine ed eleganza e altri che soffocano gli spazi, l&#8217;ipotetico essere del futuro&nbsp; pu\u00f2&hellip;&nbsp;<a href=\"https:\/\/www.biancoscuro.it\/site\/recuse\/\" rel=\"bookmark\">Leggi tutto &raquo;<span class=\"screen-reader-text\">RECuse<\/span><\/a><\/p>\n","protected":false},"author":1067,"featured_media":12298,"comment_status":"closed","ping_status":"closed","sticky":false,"template":"","format":"standard","meta":{"neve_meta_sidebar":"","neve_meta_container":"","neve_meta_enable_content_width":"","neve_meta_content_width":0,"neve_meta_title_alignment":"","neve_meta_author_avatar":"","neve_post_elements_order":"","neve_meta_disable_header":"","neve_meta_disable_footer":"","neve_meta_disable_title":"","advanced_seo_description":"","jetpack_seo_html_title":"","jetpack_seo_noindex":false,"footnotes":""},"categories":[5],"tags":[2173,2171,2172,284],"class_list":["post-12285","post","type-post","status-publish","format-standard","has-post-thumbnail","hentry","category-arte","tag-artistic-residency","tag-chiasso-perduto","tag-eco-art","tag-firenze"],"jetpack_featured_media_url":"https:\/\/www.biancoscuro.it\/site\/wp-content\/uploads\/2021\/09\/8a8fea24-804a-4be1-9f19-ed747e1ed6cb-333.jpg","jetpack_sharing_enabled":true,"jetpack-related-posts":[{"id":14829,"url":"https:\/\/www.biancoscuro.it\/site\/scavo\/","url_meta":{"origin":12285,"position":0},"title":"Scavo di Stefania Brusatin","author":"Sandra Miranda Pattin","date":"11 Novembre 2022","format":false,"excerpt":"Lo spazio si rivela come una scoperta archeologica nell\u2019era del Antropocene e noi diventiamo visitatori del futuro, Stefania Brusatin riflette sulle \"frode storiche\" che ci propongono la lettura del passato come dei fatti, l'interpretazione soggettiva che qualcuno da alle scoperte diventa una verit\u00e0 assoluta anche se pu\u00f2 non esserlo.\u00a0","rel":"","context":"In &quot;arte&quot;","block_context":{"text":"arte","link":"https:\/\/www.biancoscuro.it\/site\/category\/arte\/"},"img":{"alt_text":"","src":"https:\/\/i0.wp.com\/www.biancoscuro.it\/site\/wp-content\/uploads\/2022\/11\/Stefania_Brusatin_Chiasso-scaled.jpg?resize=350%2C200&ssl=1","width":350,"height":200,"srcset":"https:\/\/i0.wp.com\/www.biancoscuro.it\/site\/wp-content\/uploads\/2022\/11\/Stefania_Brusatin_Chiasso-scaled.jpg?resize=350%2C200&ssl=1 1x, https:\/\/i0.wp.com\/www.biancoscuro.it\/site\/wp-content\/uploads\/2022\/11\/Stefania_Brusatin_Chiasso-scaled.jpg?resize=525%2C300&ssl=1 1.5x, https:\/\/i0.wp.com\/www.biancoscuro.it\/site\/wp-content\/uploads\/2022\/11\/Stefania_Brusatin_Chiasso-scaled.jpg?resize=700%2C400&ssl=1 2x, https:\/\/i0.wp.com\/www.biancoscuro.it\/site\/wp-content\/uploads\/2022\/11\/Stefania_Brusatin_Chiasso-scaled.jpg?resize=1050%2C600&ssl=1 3x, https:\/\/i0.wp.com\/www.biancoscuro.it\/site\/wp-content\/uploads\/2022\/11\/Stefania_Brusatin_Chiasso-scaled.jpg?resize=1400%2C800&ssl=1 4x"},"classes":[]},{"id":13370,"url":"https:\/\/www.biancoscuro.it\/site\/maelee-lee-genesis\/","url_meta":{"origin":12285,"position":1},"title":"Maelee Lee &#8211; Genesis","author":"Cristina Gatti","date":"4 Maggio 2022","format":false,"excerpt":"La Galleria San Polo presenta la mostra personale Genesis dell\u2019artista sudcoreana Lee Maelee (1963, Repubblica di Corea), organizzata dalla curatrice ed esperta di arte asiatica Thalia Vrachopoulos, che sar\u00e0 visitabile fino al 28 giugno 2022.\u00a0 Genesis nasce dalla ricerca artistica di Lee, incentrata sulle questioni pi\u00f9 profonde che riguardano l\u2019essere\u2026","rel":"","context":"In &quot;arte&quot;","block_context":{"text":"arte","link":"https:\/\/www.biancoscuro.it\/site\/category\/arte\/"},"img":{"alt_text":"","src":"https:\/\/i0.wp.com\/www.biancoscuro.it\/site\/wp-content\/uploads\/2022\/05\/Genesis-by-LeeMaelee-L.jpg?resize=350%2C200&ssl=1","width":350,"height":200,"srcset":"https:\/\/i0.wp.com\/www.biancoscuro.it\/site\/wp-content\/uploads\/2022\/05\/Genesis-by-LeeMaelee-L.jpg?resize=350%2C200&ssl=1 1x, https:\/\/i0.wp.com\/www.biancoscuro.it\/site\/wp-content\/uploads\/2022\/05\/Genesis-by-LeeMaelee-L.jpg?resize=525%2C300&ssl=1 1.5x, https:\/\/i0.wp.com\/www.biancoscuro.it\/site\/wp-content\/uploads\/2022\/05\/Genesis-by-LeeMaelee-L.jpg?resize=700%2C400&ssl=1 2x"},"classes":[]},{"id":12034,"url":"https:\/\/www.biancoscuro.it\/site\/nuovo-movimento-surrealista\/","url_meta":{"origin":12285,"position":2},"title":"Evento d&#8217;arte Surrealista a \u00c9vora","author":"Redazione BIANCOSCURO","date":"15 Giugno 2021","format":false,"excerpt":"La giornalista Annalina Grasso, il poeta Vincenzo Cal\u00ec e l\u2019attore Maurizio Bianucci accompagnano con un video di successo la mostra collettiva surrealista pi\u00f9 grande al mondo organizzata da Santiago Ribeiro in Portogallo fino all\u201911 luglio La citt\u00e0 di \u00c9vora in Portogallo in questi giorni \u00e8 il centro dell\u2019arte contemporanea surrealista,\u2026","rel":"","context":"In &quot;arte&quot;","block_context":{"text":"arte","link":"https:\/\/www.biancoscuro.it\/site\/category\/arte\/"},"img":{"alt_text":"","src":"https:\/\/i0.wp.com\/www.biancoscuro.it\/site\/wp-content\/uploads\/2021\/06\/pandemia.jpg?resize=350%2C200&ssl=1","width":350,"height":200,"srcset":"https:\/\/i0.wp.com\/www.biancoscuro.it\/site\/wp-content\/uploads\/2021\/06\/pandemia.jpg?resize=350%2C200&ssl=1 1x, https:\/\/i0.wp.com\/www.biancoscuro.it\/site\/wp-content\/uploads\/2021\/06\/pandemia.jpg?resize=525%2C300&ssl=1 1.5x, https:\/\/i0.wp.com\/www.biancoscuro.it\/site\/wp-content\/uploads\/2021\/06\/pandemia.jpg?resize=700%2C400&ssl=1 2x"},"classes":[]},{"id":18522,"url":"https:\/\/www.biancoscuro.it\/site\/impermanenza-di-blas-melissari\/","url_meta":{"origin":12285,"position":3},"title":"Impermanenza di Blas Melissari","author":"Sandra Miranda Pattin","date":"21 Maggio 2025","format":false,"excerpt":"Questa installazione ci invita a immaginare futuri in cui l\u2019essere umano \u00e8 assente \u2014 forse l\u2019unico modo per comprendere davvero la nostra impermanenza come specie. Fin dai tempi di Galileo sappiamo di non essere al centro dell\u2019universo, eppure continuiamo a comportarci come se fossimo indispensabili\u00a0 e centrali per il ciclo\u2026","rel":"","context":"In &quot;arte&quot;","block_context":{"text":"arte","link":"https:\/\/www.biancoscuro.it\/site\/category\/arte\/"},"img":{"alt_text":"","src":"https:\/\/i0.wp.com\/www.biancoscuro.it\/site\/wp-content\/uploads\/2025\/05\/BlasMelissari_ChiassoPerduto-scaled.jpeg?resize=350%2C200&ssl=1","width":350,"height":200,"srcset":"https:\/\/i0.wp.com\/www.biancoscuro.it\/site\/wp-content\/uploads\/2025\/05\/BlasMelissari_ChiassoPerduto-scaled.jpeg?resize=350%2C200&ssl=1 1x, https:\/\/i0.wp.com\/www.biancoscuro.it\/site\/wp-content\/uploads\/2025\/05\/BlasMelissari_ChiassoPerduto-scaled.jpeg?resize=525%2C300&ssl=1 1.5x, https:\/\/i0.wp.com\/www.biancoscuro.it\/site\/wp-content\/uploads\/2025\/05\/BlasMelissari_ChiassoPerduto-scaled.jpeg?resize=700%2C400&ssl=1 2x, https:\/\/i0.wp.com\/www.biancoscuro.it\/site\/wp-content\/uploads\/2025\/05\/BlasMelissari_ChiassoPerduto-scaled.jpeg?resize=1050%2C600&ssl=1 3x, https:\/\/i0.wp.com\/www.biancoscuro.it\/site\/wp-content\/uploads\/2025\/05\/BlasMelissari_ChiassoPerduto-scaled.jpeg?resize=1400%2C800&ssl=1 4x"},"classes":[]},{"id":12004,"url":"https:\/\/www.biancoscuro.it\/site\/ripartire-dal-futuro\/","url_meta":{"origin":12285,"position":4},"title":"Ripartire dal futuro","author":"Redazione BIANCOSCURO","date":"14 Giugno 2021","format":false,"excerpt":"Pavia, Spazio Arti Contemporanee del BrolettoFino al 12 settembre 2021 Si \u00e8 tenuta sabato 5 giugno l\u2019inaugurazione della mostra \u201cRipartire dal futuro\u201d, occasione di riapertura dello Spazio Arti Contemporanee del Broletto di Pavia. L\u2019inaugurazione \u00e8 stata accompagnata dall\u2019intervento musicale a cura del Centro di Musica Antica della Fondazione Ghislieri alla\u2026","rel":"","context":"In &quot;arte&quot;","block_context":{"text":"arte","link":"https:\/\/www.biancoscuro.it\/site\/category\/arte\/"},"img":{"alt_text":"","src":"https:\/\/i0.wp.com\/www.biancoscuro.it\/site\/wp-content\/uploads\/2021\/06\/IMG_20210603_110859.jpg?resize=350%2C200&ssl=1","width":350,"height":200},"classes":[]},{"id":2963,"url":"https:\/\/www.biancoscuro.it\/site\/future-and-behind-2\/","url_meta":{"origin":12285,"position":5},"title":"FUTURE AND BEHIND","author":"JlZAlN0","date":"10 Agosto 2015","format":false,"excerpt":"FUTURE AND BEHIND Mostra d\u2019arte (a)contemporanea 5 - 25 agosto 2015 CON-TEMPORARY5 Calle de Mezo in Campo S. Giacomo da l\u2019Orio Sestiere Santa Croce 1592 - Venezia Orari: gioved\u00ec - domenica 16.30 - 21.30; luned\u00ec 9.30 - 12.30 Vernissage: mercoled\u00ec 5 agosto ore 18.00 Artisti in esposizione: Detlef E. Aderhold,\u2026","rel":"","context":"In &quot;arte&quot;","block_context":{"text":"arte","link":"https:\/\/www.biancoscuro.it\/site\/category\/arte\/"},"img":{"alt_text":"","src":"https:\/\/i0.wp.com\/www.biancoscuro.it\/site\/wp-content\/uploads\/2015\/07\/o_splash.jpg?resize=350%2C200&ssl=1","width":350,"height":200,"srcset":"https:\/\/i0.wp.com\/www.biancoscuro.it\/site\/wp-content\/uploads\/2015\/07\/o_splash.jpg?resize=350%2C200&ssl=1 1x, https:\/\/i0.wp.com\/www.biancoscuro.it\/site\/wp-content\/uploads\/2015\/07\/o_splash.jpg?resize=525%2C300&ssl=1 1.5x, https:\/\/i0.wp.com\/www.biancoscuro.it\/site\/wp-content\/uploads\/2015\/07\/o_splash.jpg?resize=700%2C400&ssl=1 2x"},"classes":[]}],"_links":{"self":[{"href":"https:\/\/www.biancoscuro.it\/site\/wp-json\/wp\/v2\/posts\/12285","targetHints":{"allow":["GET"]}}],"collection":[{"href":"https:\/\/www.biancoscuro.it\/site\/wp-json\/wp\/v2\/posts"}],"about":[{"href":"https:\/\/www.biancoscuro.it\/site\/wp-json\/wp\/v2\/types\/post"}],"author":[{"embeddable":true,"href":"https:\/\/www.biancoscuro.it\/site\/wp-json\/wp\/v2\/users\/1067"}],"replies":[{"embeddable":true,"href":"https:\/\/www.biancoscuro.it\/site\/wp-json\/wp\/v2\/comments?post=12285"}],"version-history":[{"count":0,"href":"https:\/\/www.biancoscuro.it\/site\/wp-json\/wp\/v2\/posts\/12285\/revisions"}],"wp:featuredmedia":[{"embeddable":true,"href":"https:\/\/www.biancoscuro.it\/site\/wp-json\/wp\/v2\/media\/12298"}],"wp:attachment":[{"href":"https:\/\/www.biancoscuro.it\/site\/wp-json\/wp\/v2\/media?parent=12285"}],"wp:term":[{"taxonomy":"category","embeddable":true,"href":"https:\/\/www.biancoscuro.it\/site\/wp-json\/wp\/v2\/categories?post=12285"},{"taxonomy":"post_tag","embeddable":true,"href":"https:\/\/www.biancoscuro.it\/site\/wp-json\/wp\/v2\/tags?post=12285"}],"curies":[{"name":"wp","href":"https:\/\/api.w.org\/{rel}","templated":true}]}}