{"id":12584,"date":"2021-11-24T16:49:00","date_gmt":"2021-11-24T15:49:00","guid":{"rendered":"https:\/\/www.biancoscuro.it\/site\/?p=12584"},"modified":"2021-11-26T11:25:34","modified_gmt":"2021-11-26T10:25:34","slug":"presentazione-del-catalogo-ragionato-della-scultura-di-francesco-somaini","status":"publish","type":"post","link":"https:\/\/www.biancoscuro.it\/site\/presentazione-del-catalogo-ragionato-della-scultura-di-francesco-somaini\/","title":{"rendered":"Presentazione del catalogo ragionato della scultura di Francesco Somaini"},"content":{"rendered":"<span class=\"span-reading-time rt-reading-time\" style=\"display: block;\"><span class=\"rt-label rt-prefix\">\u23f0 lettura <\/span> <span class=\"rt-time\"> 2<\/span> <span class=\"rt-label rt-postfix\">min. <br><br><\/span><\/span>\n<p><strong>Gioved\u00ec 25 novembre alle 18.30<\/strong> <strong>alla Fondazione Somaini&nbsp;<\/strong> (Corso di Porta Vigentina 31, Milano &#8211; ingresso da Via Cassolo, di fronte al civico 3) <strong>sar\u00e0 presentato&nbsp;il&nbsp;<em>Catalogo ragionato della scultura di Francesco Somaini<\/em>&nbsp;a&nbsp;cura di Enrico Crispolti e Luisa Somaini edito da Skira<\/strong>.<\/p>\n\n\n\n<p><strong><em>Intervengono:<\/em><\/strong><\/p>\n\n\n\n<p><strong>Luisa Somaini,&nbsp;Presidente della Fondazione<\/strong><\/p>\n\n\n\n<p><strong>Francesco Tedeschi e Fulvio&nbsp;Irace, Comitato scientifico della Fondazione<\/strong><\/p>\n\n\n\n<p><strong>Luca Pietro Nicoletti, Comitato scientifico dell\u2019Archivio Crispolti di Roma<\/strong><\/p>\n\n\n\n<p><\/p>\n\n\n\n<p><strong><u>Ingresso su prenotazione e con obbligo di&nbsp;Green Pass<\/u><\/strong><strong>:&nbsp;<a href=\"mailto:fondazionesomaini@gmail.com\">fondazionesomaini@gmail.com<\/a><\/strong><\/p>\n\n\n\n<p><strong>Incontro visibile&nbsp;<u>in&nbsp;streaming<\/u>&nbsp;sul canale You Tube della Fondazione e in videoconferenza su Microsoft Team<\/strong><\/p>\n\n\n\n<p><\/p>\n\n\n\n<p>Ordinato cronologicamente e suddiviso secondo le diverse tipologie operative che si riscontrano nel corso dell\u2019amplissima attivit\u00e0 creativa dell\u2019artista (Lomazzo 1926 \u2013 Como 2005), il volume costituisce un nuovo punto di vista privilegiato per conoscere a tutto tondo l\u2019intero sviluppo della sua carriera, da cui emerge la straordinaria ricchezza delle opere che lo hanno reso internazionalmente famoso, nonch\u00e9 la grande variet\u00e0 dei diversi cicli che hanno costituito la sua attivit\u00e0 creativa. <\/p>\n\n\n\n<p>Frutto del monumentale e capillare lavoro di catalogazione, archiviazione e documentazione di autenticit\u00e0 svolta dall\u2019Archivio Francesco Somaini, diretto da Luisa Somaini, il <em>Catalogo ragionato <\/em>\u00e8 il primo percorso esaustivo del corpus della scultura dell\u2019artista. Costituito da oltre 700 pagine, presenta in apertura un ampio saggio recente di Enrico Crispolti e un\u2019accurata antologia critica e ulteriori approfondimenti storico-artistici a cura di Luisa Somaini. <\/p>\n\n\n\n<p>Completamente illustrato in bianco e nero con ampi inserti di immagini a colori, il <em>Catalogo <\/em>comprende oltre 2500 opere realizzate tra il 1936 e il 2001, accompagnate da schede che ne offrono una puntuale analisi bibliografica ed espositiva. Sono cos\u00ec documentate le opere dagli anni della formazione alle prime sculture eseguite nell\u2019immediato dopoguerra (nel contesto delle Avanguardie europee dell\u2019epoca), le opere degli anni Cinquanta e Sessanta, relative alle stagioni concretista e informale, quelle degli anni Settanta e dell\u2019ultima stagione creativa, contraddistinta dalla riscoperta del mito e dall\u2019esecuzione di nuove, importanti opere monumentali.&nbsp;<\/p>\n\n\n\n<p>Il volume si presenta quindi come uno strumento essenziale e&nbsp;aggiornato di conoscenza dell\u2019opera di Somaini per gli studiosi, i collezionisti, i galleristi e gli operatori museali.&nbsp;&nbsp;<\/p>\n\n\n\n<figure class=\"wp-block-gallery columns-3 is-cropped wp-block-gallery-1 is-layout-flex wp-block-gallery-is-layout-flex\"><ul class=\"blocks-gallery-grid\"><li class=\"blocks-gallery-item\"><figure><img loading=\"lazy\" decoding=\"async\" width=\"1024\" height=\"760\" src=\"https:\/\/www.biancoscuro.it\/site\/wp-content\/uploads\/2021\/11\/1.-Somaini-a-Duisburg-1978-pag.2-1024x760.jpg\" alt=\"\" data-id=\"12586\" data-link=\"https:\/\/www.biancoscuro.it\/site\/?attachment_id=12586\" class=\"wp-image-12586\" srcset=\"https:\/\/www.biancoscuro.it\/site\/wp-content\/uploads\/2021\/11\/1.-Somaini-a-Duisburg-1978-pag.2-1024x760.jpg 1024w, https:\/\/www.biancoscuro.it\/site\/wp-content\/uploads\/2021\/11\/1.-Somaini-a-Duisburg-1978-pag.2-300x223.jpg 300w, https:\/\/www.biancoscuro.it\/site\/wp-content\/uploads\/2021\/11\/1.-Somaini-a-Duisburg-1978-pag.2-768x570.jpg 768w, https:\/\/www.biancoscuro.it\/site\/wp-content\/uploads\/2021\/11\/1.-Somaini-a-Duisburg-1978-pag.2-600x445.jpg 600w, https:\/\/www.biancoscuro.it\/site\/wp-content\/uploads\/2021\/11\/1.-Somaini-a-Duisburg-1978-pag.2-1536x1140.jpg 1536w, https:\/\/www.biancoscuro.it\/site\/wp-content\/uploads\/2021\/11\/1.-Somaini-a-Duisburg-1978-pag.2-2048x1520.jpg 2048w, https:\/\/www.biancoscuro.it\/site\/wp-content\/uploads\/2021\/11\/1.-Somaini-a-Duisburg-1978-pag.2-1320x980.jpg 1320w\" sizes=\"auto, (max-width: 1024px) 100vw, 1024px\" \/><figcaption class=\"blocks-gallery-item__caption\"><br \/><br \/><br \/><br \/>Francesco Somaini a Duisburg nel 1978 &nbsp;<\/figcaption><\/figure><\/li><li class=\"blocks-gallery-item\"><figure><img loading=\"lazy\" decoding=\"async\" width=\"1021\" height=\"1024\" src=\"https:\/\/www.biancoscuro.it\/site\/wp-content\/uploads\/2021\/11\/14.-Somaini-Matrice-anamorfica-per-nascita-di-Venere-I-e-II-1985-pag.106-1021x1024.jpg\" alt=\"\" data-id=\"12588\" data-link=\"https:\/\/www.biancoscuro.it\/site\/?attachment_id=12588\" class=\"wp-image-12588\" srcset=\"https:\/\/www.biancoscuro.it\/site\/wp-content\/uploads\/2021\/11\/14.-Somaini-Matrice-anamorfica-per-nascita-di-Venere-I-e-II-1985-pag.106-1021x1024.jpg 1021w, https:\/\/www.biancoscuro.it\/site\/wp-content\/uploads\/2021\/11\/14.-Somaini-Matrice-anamorfica-per-nascita-di-Venere-I-e-II-1985-pag.106-300x300.jpg 300w, https:\/\/www.biancoscuro.it\/site\/wp-content\/uploads\/2021\/11\/14.-Somaini-Matrice-anamorfica-per-nascita-di-Venere-I-e-II-1985-pag.106-150x150.jpg 150w, https:\/\/www.biancoscuro.it\/site\/wp-content\/uploads\/2021\/11\/14.-Somaini-Matrice-anamorfica-per-nascita-di-Venere-I-e-II-1985-pag.106-768x770.jpg 768w, https:\/\/www.biancoscuro.it\/site\/wp-content\/uploads\/2021\/11\/14.-Somaini-Matrice-anamorfica-per-nascita-di-Venere-I-e-II-1985-pag.106-600x602.jpg 600w, https:\/\/www.biancoscuro.it\/site\/wp-content\/uploads\/2021\/11\/14.-Somaini-Matrice-anamorfica-per-nascita-di-Venere-I-e-II-1985-pag.106-1531x1536.jpg 1531w, https:\/\/www.biancoscuro.it\/site\/wp-content\/uploads\/2021\/11\/14.-Somaini-Matrice-anamorfica-per-nascita-di-Venere-I-e-II-1985-pag.106-2042x2048.jpg 2042w, https:\/\/www.biancoscuro.it\/site\/wp-content\/uploads\/2021\/11\/14.-Somaini-Matrice-anamorfica-per-nascita-di-Venere-I-e-II-1985-pag.106-1320x1324.jpg 1320w\" sizes=\"auto, (max-width: 1021px) 100vw, 1021px\" \/><figcaption class=\"blocks-gallery-item__caption\"><br \/><br \/><br \/><br \/><em>Matrice anamorfica per Nascita di Venere I e II<\/em>, 1985, Archivio Francesco Somaini<\/figcaption><\/figure><\/li><li class=\"blocks-gallery-item\"><figure><img loading=\"lazy\" decoding=\"async\" width=\"1024\" height=\"705\" src=\"https:\/\/www.biancoscuro.it\/site\/wp-content\/uploads\/2021\/11\/4.-Somaini-Grande-Orizzontale-IV-1959-pag.57-1024x705.jpg\" alt=\"\" data-id=\"12590\" data-full-url=\"https:\/\/www.biancoscuro.it\/site\/wp-content\/uploads\/2021\/11\/4.-Somaini-Grande-Orizzontale-IV-1959-pag.57-scaled.jpg\" data-link=\"https:\/\/www.biancoscuro.it\/site\/?attachment_id=12590\" class=\"wp-image-12590\" srcset=\"https:\/\/www.biancoscuro.it\/site\/wp-content\/uploads\/2021\/11\/4.-Somaini-Grande-Orizzontale-IV-1959-pag.57-1024x705.jpg 1024w, https:\/\/www.biancoscuro.it\/site\/wp-content\/uploads\/2021\/11\/4.-Somaini-Grande-Orizzontale-IV-1959-pag.57-300x207.jpg 300w, https:\/\/www.biancoscuro.it\/site\/wp-content\/uploads\/2021\/11\/4.-Somaini-Grande-Orizzontale-IV-1959-pag.57-768x529.jpg 768w, https:\/\/www.biancoscuro.it\/site\/wp-content\/uploads\/2021\/11\/4.-Somaini-Grande-Orizzontale-IV-1959-pag.57-600x413.jpg 600w, https:\/\/www.biancoscuro.it\/site\/wp-content\/uploads\/2021\/11\/4.-Somaini-Grande-Orizzontale-IV-1959-pag.57-1536x1058.jpg 1536w, https:\/\/www.biancoscuro.it\/site\/wp-content\/uploads\/2021\/11\/4.-Somaini-Grande-Orizzontale-IV-1959-pag.57-2048x1410.jpg 2048w, https:\/\/www.biancoscuro.it\/site\/wp-content\/uploads\/2021\/11\/4.-Somaini-Grande-Orizzontale-IV-1959-pag.57-1320x909.jpg 1320w\" sizes=\"auto, (max-width: 1024px) 100vw, 1024px\" \/><figcaption class=\"blocks-gallery-item__caption\"><br \/><br \/><br \/><br \/><em>Grande Orizzontale IV<\/em>, 1959, <br \/>Roma, GNAM \u2013 Galleria Nazionale d\u2019Arte Moderna e Contemporanea<\/figcaption><\/figure><\/li><\/ul><\/figure>\n","protected":false},"excerpt":{"rendered":"<p><span class=\"span-reading-time rt-reading-time\" style=\"display: block;\"><span class=\"rt-label rt-prefix\">\u23f0 lettura <\/span> <span class=\"rt-time\"> 2<\/span> <span class=\"rt-label rt-postfix\">min. <\/p>\n<p><\/span><\/span>Gioved\u00ec 25 novembre alle 18.30 alla Fondazione Somaini&nbsp; (Corso di Porta Vigentina 31, Milano &#8211; ingresso da Via Cassolo, di fronte al civico 3) sar\u00e0 presentato&nbsp;il&nbsp;Catalogo ragionato della scultura di Francesco Somaini&nbsp;a&nbsp;cura di Enrico Crispolti e Luisa Somaini edito da Skira. Intervengono: Luisa Somaini,&nbsp;Presidente della Fondazione Francesco Tedeschi e Fulvio&nbsp;Irace, Comitato scientifico della Fondazione Luca&hellip;&nbsp;<a href=\"https:\/\/www.biancoscuro.it\/site\/presentazione-del-catalogo-ragionato-della-scultura-di-francesco-somaini\/\" rel=\"bookmark\">Leggi tutto &raquo;<span class=\"screen-reader-text\">Presentazione del catalogo ragionato della scultura di Francesco Somaini<\/span><\/a><\/p>\n","protected":false},"author":917,"featured_media":12585,"comment_status":"closed","ping_status":"closed","sticky":false,"template":"","format":"standard","meta":{"neve_meta_sidebar":"","neve_meta_container":"","neve_meta_enable_content_width":"","neve_meta_content_width":0,"neve_meta_title_alignment":"","neve_meta_author_avatar":"","neve_post_elements_order":"","neve_meta_disable_header":"","neve_meta_disable_footer":"","neve_meta_disable_title":"","advanced_seo_description":"","jetpack_seo_html_title":"","jetpack_seo_noindex":false,"footnotes":""},"categories":[5],"tags":[],"class_list":["post-12584","post","type-post","status-publish","format-standard","has-post-thumbnail","hentry","category-arte"],"jetpack_featured_media_url":"https:\/\/www.biancoscuro.it\/site\/wp-content\/uploads\/2021\/11\/Somaini-Catalogo-ragionato-scultura-COF.jpg","jetpack_sharing_enabled":true,"jetpack-related-posts":[{"id":15094,"url":"https:\/\/www.biancoscuro.it\/site\/al-museo-del-novecento-a-milano-il-catalogo-ragionato-delle-sculture-ceramiche-di-lucio-fontana\/","url_meta":{"origin":12584,"position":0},"title":"Al Museo del Novecento a Milano il Catalogo ragionato delle sculture ceramiche di Lucio Fontana","author":"Chiara","date":"25 Novembre 2022","format":false,"excerpt":"E' in programma per marted\u00ec 29 novembre alle 19 al Museo del Novecento a Milano in Sala Fontana la presentazione di una importante opera editoriale, il volume LUCIO FONTANA Catalogo ragionato delle sculture ceramiche a cura di Luca Massimo Barbero, pubblicato da Skira editore. Il volume rappresenta oggi la pi\u00f9\u2026","rel":"","context":"In &quot;arte&quot;","block_context":{"text":"arte","link":"https:\/\/www.biancoscuro.it\/site\/category\/arte\/"},"img":{"alt_text":"","src":"https:\/\/i0.wp.com\/www.biancoscuro.it\/site\/wp-content\/uploads\/2022\/11\/Fontana-Catalogo-ragionato-Sculture-Ceramiche-cofanetto-scaled.jpeg?resize=350%2C200&ssl=1","width":350,"height":200,"srcset":"https:\/\/i0.wp.com\/www.biancoscuro.it\/site\/wp-content\/uploads\/2022\/11\/Fontana-Catalogo-ragionato-Sculture-Ceramiche-cofanetto-scaled.jpeg?resize=350%2C200&ssl=1 1x, https:\/\/i0.wp.com\/www.biancoscuro.it\/site\/wp-content\/uploads\/2022\/11\/Fontana-Catalogo-ragionato-Sculture-Ceramiche-cofanetto-scaled.jpeg?resize=525%2C300&ssl=1 1.5x, https:\/\/i0.wp.com\/www.biancoscuro.it\/site\/wp-content\/uploads\/2022\/11\/Fontana-Catalogo-ragionato-Sculture-Ceramiche-cofanetto-scaled.jpeg?resize=700%2C400&ssl=1 2x, https:\/\/i0.wp.com\/www.biancoscuro.it\/site\/wp-content\/uploads\/2022\/11\/Fontana-Catalogo-ragionato-Sculture-Ceramiche-cofanetto-scaled.jpeg?resize=1050%2C600&ssl=1 3x, https:\/\/i0.wp.com\/www.biancoscuro.it\/site\/wp-content\/uploads\/2022\/11\/Fontana-Catalogo-ragionato-Sculture-Ceramiche-cofanetto-scaled.jpeg?resize=1400%2C800&ssl=1 4x"},"classes":[]},{"id":10663,"url":"https:\/\/www.biancoscuro.it\/site\/concorso-assonanze-discordanze-forme-e-liberta-di-movimento-al-tempo-del-nuovo-rinascimento\/","url_meta":{"origin":12584,"position":1},"title":"&#8220;Assonanze, discordanze, forme e libert\u00e0 di movimento al tempo del Nuovo Rinascimento&#8221;","author":"Claudia Migliore","date":"28 Maggio 2020","format":false,"excerpt":"L\u2019Associazione culturale AmAMi, in questo periodo che ha obbligato tutti, artisti ed operatori ad uno stop forzato, insieme con la curatrice Claudia Migliore hanno ideato un concorso artistico dal titolo accattivante:\"Assonanze, discordanze, forme e libert\u00e0 di movimento al tempo del Nuovo Rinascimento\".Finora oltre 111 (centoundici) artisti, suddivisi per le differenti\u2026","rel":"","context":"In &quot;acquerelli&quot;","block_context":{"text":"acquerelli","link":"https:\/\/www.biancoscuro.it\/site\/category\/acquerelli\/"},"img":{"alt_text":"","src":"https:\/\/i0.wp.com\/www.biancoscuro.it\/site\/wp-content\/uploads\/2020\/05\/Alemani.jpg?resize=350%2C200&ssl=1","width":350,"height":200,"srcset":"https:\/\/i0.wp.com\/www.biancoscuro.it\/site\/wp-content\/uploads\/2020\/05\/Alemani.jpg?resize=350%2C200&ssl=1 1x, https:\/\/i0.wp.com\/www.biancoscuro.it\/site\/wp-content\/uploads\/2020\/05\/Alemani.jpg?resize=525%2C300&ssl=1 1.5x"},"classes":[]},{"id":10298,"url":"https:\/\/www.biancoscuro.it\/site\/a-brera-presentazione-del-catalogo-ragionato-dellopera-di-marcello-morandini\/","url_meta":{"origin":12584,"position":2},"title":"A Brera presentazione del Catalogo ragionato dell&#8217;opera di Marcello Morandini","author":"Chiara","date":"27 Gennaio 2020","format":false,"excerpt":"Gioved\u00ec 30 gennaio alle 18.30 si terr\u00e0 a Brera in Sala della Passione la presentazione del Catalogo ragionato dell'opera di Marcello Morandini, a cura di Marco Meneguzzo, Skira editore. Con l'artista intervengono Marco Meneguzzo, Sandro Parmiggiani. Sar\u00e0 presente lo storico dell'arte francese Serge Lemoine. Frutto di un lungo lavoro di\u2026","rel":"","context":"In &quot;arte&quot;","block_context":{"text":"arte","link":"https:\/\/www.biancoscuro.it\/site\/category\/arte\/"},"img":{"alt_text":"","src":"https:\/\/i0.wp.com\/www.biancoscuro.it\/site\/wp-content\/uploads\/2020\/01\/Morandini-cover-cofanetto.jpg?resize=350%2C200&ssl=1","width":350,"height":200,"srcset":"https:\/\/i0.wp.com\/www.biancoscuro.it\/site\/wp-content\/uploads\/2020\/01\/Morandini-cover-cofanetto.jpg?resize=350%2C200&ssl=1 1x, https:\/\/i0.wp.com\/www.biancoscuro.it\/site\/wp-content\/uploads\/2020\/01\/Morandini-cover-cofanetto.jpg?resize=525%2C300&ssl=1 1.5x, https:\/\/i0.wp.com\/www.biancoscuro.it\/site\/wp-content\/uploads\/2020\/01\/Morandini-cover-cofanetto.jpg?resize=700%2C400&ssl=1 2x, https:\/\/i0.wp.com\/www.biancoscuro.it\/site\/wp-content\/uploads\/2020\/01\/Morandini-cover-cofanetto.jpg?resize=1050%2C600&ssl=1 3x, https:\/\/i0.wp.com\/www.biancoscuro.it\/site\/wp-content\/uploads\/2020\/01\/Morandini-cover-cofanetto.jpg?resize=1400%2C800&ssl=1 4x"},"classes":[]},{"id":10283,"url":"https:\/\/www.biancoscuro.it\/site\/critica-darte-la-nuova-serie-della-storica-rivista-fondata-nel-1935-da-carlo-ludovico-ragghianti\/","url_meta":{"origin":12584,"position":3},"title":"CRITICA D&#8217;ARTE. La nuova serie della storica rivista fondata nel 1935 da Carlo Ludovico Ragghianti","author":"Chiara","date":"13 Gennaio 2020","format":false,"excerpt":"La Fondazione Ragghianti di Lucca pubblica in coedizione con la casa editrice Le Lettere la nuova serie della storica rivista CRITICA D'ARTE, fondata nel 1935 da Carlo Ludovico Ragghianti e Ranuccio Bianchi Bandinelli. La nuova serie viene presentata a Milano il 14 gennaio alle 18 presso la sede del Banco\u2026","rel":"","context":"In &quot;arte&quot;","block_context":{"text":"arte","link":"https:\/\/www.biancoscuro.it\/site\/category\/arte\/"},"img":{"alt_text":"","src":"https:\/\/i0.wp.com\/www.biancoscuro.it\/site\/wp-content\/uploads\/2020\/01\/cover-Critica-dArte.jpg?resize=350%2C200&ssl=1","width":350,"height":200,"srcset":"https:\/\/i0.wp.com\/www.biancoscuro.it\/site\/wp-content\/uploads\/2020\/01\/cover-Critica-dArte.jpg?resize=350%2C200&ssl=1 1x, https:\/\/i0.wp.com\/www.biancoscuro.it\/site\/wp-content\/uploads\/2020\/01\/cover-Critica-dArte.jpg?resize=525%2C300&ssl=1 1.5x, https:\/\/i0.wp.com\/www.biancoscuro.it\/site\/wp-content\/uploads\/2020\/01\/cover-Critica-dArte.jpg?resize=700%2C400&ssl=1 2x"},"classes":[]},{"id":17993,"url":"https:\/\/www.biancoscuro.it\/site\/piotr-hanzelewicz-del-resto_on-stage\/","url_meta":{"origin":12584,"position":4},"title":"Piotr Hanzelewicz &#8211; Del resto_On stage","author":"Roberta Melasecca","date":"10 Gennaio 2025","format":false,"excerpt":"Nell\u2019ambito della mostra Del resto di Piotr Hanzelewicz, a cura di Emiliano Dante, visitabile presso la Fondazione Giorgio de Marchis Bonanni d'Ocre fino al 23 gennaio, venerd\u00ec 17 gennaio 2025 il pomeriggio sar\u00e0 dedicato ad appuntamenti di approfondimento delle tematiche del progetto. Alle ore 16.30, nell\u2019Aula Magna del Dipartimento di\u2026","rel":"","context":"In &quot;eventi&quot;","block_context":{"text":"eventi","link":"https:\/\/www.biancoscuro.it\/site\/category\/eventi\/"},"img":{"alt_text":"","src":"https:\/\/i0.wp.com\/www.biancoscuro.it\/site\/wp-content\/uploads\/2025\/01\/Piotr-Hanzelewicz-Performative-I-ed-2021-ph-Filippo-Zoccoli.jpg?resize=350%2C200&ssl=1","width":350,"height":200,"srcset":"https:\/\/i0.wp.com\/www.biancoscuro.it\/site\/wp-content\/uploads\/2025\/01\/Piotr-Hanzelewicz-Performative-I-ed-2021-ph-Filippo-Zoccoli.jpg?resize=350%2C200&ssl=1 1x, https:\/\/i0.wp.com\/www.biancoscuro.it\/site\/wp-content\/uploads\/2025\/01\/Piotr-Hanzelewicz-Performative-I-ed-2021-ph-Filippo-Zoccoli.jpg?resize=525%2C300&ssl=1 1.5x, https:\/\/i0.wp.com\/www.biancoscuro.it\/site\/wp-content\/uploads\/2025\/01\/Piotr-Hanzelewicz-Performative-I-ed-2021-ph-Filippo-Zoccoli.jpg?resize=700%2C400&ssl=1 2x"},"classes":[]},{"id":10919,"url":"https:\/\/www.biancoscuro.it\/site\/critica-darte-in-uscita-il-secondo-numero-della-nuova-serie-della-storica-rivista\/","url_meta":{"origin":12584,"position":5},"title":"CRITICA D&#8217;ARTE. In uscita il secondo numero della nuova serie della storica rivista","author":"Chiara","date":"21 Luglio 2020","format":false,"excerpt":"Esce in questi giorni il secondo numero della nona serie di \u00abCritica d\u2019Arte\u00bb, una delle riviste di storia dell\u2019arte pi\u00f9 longeve d\u2019Italia, fondata nel 1935 da Carlo Ludovico Ragghianti con Ranuccio Bianchi Bandinelli. Acquisita dalla Fondazione Ragghianti di Lucca, che la pubblica in coedizione con l\u2019Editoriale Le Lettere, la rivista\u2026","rel":"","context":"In &quot;arte&quot;","block_context":{"text":"arte","link":"https:\/\/www.biancoscuro.it\/site\/category\/arte\/"},"img":{"alt_text":"","src":"https:\/\/i0.wp.com\/www.biancoscuro.it\/site\/wp-content\/uploads\/2020\/07\/Critica-darte-3-4-copertina.jpg?resize=350%2C200&ssl=1","width":350,"height":200,"srcset":"https:\/\/i0.wp.com\/www.biancoscuro.it\/site\/wp-content\/uploads\/2020\/07\/Critica-darte-3-4-copertina.jpg?resize=350%2C200&ssl=1 1x, https:\/\/i0.wp.com\/www.biancoscuro.it\/site\/wp-content\/uploads\/2020\/07\/Critica-darte-3-4-copertina.jpg?resize=525%2C300&ssl=1 1.5x, https:\/\/i0.wp.com\/www.biancoscuro.it\/site\/wp-content\/uploads\/2020\/07\/Critica-darte-3-4-copertina.jpg?resize=700%2C400&ssl=1 2x, https:\/\/i0.wp.com\/www.biancoscuro.it\/site\/wp-content\/uploads\/2020\/07\/Critica-darte-3-4-copertina.jpg?resize=1050%2C600&ssl=1 3x"},"classes":[]}],"_links":{"self":[{"href":"https:\/\/www.biancoscuro.it\/site\/wp-json\/wp\/v2\/posts\/12584","targetHints":{"allow":["GET"]}}],"collection":[{"href":"https:\/\/www.biancoscuro.it\/site\/wp-json\/wp\/v2\/posts"}],"about":[{"href":"https:\/\/www.biancoscuro.it\/site\/wp-json\/wp\/v2\/types\/post"}],"author":[{"embeddable":true,"href":"https:\/\/www.biancoscuro.it\/site\/wp-json\/wp\/v2\/users\/917"}],"replies":[{"embeddable":true,"href":"https:\/\/www.biancoscuro.it\/site\/wp-json\/wp\/v2\/comments?post=12584"}],"version-history":[{"count":0,"href":"https:\/\/www.biancoscuro.it\/site\/wp-json\/wp\/v2\/posts\/12584\/revisions"}],"wp:featuredmedia":[{"embeddable":true,"href":"https:\/\/www.biancoscuro.it\/site\/wp-json\/wp\/v2\/media\/12585"}],"wp:attachment":[{"href":"https:\/\/www.biancoscuro.it\/site\/wp-json\/wp\/v2\/media?parent=12584"}],"wp:term":[{"taxonomy":"category","embeddable":true,"href":"https:\/\/www.biancoscuro.it\/site\/wp-json\/wp\/v2\/categories?post=12584"},{"taxonomy":"post_tag","embeddable":true,"href":"https:\/\/www.biancoscuro.it\/site\/wp-json\/wp\/v2\/tags?post=12584"}],"curies":[{"name":"wp","href":"https:\/\/api.w.org\/{rel}","templated":true}]}}