{"id":1277,"date":"2014-04-29T16:53:19","date_gmt":"2014-04-29T16:53:19","guid":{"rendered":"http:\/\/www.biancoscuro.it\/site\/?p=1277"},"modified":"2014-04-29T17:59:39","modified_gmt":"2014-04-29T17:59:39","slug":"lossessione-nordica-bocklin-klimt-munch-e-la-pittura-italiana","status":"publish","type":"post","link":"https:\/\/www.biancoscuro.it\/site\/lossessione-nordica-bocklin-klimt-munch-e-la-pittura-italiana\/","title":{"rendered":"L\u2019Ossessione Nordica B\u00f6cklin, Klimt, Munch e la pittura italiana"},"content":{"rendered":"<span class=\"span-reading-time rt-reading-time\" style=\"display: block;\"><span class=\"rt-label rt-prefix\">\u23f0 lettura <\/span> <span class=\"rt-time\"> 2<\/span> <span class=\"rt-label rt-postfix\">min. <br><br><\/span><\/span><p>Rovigo, un piccolo centro storico e una provincia con un territorio tutto da scoprire. Palazzi che testimoniano le diverse influenze a cui la citt\u00e0 \u00e8 stata sottoposta, un castello con le caratteristiche torri, i quartieri medievali e le dimore nobiliari. E ancora, allontanandosi dalla citt\u00e0: paesini silenziosi dove il tempo sembra essersi fermato.<\/p>\n<p><b>\u00c9 in questo contesto che fino<\/b><b>\u00a0al 21 giugno 2014<\/b>, si potr\u00e0 visitare\u00a0la<b>\u00a0mostra \u201cL\u2019Ossessione Nordica\u201d al teatro sociale di Rovigo<\/b>, presentata dal\u00a0curatore della mostra Giandomenico Romanelli insieme a: Sindaco Bruno Piva, Antonio Finotti (Presidente della Fondazione Cassa di Risparmio di Padova e Rovigo), Giovanni Costa (Vice Presidente del Consiglio di Gestione Intesa San Paolo e Presidente della Cassa di Risparmio del Veneto) e la scrittrice Melania Mazzucco.<\/p>\n<figure id=\"attachment_1285\" aria-describedby=\"caption-attachment-1285\" style=\"width: 500px\" class=\"wp-caption alignnone\"><img loading=\"lazy\" decoding=\"async\" class=\"size-full wp-image-1285\" src=\"http:\/\/www.biancoscuro.it\/site\/wp-content\/uploads\/2014\/04\/Rovina-sul-mare.jpg\" alt=\"Arnold B\u00f6cklin,  Ruine am Meer (Rovina sul mare), 1880. olio su tela.\" width=\"500\" height=\"359\" srcset=\"https:\/\/www.biancoscuro.it\/site\/wp-content\/uploads\/2014\/04\/Rovina-sul-mare.jpg 500w, https:\/\/www.biancoscuro.it\/site\/wp-content\/uploads\/2014\/04\/Rovina-sul-mare-300x215.jpg 300w\" sizes=\"auto, (max-width: 500px) 100vw, 500px\" \/><figcaption id=\"caption-attachment-1285\" class=\"wp-caption-text\">Arnold B\u00f6cklin,<br \/>Ruine am Meer (Rovina sul mare), 1880. olio su tela.<\/figcaption><\/figure>\n<p>La mostra, curata da Giandomenico Romanelli con la collaborazione di Alessandra Tiddia, \u00e8 promossa dalla Fondazione Cassa di Risparmio di Padova e Rovigo, in collaborazione con il Comune di Rovigo e l\u2019Accademia dei Concordi.<\/p>\n<p>Il perch\u00e9 di questa interessantissima esposizione \u00e8 da ricercare nelle intuizioni di Vittorio Pica, critico italiano che nel 1901 <b>afferm\u00f2 quanto gli artisti italiani fossero presi da una sorta di \u201cossessione nordica\u201d<\/b>, in particolare al riguardo della sezione italiana della quarta Biennale di Venezia.<\/p>\n<p>Partendo da questa intuizione di Pica, che fu anche Segretario generale della Biennale, per la prima volta una grande mostra intende documentare quanto i \u201cnordici\u201d, intesi nel senso pi\u00f9 ampio del termine secondo le intenzioni del critico, <b>Boecklin, Hodler, Klimt, Klinger, von Stuck, Khnopff<\/b> e gli Scandinavi di varie tendenze come <b>Zorn, Larsson<\/b> o addirittura <b>Munch<\/b>, abbiano influenzato gli italiani, che ne hanno sub\u00ecto il fascino o che ne hanno abbracciato con convinzione ed efficacia le suggestioni.<\/p>\n<p>Partendo dal racconto delle prime Biennali e della loro evoluzione, soffermandosi sul \u201cmomento svizzero\u201d della cultura tedesca con <b>Boecklin, Hodler, Klimt e Klinger<\/b> impegnati tra evocazioni mitologiche e dense interpretazioni simboliste non meno che della vita e dell\u2019anima della belle \u00e8poque mitteleuropea.<\/p>\n<p><b>Paesaggi inquieti e silenziosi, distese innevate e fiordi, interni domestici raffinati<\/b>, ritratti in cui la figura umana \u00e8 carica di quei nuovi strumenti di conoscenza e descrizione della psiche.<\/p>\n<p>La mostra <b>propone un percorso pi\u00f9 intellettuale che artistico<\/b>, ricco di fascino e seducente nelle sue molteplici sfaccettature.<\/p>\n<figure id=\"attachment_1284\" aria-describedby=\"caption-attachment-1284\" style=\"width: 500px\" class=\"wp-caption alignnone\"><img loading=\"lazy\" decoding=\"async\" class=\"size-full wp-image-1284\" src=\"http:\/\/www.biancoscuro.it\/site\/wp-content\/uploads\/2014\/04\/Vilhelm.jpg\" alt=\"Vilhelm Hammersh\u00f8i, Interi\u00f8r med siddende kvinde, 1908, olio su tela.\" width=\"500\" height=\"618\" srcset=\"https:\/\/www.biancoscuro.it\/site\/wp-content\/uploads\/2014\/04\/Vilhelm.jpg 500w, https:\/\/www.biancoscuro.it\/site\/wp-content\/uploads\/2014\/04\/Vilhelm-242x300.jpg 242w\" sizes=\"auto, (max-width: 500px) 100vw, 500px\" \/><figcaption id=\"caption-attachment-1284\" class=\"wp-caption-text\">Vilhelm Hammersh\u00f8i,<br \/>Interi\u00f8r med siddende kvinde, 1908, olio su tela.<\/figcaption><\/figure>\n<p><strong>More info &amp; ticket:<\/strong><\/p>\n<p><a href=\"http:\/\/www.mostraossessionenordica.it\">http:\/\/www.mostraossessionenordica.it<\/a><\/p>\n","protected":false},"excerpt":{"rendered":"<p><span class=\"span-reading-time rt-reading-time\" style=\"display: block;\"><span class=\"rt-label rt-prefix\">\u23f0 lettura <\/span> <span class=\"rt-time\"> 2<\/span> <span class=\"rt-label rt-postfix\">min. <\/p>\n<p><\/span><\/span>Rovigo, un piccolo centro storico e una provincia con un territorio tutto da scoprire. Palazzi che testimoniano le diverse influenze a cui la citt\u00e0 \u00e8 stata sottoposta, un castello con le caratteristiche torri, i quartieri medievali e le dimore nobiliari. E ancora, allontanandosi dalla citt\u00e0: paesini silenziosi dove il tempo sembra essersi fermato. \u00c9 in&hellip;&nbsp;<a href=\"https:\/\/www.biancoscuro.it\/site\/lossessione-nordica-bocklin-klimt-munch-e-la-pittura-italiana\/\" rel=\"bookmark\">Leggi tutto &raquo;<span class=\"screen-reader-text\">L\u2019Ossessione Nordica B\u00f6cklin, Klimt, Munch e la pittura italiana<\/span><\/a><\/p>\n","protected":false},"author":1,"featured_media":0,"comment_status":"closed","ping_status":"closed","sticky":false,"template":"","format":"standard","meta":{"neve_meta_sidebar":"","neve_meta_container":"","neve_meta_enable_content_width":"","neve_meta_content_width":0,"neve_meta_title_alignment":"","neve_meta_author_avatar":"","neve_post_elements_order":"","neve_meta_disable_header":"","neve_meta_disable_footer":"","neve_meta_disable_title":"","advanced_seo_description":"","jetpack_seo_html_title":"","jetpack_seo_noindex":false,"footnotes":""},"categories":[5,26,27,24,6,15],"tags":[],"class_list":["post-1277","post","type-post","status-publish","format-standard","hentry","category-arte","category-eventi","category-manifestazione","category-mostre","category-pittura","category-rivista-darte"],"jetpack_featured_media_url":"","jetpack_sharing_enabled":true,"jetpack-related-posts":[{"id":3688,"url":"https:\/\/www.biancoscuro.it\/site\/una-visione-oltre\/","url_meta":{"origin":1277,"position":0},"title":"Luigi Groto | Una visione oltre","author":"LINDA FERRARI","date":"12 Aprile 2016","format":false,"excerpt":"Luigi Groto, illustre scrittore di Adria del\u2019500, ispira una metafora contemporanea. Prende il via ad Adria Una visione oltre, un\u2019iniziativa tesa alla coesione sociale, attraverso spettacoli, workshop e video documentari. Stefano Cagol, artista di fama internazionale, sar\u00e0 ad Adria per coordinare 14 giovani artisti under 35 con la finalit\u00e0 di\u2026","rel":"","context":"In &quot;arte&quot;","block_context":{"text":"arte","link":"https:\/\/www.biancoscuro.it\/site\/category\/arte\/"},"img":{"alt_text":"","src":"https:\/\/i0.wp.com\/www.biancoscuro.it\/site\/wp-content\/uploads\/2016\/04\/una-visione-oltre-001.jpg?resize=350%2C200&ssl=1","width":350,"height":200},"classes":[]},{"id":3800,"url":"https:\/\/www.biancoscuro.it\/site\/attraverso-una-visione-oltre\/","url_meta":{"origin":1277,"position":1},"title":"Attraverso | Una visione oltre","author":"LINDA FERRARI","date":"3 Maggio 2016","format":false,"excerpt":"Ad Adria da Beuys a Cagol Il MAAD \u2013 Museo d\u2019Arte di Adria e del Delta del Po, nuova istituzione con sede presso Palazzo Bocchi di Adria (Rovigo), apre al pubblico il 20 maggio con una prima importante mostra a cura di Tobia Don\u00e0. Fino al 25 giugno sono messi\u2026","rel":"","context":"In &quot;arte&quot;","block_context":{"text":"arte","link":"https:\/\/www.biancoscuro.it\/site\/category\/arte\/"},"img":{"alt_text":"","src":"https:\/\/i0.wp.com\/www.biancoscuro.it\/site\/wp-content\/uploads\/2016\/05\/ATTRAVERSO.jpg?resize=350%2C200&ssl=1","width":350,"height":200,"srcset":"https:\/\/i0.wp.com\/www.biancoscuro.it\/site\/wp-content\/uploads\/2016\/05\/ATTRAVERSO.jpg?resize=350%2C200&ssl=1 1x, https:\/\/i0.wp.com\/www.biancoscuro.it\/site\/wp-content\/uploads\/2016\/05\/ATTRAVERSO.jpg?resize=525%2C300&ssl=1 1.5x, https:\/\/i0.wp.com\/www.biancoscuro.it\/site\/wp-content\/uploads\/2016\/05\/ATTRAVERSO.jpg?resize=700%2C400&ssl=1 2x"},"classes":[]},{"id":14758,"url":"https:\/\/www.biancoscuro.it\/site\/the-video-is-the-massage\/","url_meta":{"origin":1277,"position":2},"title":"THE VIDEO IS THE MASSAGE","author":"Elena Seno","date":"8 Novembre 2022","format":false,"excerpt":"Al Palazzo Pretorio di Cittadella, l\u2019arte nasce da un refuso.Ispirati dagli studi del sociologo Marshall McLuhan, che si dedic\u00f2 alla ricerca dei processi strutturali e delle conseguenze prodotte dai nuovi mezzi di comunicazione, soprattutto dal celebre saggio The video is the massage, il duo di artisti Basmati Video (composto da\u2026","rel":"","context":"In &quot;arte&quot;","block_context":{"text":"arte","link":"https:\/\/www.biancoscuro.it\/site\/category\/arte\/"},"img":{"alt_text":"","src":"https:\/\/i0.wp.com\/www.biancoscuro.it\/site\/wp-content\/uploads\/2022\/11\/Schermata-2022-11-07-alle-18.52.10.png?resize=350%2C200&ssl=1","width":350,"height":200},"classes":[]},{"id":2427,"url":"https:\/\/www.biancoscuro.it\/site\/alessandro-trani-a-milano-larte-e-il-tempo-evento-ufficiale-di-expo-in-citta\/","url_meta":{"origin":1277,"position":3},"title":"Alessandro Trani a Milano \u201cL\u2019Arte e il Tempo\u201d, evento ufficiale di EXPO in Citt\u00e0","author":"Redazione BIANCOSCURO","date":"3 Aprile 2015","format":false,"excerpt":"\u201cL\u2019Arte e il Tempo\u201d, evento ufficiale di EXPO in Citt\u00e0\u00a0dal 10 al 30 giugno 2015, presso il Palazzo dei Giureconsulti,\u00a0in via dei Mercanti (angolo Piazza Duomo) Milano. L\u2019Artista romano Alessandro Trani sar\u00e0 presente alla rassegna \u201cL\u2019Arte e il Tempo\u201d ad Expo in Citt\u00e0, all\u2019interno di EXPO 2015, piattaforma culturale che\u2026","rel":"","context":"In &quot;arte&quot;","block_context":{"text":"arte","link":"https:\/\/www.biancoscuro.it\/site\/category\/arte\/"},"img":{"alt_text":"","src":"https:\/\/i0.wp.com\/www.biancoscuro.it\/site\/wp-content\/uploads\/2015\/04\/omega.jpg?resize=350%2C200&ssl=1","width":350,"height":200},"classes":[]},{"id":1130,"url":"https:\/\/www.biancoscuro.it\/site\/johannes-vermeer-la-ragazza-con-lorecchino-di-perla-a-bologna\/","url_meta":{"origin":1277,"position":4},"title":"Johannes Vermeer \u201cLa ragazza con l\u2019orecchino di perla\u201d a Bologna","author":"Redazione BIANCOSCURO","date":"17 Aprile 2014","format":false,"excerpt":"Bologna, regina dell\u2019arte fino\u00a0al 25 maggio 2014, con la presenza nella citt\u00e0 del dipinto \u201cvivente\u201d di Vermeer: \u201cLa ragazza con l\u2019orecchino di perla\u201d e la grande arte olandese. Per pi\u00f9 di un secolo la ragazza col turbante\u00a0 \u00e8 stata appesa sulle pareti del museo Mauritshuis, a L\u2019Aja insieme a dipinti\u2026","rel":"","context":"In &quot;arte&quot;","block_context":{"text":"arte","link":"https:\/\/www.biancoscuro.it\/site\/category\/arte\/"},"img":{"alt_text":"Johannes Vermeer, La ragazza con l\u2019orecchino di perla, 1665 circa, olio su tela, 44,5 x 39 cm. L\u2019Aia, Gabinetto Reale di pitture Mauritshuis - lascito di Arnoldus Andries des Tombe, L\u2019Aia, 1903 (Inv. n. 670) \u00a9 L\u2019Aia, Gabinetto Reale di pitture Mauritshuis","src":"https:\/\/i0.wp.com\/www.biancoscuro.it\/site\/wp-content\/uploads\/2014\/04\/vermeer.jpg?resize=350%2C200","width":350,"height":200},"classes":[]},{"id":10312,"url":"https:\/\/www.biancoscuro.it\/site\/carole-robb-whispers-in-the-night-sussurri-notturni\/","url_meta":{"origin":1277,"position":5},"title":"Carole Robb &#8211; Whispers in the Night Sussurri Notturni","author":"Roberta Melasecca","date":"28 Gennaio 2020","format":false,"excerpt":"Visions of the Euphoric City A cura di Milos Zahradka Maiorana Carole Robb - Whispers in the Night Sussurri Notturni Inaugurazione 7 febbraio 2020 ore 18.00 7-22 febbraio 2020 Andrew Stahl - Through the City Attraverso la Citt\u00e0 Inaugurazione 25 febbraio 2020 ore 18.00 25 febbraio - 12 marzo 2020\u2026","rel":"","context":"In &quot;arte&quot;","block_context":{"text":"arte","link":"https:\/\/www.biancoscuro.it\/site\/category\/arte\/"},"img":{"alt_text":"","src":"https:\/\/i0.wp.com\/www.biancoscuro.it\/site\/wp-content\/uploads\/2020\/01\/Carole-Robb-Fontana-delle-Tartarughe-2019.jpg?resize=350%2C200&ssl=1","width":350,"height":200,"srcset":"https:\/\/i0.wp.com\/www.biancoscuro.it\/site\/wp-content\/uploads\/2020\/01\/Carole-Robb-Fontana-delle-Tartarughe-2019.jpg?resize=350%2C200&ssl=1 1x, https:\/\/i0.wp.com\/www.biancoscuro.it\/site\/wp-content\/uploads\/2020\/01\/Carole-Robb-Fontana-delle-Tartarughe-2019.jpg?resize=525%2C300&ssl=1 1.5x, https:\/\/i0.wp.com\/www.biancoscuro.it\/site\/wp-content\/uploads\/2020\/01\/Carole-Robb-Fontana-delle-Tartarughe-2019.jpg?resize=700%2C400&ssl=1 2x"},"classes":[]}],"_links":{"self":[{"href":"https:\/\/www.biancoscuro.it\/site\/wp-json\/wp\/v2\/posts\/1277","targetHints":{"allow":["GET"]}}],"collection":[{"href":"https:\/\/www.biancoscuro.it\/site\/wp-json\/wp\/v2\/posts"}],"about":[{"href":"https:\/\/www.biancoscuro.it\/site\/wp-json\/wp\/v2\/types\/post"}],"author":[{"embeddable":true,"href":"https:\/\/www.biancoscuro.it\/site\/wp-json\/wp\/v2\/users\/1"}],"replies":[{"embeddable":true,"href":"https:\/\/www.biancoscuro.it\/site\/wp-json\/wp\/v2\/comments?post=1277"}],"version-history":[{"count":0,"href":"https:\/\/www.biancoscuro.it\/site\/wp-json\/wp\/v2\/posts\/1277\/revisions"}],"wp:attachment":[{"href":"https:\/\/www.biancoscuro.it\/site\/wp-json\/wp\/v2\/media?parent=1277"}],"wp:term":[{"taxonomy":"category","embeddable":true,"href":"https:\/\/www.biancoscuro.it\/site\/wp-json\/wp\/v2\/categories?post=1277"},{"taxonomy":"post_tag","embeddable":true,"href":"https:\/\/www.biancoscuro.it\/site\/wp-json\/wp\/v2\/tags?post=1277"}],"curies":[{"name":"wp","href":"https:\/\/api.w.org\/{rel}","templated":true}]}}