{"id":12884,"date":"2022-02-10T16:21:05","date_gmt":"2022-02-10T15:21:05","guid":{"rendered":"https:\/\/www.biancoscuro.it\/site\/?p=12884"},"modified":"2022-02-16T18:00:14","modified_gmt":"2022-02-16T17:00:14","slug":"a-bologna-the-mast-collection-in-mostra-500-straordinarie-immagini-su-lavoro-industria-e-tecnologia","status":"publish","type":"post","link":"https:\/\/www.biancoscuro.it\/site\/a-bologna-the-mast-collection-in-mostra-500-straordinarie-immagini-su-lavoro-industria-e-tecnologia\/","title":{"rendered":"THE MAST COLLECTION: in mostra 500 straordinarie immagini su lavoro, industria e tecnologia"},"content":{"rendered":"<span class=\"span-reading-time rt-reading-time\" style=\"display: block;\"><span class=\"rt-label rt-prefix\">\u23f0 lettura <\/span> <span class=\"rt-time\"> 3<\/span> <span class=\"rt-label rt-postfix\">min. <br><br><\/span><\/span>\n<p><strong>Da oggi al 22 maggio \u00e8 possibile visitare gratuitamente al MAST a Bologna la prima grande esposizione di opere della Collezione della Fondazione MAST<\/strong>: oltre <strong>500 immagini <\/strong>tra fotografie, album, video di 200 grandi fotografi italiani e internazionali e artisti anonimi.<\/p>\n\n\n\n<p>La Collezione della Fondazione MAST conta pi\u00f9 di 6000 immagini e video di celebri artisti e maestri dell\u2019obiettivo, oltre ad una vasta selezione di album fotografici di autori sconosciuti.<\/p>\n\n\n\n<p>&#8220;<strong>The MAST Collection &#8211; A Visual Alphabet of lndustry, Work and Technology&#8221;<\/strong>, curata da <strong>Urs Stahel<\/strong>, \u00e8 la prima esposizione di opere selezionate dalla collezione della Fondazione, immagini iconiche di autori famosi da tutto il mondo, fotografi meno noti o sconosciuti, artisti finalisti del <em>MAST Photography Grant on lndustry and Work<\/em>, che testimoniano visivamente la storia del mondo industriale e del lavoro.<\/p>\n\n\n\n<p>Tra gli artisti in mostra: <strong>Paola Agosti, Richard Avedon, Gabriele Basilico, Gianni Berengo Gardin, Margaret Bourke-White, Henri Cartier-Bresson, Thomas Demand, Robert Doisneau, Walker Evans, Luigi Ghirri, Mario Giacomelli, Mimmo Jodice, Andr\u00e9 Kertesz, Josef Koudelka, Dorotohea Lange, Erich Lessing, Herbert List, David Lynch, Don McCullin, Nino Migliori, Tina Modotti, Ugo Mulas, Vik Muniz, Walter Niedermayr, Helga Paris, Thomas Ruff, Sebastiao Salgado, August Sanders, W. Eugene Smith, Edward Steichen, Thomas Struth, Carlo Valsecchi, Edward Weston.<\/strong><\/p>\n\n\n\n<p>Per la sua complessit\u00e0, la mostra \u00e8 strutturata in <strong>53 capitoli dedicata ad altrettanti concetti<\/strong> illustrati nelle opere rappresentate. La forma espositiva \u00e8 quella di <strong>un alfabeto<\/strong> che si snoda sulle pareti dei tre spazi espositivi (PhotoGallery, Foyer e Livello O) e che permette di mettere in rilievo un sistema concettuale che dalla <strong>A <\/strong>di <strong><em>Abandoned<\/em> <\/strong>e <strong><em>Architecture<\/em> <\/strong>arriva fino alla <strong>W<\/strong> di <strong><em>Waste<\/em><\/strong>, <strong><em>Water<\/em><\/strong>, <strong><em>Wealth<\/em><\/strong>.<\/p>\n\n\n\n<p>Questi 53 capitoli rappresentano altrettante isole tematiche nelle quali convivono vecchi e giovani, ricchi e poveri, sani e malati, aree industriali o villaggi operai. Costituiscono il punto di incontro delle percezioni, degli atteggiamenti e dei progetti pi\u00f9 disparati. La fotografia documentaria incontra l&#8217;arte concettuale, gli antichi processi di sviluppo e di stampa su diverse tipologie di carta fotografica, come le stampe all&#8217;albumina, si confrontano con le ultime novit\u00e0 in fatto di stampe digitali e inkjet; le immagini dominate dal bianco e nero pi\u00f9 profondo si affiancano a rappresentazioni visive dai colori vivaci. I paesaggi cupi caratteristici dell\u2019industria pesante contrastano con gli scintillanti impianti high-tech, il duro lavoro manuale e la maestria artigianale trovano il loro contrappunto negli universi digitali, nell\u2019elaborazione automatizzata dei dati. Alle manifestazioni di protesta contro il mercato e il crac finanziario si affiancano le testimonianze visive del fenomeno migratorio e del lavoro d\u2019ufficio&#8221;.<\/p>\n\n\n\n<p>La mostra documenta inoltre il progresso tecnologico e lo sforzo analogico sia del settore industriale sia della fotografia, rappresentato oggi dai dispositivi digitali ultra leggeri, in perenne connessione, capaci di documentare, stampare e condividere il mondo in immagini digitali e stampe 3D. Dall&#8217;industria, dalla fotografia e dalla modernit\u00e0 si passa all&#8217;alta tecnologia, alle reti generative delle immagini e alla post-post\u00ad modernit\u00e0, ovvero a una sorta di contemporaneit\u00e0 4.0. Dalla semplice copia della realt\u00e0 alle immagini generate dall&#8217;intelligenza artificiale.<\/p>\n\n\n\n<p>La mostra<strong> \u201cThe MAST Collection &#8211; A Visual Alphabet of lndustry, Work and Technology&#8221;<\/strong> condensa gli ultimi 200 anni di storia ricchi, folli, intensi, esplosivi in pi\u00f9 di 500 opere che raccontano della nostra quotidianit\u00e0.<\/p>\n\n\n\n<p>La mostra \u00e8 accompagnata da un opuscolo informativo gratuito. E&#8217; in lavorazione, inoltre, un progetto editoriale dedicato alla Collezione della Fondazione.<\/p>\n\n\n\n<pre class=\"wp-block-preformatted has-small-font-size\"><strong>FONDAZIONE MAST<\/strong>\nvia Speranza 42, Bologna\nwww.mast.org\n\n<strong>THE MAST COLLECTION<\/strong>  <strong>A Visual Alphabet on lndustry, Work and Technology<\/strong>\n<strong>10 febbraio - 22 maggio 2022<\/strong>\n<strong>Ingresso gratuito<\/strong>\n<strong>Marted\u00ec - Domenica 10 - 19<\/strong><\/pre>\n\n\n\n<figure class=\"wp-block-gallery has-nested-images columns-default is-cropped wp-block-gallery-1 is-layout-flex wp-block-gallery-is-layout-flex\">\n<figure class=\"wp-block-image size-large\"><img loading=\"lazy\" decoding=\"async\" width=\"1024\" height=\"694\" data-id=\"12885\" src=\"https:\/\/www.biancoscuro.it\/site\/wp-content\/uploads\/2022\/02\/12.-SEBASTIAO_SALGADO_Pozzo-petrolifero-Burhan-Kuwait--1024x694.jpg\" alt=\"\" class=\"wp-image-12885\" srcset=\"https:\/\/www.biancoscuro.it\/site\/wp-content\/uploads\/2022\/02\/12.-SEBASTIAO_SALGADO_Pozzo-petrolifero-Burhan-Kuwait--1024x694.jpg 1024w, https:\/\/www.biancoscuro.it\/site\/wp-content\/uploads\/2022\/02\/12.-SEBASTIAO_SALGADO_Pozzo-petrolifero-Burhan-Kuwait--300x203.jpg 300w, https:\/\/www.biancoscuro.it\/site\/wp-content\/uploads\/2022\/02\/12.-SEBASTIAO_SALGADO_Pozzo-petrolifero-Burhan-Kuwait--768x520.jpg 768w, https:\/\/www.biancoscuro.it\/site\/wp-content\/uploads\/2022\/02\/12.-SEBASTIAO_SALGADO_Pozzo-petrolifero-Burhan-Kuwait--600x406.jpg 600w, https:\/\/www.biancoscuro.it\/site\/wp-content\/uploads\/2022\/02\/12.-SEBASTIAO_SALGADO_Pozzo-petrolifero-Burhan-Kuwait-.jpg 1181w\" sizes=\"auto, (max-width: 1024px) 100vw, 1024px\" \/><figcaption><br \/><br \/><strong>SEBASTI\u00c3O SALGADO&nbsp;<\/strong><br \/>Pozzo petrolifero, Burhan, Kuwait&nbsp;<br \/>\u00a9 Sebastiao Salgado\/Amazonas Images\/Contrasto&nbsp;<\/figcaption><\/figure>\n\n\n\n<figure class=\"wp-block-image size-large\"><img loading=\"lazy\" decoding=\"async\" width=\"1024\" height=\"769\" data-id=\"12886\" src=\"https:\/\/www.biancoscuro.it\/site\/wp-content\/uploads\/2022\/02\/20.-HANS_PETER_KLAUSER_Bagnanti-felici-sulla-Sihl-1024x769.jpg\" alt=\"\" class=\"wp-image-12886\" srcset=\"https:\/\/www.biancoscuro.it\/site\/wp-content\/uploads\/2022\/02\/20.-HANS_PETER_KLAUSER_Bagnanti-felici-sulla-Sihl-1024x769.jpg 1024w, https:\/\/www.biancoscuro.it\/site\/wp-content\/uploads\/2022\/02\/20.-HANS_PETER_KLAUSER_Bagnanti-felici-sulla-Sihl-300x225.jpg 300w, https:\/\/www.biancoscuro.it\/site\/wp-content\/uploads\/2022\/02\/20.-HANS_PETER_KLAUSER_Bagnanti-felici-sulla-Sihl-768x577.jpg 768w, https:\/\/www.biancoscuro.it\/site\/wp-content\/uploads\/2022\/02\/20.-HANS_PETER_KLAUSER_Bagnanti-felici-sulla-Sihl-600x451.jpg 600w, https:\/\/www.biancoscuro.it\/site\/wp-content\/uploads\/2022\/02\/20.-HANS_PETER_KLAUSER_Bagnanti-felici-sulla-Sihl-1536x1154.jpg 1536w, https:\/\/www.biancoscuro.it\/site\/wp-content\/uploads\/2022\/02\/20.-HANS_PETER_KLAUSER_Bagnanti-felici-sulla-Sihl-2048x1539.jpg 2048w, https:\/\/www.biancoscuro.it\/site\/wp-content\/uploads\/2022\/02\/20.-HANS_PETER_KLAUSER_Bagnanti-felici-sulla-Sihl-1320x992.jpg 1320w\" sizes=\"auto, (max-width: 1024px) 100vw, 1024px\" \/><figcaption><br \/><br \/>HANS PETER KLAUSER&nbsp;<br \/>Bagnanti felici sulla Sihl, 1936 \u00a9 Hans Peter Klauser \/ Fotostiftung Schweiz&nbsp;<\/figcaption><\/figure>\n\n\n\n<figure class=\"wp-block-image size-large\"><img loading=\"lazy\" decoding=\"async\" width=\"680\" height=\"1024\" data-id=\"12888\" src=\"https:\/\/www.biancoscuro.it\/site\/wp-content\/uploads\/2022\/02\/08.-BRIAN_GRIFFIN_-Addetta-al-magazzino-con-olio-che-le-cola-dalle-mani-680x1024.jpg\" alt=\"\" class=\"wp-image-12888\" srcset=\"https:\/\/www.biancoscuro.it\/site\/wp-content\/uploads\/2022\/02\/08.-BRIAN_GRIFFIN_-Addetta-al-magazzino-con-olio-che-le-cola-dalle-mani-680x1024.jpg 680w, https:\/\/www.biancoscuro.it\/site\/wp-content\/uploads\/2022\/02\/08.-BRIAN_GRIFFIN_-Addetta-al-magazzino-con-olio-che-le-cola-dalle-mani-199x300.jpg 199w, https:\/\/www.biancoscuro.it\/site\/wp-content\/uploads\/2022\/02\/08.-BRIAN_GRIFFIN_-Addetta-al-magazzino-con-olio-che-le-cola-dalle-mani-768x1156.jpg 768w, https:\/\/www.biancoscuro.it\/site\/wp-content\/uploads\/2022\/02\/08.-BRIAN_GRIFFIN_-Addetta-al-magazzino-con-olio-che-le-cola-dalle-mani-600x903.jpg 600w, https:\/\/www.biancoscuro.it\/site\/wp-content\/uploads\/2022\/02\/08.-BRIAN_GRIFFIN_-Addetta-al-magazzino-con-olio-che-le-cola-dalle-mani.jpg 800w\" sizes=\"auto, (max-width: 680px) 100vw, 680px\" \/><figcaption><br \/>: <br \/><br \/><br \/>BRIAN GRIFFIN&nbsp;<br \/>Addetta al magazzino (con olio che le cola dalle mani), 2013&nbsp;<br \/>\u00a9 Brian Griffin, courtesy of the artist&nbsp;<\/figcaption><\/figure>\n\n\n\n<figure class=\"wp-block-image size-large\"><img loading=\"lazy\" decoding=\"async\" width=\"1000\" height=\"800\" data-id=\"12887\" src=\"https:\/\/www.biancoscuro.it\/site\/wp-content\/uploads\/2022\/02\/16.-PAOLO_WOODS-GABRIELE_GALIMBERTI_The-Heavens.-Annual-Report.jpg\" alt=\"\" class=\"wp-image-12887\" srcset=\"https:\/\/www.biancoscuro.it\/site\/wp-content\/uploads\/2022\/02\/16.-PAOLO_WOODS-GABRIELE_GALIMBERTI_The-Heavens.-Annual-Report.jpg 1000w, https:\/\/www.biancoscuro.it\/site\/wp-content\/uploads\/2022\/02\/16.-PAOLO_WOODS-GABRIELE_GALIMBERTI_The-Heavens.-Annual-Report-300x240.jpg 300w, https:\/\/www.biancoscuro.it\/site\/wp-content\/uploads\/2022\/02\/16.-PAOLO_WOODS-GABRIELE_GALIMBERTI_The-Heavens.-Annual-Report-768x614.jpg 768w, https:\/\/www.biancoscuro.it\/site\/wp-content\/uploads\/2022\/02\/16.-PAOLO_WOODS-GABRIELE_GALIMBERTI_The-Heavens.-Annual-Report-600x480.jpg 600w\" sizes=\"auto, (max-width: 1000px) 100vw, 1000px\" \/><figcaption><br \/><br \/><br \/><br \/>PAOLO WOODS, GABRIELE GALIMBERTI&nbsp;<br \/>The Heavens. Annual Report, 2013&nbsp;<br \/>\u00a9 Paolo Woods, Gabriele Galimberti, courtesy of the artists&nbsp;<\/figcaption><\/figure>\n\n\n\n<figure class=\"wp-block-image size-large\"><img loading=\"lazy\" decoding=\"async\" width=\"1024\" height=\"715\" data-id=\"12889\" src=\"https:\/\/www.biancoscuro.it\/site\/wp-content\/uploads\/2022\/02\/05.-THOMAS_DEMAND_Space-simulator-1024x715.jpg\" alt=\"\" class=\"wp-image-12889\" srcset=\"https:\/\/www.biancoscuro.it\/site\/wp-content\/uploads\/2022\/02\/05.-THOMAS_DEMAND_Space-simulator-1024x715.jpg 1024w, https:\/\/www.biancoscuro.it\/site\/wp-content\/uploads\/2022\/02\/05.-THOMAS_DEMAND_Space-simulator-300x210.jpg 300w, https:\/\/www.biancoscuro.it\/site\/wp-content\/uploads\/2022\/02\/05.-THOMAS_DEMAND_Space-simulator-768x537.jpg 768w, https:\/\/www.biancoscuro.it\/site\/wp-content\/uploads\/2022\/02\/05.-THOMAS_DEMAND_Space-simulator-600x419.jpg 600w, https:\/\/www.biancoscuro.it\/site\/wp-content\/uploads\/2022\/02\/05.-THOMAS_DEMAND_Space-simulator.jpg 1145w\" sizes=\"auto, (max-width: 1024px) 100vw, 1024px\" \/><figcaption><br \/><br \/><br \/>THOMAS DEMAND&nbsp;<br \/>Space Simulator, 2003&nbsp;<br \/>\u00a9 Thomas Demand by SIAE 2022, courtesy of Esther Schipper, Berlin&nbsp;<\/figcaption><\/figure>\n\n\n\n<figure class=\"wp-block-image size-large\"><img loading=\"lazy\" decoding=\"async\" width=\"766\" height=\"1024\" data-id=\"12891\" src=\"https:\/\/www.biancoscuro.it\/site\/wp-content\/uploads\/2022\/02\/14.OTTO_STEINERT_Saarland-paesaggio-industriale-3-766x1024.jpg\" alt=\"\" class=\"wp-image-12891\" srcset=\"https:\/\/www.biancoscuro.it\/site\/wp-content\/uploads\/2022\/02\/14.OTTO_STEINERT_Saarland-paesaggio-industriale-3-766x1024.jpg 766w, https:\/\/www.biancoscuro.it\/site\/wp-content\/uploads\/2022\/02\/14.OTTO_STEINERT_Saarland-paesaggio-industriale-3-224x300.jpg 224w, https:\/\/www.biancoscuro.it\/site\/wp-content\/uploads\/2022\/02\/14.OTTO_STEINERT_Saarland-paesaggio-industriale-3-768x1027.jpg 768w, https:\/\/www.biancoscuro.it\/site\/wp-content\/uploads\/2022\/02\/14.OTTO_STEINERT_Saarland-paesaggio-industriale-3-600x803.jpg 600w, https:\/\/www.biancoscuro.it\/site\/wp-content\/uploads\/2022\/02\/14.OTTO_STEINERT_Saarland-paesaggio-industriale-3.jpg 800w\" sizes=\"auto, (max-width: 766px) 100vw, 766px\" \/><figcaption><br \/><br \/><br \/><br \/>OTTO STEINERT&nbsp;<br \/>Saarland, paesaggio industriale 3, 1950&nbsp;<br \/>\u00a9 Estate Otto Steinert, Museum Folkwang, Essen&nbsp;<\/figcaption><\/figure>\n<\/figure>\n\n\n\n<p><\/p>\n","protected":false},"excerpt":{"rendered":"<p><span class=\"span-reading-time rt-reading-time\" style=\"display: block;\"><span class=\"rt-label rt-prefix\">\u23f0 lettura <\/span> <span class=\"rt-time\"> 3<\/span> <span class=\"rt-label rt-postfix\">min. <\/p>\n<p><\/span><\/span>Da oggi al 22 maggio \u00e8 possibile visitare gratuitamente al MAST a Bologna la prima grande esposizione di opere della Collezione della Fondazione MAST: oltre 500 immagini tra fotografie, album, video di 200 grandi fotografi italiani e internazionali e artisti anonimi. La Collezione della Fondazione MAST conta pi\u00f9 di 6000 immagini e video di celebri&hellip;&nbsp;<a href=\"https:\/\/www.biancoscuro.it\/site\/a-bologna-the-mast-collection-in-mostra-500-straordinarie-immagini-su-lavoro-industria-e-tecnologia\/\" rel=\"bookmark\">Leggi tutto &raquo;<span class=\"screen-reader-text\">THE MAST COLLECTION: in mostra 500 straordinarie immagini su lavoro, industria e tecnologia<\/span><\/a><\/p>\n","protected":false},"author":917,"featured_media":12892,"comment_status":"closed","ping_status":"closed","sticky":false,"template":"","format":"standard","meta":{"neve_meta_sidebar":"","neve_meta_container":"","neve_meta_enable_content_width":"","neve_meta_content_width":0,"neve_meta_title_alignment":"","neve_meta_author_avatar":"","neve_post_elements_order":"","neve_meta_disable_header":"","neve_meta_disable_footer":"","neve_meta_disable_title":"","advanced_seo_description":"","jetpack_seo_html_title":"","jetpack_seo_noindex":false,"footnotes":""},"categories":[5],"tags":[],"class_list":["post-12884","post","type-post","status-publish","format-standard","has-post-thumbnail","hentry","category-arte"],"jetpack_featured_media_url":"https:\/\/www.biancoscuro.it\/site\/wp-content\/uploads\/2022\/02\/11.-MAN_RAY_Elettricita\u0300.-La-casa.jpg","jetpack_sharing_enabled":true,"jetpack-related-posts":[{"id":5422,"url":"https:\/\/www.biancoscuro.it\/site\/al-mast-bologna-la-forza-delle-immagini\/","url_meta":{"origin":12884,"position":0},"title":"Al MAST a Bologna LA FORZA DELLE IMMAGINI","author":"Chiara","date":"3 Maggio 2017","format":false,"excerpt":"La Fondazione MAST presenta dal 3 maggio al 24 settembre una nuova grande mostra tratta dalla propria collezione di fotografia industriale, LA FORZA DELLE IMMAGINI, a cura di Urs Stahel. Sessanta autori dagli anni venti a oggi mostrano con oltre cento opere - alcune costituite da decine di scatti -\u2026","rel":"","context":"In &quot;eventi&quot;","block_context":{"text":"eventi","link":"https:\/\/www.biancoscuro.it\/site\/category\/eventi\/"},"img":{"alt_text":"","src":"https:\/\/i0.wp.com\/www.biancoscuro.it\/site\/wp-content\/uploads\/2017\/05\/6.-Re%CC%81my-Markowitsch.jpg?resize=350%2C200&ssl=1","width":350,"height":200,"srcset":"https:\/\/i0.wp.com\/www.biancoscuro.it\/site\/wp-content\/uploads\/2017\/05\/6.-Re%CC%81my-Markowitsch.jpg?resize=350%2C200&ssl=1 1x, https:\/\/i0.wp.com\/www.biancoscuro.it\/site\/wp-content\/uploads\/2017\/05\/6.-Re%CC%81my-Markowitsch.jpg?resize=525%2C300&ssl=1 1.5x, https:\/\/i0.wp.com\/www.biancoscuro.it\/site\/wp-content\/uploads\/2017\/05\/6.-Re%CC%81my-Markowitsch.jpg?resize=700%2C400&ssl=1 2x"},"classes":[]},{"id":11162,"url":"https:\/\/www.biancoscuro.it\/site\/al-mast-a-bologna-la-mostra-della-sesta-edizione-del-mast-foundation-for-photography-grant-on-industry-and-work\/","url_meta":{"origin":12884,"position":1},"title":"A Bologna la sesta edizione del MAST FOUNDATION FOR PHOTOGRAPHY","author":"Chiara","date":"16 Ottobre 2020","format":false,"excerpt":"Fino al 3 gennaio \u00e8 possibile visitare al MAST a Bologna la mostra del sesto concorso biennale per giovani fotografi MAST Photography Grant on Industry and Work, promosso da Fondazione Mast, che offre agli autori emergenti l\u2019opportunit\u00e0 di confrontarsi con le problematiche legate al mondo dell\u2019industria e della tecnica, con\u2026","rel":"","context":"In &quot;arte&quot;","block_context":{"text":"arte","link":"https:\/\/www.biancoscuro.it\/site\/category\/arte\/"},"img":{"alt_text":"","src":"https:\/\/i0.wp.com\/www.biancoscuro.it\/site\/wp-content\/uploads\/2020\/10\/2.-Alinka-Echeverria-Apparent-Feminity-Ada-Installation-View-Section-6.jpg?resize=350%2C200&ssl=1","width":350,"height":200,"srcset":"https:\/\/i0.wp.com\/www.biancoscuro.it\/site\/wp-content\/uploads\/2020\/10\/2.-Alinka-Echeverria-Apparent-Feminity-Ada-Installation-View-Section-6.jpg?resize=350%2C200&ssl=1 1x, https:\/\/i0.wp.com\/www.biancoscuro.it\/site\/wp-content\/uploads\/2020\/10\/2.-Alinka-Echeverria-Apparent-Feminity-Ada-Installation-View-Section-6.jpg?resize=525%2C300&ssl=1 1.5x, https:\/\/i0.wp.com\/www.biancoscuro.it\/site\/wp-content\/uploads\/2020\/10\/2.-Alinka-Echeverria-Apparent-Feminity-Ada-Installation-View-Section-6.jpg?resize=700%2C400&ssl=1 2x"},"classes":[]},{"id":10354,"url":"https:\/\/www.biancoscuro.it\/site\/uniform-le-divise-da-lavoro-in-600-scatti-di-fotografi-internazionali-al-mast-a-bologna\/","url_meta":{"origin":12884,"position":2},"title":"UNIFORM. Le divise da lavoro in 600 scatti di fotografi internazionali al MAST a Bologna","author":"Chiara","date":"5 Febbraio 2020","format":false,"excerpt":"Ha da poco inaugurato al MAST a Bologna il nuovo progetto espositivo UNIFORM INTO THE WORK\/OUT OF THE WORK\u00a0, curato da Urs Stahel, dedicato alle uniformi da lavoro\u00a0che, attraverso\u00a0oltre 600 scatti di grandi fotografi internazionali,\u00a0mostra le molteplici tipologie di abbigliamento indossate dai lavoratori in contesti storici, sociali e professionali\u00a0differenti. UNIFORM\u2026","rel":"","context":"In &quot;arte&quot;","block_context":{"text":"arte","link":"https:\/\/www.biancoscuro.it\/site\/category\/arte\/"},"img":{"alt_text":"","src":"https:\/\/i0.wp.com\/www.biancoscuro.it\/site\/wp-content\/uploads\/2020\/02\/19.-Sebastia%CC%83o-Salgado.jpg?resize=350%2C200&ssl=1","width":350,"height":200,"srcset":"https:\/\/i0.wp.com\/www.biancoscuro.it\/site\/wp-content\/uploads\/2020\/02\/19.-Sebastia%CC%83o-Salgado.jpg?resize=350%2C200&ssl=1 1x, https:\/\/i0.wp.com\/www.biancoscuro.it\/site\/wp-content\/uploads\/2020\/02\/19.-Sebastia%CC%83o-Salgado.jpg?resize=525%2C300&ssl=1 1.5x, https:\/\/i0.wp.com\/www.biancoscuro.it\/site\/wp-content\/uploads\/2020\/02\/19.-Sebastia%CC%83o-Salgado.jpg?resize=700%2C400&ssl=1 2x"},"classes":[]},{"id":10738,"url":"https:\/\/www.biancoscuro.it\/site\/uniform-mast-bologna-nuovi-ed-esclusivi-contenuti-on-line\/","url_meta":{"origin":12884,"position":3},"title":"UNIFORM Mast Bologna nuovi ed esclusivi contenuti on line","author":"Chiara","date":"12 Giugno 2020","format":false,"excerpt":"In attesa delle riapertura al pubblico delle due esposizioni al\u00a0MAST a Bologna a cura di Urs Stahel\u00a0UNIFORM INTO THE WORK\/OUT OF THE WORK. LA DIVISA DA LAVORO NELLE IMMAGINI DI 44 FOTOGRAFI\u00a0e\u00a0WALEAD BESHTY \u201cRITRATTI INDUSTRIALI\",\u00a0 sono disponibili on line nuovi approfondimenti e contenuti esclusivi: -\u00a0il fotografo tedesco Roland Fischer\u00a0spiega come\u2026","rel":"","context":"In &quot;arte&quot;","block_context":{"text":"arte","link":"https:\/\/www.biancoscuro.it\/site\/category\/arte\/"},"img":{"alt_text":"","src":"https:\/\/i0.wp.com\/www.biancoscuro.it\/site\/wp-content\/uploads\/2020\/06\/Uniform-Allestimento-23-ok.jpg?resize=350%2C200&ssl=1","width":350,"height":200,"srcset":"https:\/\/i0.wp.com\/www.biancoscuro.it\/site\/wp-content\/uploads\/2020\/06\/Uniform-Allestimento-23-ok.jpg?resize=350%2C200&ssl=1 1x, https:\/\/i0.wp.com\/www.biancoscuro.it\/site\/wp-content\/uploads\/2020\/06\/Uniform-Allestimento-23-ok.jpg?resize=525%2C300&ssl=1 1.5x, https:\/\/i0.wp.com\/www.biancoscuro.it\/site\/wp-content\/uploads\/2020\/06\/Uniform-Allestimento-23-ok.jpg?resize=700%2C400&ssl=1 2x, https:\/\/i0.wp.com\/www.biancoscuro.it\/site\/wp-content\/uploads\/2020\/06\/Uniform-Allestimento-23-ok.jpg?resize=1050%2C600&ssl=1 3x"},"classes":[]},{"id":11286,"url":"https:\/\/www.biancoscuro.it\/site\/on-line-le-mostre-fotografiche-del-mast-di-bologna\/","url_meta":{"origin":12884,"position":4},"title":"On line le mostre fotografiche del MAST di Bologna","author":"Chiara","date":"18 Novembre 2020","format":false,"excerpt":"In attesa che il 4 dicembre possano riaprire al pubblico, il MAST di Bologna ha reso visitabili on line sul sito www.mast.org le due mostre inaugurate lo scorso 7 ottobre, MAST Photography Grant on Industry and Work 2020 e\u00a0Inventions. Il visitatore sar\u00e0 accompagnato in questo tour virtuale da una guida\u2026","rel":"","context":"In &quot;arte&quot;","block_context":{"text":"arte","link":"https:\/\/www.biancoscuro.it\/site\/category\/arte\/"},"img":{"alt_text":"","src":"https:\/\/i0.wp.com\/www.biancoscuro.it\/site\/wp-content\/uploads\/2020\/11\/Schermata-2020-11-18-alle-16.44.59.png?resize=350%2C200&ssl=1","width":350,"height":200,"srcset":"https:\/\/i0.wp.com\/www.biancoscuro.it\/site\/wp-content\/uploads\/2020\/11\/Schermata-2020-11-18-alle-16.44.59.png?resize=350%2C200&ssl=1 1x, https:\/\/i0.wp.com\/www.biancoscuro.it\/site\/wp-content\/uploads\/2020\/11\/Schermata-2020-11-18-alle-16.44.59.png?resize=525%2C300&ssl=1 1.5x, https:\/\/i0.wp.com\/www.biancoscuro.it\/site\/wp-content\/uploads\/2020\/11\/Schermata-2020-11-18-alle-16.44.59.png?resize=700%2C400&ssl=1 2x"},"classes":[]},{"id":2967,"url":"https:\/\/www.biancoscuro.it\/site\/industria-oggi-immagini-contemporanee-dalla-collezione-mast\/","url_meta":{"origin":12884,"position":5},"title":"INDUSTRIA, OGGI   Immagini contemporanee dalla collezione MAST","author":"Chiara","date":"20 Agosto 2015","format":false,"excerpt":"Fino al 6 settembre \u00e8 in corso al MAST a Bologna la mostra fotografica Industria, oggi curata da Urs Stahel, responsabile della collezione di\u00a0fotografia industriale del noto spazio bolognese. MAST presenta con\u00a0Industria, oggi,\u00a0l'immagine dell'industria contemporanea negli scatti di ventiquattro artisti e fotografi moderni, proponendo una riflessione sulla rappresentazione del paesaggio\u2026","rel":"","context":"In &quot;arte&quot;","block_context":{"text":"arte","link":"https:\/\/www.biancoscuro.it\/site\/category\/arte\/"},"img":{"alt_text":"biancoscuro - industria now","src":"https:\/\/i0.wp.com\/www.biancoscuro.it\/site\/wp-content\/uploads\/2015\/08\/Schermata-2015-08-20-alle-10.31.20-1024x611.png?resize=350%2C200","width":350,"height":200,"srcset":"https:\/\/i0.wp.com\/www.biancoscuro.it\/site\/wp-content\/uploads\/2015\/08\/Schermata-2015-08-20-alle-10.31.20-1024x611.png?resize=350%2C200 1x, https:\/\/i0.wp.com\/www.biancoscuro.it\/site\/wp-content\/uploads\/2015\/08\/Schermata-2015-08-20-alle-10.31.20-1024x611.png?resize=525%2C300 1.5x"},"classes":[]}],"_links":{"self":[{"href":"https:\/\/www.biancoscuro.it\/site\/wp-json\/wp\/v2\/posts\/12884","targetHints":{"allow":["GET"]}}],"collection":[{"href":"https:\/\/www.biancoscuro.it\/site\/wp-json\/wp\/v2\/posts"}],"about":[{"href":"https:\/\/www.biancoscuro.it\/site\/wp-json\/wp\/v2\/types\/post"}],"author":[{"embeddable":true,"href":"https:\/\/www.biancoscuro.it\/site\/wp-json\/wp\/v2\/users\/917"}],"replies":[{"embeddable":true,"href":"https:\/\/www.biancoscuro.it\/site\/wp-json\/wp\/v2\/comments?post=12884"}],"version-history":[{"count":0,"href":"https:\/\/www.biancoscuro.it\/site\/wp-json\/wp\/v2\/posts\/12884\/revisions"}],"wp:featuredmedia":[{"embeddable":true,"href":"https:\/\/www.biancoscuro.it\/site\/wp-json\/wp\/v2\/media\/12892"}],"wp:attachment":[{"href":"https:\/\/www.biancoscuro.it\/site\/wp-json\/wp\/v2\/media?parent=12884"}],"wp:term":[{"taxonomy":"category","embeddable":true,"href":"https:\/\/www.biancoscuro.it\/site\/wp-json\/wp\/v2\/categories?post=12884"},{"taxonomy":"post_tag","embeddable":true,"href":"https:\/\/www.biancoscuro.it\/site\/wp-json\/wp\/v2\/tags?post=12884"}],"curies":[{"name":"wp","href":"https:\/\/api.w.org\/{rel}","templated":true}]}}