{"id":13041,"date":"2022-03-21T14:31:43","date_gmt":"2022-03-21T13:31:43","guid":{"rendered":"https:\/\/www.biancoscuro.it\/site\/?p=13041"},"modified":"2022-03-21T14:31:52","modified_gmt":"2022-03-21T13:31:52","slug":"photographing-art-al-maxxi-a-roma-presentazione-del-volume-di-franz-egon-von-furstenberg","status":"publish","type":"post","link":"https:\/\/www.biancoscuro.it\/site\/photographing-art-al-maxxi-a-roma-presentazione-del-volume-di-franz-egon-von-furstenberg\/","title":{"rendered":"Photographing Art. Al MAXXI a Roma presentazione del volume di \u00a0Franz Egon von F\u00fcrstenberg\u00a0"},"content":{"rendered":"<span class=\"span-reading-time rt-reading-time\" style=\"display: block;\"><span class=\"rt-label rt-prefix\">\u23f0 lettura <\/span> <span class=\"rt-time\"> 2<\/span> <span class=\"rt-label rt-postfix\">min. <br><br><\/span><\/span>\n<p><strong>Marted\u00ec 22 marzo alle 18.30 al MAXXI a Roma (Sala Carlo Scarpa) sar\u00e0 presentato il volume <em>Photographing Art<\/em>\u00a0di\u00a0Franz\u00a0Egon von F\u00fcrstenberg, SKIRA editore. <\/strong><\/p>\n\n\n\n<p><strong><em>Introduce<\/em><\/strong> <strong>Bartolomeo Pietromarchi<\/strong><em>, Direttore MAXXI Arte<\/em><\/p>\n\n\n\n<p><strong><em>Intervengono<\/em>: Marco Bagnoli\u00a0<\/strong><em>Artista<\/em> &#8211; Matteo\u00a0Boetti,\u00a0<em>Archivio Alighiero\u00a0Boetti<\/em> &#8211; Valentina Bonomo,\u00a0Gallerista &#8211; <strong>Adelina von F\u00fcrstenberg<\/strong>,\u00a0<em>Fondatrice Art for\u00a0The\u00a0World<\/em> &#8211; <strong>Benedetta Lucherini<\/strong>, Press agent cinema.<\/p>\n\n\n\n<p><strong><em>Modera<\/em><\/strong> <strong>Alessandra Mamm\u00ec<\/strong><em>, Consigliere scientifico del volume<\/em><\/p>\n\n\n\n<p><strong><em>Photographing Art<\/em>, a cura di Adelina C\u00fcberyan von F\u00fcrstenberg, con testi di Lionel Bovier, Alessandra Mamm\u00ec, Melissa R\u00e9rat,\u00a0Denys Zacharopoulos, presenta una selezione di fotografie scattate dal fotografo\u00a0messicano-tedesco Franz Egon von F\u00fcrstenberg tra il 1974 e il\u00a02018.\u00a0<\/strong><\/p>\n\n\n\n<p><strong>Una memoria imperdibile del mondo dell\u2019arte contemporanea, delle\u00a0emozioni, dei rapporti, dei momenti di gioia e di fatica, degli incontri,<\/strong> <strong>delle relazioni, del senso di appartenenza a una comunit\u00e0 e al contempo\u00a0della solitudine creativa dell\u2019artista.\u00a0<\/strong><\/p>\n\n\n\n<p>Sono momenti spesso sfuggiti alle cronache,&nbsp;ai media, ai cataloghi e alla storia dell\u2019arte, ma catturati da un osservatore&nbsp;che ha seguito da vicino l\u2019evoluzione della ricerca contemporanea&nbsp;grazie al rapporto con sua moglie, la curatrice Adelina C\u00fcberyan von&nbsp;F\u00fcrstenberg che ha dato vita ad alcuni dei momenti pi\u00f9 belli dell\u2019arte&nbsp;internazionale.&nbsp;<strong>Egon ha testimoniato con la sua macchina fotografica<\/strong>&nbsp;<strong>quel che accade in quel mondo dell\u2019arte, non l\u2019ufficialit\u00e0, non la facciata&nbsp;delle cose, ma lo spirito che ha fatto fiorire l\u2019arte e gli artisti.<\/strong><\/p>\n\n\n\n<p>Tenendo d\u2019occhio ogni idea, dettaglio o movimento, ogni attimo atteso&nbsp;o imprevisto, la macchina fotografica di Franz Egon von F\u00fcrstenberg&nbsp;riprende l\u2019istante, la fluidit\u00e0 del momento in cui la persona reale \u00e8 libera e naturale, non inquadrata o in posa come un personaggio famoso.<\/p>\n\n\n\n<p><strong>Le\u00a0fotografie presentate nel volume includono tantissimi artisti, molti dei\u00a0quali rappresentano alcune delle personalit\u00e0 pi\u00f9 interessanti del nostro<\/strong> <strong>tempo, da Andy Warhol a Joseph Beuys, da Marina Abramovic a JannisKounellis, da Mario e Marisa Merz a Chen Zhen.<\/strong><\/p>\n\n\n\n<p>Nato nel 1939 a Berlino, <strong>Franz Egon von F\u00fcrstenberg<\/strong> ha lavorato come\u00a0assistente del designer Pierre Cardin a Parigi e poi del fotografo Alain\u00a0de Ferron a Ginevra, dove conobbe e spos\u00f2 Adelina C\u00fcberyan, la sua\u00a0inseparabile compagna di vita. Nel corso degli anni ha collaborato con un\u00a0gran numero di artisti e sedi espositive in tutto il mondo e ha pubblicato\u00a0le sue fotografie su riviste, giornali e cataloghi d\u2019arte. I suoi archivi fotografici\u00a0rappresentano una memoria imperdibile, poich\u00e9 contribuiscono\u00a0alla comprensione delle origini di quegli incontri, mostre e connessioni,\u00a0e al contempo\u00a0\u00a0degli sviluppi nelle generazioni successive degli ultimi quarant\u2019anni, che hanno creato il mondo dell\u2019arte contemporanea.<\/p>\n\n\n\n<p><strong>INGRESSO GRATUITO,\u00a0OBBLIGO DI SUPER GREEN PASS<\/strong><\/p>\n\n\n\n<figure class=\"wp-block-image size-large is-resized\"><img loading=\"lazy\" decoding=\"async\" src=\"https:\/\/www.biancoscuro.it\/site\/wp-content\/uploads\/2022\/03\/Photographing-Art-984x1024.jpg\" alt=\"\" class=\"wp-image-13042\" width=\"492\" height=\"512\" srcset=\"https:\/\/www.biancoscuro.it\/site\/wp-content\/uploads\/2022\/03\/Photographing-Art-984x1024.jpg 984w, https:\/\/www.biancoscuro.it\/site\/wp-content\/uploads\/2022\/03\/Photographing-Art-288x300.jpg 288w, https:\/\/www.biancoscuro.it\/site\/wp-content\/uploads\/2022\/03\/Photographing-Art-768x799.jpg 768w, https:\/\/www.biancoscuro.it\/site\/wp-content\/uploads\/2022\/03\/Photographing-Art-600x624.jpg 600w, https:\/\/www.biancoscuro.it\/site\/wp-content\/uploads\/2022\/03\/Photographing-Art.jpg 1181w\" sizes=\"auto, (max-width: 492px) 100vw, 492px\" \/><\/figure>\n\n\n\n<figure class=\"wp-block-image size-large is-resized\"><img loading=\"lazy\" decoding=\"async\" src=\"https:\/\/www.biancoscuro.it\/site\/wp-content\/uploads\/2022\/03\/p63-Andy-Warhol-e-Joseph-Beuys-Napoli-1980-679x1024.jpg\" alt=\"\" class=\"wp-image-13043\" width=\"340\" height=\"512\" srcset=\"https:\/\/www.biancoscuro.it\/site\/wp-content\/uploads\/2022\/03\/p63-Andy-Warhol-e-Joseph-Beuys-Napoli-1980-679x1024.jpg 679w, https:\/\/www.biancoscuro.it\/site\/wp-content\/uploads\/2022\/03\/p63-Andy-Warhol-e-Joseph-Beuys-Napoli-1980-199x300.jpg 199w, https:\/\/www.biancoscuro.it\/site\/wp-content\/uploads\/2022\/03\/p63-Andy-Warhol-e-Joseph-Beuys-Napoli-1980-768x1159.jpg 768w, https:\/\/www.biancoscuro.it\/site\/wp-content\/uploads\/2022\/03\/p63-Andy-Warhol-e-Joseph-Beuys-Napoli-1980-600x905.jpg 600w, https:\/\/www.biancoscuro.it\/site\/wp-content\/uploads\/2022\/03\/p63-Andy-Warhol-e-Joseph-Beuys-Napoli-1980.jpg 800w\" sizes=\"auto, (max-width: 340px) 100vw, 340px\" \/><figcaption>Andy Warhol e Joseph Beuys, Napoli 1980<\/figcaption><\/figure>\n\n\n\n<figure class=\"wp-block-image size-large is-resized\"><img loading=\"lazy\" decoding=\"async\" src=\"https:\/\/www.biancoscuro.it\/site\/wp-content\/uploads\/2022\/03\/p179-Robert-Wilson-Lago-Maggiore-2006-768x1024.jpg\" alt=\"\" class=\"wp-image-13044\" width=\"384\" height=\"512\" srcset=\"https:\/\/www.biancoscuro.it\/site\/wp-content\/uploads\/2022\/03\/p179-Robert-Wilson-Lago-Maggiore-2006-768x1024.jpg 768w, https:\/\/www.biancoscuro.it\/site\/wp-content\/uploads\/2022\/03\/p179-Robert-Wilson-Lago-Maggiore-2006-225x300.jpg 225w, https:\/\/www.biancoscuro.it\/site\/wp-content\/uploads\/2022\/03\/p179-Robert-Wilson-Lago-Maggiore-2006-600x800.jpg 600w, https:\/\/www.biancoscuro.it\/site\/wp-content\/uploads\/2022\/03\/p179-Robert-Wilson-Lago-Maggiore-2006.jpg 800w\" sizes=\"auto, (max-width: 384px) 100vw, 384px\" \/><figcaption>Robert Wilson, Lago Maggiore, 2006<\/figcaption><\/figure>\n\n\n\n<figure class=\"wp-block-image size-large is-resized\"><img loading=\"lazy\" decoding=\"async\" src=\"https:\/\/www.biancoscuro.it\/site\/wp-content\/uploads\/2022\/03\/p230-Egon-von-Furstenberg-Venezia-2015b-\u00a9-Elio-Montanari-690x1024.jpg\" alt=\"\" class=\"wp-image-13045\" width=\"345\" height=\"512\" srcset=\"https:\/\/www.biancoscuro.it\/site\/wp-content\/uploads\/2022\/03\/p230-Egon-von-Furstenberg-Venezia-2015b-\u00a9-Elio-Montanari-690x1024.jpg 690w, https:\/\/www.biancoscuro.it\/site\/wp-content\/uploads\/2022\/03\/p230-Egon-von-Furstenberg-Venezia-2015b-\u00a9-Elio-Montanari-202x300.jpg 202w, https:\/\/www.biancoscuro.it\/site\/wp-content\/uploads\/2022\/03\/p230-Egon-von-Furstenberg-Venezia-2015b-\u00a9-Elio-Montanari-768x1140.jpg 768w, https:\/\/www.biancoscuro.it\/site\/wp-content\/uploads\/2022\/03\/p230-Egon-von-Furstenberg-Venezia-2015b-\u00a9-Elio-Montanari-600x891.jpg 600w, https:\/\/www.biancoscuro.it\/site\/wp-content\/uploads\/2022\/03\/p230-Egon-von-Furstenberg-Venezia-2015b-\u00a9-Elio-Montanari.jpg 800w\" sizes=\"auto, (max-width: 345px) 100vw, 345px\" \/><figcaption>Egon von Furstenberg, Venezia 2015b \u00a9 Elio Montanari<\/figcaption><\/figure>\n","protected":false},"excerpt":{"rendered":"<p><span class=\"span-reading-time rt-reading-time\" style=\"display: block;\"><span class=\"rt-label rt-prefix\">\u23f0 lettura <\/span> <span class=\"rt-time\"> 2<\/span> <span class=\"rt-label rt-postfix\">min. <\/p>\n<p><\/span><\/span>Marted\u00ec 22 marzo alle 18.30 al MAXXI a Roma (Sala Carlo Scarpa) sar\u00e0 presentato il volume Photographing Art\u00a0di\u00a0Franz\u00a0Egon von F\u00fcrstenberg, SKIRA editore. Introduce Bartolomeo Pietromarchi, Direttore MAXXI Arte Intervengono: Marco Bagnoli\u00a0Artista &#8211; Matteo\u00a0Boetti,\u00a0Archivio Alighiero\u00a0Boetti &#8211; Valentina Bonomo,\u00a0Gallerista &#8211; Adelina von F\u00fcrstenberg,\u00a0Fondatrice Art for\u00a0The\u00a0World &#8211; Benedetta Lucherini, Press agent cinema. Modera Alessandra Mamm\u00ec, Consigliere scientifico del&hellip;&nbsp;<a href=\"https:\/\/www.biancoscuro.it\/site\/photographing-art-al-maxxi-a-roma-presentazione-del-volume-di-franz-egon-von-furstenberg\/\" rel=\"bookmark\">Leggi tutto &raquo;<span class=\"screen-reader-text\">Photographing Art. Al MAXXI a Roma presentazione del volume di \u00a0Franz Egon von F\u00fcrstenberg\u00a0<\/span><\/a><\/p>\n","protected":false},"author":917,"featured_media":13042,"comment_status":"closed","ping_status":"closed","sticky":false,"template":"","format":"standard","meta":{"neve_meta_sidebar":"","neve_meta_container":"","neve_meta_enable_content_width":"","neve_meta_content_width":0,"neve_meta_title_alignment":"","neve_meta_author_avatar":"","neve_post_elements_order":"","neve_meta_disable_header":"","neve_meta_disable_footer":"","neve_meta_disable_title":"","advanced_seo_description":"","jetpack_seo_html_title":"","jetpack_seo_noindex":false,"footnotes":""},"categories":[5],"tags":[],"class_list":["post-13041","post","type-post","status-publish","format-standard","has-post-thumbnail","hentry","category-arte"],"jetpack_featured_media_url":"https:\/\/www.biancoscuro.it\/site\/wp-content\/uploads\/2022\/03\/Photographing-Art.jpg","jetpack_sharing_enabled":true,"jetpack-related-posts":[{"id":7762,"url":"https:\/\/www.biancoscuro.it\/site\/serata-dedicata-a-standart-2017-triennale-darte-contemporanea-in-armenia-curata-da-adelina-von-furstenberg\/","url_meta":{"origin":13041,"position":0},"title":"STANDART &#8211; Triennale d\u2019Arte contemporanea in Armenia curata da Adelina von F\u00fcrstenberg","author":"Chiara","date":"13 Settembre 2018","format":false,"excerpt":"Gioved\u00ec 20 settembre dalle ore 18.00 presso\u00a0ASSAB One a Milano \u00a0(Via Privata Assab 1, Metro 2 fermata Cimiano) si terr\u00e0 una serata speciale dedicata a STANDART 2017\u00a0Triennale d\u2019Arte contemporanea in Armenia\u00a0curata da Adelina von F\u00fcrstenberg \u00a0in occasione della pubblicazione dei volumi The Mont Analogue, catalogo della manifestazione e A Contemporay\u2026","rel":"","context":"In &quot;arte&quot;","block_context":{"text":"arte","link":"https:\/\/www.biancoscuro.it\/site\/category\/arte\/"},"img":{"alt_text":"","src":"https:\/\/i0.wp.com\/www.biancoscuro.it\/site\/wp-content\/uploads\/2018\/09\/Standart.jpg?resize=350%2C200&ssl=1","width":350,"height":200,"srcset":"https:\/\/i0.wp.com\/www.biancoscuro.it\/site\/wp-content\/uploads\/2018\/09\/Standart.jpg?resize=350%2C200&ssl=1 1x, https:\/\/i0.wp.com\/www.biancoscuro.it\/site\/wp-content\/uploads\/2018\/09\/Standart.jpg?resize=525%2C300&ssl=1 1.5x, https:\/\/i0.wp.com\/www.biancoscuro.it\/site\/wp-content\/uploads\/2018\/09\/Standart.jpg?resize=700%2C400&ssl=1 2x, https:\/\/i0.wp.com\/www.biancoscuro.it\/site\/wp-content\/uploads\/2018\/09\/Standart.jpg?resize=1050%2C600&ssl=1 3x"},"classes":[]},{"id":14230,"url":"https:\/\/www.biancoscuro.it\/site\/art-international-zurich\/","url_meta":{"origin":13041,"position":1},"title":"Art International Zurich","author":"Redazione BIANCOSCURO","date":"8 Ottobre 2022","format":false,"excerpt":"La 24\u00aa edizione alla Kongresshaus di Zurigo\u00a0 Dal 13 al 16 ottobre, Art International Zurich torner\u00e0 al Kongresshaus di Zurigo, importante centro congressi sulle rive dell\u2019omonimo e famoso lago.\u00a0 L\u2019Art International Zurich, attivo dal 1999, \u00e8 diventato ormai un evento culturale fisso di Zurigo, per molti visitatori \u00e8 una data\u2026","rel":"","context":"In &quot;arte&quot;","block_context":{"text":"arte","link":"https:\/\/www.biancoscuro.it\/site\/category\/arte\/"},"img":{"alt_text":"","src":"https:\/\/i0.wp.com\/www.biancoscuro.it\/site\/wp-content\/uploads\/2022\/10\/Desbiolles-Orlinski-Kong.jpg?resize=350%2C200&ssl=1","width":350,"height":200,"srcset":"https:\/\/i0.wp.com\/www.biancoscuro.it\/site\/wp-content\/uploads\/2022\/10\/Desbiolles-Orlinski-Kong.jpg?resize=350%2C200&ssl=1 1x, https:\/\/i0.wp.com\/www.biancoscuro.it\/site\/wp-content\/uploads\/2022\/10\/Desbiolles-Orlinski-Kong.jpg?resize=525%2C300&ssl=1 1.5x, https:\/\/i0.wp.com\/www.biancoscuro.it\/site\/wp-content\/uploads\/2022\/10\/Desbiolles-Orlinski-Kong.jpg?resize=700%2C400&ssl=1 2x"},"classes":[]},{"id":11640,"url":"https:\/\/www.biancoscuro.it\/site\/la-ragione-nelle-mani-a-ginevra-una-mostra-di-stefano-boccalini-tra-linguaggio-e-sapere-artigiano\/","url_meta":{"origin":13041,"position":2},"title":"La ragione nelle mani","author":"Chiara","date":"7 Aprile 2021","format":false,"excerpt":"A Ginevra una mostra di Stefano Boccalini tra linguaggio e sapere artigiano Ha da poco inaugurato a Ginevra alla Maison Tavel\/Mus\u00e9e d\u2019Art e d\u2019Histoire\u00a0la mostra\u00a0La ragione nelle mani, ideata dall\u2019artista Stefano Boccalini con la collaborazione di quattro artigiani della Valle Camonica. La mostra, curata da\u00a0Adelina von\u00a0F\u00fcrstenberg, \u00e8 il frutto di\u2026","rel":"","context":"In &quot;arte&quot;","block_context":{"text":"arte","link":"https:\/\/www.biancoscuro.it\/site\/category\/arte\/"},"img":{"alt_text":"","src":"https:\/\/i0.wp.com\/www.biancoscuro.it\/site\/wp-content\/uploads\/2021\/04\/Artigiano-intagliatore-scaled.jpg?resize=350%2C200&ssl=1","width":350,"height":200,"srcset":"https:\/\/i0.wp.com\/www.biancoscuro.it\/site\/wp-content\/uploads\/2021\/04\/Artigiano-intagliatore-scaled.jpg?resize=350%2C200&ssl=1 1x, https:\/\/i0.wp.com\/www.biancoscuro.it\/site\/wp-content\/uploads\/2021\/04\/Artigiano-intagliatore-scaled.jpg?resize=525%2C300&ssl=1 1.5x, https:\/\/i0.wp.com\/www.biancoscuro.it\/site\/wp-content\/uploads\/2021\/04\/Artigiano-intagliatore-scaled.jpg?resize=700%2C400&ssl=1 2x, https:\/\/i0.wp.com\/www.biancoscuro.it\/site\/wp-content\/uploads\/2021\/04\/Artigiano-intagliatore-scaled.jpg?resize=1050%2C600&ssl=1 3x, https:\/\/i0.wp.com\/www.biancoscuro.it\/site\/wp-content\/uploads\/2021\/04\/Artigiano-intagliatore-scaled.jpg?resize=1400%2C800&ssl=1 4x"},"classes":[]},{"id":11712,"url":"https:\/\/www.biancoscuro.it\/site\/nessuno-escluso-alla-fabbrica-del-vapore-a-milano-lo-sguardo-di-christian-tasso-sulla-disabilita\/","url_meta":{"origin":13041,"position":3},"title":"Nessuno escluso. Christian Tasso alla Fabbrica del Vapore | Milano","author":"Chiara","date":"28 Aprile 2021","format":false,"excerpt":"Il 5 maggio apre alla Fabbrica del Vapore a Milano, nella Sala delle Colonne, la mostra NESSUNO ESCLUSO, con i lavori fotografici di Christian Tasso (Macerata, 1986), artista e regista che vive e lavora tra l'Italia e la Svizzera. La mostra NESSUNO ESCLUSO, curata da Adelina von F\u00fcrstenberg e\u00a0prodotta da\u2026","rel":"","context":"In &quot;arte&quot;","block_context":{"text":"arte","link":"https:\/\/www.biancoscuro.it\/site\/category\/arte\/"},"img":{"alt_text":"","src":"https:\/\/i0.wp.com\/www.biancoscuro.it\/site\/wp-content\/uploads\/2021\/04\/4.-Kampong-Cham-Cambogia-2016-%C2%A9Christian-Tasso.jpg?resize=350%2C200&ssl=1","width":350,"height":200,"srcset":"https:\/\/i0.wp.com\/www.biancoscuro.it\/site\/wp-content\/uploads\/2021\/04\/4.-Kampong-Cham-Cambogia-2016-%C2%A9Christian-Tasso.jpg?resize=350%2C200&ssl=1 1x, https:\/\/i0.wp.com\/www.biancoscuro.it\/site\/wp-content\/uploads\/2021\/04\/4.-Kampong-Cham-Cambogia-2016-%C2%A9Christian-Tasso.jpg?resize=525%2C300&ssl=1 1.5x, https:\/\/i0.wp.com\/www.biancoscuro.it\/site\/wp-content\/uploads\/2021\/04\/4.-Kampong-Cham-Cambogia-2016-%C2%A9Christian-Tasso.jpg?resize=700%2C400&ssl=1 2x"},"classes":[]},{"id":6001,"url":"https:\/\/www.biancoscuro.it\/site\/contemporary-art-fair-zurich-2017\/","url_meta":{"origin":13041,"position":4},"title":"Contemporary Art Fair Zurich 2017","author":"Redazione BIANCOSCURO","date":"28 Settembre 2017","format":false,"excerpt":"Il grande successo della 19\u00aa edizione\u00a0 Nuova location per questo e per i prossimi due anni, ma uguale, ineguagliabile, successo per il grande evento artistico di Zurigo: Contemporary Art Fair Zurich 2017. Aumentato sensibilmente il numero di gallerie presenti alla 19\u00aa edizione della kermesse, il PULS 5 \u00e8 stato animato\u2026","rel":"","context":"In &quot;arte&quot;","block_context":{"text":"arte","link":"https:\/\/www.biancoscuro.it\/site\/category\/arte\/"},"img":{"alt_text":"","src":"https:\/\/i0.wp.com\/www.biancoscuro.it\/site\/wp-content\/uploads\/2017\/09\/aaaIMG_0392.jpg?resize=350%2C200&ssl=1","width":350,"height":200,"srcset":"https:\/\/i0.wp.com\/www.biancoscuro.it\/site\/wp-content\/uploads\/2017\/09\/aaaIMG_0392.jpg?resize=350%2C200&ssl=1 1x, https:\/\/i0.wp.com\/www.biancoscuro.it\/site\/wp-content\/uploads\/2017\/09\/aaaIMG_0392.jpg?resize=525%2C300&ssl=1 1.5x, https:\/\/i0.wp.com\/www.biancoscuro.it\/site\/wp-content\/uploads\/2017\/09\/aaaIMG_0392.jpg?resize=700%2C400&ssl=1 2x, https:\/\/i0.wp.com\/www.biancoscuro.it\/site\/wp-content\/uploads\/2017\/09\/aaaIMG_0392.jpg?resize=1050%2C600&ssl=1 3x"},"classes":[]},{"id":3587,"url":"https:\/\/www.biancoscuro.it\/site\/art-parma-fair-4a-edizione-primavera-2016\/","url_meta":{"origin":13041,"position":5},"title":"Art Parma Fair, 4\u00aa edizione &#8211; primavera 2016","author":"Redazione BIANCOSCURO","date":"25 Febbraio 2016","format":false,"excerpt":"Due fine settimana dedicati all\u2019Arte a Fiere di Parma Ritorna\u00a0ART PARMA FAIR, fiera dedicata all\u2019arte moderna e contemporanea, nelle date\u00a027-28 febbraio\u00a0e\u00a04-5-6 marzo 2016\u00a0presso il quartiere fieristico parmense, in concomitanza con\u00a0Mercanteinfiera\u00a0e\u00a0Mercanteinauto. Gli ottimi\u00a0risultati delle vendite dell\u2019edizioni precedenti hanno riconosciuto l\u2019importanza di una piazza come Parma, che a buon titolo potr\u00e0 collocarsi\u2026","rel":"","context":"In &quot;arte&quot;","block_context":{"text":"arte","link":"https:\/\/www.biancoscuro.it\/site\/category\/arte\/"},"img":{"alt_text":"","src":"https:\/\/i0.wp.com\/www.biancoscuro.it\/site\/wp-content\/uploads\/2016\/02\/aaa.jpg?resize=350%2C200&ssl=1","width":350,"height":200,"srcset":"https:\/\/i0.wp.com\/www.biancoscuro.it\/site\/wp-content\/uploads\/2016\/02\/aaa.jpg?resize=350%2C200&ssl=1 1x, https:\/\/i0.wp.com\/www.biancoscuro.it\/site\/wp-content\/uploads\/2016\/02\/aaa.jpg?resize=525%2C300&ssl=1 1.5x, https:\/\/i0.wp.com\/www.biancoscuro.it\/site\/wp-content\/uploads\/2016\/02\/aaa.jpg?resize=700%2C400&ssl=1 2x, https:\/\/i0.wp.com\/www.biancoscuro.it\/site\/wp-content\/uploads\/2016\/02\/aaa.jpg?resize=1050%2C600&ssl=1 3x, https:\/\/i0.wp.com\/www.biancoscuro.it\/site\/wp-content\/uploads\/2016\/02\/aaa.jpg?resize=1400%2C800&ssl=1 4x"},"classes":[]}],"_links":{"self":[{"href":"https:\/\/www.biancoscuro.it\/site\/wp-json\/wp\/v2\/posts\/13041","targetHints":{"allow":["GET"]}}],"collection":[{"href":"https:\/\/www.biancoscuro.it\/site\/wp-json\/wp\/v2\/posts"}],"about":[{"href":"https:\/\/www.biancoscuro.it\/site\/wp-json\/wp\/v2\/types\/post"}],"author":[{"embeddable":true,"href":"https:\/\/www.biancoscuro.it\/site\/wp-json\/wp\/v2\/users\/917"}],"replies":[{"embeddable":true,"href":"https:\/\/www.biancoscuro.it\/site\/wp-json\/wp\/v2\/comments?post=13041"}],"version-history":[{"count":0,"href":"https:\/\/www.biancoscuro.it\/site\/wp-json\/wp\/v2\/posts\/13041\/revisions"}],"wp:featuredmedia":[{"embeddable":true,"href":"https:\/\/www.biancoscuro.it\/site\/wp-json\/wp\/v2\/media\/13042"}],"wp:attachment":[{"href":"https:\/\/www.biancoscuro.it\/site\/wp-json\/wp\/v2\/media?parent=13041"}],"wp:term":[{"taxonomy":"category","embeddable":true,"href":"https:\/\/www.biancoscuro.it\/site\/wp-json\/wp\/v2\/categories?post=13041"},{"taxonomy":"post_tag","embeddable":true,"href":"https:\/\/www.biancoscuro.it\/site\/wp-json\/wp\/v2\/tags?post=13041"}],"curies":[{"name":"wp","href":"https:\/\/api.w.org\/{rel}","templated":true}]}}