{"id":13166,"date":"2022-04-08T10:22:00","date_gmt":"2022-04-08T09:22:00","guid":{"rendered":"https:\/\/www.biancoscuro.it\/site\/?p=13166"},"modified":"2022-04-13T17:41:23","modified_gmt":"2022-04-13T16:41:23","slug":"non-solo-kimono-come-il-giappone-ha-rivoluzionato-la-moda-italiana-un-volume-di-laura-dimitrio-per-skira","status":"publish","type":"post","link":"https:\/\/www.biancoscuro.it\/site\/non-solo-kimono-come-il-giappone-ha-rivoluzionato-la-moda-italiana-un-volume-di-laura-dimitrio-per-skira\/","title":{"rendered":"Non solo kimono. Come il Giappone ha rivoluzionato la moda italiana"},"content":{"rendered":"<span class=\"span-reading-time rt-reading-time\" style=\"display: block;\"><span class=\"rt-label rt-prefix\">\u23f0 lettura <\/span> <span class=\"rt-time\"> 2<\/span> <span class=\"rt-label rt-postfix\">min. <br><br><\/span><\/span>\n<h2 class=\"wp-block-heading\">Un volume\u00a0di\u00a0Laura Dimitrio per Skira\u00a0<\/h2>\n\n\n\n<div style=\"height:31px\" aria-hidden=\"true\" class=\"wp-block-spacer\"><\/div>\n\n\n\n<p>Quando si considera l\u2019abbigliamento giapponese, il pensiero corre subito al kimono, che ha riscosso uno straordinario successo in Europa\u00a0e in Italia fin dal tardo Ottocento. Da allora il suo taglio e i suoi motivi decorativi sono diventati fonte di ispirazione per gli stilisti desiderosi\u00a0di proporre abiti con forme e decorazioni sconosciute alla tradizione sartoriale occidentale.<\/p>\n\n\n\n<p>Ma il kimono non \u00e8 stato l\u2019unico aspetto della moda nipponica a rivoluzionare lo stile italiano.<strong>&nbsp;<\/strong>A partire dagli anni Settanta, i fashion designer giapponesi d\u2019avanguardia&nbsp;&#8211;&nbsp;Kenzo Takada, Issey Miyake, Yohji Yamamoto e Rei Kawakubo&nbsp;&#8211;&nbsp;con i loro abiti informi e asimmetrici hanno sovvertito i tradizionali canoni estetici e sono diventati un punto di riferimento anche in Italia per i creatori di moda anticonformisti.<\/p>\n\n\n\n<p>Tra la fine del Novecento e l\u2019inizio del nuovo millennio si sono poi diffuse in Italia le subculture giapponesi, dalla moda kawaii ai cosplayers,&nbsp;alle Lolita.<\/p>\n\n\n\n<p><strong>Questi i temi dell&#8217;incontro che si terr\u00e0 marted\u00ec 12 aprile alle 18.30 presso SUPERSTUDIO PIU\u2019\/ATELIER FLAVIO LUCCHINI ART a Milano (Via Tortona 27) sul volume di Laura Dimitrio <em>Non solo kimono <\/em>edito da Skira.<\/strong> <strong>Con l&#8217;autrice ne parler\u00e0 Gisella Borioli<\/strong>.<\/p>\n\n\n\n<p>I<strong>l volume \u00e8 corredato da un ricco apparato iconografico, con immagini tratte da riviste di moda, fotografie e bozzetti provenienti dagli archivi<\/strong>&nbsp;<strong>dei musei e delle case di moda.<\/strong>&nbsp;Con una&nbsp;<strong>prefazione di Akiko Fukai<\/strong>, direttrice e&nbsp;<em>Curator Emeritus<\/em>&nbsp;del&nbsp;<strong>Kyoto Costume Institute<\/strong>, massima esperta del giapponismo nella moda.<\/p>\n\n\n\n<p>Docente e studiosa di storia della moda,&nbsp;<strong>Laura Dimitrio<\/strong>&nbsp;ha compiuto studi specifici sul giapponismo e sulla moda italiana del Novecento.&nbsp;Tra&nbsp;le sue pubblicazioni vi sono saggi sul giapponismo italiano, sui costumi per la prima rappresentazione di Madama Butterfly e sulla condizione&nbsp;di lavoro delle sarte nel XX secolo.<\/p>\n\n\n\n<p><strong>INGRESSO LIBERO CON OBBLIGO DI SUPER GREEN PASS e MASCHERINA FFP2<\/strong><\/p>\n\n\n\n<figure class=\"wp-block-gallery has-nested-images columns-default is-cropped wp-block-gallery-1 is-layout-flex wp-block-gallery-is-layout-flex\">\n<figure class=\"wp-block-image size-large\"><img loading=\"lazy\" decoding=\"async\" width=\"497\" height=\"1024\" data-id=\"13169\" src=\"https:\/\/www.biancoscuro.it\/site\/wp-content\/uploads\/2022\/04\/p58-Palanti-bozzetto-costume-corista-per-rappresentazione-di-Madama-Butterfly-1904-497x1024.jpg\" alt=\"\" class=\"wp-image-13169\" srcset=\"https:\/\/www.biancoscuro.it\/site\/wp-content\/uploads\/2022\/04\/p58-Palanti-bozzetto-costume-corista-per-rappresentazione-di-Madama-Butterfly-1904-497x1024.jpg 497w, https:\/\/www.biancoscuro.it\/site\/wp-content\/uploads\/2022\/04\/p58-Palanti-bozzetto-costume-corista-per-rappresentazione-di-Madama-Butterfly-1904-146x300.jpg 146w, https:\/\/www.biancoscuro.it\/site\/wp-content\/uploads\/2022\/04\/p58-Palanti-bozzetto-costume-corista-per-rappresentazione-di-Madama-Butterfly-1904-768x1582.jpg 768w, https:\/\/www.biancoscuro.it\/site\/wp-content\/uploads\/2022\/04\/p58-Palanti-bozzetto-costume-corista-per-rappresentazione-di-Madama-Butterfly-1904-600x1236.jpg 600w, https:\/\/www.biancoscuro.it\/site\/wp-content\/uploads\/2022\/04\/p58-Palanti-bozzetto-costume-corista-per-rappresentazione-di-Madama-Butterfly-1904-746x1536.jpg 746w, https:\/\/www.biancoscuro.it\/site\/wp-content\/uploads\/2022\/04\/p58-Palanti-bozzetto-costume-corista-per-rappresentazione-di-Madama-Butterfly-1904.jpg 800w\" sizes=\"auto, (max-width: 497px) 100vw, 497px\" \/><\/figure>\n\n\n\n<figure class=\"wp-block-image size-large\"><img loading=\"lazy\" decoding=\"async\" width=\"688\" height=\"1024\" data-id=\"13170\" src=\"https:\/\/www.biancoscuro.it\/site\/wp-content\/uploads\/2022\/04\/p136-Atelier-Versace-autunno-inverno-1997-1998-miniabito-in-pelle-nera-con-ricami-di-ideogrammi-giapponesi-688x1024.jpg\" alt=\"\" class=\"wp-image-13170\" srcset=\"https:\/\/www.biancoscuro.it\/site\/wp-content\/uploads\/2022\/04\/p136-Atelier-Versace-autunno-inverno-1997-1998-miniabito-in-pelle-nera-con-ricami-di-ideogrammi-giapponesi-688x1024.jpg 688w, https:\/\/www.biancoscuro.it\/site\/wp-content\/uploads\/2022\/04\/p136-Atelier-Versace-autunno-inverno-1997-1998-miniabito-in-pelle-nera-con-ricami-di-ideogrammi-giapponesi-202x300.jpg 202w, https:\/\/www.biancoscuro.it\/site\/wp-content\/uploads\/2022\/04\/p136-Atelier-Versace-autunno-inverno-1997-1998-miniabito-in-pelle-nera-con-ricami-di-ideogrammi-giapponesi-768x1142.jpg 768w, https:\/\/www.biancoscuro.it\/site\/wp-content\/uploads\/2022\/04\/p136-Atelier-Versace-autunno-inverno-1997-1998-miniabito-in-pelle-nera-con-ricami-di-ideogrammi-giapponesi-600x893.jpg 600w, https:\/\/www.biancoscuro.it\/site\/wp-content\/uploads\/2022\/04\/p136-Atelier-Versace-autunno-inverno-1997-1998-miniabito-in-pelle-nera-con-ricami-di-ideogrammi-giapponesi.jpg 800w\" sizes=\"auto, (max-width: 688px) 100vw, 688px\" \/><\/figure>\n\n\n\n<figure class=\"wp-block-image size-large\"><img loading=\"lazy\" decoding=\"async\" width=\"454\" height=\"1024\" data-id=\"13168\" src=\"https:\/\/www.biancoscuro.it\/site\/wp-content\/uploads\/2022\/04\/p55-Manifesto-pubblicitario-campagna-abbonamenti-Corriere-della-Sera-1896-attr-Bignami-454x1024.jpg\" alt=\"\" class=\"wp-image-13168\" srcset=\"https:\/\/www.biancoscuro.it\/site\/wp-content\/uploads\/2022\/04\/p55-Manifesto-pubblicitario-campagna-abbonamenti-Corriere-della-Sera-1896-attr-Bignami-454x1024.jpg 454w, https:\/\/www.biancoscuro.it\/site\/wp-content\/uploads\/2022\/04\/p55-Manifesto-pubblicitario-campagna-abbonamenti-Corriere-della-Sera-1896-attr-Bignami-133x300.jpg 133w, https:\/\/www.biancoscuro.it\/site\/wp-content\/uploads\/2022\/04\/p55-Manifesto-pubblicitario-campagna-abbonamenti-Corriere-della-Sera-1896-attr-Bignami-768x1731.jpg 768w, https:\/\/www.biancoscuro.it\/site\/wp-content\/uploads\/2022\/04\/p55-Manifesto-pubblicitario-campagna-abbonamenti-Corriere-della-Sera-1896-attr-Bignami-600x1352.jpg 600w, https:\/\/www.biancoscuro.it\/site\/wp-content\/uploads\/2022\/04\/p55-Manifesto-pubblicitario-campagna-abbonamenti-Corriere-della-Sera-1896-attr-Bignami.jpg 800w\" sizes=\"auto, (max-width: 454px) 100vw, 454px\" \/><\/figure>\n<\/figure>\n","protected":false},"excerpt":{"rendered":"<p><span class=\"span-reading-time rt-reading-time\" style=\"display: block;\"><span class=\"rt-label rt-prefix\">\u23f0 lettura <\/span> <span class=\"rt-time\"> 2<\/span> <span class=\"rt-label rt-postfix\">min. <\/p>\n<p><\/span><\/span>Un volume\u00a0di\u00a0Laura Dimitrio per Skira\u00a0 Quando si considera l\u2019abbigliamento giapponese, il pensiero corre subito al kimono, che ha riscosso uno straordinario successo in Europa\u00a0e in Italia fin dal tardo Ottocento. Da allora il suo taglio e i suoi motivi decorativi sono diventati fonte di ispirazione per gli stilisti desiderosi\u00a0di proporre abiti con forme e decorazioni&hellip;&nbsp;<a href=\"https:\/\/www.biancoscuro.it\/site\/non-solo-kimono-come-il-giappone-ha-rivoluzionato-la-moda-italiana-un-volume-di-laura-dimitrio-per-skira\/\" rel=\"bookmark\">Leggi tutto &raquo;<span class=\"screen-reader-text\">Non solo kimono. Come il Giappone ha rivoluzionato la moda italiana<\/span><\/a><\/p>\n","protected":false},"author":917,"featured_media":13167,"comment_status":"closed","ping_status":"closed","sticky":false,"template":"","format":"standard","meta":{"neve_meta_sidebar":"","neve_meta_container":"","neve_meta_enable_content_width":"","neve_meta_content_width":0,"neve_meta_title_alignment":"","neve_meta_author_avatar":"","neve_post_elements_order":"","neve_meta_disable_header":"","neve_meta_disable_footer":"","neve_meta_disable_title":"","advanced_seo_description":"","jetpack_seo_html_title":"","jetpack_seo_noindex":false,"footnotes":""},"categories":[5],"tags":[],"class_list":["post-13166","post","type-post","status-publish","format-standard","has-post-thumbnail","hentry","category-arte"],"jetpack_featured_media_url":"https:\/\/www.biancoscuro.it\/site\/wp-content\/uploads\/2022\/04\/Non-solo-kimono.jpg","jetpack_sharing_enabled":true,"jetpack-related-posts":[{"id":16403,"url":"https:\/\/www.biancoscuro.it\/site\/yokai\/","url_meta":{"origin":13166,"position":0},"title":"Y\u014dkai","author":"Redazione BIANCOSCURO","date":"10 Luglio 2023","format":false,"excerpt":"Mito, brivido e mistero Palazzo Pallavicini ospita, fino al 23 luglio, la mostra dedicata alle leggende ed ai miti giapponesi: \u201cY\u014dkai. Le antiche stampe dei mostri giapponesi\u201d. La parola \u201cy\u014dkai\u201d indica sia i mostri e gli spiriti che provengono direttamente dal folklore e della cultura popolare, trasmessa attraverso le generazioni,\u2026","rel":"","context":"In &quot;arte&quot;","block_context":{"text":"arte","link":"https:\/\/www.biancoscuro.it\/site\/category\/arte\/"},"img":{"alt_text":"","src":"https:\/\/i0.wp.com\/www.biancoscuro.it\/site\/wp-content\/uploads\/2023\/07\/6_Hokusai-Katsushika_Dokuro_Kakemono_112X49cm_Collezione-Sugimoto-bassa.jpg?resize=350%2C200&ssl=1","width":350,"height":200,"srcset":"https:\/\/i0.wp.com\/www.biancoscuro.it\/site\/wp-content\/uploads\/2023\/07\/6_Hokusai-Katsushika_Dokuro_Kakemono_112X49cm_Collezione-Sugimoto-bassa.jpg?resize=350%2C200&ssl=1 1x, https:\/\/i0.wp.com\/www.biancoscuro.it\/site\/wp-content\/uploads\/2023\/07\/6_Hokusai-Katsushika_Dokuro_Kakemono_112X49cm_Collezione-Sugimoto-bassa.jpg?resize=525%2C300&ssl=1 1.5x, https:\/\/i0.wp.com\/www.biancoscuro.it\/site\/wp-content\/uploads\/2023\/07\/6_Hokusai-Katsushika_Dokuro_Kakemono_112X49cm_Collezione-Sugimoto-bassa.jpg?resize=700%2C400&ssl=1 2x"},"classes":[]},{"id":3708,"url":"https:\/\/www.biancoscuro.it\/site\/atmosphere-future-dresses\/","url_meta":{"origin":13166,"position":1},"title":"\u201cAtmosphere\u201d future dresses","author":"Redazione BIANCOSCURO","date":"8 Aprile 2016","format":false,"excerpt":"Una moda \u201catermica\u201d per tutte le stagioni Mercoled\u00ec\u00a013 aprile 2016 alle ore 20.30 nell'Aula Magna dell'Accademia di Belle Arti di Bologna (via Belle Arti 54),\u00a0in occasione\u00a0della\u00a0Fiera Creamoda,\u00a0gli studenti\u00a0di\u00a0Fashion design triennio dell\u2019Accademia di Belle Arti\u00a0presentano\u00a0\"Atmosphere\" future dresses,\u00a0abiti \u201catermici\u201d\u00a0per tutte le stagioni e nessuna in particolare, ideati\u00a0con l\u2019obiettivo di accrescere la consapevolezza\u2026","rel":"","context":"In &quot;arte&quot;","block_context":{"text":"arte","link":"https:\/\/www.biancoscuro.it\/site\/category\/arte\/"},"img":{"alt_text":"","src":"https:\/\/i0.wp.com\/www.biancoscuro.it\/site\/wp-content\/uploads\/2016\/04\/Evento-DressMix-2013-Accademia-Belle-Arti-di-Bologna-backstage-6-ph-Giorgio-Ranu.jpg?resize=350%2C200&ssl=1","width":350,"height":200,"srcset":"https:\/\/i0.wp.com\/www.biancoscuro.it\/site\/wp-content\/uploads\/2016\/04\/Evento-DressMix-2013-Accademia-Belle-Arti-di-Bologna-backstage-6-ph-Giorgio-Ranu.jpg?resize=350%2C200&ssl=1 1x, https:\/\/i0.wp.com\/www.biancoscuro.it\/site\/wp-content\/uploads\/2016\/04\/Evento-DressMix-2013-Accademia-Belle-Arti-di-Bologna-backstage-6-ph-Giorgio-Ranu.jpg?resize=525%2C300&ssl=1 1.5x, https:\/\/i0.wp.com\/www.biancoscuro.it\/site\/wp-content\/uploads\/2016\/04\/Evento-DressMix-2013-Accademia-Belle-Arti-di-Bologna-backstage-6-ph-Giorgio-Ranu.jpg?resize=700%2C400&ssl=1 2x"},"classes":[]},{"id":5860,"url":"https:\/\/www.biancoscuro.it\/site\/gioiello-nel-sistema-moda-storia-design-produzione-cura-bianca-cappello-skira\/","url_meta":{"origin":13166,"position":2},"title":"IL GIOIELLO NEL SISTEMA MODA | Storia, Design, Produzione  | Bianca Cappello &#8211; SKIRA","author":"Chiara","date":"7 Settembre 2017","format":false,"excerpt":"Martedi 12 settembre alle 18.30 alla Biblioteca della Moda a Milano (via Alessandria 8) si terr\u00e0 la presentazione del volume IL GIOIELLO NEL SISTEMA MODA a cura di Bianca Cappello, storica e critica del gioiello. Con la curatrice intervengono tre rappresentanti di noti marchi di gioielleria: De Liguoro, Swarovski e\u2026","rel":"","context":"In &quot;arte&quot;","block_context":{"text":"arte","link":"https:\/\/www.biancoscuro.it\/site\/category\/arte\/"},"img":{"alt_text":"","src":"https:\/\/i0.wp.com\/www.biancoscuro.it\/site\/wp-content\/uploads\/2017\/09\/Cappello-Gioiello-sistema-moda.jpg?resize=350%2C200&ssl=1","width":350,"height":200,"srcset":"https:\/\/i0.wp.com\/www.biancoscuro.it\/site\/wp-content\/uploads\/2017\/09\/Cappello-Gioiello-sistema-moda.jpg?resize=350%2C200&ssl=1 1x, https:\/\/i0.wp.com\/www.biancoscuro.it\/site\/wp-content\/uploads\/2017\/09\/Cappello-Gioiello-sistema-moda.jpg?resize=525%2C300&ssl=1 1.5x, https:\/\/i0.wp.com\/www.biancoscuro.it\/site\/wp-content\/uploads\/2017\/09\/Cappello-Gioiello-sistema-moda.jpg?resize=700%2C400&ssl=1 2x"},"classes":[]},{"id":17851,"url":"https:\/\/www.biancoscuro.it\/site\/fuori-dentro-di-amz-alexandra-marie\/","url_meta":{"origin":13166,"position":3},"title":"Fuori Dentro | AmZ.Alexandra Marie","author":"Sandra Miranda Pattin","date":"12 Novembre 2024","format":false,"excerpt":"Fuori dentro \u00e8 un progetto del marchio AmZ.Alexandra Marie che sar\u00e0 ospitato da Chiasso Perduto come location per svelare le nuove collezioni. Si tratta di una collaborazione che chiede ad artisti contemporanei di comunicare attraverso abiti unici, spingendo i confini dei linguaggi creativi. La mostra esplora lo scambio fluido tra\u2026","rel":"","context":"In &quot;art magazine&quot;","block_context":{"text":"art magazine","link":"https:\/\/www.biancoscuro.it\/site\/category\/art-magazine\/"},"img":{"alt_text":"","src":"https:\/\/i0.wp.com\/www.biancoscuro.it\/site\/wp-content\/uploads\/2024\/11\/Opzione_I_AlexandraMarie.jpeg?resize=350%2C200&ssl=1","width":350,"height":200,"srcset":"https:\/\/i0.wp.com\/www.biancoscuro.it\/site\/wp-content\/uploads\/2024\/11\/Opzione_I_AlexandraMarie.jpeg?resize=350%2C200&ssl=1 1x, https:\/\/i0.wp.com\/www.biancoscuro.it\/site\/wp-content\/uploads\/2024\/11\/Opzione_I_AlexandraMarie.jpeg?resize=525%2C300&ssl=1 1.5x, https:\/\/i0.wp.com\/www.biancoscuro.it\/site\/wp-content\/uploads\/2024\/11\/Opzione_I_AlexandraMarie.jpeg?resize=700%2C400&ssl=1 2x, https:\/\/i0.wp.com\/www.biancoscuro.it\/site\/wp-content\/uploads\/2024\/11\/Opzione_I_AlexandraMarie.jpeg?resize=1050%2C600&ssl=1 3x, https:\/\/i0.wp.com\/www.biancoscuro.it\/site\/wp-content\/uploads\/2024\/11\/Opzione_I_AlexandraMarie.jpeg?resize=1400%2C800&ssl=1 4x"},"classes":[]},{"id":19183,"url":"https:\/\/www.biancoscuro.it\/site\/sotto-scritto\/","url_meta":{"origin":13166,"position":4},"title":"Sotto Scritto","author":"Sandra Miranda Pattin","date":"9 Dicembre 2025","format":false,"excerpt":"In questa edizione degli eventi dedicati all\u2019incontro fra arte e moda presentati da Alexandra Marie, ritroviamo ci\u00f2 che ormai \u00e8 parte del suo concetto e della sua ricerca visiva: la collaborazione con artisti,\u00a0che in questa occasione sono stati invitati a scrivere per se stessi, usando la metafora del raccontare qualcosa\u2026","rel":"","context":"In &quot;arte&quot;","block_context":{"text":"arte","link":"https:\/\/www.biancoscuro.it\/site\/category\/arte\/"},"img":{"alt_text":"","src":"https:\/\/i0.wp.com\/www.biancoscuro.it\/site\/wp-content\/uploads\/2025\/12\/WhatsApp-Image-2025-12-11-at-19.49.06.jpeg?resize=350%2C200&ssl=1","width":350,"height":200,"srcset":"https:\/\/i0.wp.com\/www.biancoscuro.it\/site\/wp-content\/uploads\/2025\/12\/WhatsApp-Image-2025-12-11-at-19.49.06.jpeg?resize=350%2C200&ssl=1 1x, https:\/\/i0.wp.com\/www.biancoscuro.it\/site\/wp-content\/uploads\/2025\/12\/WhatsApp-Image-2025-12-11-at-19.49.06.jpeg?resize=525%2C300&ssl=1 1.5x, https:\/\/i0.wp.com\/www.biancoscuro.it\/site\/wp-content\/uploads\/2025\/12\/WhatsApp-Image-2025-12-11-at-19.49.06.jpeg?resize=700%2C400&ssl=1 2x, https:\/\/i0.wp.com\/www.biancoscuro.it\/site\/wp-content\/uploads\/2025\/12\/WhatsApp-Image-2025-12-11-at-19.49.06.jpeg?resize=1050%2C600&ssl=1 3x, https:\/\/i0.wp.com\/www.biancoscuro.it\/site\/wp-content\/uploads\/2025\/12\/WhatsApp-Image-2025-12-11-at-19.49.06.jpeg?resize=1400%2C800&ssl=1 4x"},"classes":[]},{"id":13402,"url":"https:\/\/www.biancoscuro.it\/site\/larte-del-manifesto-giapponese-presentazione-alladi-design-museum\/","url_meta":{"origin":13166,"position":5},"title":"L&#8217;arte del manifesto giapponese","author":"Chiara","date":"5 Maggio 2022","format":false,"excerpt":"Presentazione all'ADI Design Museum a Milano \"I manifesti sono una via dell\u2019arte con cui la societ\u00e0 giapponese si esprime da alcuni secoli con intensit\u00e0 e maestria pi\u00f9 di ogni altra nel nostro mondo moderno e contemporaneo. Oltre che per la loro bellezza \u00e8 anche per questo motivo storico e sociale\u2026","rel":"","context":"In &quot;arte&quot;","block_context":{"text":"arte","link":"https:\/\/www.biancoscuro.it\/site\/category\/arte\/"},"img":{"alt_text":"","src":"https:\/\/i0.wp.com\/www.biancoscuro.it\/site\/wp-content\/uploads\/2022\/05\/Arte-del-manifesto-giapponese.jpg?resize=350%2C200&ssl=1","width":350,"height":200,"srcset":"https:\/\/i0.wp.com\/www.biancoscuro.it\/site\/wp-content\/uploads\/2022\/05\/Arte-del-manifesto-giapponese.jpg?resize=350%2C200&ssl=1 1x, https:\/\/i0.wp.com\/www.biancoscuro.it\/site\/wp-content\/uploads\/2022\/05\/Arte-del-manifesto-giapponese.jpg?resize=525%2C300&ssl=1 1.5x, https:\/\/i0.wp.com\/www.biancoscuro.it\/site\/wp-content\/uploads\/2022\/05\/Arte-del-manifesto-giapponese.jpg?resize=700%2C400&ssl=1 2x, https:\/\/i0.wp.com\/www.biancoscuro.it\/site\/wp-content\/uploads\/2022\/05\/Arte-del-manifesto-giapponese.jpg?resize=1050%2C600&ssl=1 3x"},"classes":[]}],"_links":{"self":[{"href":"https:\/\/www.biancoscuro.it\/site\/wp-json\/wp\/v2\/posts\/13166","targetHints":{"allow":["GET"]}}],"collection":[{"href":"https:\/\/www.biancoscuro.it\/site\/wp-json\/wp\/v2\/posts"}],"about":[{"href":"https:\/\/www.biancoscuro.it\/site\/wp-json\/wp\/v2\/types\/post"}],"author":[{"embeddable":true,"href":"https:\/\/www.biancoscuro.it\/site\/wp-json\/wp\/v2\/users\/917"}],"replies":[{"embeddable":true,"href":"https:\/\/www.biancoscuro.it\/site\/wp-json\/wp\/v2\/comments?post=13166"}],"version-history":[{"count":0,"href":"https:\/\/www.biancoscuro.it\/site\/wp-json\/wp\/v2\/posts\/13166\/revisions"}],"wp:featuredmedia":[{"embeddable":true,"href":"https:\/\/www.biancoscuro.it\/site\/wp-json\/wp\/v2\/media\/13167"}],"wp:attachment":[{"href":"https:\/\/www.biancoscuro.it\/site\/wp-json\/wp\/v2\/media?parent=13166"}],"wp:term":[{"taxonomy":"category","embeddable":true,"href":"https:\/\/www.biancoscuro.it\/site\/wp-json\/wp\/v2\/categories?post=13166"},{"taxonomy":"post_tag","embeddable":true,"href":"https:\/\/www.biancoscuro.it\/site\/wp-json\/wp\/v2\/tags?post=13166"}],"curies":[{"name":"wp","href":"https:\/\/api.w.org\/{rel}","templated":true}]}}