{"id":13250,"date":"2022-04-23T09:35:00","date_gmt":"2022-04-23T08:35:00","guid":{"rendered":"https:\/\/www.biancoscuro.it\/site\/?p=13250"},"modified":"2022-04-26T14:55:33","modified_gmt":"2022-04-26T13:55:33","slug":"sotto-e-sopra-il-suolo-vita-e-rigenerazione","status":"publish","type":"post","link":"https:\/\/www.biancoscuro.it\/site\/sotto-e-sopra-il-suolo-vita-e-rigenerazione\/","title":{"rendered":"Sotto e sopra il suolo, vita e rigenerazione"},"content":{"rendered":"<span class=\"span-reading-time rt-reading-time\" style=\"display: block;\"><span class=\"rt-label rt-prefix\">\u23f0 lettura <\/span> <span class=\"rt-time\"> 4<\/span> <span class=\"rt-label rt-postfix\">min. <br><br><\/span><\/span>\n<figure class=\"wp-block-image size-full\"><img loading=\"lazy\" decoding=\"async\" width=\"850\" height=\"601\" src=\"https:\/\/www.biancoscuro.it\/site\/wp-content\/uploads\/2022\/04\/Invito-Sotto-e-sopra-il-suolo-Valle-dei-Templi-copia.jpg\" alt=\"\" class=\"wp-image-13251\" srcset=\"https:\/\/www.biancoscuro.it\/site\/wp-content\/uploads\/2022\/04\/Invito-Sotto-e-sopra-il-suolo-Valle-dei-Templi-copia.jpg 850w, https:\/\/www.biancoscuro.it\/site\/wp-content\/uploads\/2022\/04\/Invito-Sotto-e-sopra-il-suolo-Valle-dei-Templi-copia-300x212.jpg 300w, https:\/\/www.biancoscuro.it\/site\/wp-content\/uploads\/2022\/04\/Invito-Sotto-e-sopra-il-suolo-Valle-dei-Templi-copia-768x543.jpg 768w, https:\/\/www.biancoscuro.it\/site\/wp-content\/uploads\/2022\/04\/Invito-Sotto-e-sopra-il-suolo-Valle-dei-Templi-copia-600x424.jpg 600w\" sizes=\"auto, (max-width: 850px) 100vw, 850px\" \/><\/figure>\n\n\n\n<p>Il giorno 30 aprile 2022 verr\u00e0 inaugurata nel <em>Parco Archeologico e Paesaggistico della Valle dei Templi di Agrigento<\/em> la prima edizione del progetto <strong><em>Sotto e sopra il suolo, vita e rigenerazione<\/em><\/strong> con la curatela d<strong>i Giusy Emiliano <\/strong>e la direzione artistica di<strong> Rossana Danile.&nbsp;<\/strong><\/p>\n\n\n\n<p>L\u2019iniziativa \u00e8 realizzata in collaborazione con il<em>Parco Archeologico e Paesaggistico della Valle dei Templi di Agrigento <\/em>e con il patrocinio dell\u2019<em>Ordine dei Dottori Agronomi e dei Dottori Forestali della Provincia di Agrigento.&nbsp;<\/em><\/p>\n\n\n\n<p><strong><em>Sotto e sopra il suolo, vita e rigenerazione<\/em><\/strong>, creato e diretto da <em>Rossana Danile <\/em>all\u2019interno del format <em>Italian Storytelling Art, Brand &amp; District<\/em>, intende innalzare il livello di attenzione nei confronti del suolo, della sua tutela e del nostro modus habitandi il pianeta terra, attivando un <strong>dialogo tra arte e scienza<\/strong>, <strong>tra agronomi e artisti. <\/strong>Attraverso il linguaggio visivo dell\u2019arte contemporanea e dello storytelling multidisciplinare, il format intende promuovere gli obiettivi dell\u2019Agenda 2050 per lo Sviluppo Sostenibile e le azioni del Parco della Valle dei Templi, in linea con quelle delle organizzazioni mondiali. Anche la FAO<em>, <\/em>ad esempio,ha intrapreso dal 2012 un percorso di sensibilizzazione sull\u2019importanza del suolo, istituendo l\u2019Alleanza Mondiale per il Suolo (Global Soil Partnership), finalizzata a promuoverne la gestione sostenibile con l\u2019obiettivo, nel breve periodo, di arrivare a produrre pi\u00f9 cibo possibile, sempre nel rispetto delle risorse naturali.<\/p>\n\n\n\n<p>La prima edizione del progetto, pertanto, coinvolgendo artisti e agronomi in un percorso congiunto iniziato gi\u00e0 dal mese di settembre 2021, consentendo il trasferimento dei dati tecnici relativi al suolo attraverso l\u2019espressione dell\u2019arte visiva ed operando l\u2019innesto narrativo tra mito, favola e storytelling, mira alla comunicazione dell\u2019importanza della salvaguardia della salute del suolo, della biodiversit\u00e0, degli ecosistemi, in senso lato. Gli artisti<strong> Marco Angelini<\/strong>, <strong>Alessandro Calizza<\/strong>, <strong>Barbara Crimella<\/strong> e <strong>Bruno Melappioni<\/strong> interpretano il tema del suolo attraverso uno spazio inedito e colmo di rimandi al passato per creare opere d\u2019arte site specific all\u2019interno di quattro differenti luoghi denominati <em>\u201corti d\u2019artista\u201d<\/em>. <strong>Maria Giovanna Mangione<\/strong>, Presidente dell\u2019Ordine degli Agronomi di Agrigento e l\u2019Agronomo <strong>Guido Bissanti<\/strong>, autore, ricercatore e divulgatore scientifico, hanno lavorato con gli artisti intessendo nuove connessioni ed empatie, armonizzate dal desiderio unanime di comunicare a un vasto pubblico i segreti del suolo.<\/p>\n\n\n\n<p>I quattro orti tematici declinano, cos\u00ec, il risultato di molteplici discussioni tra il gruppo di lavoro sulle tematiche del suolo: le prospettive di ricerca sono, per i tre orti di Angelini, Calizza e Crimella, basate sulla valenza ottimista e propositiva (economia circolare) mentre per l\u2019orto di Melappioni sulla visione negativa (economia lineare). Proprio da quest\u2019ultimo si sviluppa lo storytelling proposto dal direttore artistico, <strong>Rossana Danile<\/strong>, attraverso la fiaba di Pinocchio, in particolare attraverso la scena del \u201cCampo dei Miracoli\u201d, dove le&nbsp;ambientazioni fiabesche sembrano essere fuggite dalle pagine di una novella per bambini per intrufolarsi negli anfratti della realt\u00e0 fatta di arte e scienza. A sostegno di tale tematica verranno presentate alcune foto e illustrazioni del film \u201c<em>Pinocchio<\/em>\u201d, gentilmente concesse dal regista <strong>Matteo Garrone<\/strong>,che, attraverso la metafora e la fiaba di Collodi, approfondiscono i temi della biodiversit\u00e0, del rischio di estinzione del suolo e della necessit\u00e0 di conservazione e tutela del naturale sistema di circolarit\u00e0.&nbsp;<\/p>\n\n\n\n<p>La curatela e l\u2019allestimento si concentrano, dunque, sulla narrazione: le installazioni degli artisti saranno il punto di incontro tra Arte e Scienza e mireranno a rappresentare uno spazio collettivo di conoscenza e connessione con il pubblico internazionale della Valle dei Templi. La curatrice <strong>Giusy Emiliano <\/strong>indaga sui temi ambientali attraverso opere contemporanee di artisti internazionali che sottolineano e amplificano l\u2019importanza universale del tema legato al suolo e che si confronteranno direttamente, durante il periodo della mostra, con il luogo ospite<em>, <\/em>Patrimonio UNESCO, che tutela e conserva la biodiversit\u00e0 mediterranea e che porta con s\u00e9 una narrazione millenaria carica di significati.<\/p>\n\n\n\n<p>Nel dialogo artisti\/agronomi, attraverso <strong>talk e seminari didattici<\/strong>, si inseriranno i \u201cdivulgatori artistico\/scientifici\u201d, i \u201cDAS\u201d, un gruppo sperimentale di quindici studenti volontari del Liceo Scientifico e delle Scienze Umane \u201cR. Politi\u201d di Agrigento, al fine di promuovere tra i pi\u00f9 giovani e soprattutto con il loro contributo, la cultura della rigenerazione ambientale, sociale e culturale, dei distretti locali, attraverso il linguaggio universale dell\u2019arte e della creativit\u00e0 contemporanea. Un percorso di narrazione e informazione in aderenza al modello di comunicazione denominato \u201cItalian Storytelling Art, Brand &amp; District\u201d, all\u2019attivit\u00e0 del \u201cParco\u201d di tutela e conservazione della biodiversit\u00e0 e ad uno degli obiettivi dell\u2019Agenda 2050: <strong>\u201cAccertarsi che tutte le persone, in ogni parte del mondo, abbiano le informazioni rilevanti e la giusta consapevolezza dello sviluppo sostenibile e di uno stile di vita in armonia con la natura\u201d.<\/strong><\/p>\n\n\n\n<p>Il direttore del Parco della Valle dei Templi, <strong>l\u2019architetto Roberto Sciarratta<\/strong>, si dice &#8211; \u201clieto di ospitare e promuovere un progetto che, grazie al linguaggio contemporaneo dell\u2019arte visiva, offrir\u00e0 ai visitatori internazionali una differente chiave di lettura della bellezza e della cultura millenaria che il Parco preserva, conservandone la salute del suolo e della biodiversit\u00e0 mediterranea che si offre come \u201cPaesaggio dell\u2019umanit\u00e0\u201d.&nbsp;<\/p>\n\n\n\n<p>\u201cLa mostra <em>Sotto e sopra il suolo, vita e rigenerazione<\/em>&nbsp;vuole essere un percorso per riflettere sul nostro modus habitandi il pianeta Terra\u201d, sottolinea <strong>Rossana Danile<\/strong>. &#8220;Gli esseri umani hanno delimitato i confini e fissato le leggi per affermare la loro autorit\u00e0 sotto e sopra il suolo e perfino nei cieli ma \u00e8 bastata una pandemia per dimostrare che i confini non possono essere assegnati \u201csopra le parti\u201d e che millenni di storiadell\u2019umanit\u00e0 sono stati fin qui garantiti da un equilibrio naturale, tra gli ecosistemi. Un equilibrio capace di far coesistere miliardi di biodiversit\u00e0 presenti <strong>sotto e sopra il suolo, l\u2019unico spazio dove tutti gli esseri viventi giocano la sfida della propria sopravvivenza<\/strong>\u201d.<\/p>\n\n\n\n<pre class=\"wp-block-preformatted\"><strong>INFO<\/strong>\n<em><strong>Sotto e sopra il suolo, vita <\/strong>e rigenerazione<\/em>\nA cura di Giusy Emiliano\nDirezione artistica di Rossana Danile\nInstallazioni di Marco Angelini, Alessandro Calizza, Barbara Crimella, Bruno Melappioni\n\n<strong>Inaugurazione30 aprile 2022<\/strong>\n<strong>Parco Archeologico e Paesaggistico della Valle dei Templi<\/strong>\nVia Panoramica Valle dei Templi 31 - Agrigento\nFino al 25 agosto 2022\n\n<strong>Parco Archeologico e Paesaggistico della Valle dei Templi<\/strong>\nVia Panoramica Valle dei Templi 31\n92100 Agrigento AG\nwww.parcovalledeitempli.it<\/pre>\n","protected":false},"excerpt":{"rendered":"<p><span class=\"span-reading-time rt-reading-time\" style=\"display: block;\"><span class=\"rt-label rt-prefix\">\u23f0 lettura <\/span> <span class=\"rt-time\"> 4<\/span> <span class=\"rt-label rt-postfix\">min. <\/p>\n<p><\/span><\/span>Il giorno 30 aprile 2022 verr\u00e0 inaugurata nel Parco Archeologico e Paesaggistico della Valle dei Templi di Agrigento la prima edizione del progetto Sotto e sopra il suolo, vita e rigenerazione con la curatela di Giusy Emiliano e la direzione artistica di Rossana Danile.&nbsp; L\u2019iniziativa \u00e8 realizzata in collaborazione con ilParco Archeologico e Paesaggistico della&hellip;&nbsp;<a href=\"https:\/\/www.biancoscuro.it\/site\/sotto-e-sopra-il-suolo-vita-e-rigenerazione\/\" rel=\"bookmark\">Leggi tutto &raquo;<span class=\"screen-reader-text\">Sotto e sopra il suolo, vita e rigenerazione<\/span><\/a><\/p>\n","protected":false},"author":980,"featured_media":13251,"comment_status":"closed","ping_status":"closed","sticky":false,"template":"","format":"standard","meta":{"neve_meta_sidebar":"","neve_meta_container":"","neve_meta_enable_content_width":"","neve_meta_content_width":0,"neve_meta_title_alignment":"","neve_meta_author_avatar":"","neve_post_elements_order":"","neve_meta_disable_header":"","neve_meta_disable_footer":"","neve_meta_disable_title":"","advanced_seo_description":"","jetpack_seo_html_title":"","jetpack_seo_noindex":false,"footnotes":""},"categories":[5,334,27,24],"tags":[],"class_list":["post-13250","post","type-post","status-publish","format-standard","has-post-thumbnail","hentry","category-arte","category-installazioni","category-manifestazione","category-mostre"],"jetpack_featured_media_url":"https:\/\/www.biancoscuro.it\/site\/wp-content\/uploads\/2022\/04\/Invito-Sotto-e-sopra-il-suolo-Valle-dei-Templi-copia.jpg","jetpack_sharing_enabled":true,"jetpack-related-posts":[{"id":13768,"url":"https:\/\/www.biancoscuro.it\/site\/giardino-di-transizione-opere-di-bruno-melappioni-storytelling-concept-di-rossana-danile\/","url_meta":{"origin":13250,"position":0},"title":"Giardino di transizione &#8211; Opere di Melappioni\u00a0","author":"Roberta Melasecca","date":"4 Luglio 2022","format":false,"excerpt":"All\u2019interno del progetto Ex voto. Artisti per Rosalia, inaugura il giorno 13 luglio 2022 alle ore 16.00, Giardino di Transizione, storytelling concept con Bruno Melappioni ideato da Rossana Danile, in continuit\u00e0 concettuale con lo spazio Astratte Ri-Generazioni curato da Giusy Emiliano con gli artisti Salvatore Cammilleri, Giacomo Failla, Francesca Lolli,\u2026","rel":"","context":"In &quot;installazioni&quot;","block_context":{"text":"installazioni","link":"https:\/\/www.biancoscuro.it\/site\/category\/installazioni\/"},"img":{"alt_text":"","src":"https:\/\/i0.wp.com\/www.biancoscuro.it\/site\/wp-content\/uploads\/2022\/07\/APE-BRUNO-MELAPPIONI.jpg?resize=350%2C200&ssl=1","width":350,"height":200,"srcset":"https:\/\/i0.wp.com\/www.biancoscuro.it\/site\/wp-content\/uploads\/2022\/07\/APE-BRUNO-MELAPPIONI.jpg?resize=350%2C200&ssl=1 1x, https:\/\/i0.wp.com\/www.biancoscuro.it\/site\/wp-content\/uploads\/2022\/07\/APE-BRUNO-MELAPPIONI.jpg?resize=525%2C300&ssl=1 1.5x, https:\/\/i0.wp.com\/www.biancoscuro.it\/site\/wp-content\/uploads\/2022\/07\/APE-BRUNO-MELAPPIONI.jpg?resize=700%2C400&ssl=1 2x"},"classes":[]},{"id":12270,"url":"https:\/\/www.biancoscuro.it\/site\/chaos-kosmos\/","url_meta":{"origin":13250,"position":1},"title":"Chaos \/ Kosmos","author":"Roberta Melasecca","date":"14 Settembre 2021","format":false,"excerpt":"Chaos \/ KosmosMarco Angelini, Elena P.V. Sanseverino EPVS, Andrea Pinchi, Sebastian Vimercati, Federica ZianniA cura di Paulina Grubiak Inaugurazione 23 settembre 2021 ore 19.00 Spazio EspansoPiazza Campitelli 3 - Roma Fino al 23 ottobre 2021 Il giorno 23 settembre 2021 alle ore 19.00 inaugura presso Spazio Espanso la mostra Chaos\/\u2026","rel":"","context":"In &quot;arte&quot;","block_context":{"text":"arte","link":"https:\/\/www.biancoscuro.it\/site\/category\/arte\/"},"img":{"alt_text":"","src":"https:\/\/i0.wp.com\/www.biancoscuro.it\/site\/wp-content\/uploads\/2021\/09\/invitation_ChaosKosmos-IT_03.09-copia.png?resize=350%2C200&ssl=1","width":350,"height":200,"srcset":"https:\/\/i0.wp.com\/www.biancoscuro.it\/site\/wp-content\/uploads\/2021\/09\/invitation_ChaosKosmos-IT_03.09-copia.png?resize=350%2C200&ssl=1 1x, https:\/\/i0.wp.com\/www.biancoscuro.it\/site\/wp-content\/uploads\/2021\/09\/invitation_ChaosKosmos-IT_03.09-copia.png?resize=525%2C300&ssl=1 1.5x, https:\/\/i0.wp.com\/www.biancoscuro.it\/site\/wp-content\/uploads\/2021\/09\/invitation_ChaosKosmos-IT_03.09-copia.png?resize=700%2C400&ssl=1 2x"},"classes":[]},{"id":12263,"url":"https:\/\/www.biancoscuro.it\/site\/arteporto-fuori-confine\/","url_meta":{"origin":13250,"position":2},"title":"ARTEPORTO | Fuori Confine","author":"Roberta Melasecca","date":"10 Settembre 2021","format":false,"excerpt":"Dopo il successo delle precedenti edizioni (2016 e 2018), la terza mostra d\u2019arte contemporanea Arteporto | Fuori Confine si apre quest\u2019anno alla collaborazione con importanti enti, accademie e istituzioni territoriali: promossa da GAF - Glocal Art Factory APS, si avvale del contributo del Consiglio Regionale del Lazio, del contributo e\u2026","rel":"","context":"In &quot;arte&quot;","block_context":{"text":"arte","link":"https:\/\/www.biancoscuro.it\/site\/category\/arte\/"},"img":{"alt_text":"","src":"https:\/\/i0.wp.com\/www.biancoscuro.it\/site\/wp-content\/uploads\/2021\/09\/arteporto-fuori-confine.jpg?resize=350%2C200&ssl=1","width":350,"height":200,"srcset":"https:\/\/i0.wp.com\/www.biancoscuro.it\/site\/wp-content\/uploads\/2021\/09\/arteporto-fuori-confine.jpg?resize=350%2C200&ssl=1 1x, https:\/\/i0.wp.com\/www.biancoscuro.it\/site\/wp-content\/uploads\/2021\/09\/arteporto-fuori-confine.jpg?resize=525%2C300&ssl=1 1.5x, https:\/\/i0.wp.com\/www.biancoscuro.it\/site\/wp-content\/uploads\/2021\/09\/arteporto-fuori-confine.jpg?resize=700%2C400&ssl=1 2x"},"classes":[]},{"id":17691,"url":"https:\/\/www.biancoscuro.it\/site\/igor-mitoraj-un-progetto-epocale-a-dieci-anni-dalla-scomparsa-del-maestro\/","url_meta":{"origin":13250,"position":3},"title":"Igor Mitoraj &#8211; Un progetto epocale a dieci anni dalla scomparsa del Maestro","author":"Vincenzo Chetta","date":"9 Ottobre 2024","format":false,"excerpt":"Igor Mitoraj \u201cIkaria Grande\u201d, 2001, bronzo, 645x300x243 cm. Castello di Maniace, Ortigia - Siracusa \u00a9 Ph. Nicola Gnesi per Atelier Mitoraj A\u00a0dieci anni dalla sua scomparsa, la sua arte continua a far sognare\u2026 Le sue opere, realizzate con il suo stile distintivo e a dimensioni monumentali, sono una riflessione sulla\u2026","rel":"","context":"In &quot;arte&quot;","block_context":{"text":"arte","link":"https:\/\/www.biancoscuro.it\/site\/category\/arte\/"},"img":{"alt_text":"Igor Mitoraj \u201cTeseo screpolato\u201d, 2011, bronzo, 295x188x180 cm. Versante sud-est dell\u2019Etna - 1.700 m s.l.m. \u00a9 Ph. Nicola Gnesi per Atelier Mitoraj","src":"https:\/\/i0.wp.com\/www.biancoscuro.it\/site\/wp-content\/uploads\/2024\/10\/BIANCOSCURO-Igor-Mitoraj-Un-progetto-epocale-a-dieci-anni-dalla-scomparsa-del-Maestro-7L9A0472-copia_NEW.jpg?resize=350%2C200&ssl=1","width":350,"height":200,"srcset":"https:\/\/i0.wp.com\/www.biancoscuro.it\/site\/wp-content\/uploads\/2024\/10\/BIANCOSCURO-Igor-Mitoraj-Un-progetto-epocale-a-dieci-anni-dalla-scomparsa-del-Maestro-7L9A0472-copia_NEW.jpg?resize=350%2C200&ssl=1 1x, https:\/\/i0.wp.com\/www.biancoscuro.it\/site\/wp-content\/uploads\/2024\/10\/BIANCOSCURO-Igor-Mitoraj-Un-progetto-epocale-a-dieci-anni-dalla-scomparsa-del-Maestro-7L9A0472-copia_NEW.jpg?resize=525%2C300&ssl=1 1.5x, https:\/\/i0.wp.com\/www.biancoscuro.it\/site\/wp-content\/uploads\/2024\/10\/BIANCOSCURO-Igor-Mitoraj-Un-progetto-epocale-a-dieci-anni-dalla-scomparsa-del-Maestro-7L9A0472-copia_NEW.jpg?resize=700%2C400&ssl=1 2x"},"classes":[]},{"id":6515,"url":"https:\/\/www.biancoscuro.it\/site\/spilli-installazione-ambientale-nel-lago-ex-snia-alberto-timossi-sistema-sonoro-simone-pappalardo\/","url_meta":{"origin":13250,"position":4},"title":"SPILLI. Installazione ambientale\/sonora","author":"Roberta Melasecca","date":"14 Febbraio 2018","format":false,"excerpt":"Il giorno 17 febbraio 2018 Alberto Timossi e Simone Pappalardo presentano \u201cSpilli\u201d, installazione ambientale nel Lago Ex Snia a Roma.\u00a0 Il Lago Ex Snia \u00e8 la conferma che la Natura prima o poi si riappropria sempre e comunque dello spazio che le \u00e8 stato tolto: nato nel 1993 in seguito\u2026","rel":"","context":"In &quot;arte&quot;","block_context":{"text":"arte","link":"https:\/\/www.biancoscuro.it\/site\/category\/arte\/"},"img":{"alt_text":"","src":"https:\/\/i0.wp.com\/www.biancoscuro.it\/site\/wp-content\/uploads\/2018\/02\/spilli.jpg?resize=350%2C200&ssl=1","width":350,"height":200,"srcset":"https:\/\/i0.wp.com\/www.biancoscuro.it\/site\/wp-content\/uploads\/2018\/02\/spilli.jpg?resize=350%2C200&ssl=1 1x, https:\/\/i0.wp.com\/www.biancoscuro.it\/site\/wp-content\/uploads\/2018\/02\/spilli.jpg?resize=525%2C300&ssl=1 1.5x, https:\/\/i0.wp.com\/www.biancoscuro.it\/site\/wp-content\/uploads\/2018\/02\/spilli.jpg?resize=700%2C400&ssl=1 2x, https:\/\/i0.wp.com\/www.biancoscuro.it\/site\/wp-content\/uploads\/2018\/02\/spilli.jpg?resize=1050%2C600&ssl=1 3x, https:\/\/i0.wp.com\/www.biancoscuro.it\/site\/wp-content\/uploads\/2018\/02\/spilli.jpg?resize=1400%2C800&ssl=1 4x"},"classes":[]},{"id":12880,"url":"https:\/\/www.biancoscuro.it\/site\/caterina-morigi-sectilia\/","url_meta":{"origin":13250,"position":5},"title":"Caterina Morigi &#8211; Sectilia","author":"Roberta Melasecca","date":"9 Febbraio 2022","format":false,"excerpt":"Caterina MorigiSectiliaA cura di Irene Angenica Opening 17 febbraio 2022 ore 18.30 - 21.00Curva Pura - Roma Fino al 13 marzo 2022 Il giorno 17 febbraio 2022 Curva Pura presenta la mostra personale Sectilia di Caterina Morigi, a cura di Irene Angenica.\u00a0 Sectilia \u00e8 ispirata alle texture lapidee e all\u2019immaginario\u2026","rel":"","context":"In &quot;arte&quot;","block_context":{"text":"arte","link":"https:\/\/www.biancoscuro.it\/site\/category\/arte\/"},"img":{"alt_text":"","src":"https:\/\/i0.wp.com\/www.biancoscuro.it\/site\/wp-content\/uploads\/2022\/02\/Morigi-SECTILIA.jpg?resize=350%2C200&ssl=1","width":350,"height":200,"srcset":"https:\/\/i0.wp.com\/www.biancoscuro.it\/site\/wp-content\/uploads\/2022\/02\/Morigi-SECTILIA.jpg?resize=350%2C200&ssl=1 1x, https:\/\/i0.wp.com\/www.biancoscuro.it\/site\/wp-content\/uploads\/2022\/02\/Morigi-SECTILIA.jpg?resize=525%2C300&ssl=1 1.5x, https:\/\/i0.wp.com\/www.biancoscuro.it\/site\/wp-content\/uploads\/2022\/02\/Morigi-SECTILIA.jpg?resize=700%2C400&ssl=1 2x"},"classes":[]}],"_links":{"self":[{"href":"https:\/\/www.biancoscuro.it\/site\/wp-json\/wp\/v2\/posts\/13250","targetHints":{"allow":["GET"]}}],"collection":[{"href":"https:\/\/www.biancoscuro.it\/site\/wp-json\/wp\/v2\/posts"}],"about":[{"href":"https:\/\/www.biancoscuro.it\/site\/wp-json\/wp\/v2\/types\/post"}],"author":[{"embeddable":true,"href":"https:\/\/www.biancoscuro.it\/site\/wp-json\/wp\/v2\/users\/980"}],"replies":[{"embeddable":true,"href":"https:\/\/www.biancoscuro.it\/site\/wp-json\/wp\/v2\/comments?post=13250"}],"version-history":[{"count":0,"href":"https:\/\/www.biancoscuro.it\/site\/wp-json\/wp\/v2\/posts\/13250\/revisions"}],"wp:featuredmedia":[{"embeddable":true,"href":"https:\/\/www.biancoscuro.it\/site\/wp-json\/wp\/v2\/media\/13251"}],"wp:attachment":[{"href":"https:\/\/www.biancoscuro.it\/site\/wp-json\/wp\/v2\/media?parent=13250"}],"wp:term":[{"taxonomy":"category","embeddable":true,"href":"https:\/\/www.biancoscuro.it\/site\/wp-json\/wp\/v2\/categories?post=13250"},{"taxonomy":"post_tag","embeddable":true,"href":"https:\/\/www.biancoscuro.it\/site\/wp-json\/wp\/v2\/tags?post=13250"}],"curies":[{"name":"wp","href":"https:\/\/api.w.org\/{rel}","templated":true}]}}