{"id":1329,"date":"2014-05-02T15:40:44","date_gmt":"2014-05-02T15:40:44","guid":{"rendered":"http:\/\/www.biancoscuro.it\/site\/?p=1329"},"modified":"2014-05-03T22:29:49","modified_gmt":"2014-05-03T22:29:49","slug":"collettiva-in-biancoscuro-dal-11-al-25-maggio-2014-2","status":"publish","type":"post","link":"https:\/\/www.biancoscuro.it\/site\/collettiva-in-biancoscuro-dal-11-al-25-maggio-2014-2\/","title":{"rendered":"Collettiva in biancoscuro dal 11 al 25 maggio 2014"},"content":{"rendered":"<span class=\"span-reading-time rt-reading-time\" style=\"display: block;\"><span class=\"rt-label rt-prefix\">\u23f0 lettura <\/span> <span class=\"rt-time\"> 2<\/span> <span class=\"rt-label rt-postfix\">min. <br><br><\/span><\/span><p>Lo spazio espositivo di <strong>biancoscuro<\/strong> si colora nuovamente con la mostra collettiva di <strong>Giorgio Gost<\/strong>, <strong>Massimo Basile<\/strong>, <strong>Fiorenza Orseoli<\/strong>,\u00a0<b>Maria Zimari,\u00a0<\/b>\u00a0<strong>Rosalba Trentini<\/strong> e <strong>Inicchor<\/strong>.<\/p>\n<p>Il <strong>vernissage<\/strong> d\u2019inaugurazione con buffet si terr\u00e0 <strong>domenica 11 maggio alle ore 15<\/strong>, nella sede dell&#8217;associazione <strong>biancoscuro in viale Indipendenza 26 a Pavia<\/strong>.<\/p>\n<p><span style=\"text-decoration: underline;\">Saranno presenti anche <strong>Iucu<\/strong> e<strong> Lele Pic\u00e0<\/strong>\u00a0<span class=\"fsl\">del gruppo <strong>FU*TURISTA<\/strong> che si esibiranno \u00a0in una live\u00a0performance.<\/span><\/span><\/p>\n<p><strong>Giorgio Gost<\/strong> presenter\u00e0 in anteprima 2 pezzi della nuova collezione &#8220;<strong>AFTER<\/strong>&#8221;<\/p>\n<figure style=\"width: 540px\" class=\"wp-caption alignnone\"><img loading=\"lazy\" decoding=\"async\" src=\"https:\/\/fbcdn-sphotos-d-a.akamaihd.net\/hphotos-ak-prn2\/t1.0-9\/q71\/s720x720\/1781980_294518830710560_2567476959307955361_n.jpg\" alt=\"\" width=\"540\" height=\"720\" \/><figcaption class=\"wp-caption-text\">Iucu e Lele Pic\u00e0 del gruppo FU*TURISTA<\/figcaption><\/figure>\n<p>Il catalogo mostra sar\u00e0 realizzato a cura di <strong>liberementi<\/strong>, sar\u00e0 distribuito online sul sito <strong>biancoscuro<\/strong> e sulla nostra fan page dove verranno inoltre caricate le foto realizzate durante la giornata. Dell&#8217;evento ne sar\u00e0 data notizia sul prossimo numero di <strong>biancoscuro rivista d\u2019arte<\/strong>.<\/p>\n<p>La mostra sar\u00e0 visitabile da\u00a0domenica <strong>11 maggio 2014<\/strong>\u00a0e\u00a0\u00a0fino al <strong>25 maggio\u00a02014.<\/strong><\/p>\n<figure style=\"width: 499px\" class=\"wp-caption alignnone\"><img loading=\"lazy\" decoding=\"async\" src=\"https:\/\/scontent-b-lhr.xx.fbcdn.net\/hphotos-prn1\/v\/t1.0-9\/10246792_10201821415441905_6002450749893581843_n.jpg?oh=e5409da6631dc2fab89cf2471d9170a4&amp;oe=53DA55C0\" alt=\"\" width=\"499\" height=\"666\" \/><figcaption class=\"wp-caption-text\">Giorgio Gost<\/figcaption><\/figure>\n<figure id=\"attachment_1321\" aria-describedby=\"caption-attachment-1321\" style=\"width: 500px\" class=\"wp-caption alignnone\"><img loading=\"lazy\" decoding=\"async\" class=\"wp-image-1321 size-full\" src=\"http:\/\/www.biancoscuro.it\/site\/wp-content\/uploads\/2014\/04\/ORSEOLIFIORENZA_gattopallino500px.jpg\" alt=\"ORSEOLIFIORENZA_gattopallino500_rivista_darte_biancoscurio_art_magazione\" width=\"500\" height=\"667\" srcset=\"https:\/\/www.biancoscuro.it\/site\/wp-content\/uploads\/2014\/04\/ORSEOLIFIORENZA_gattopallino500px.jpg 500w, https:\/\/www.biancoscuro.it\/site\/wp-content\/uploads\/2014\/04\/ORSEOLIFIORENZA_gattopallino500px-224x300.jpg 224w\" sizes=\"auto, (max-width: 500px) 100vw, 500px\" \/><figcaption id=\"caption-attachment-1321\" class=\"wp-caption-text\">Fiorenza Orseoli<\/figcaption><\/figure>\n<figure style=\"width: 500px\" class=\"wp-caption alignnone\"><img loading=\"lazy\" decoding=\"async\" src=\"https:\/\/scontent-a-lhr.xx.fbcdn.net\/hphotos-ash3\/t1.0-9\/1512747_628608627199260_2028750275_n.jpg\" alt=\"\" width=\"500\" height=\"788\" \/><figcaption class=\"wp-caption-text\">Maxtin<\/figcaption><\/figure>\n<figure id=\"attachment_1324\" aria-describedby=\"caption-attachment-1324\" style=\"width: 500px\" class=\"wp-caption alignnone\"><img loading=\"lazy\" decoding=\"async\" class=\"wp-image-1324 size-full\" src=\"http:\/\/www.biancoscuro.it\/site\/wp-content\/uploads\/2014\/04\/maria-zimari-New-York500px.jpg\" alt=\"maria-zimari-New-York500px\" width=\"500\" height=\"356\" srcset=\"https:\/\/www.biancoscuro.it\/site\/wp-content\/uploads\/2014\/04\/maria-zimari-New-York500px.jpg 500w, https:\/\/www.biancoscuro.it\/site\/wp-content\/uploads\/2014\/04\/maria-zimari-New-York500px-300x213.jpg 300w\" sizes=\"auto, (max-width: 500px) 100vw, 500px\" \/><figcaption id=\"caption-attachment-1324\" class=\"wp-caption-text\">Maria Zimari<\/figcaption><\/figure>\n<figure id=\"attachment_1325\" aria-describedby=\"caption-attachment-1325\" style=\"width: 500px\" class=\"wp-caption alignnone\"><img loading=\"lazy\" decoding=\"async\" class=\"size-full wp-image-1325\" src=\"http:\/\/www.biancoscuro.it\/site\/wp-content\/uploads\/2014\/04\/INIHCCORarchetipiOST2004_80x80-500px.jpg\" alt=\"Inihccor\" width=\"500\" height=\"496\" srcset=\"https:\/\/www.biancoscuro.it\/site\/wp-content\/uploads\/2014\/04\/INIHCCORarchetipiOST2004_80x80-500px.jpg 500w, https:\/\/www.biancoscuro.it\/site\/wp-content\/uploads\/2014\/04\/INIHCCORarchetipiOST2004_80x80-500px-150x150.jpg 150w, https:\/\/www.biancoscuro.it\/site\/wp-content\/uploads\/2014\/04\/INIHCCORarchetipiOST2004_80x80-500px-300x297.jpg 300w\" sizes=\"auto, (max-width: 500px) 100vw, 500px\" \/><figcaption id=\"caption-attachment-1325\" class=\"wp-caption-text\">Inihccor<\/figcaption><\/figure>\n<figure id=\"attachment_1323\" aria-describedby=\"caption-attachment-1323\" style=\"width: 500px\" class=\"wp-caption alignnone\"><img loading=\"lazy\" decoding=\"async\" class=\"wp-image-1323 size-full\" src=\"http:\/\/www.biancoscuro.it\/site\/wp-content\/uploads\/2014\/04\/TRENTINI-Apertura-olio-su-tela-60x90500px.jpg\" alt=\"TRENTINI-Apertura,-olio-su-tela-60x90500px\" width=\"500\" height=\"332\" srcset=\"https:\/\/www.biancoscuro.it\/site\/wp-content\/uploads\/2014\/04\/TRENTINI-Apertura-olio-su-tela-60x90500px.jpg 500w, https:\/\/www.biancoscuro.it\/site\/wp-content\/uploads\/2014\/04\/TRENTINI-Apertura-olio-su-tela-60x90500px-300x199.jpg 300w\" sizes=\"auto, (max-width: 500px) 100vw, 500px\" \/><figcaption id=\"caption-attachment-1323\" class=\"wp-caption-text\">Rosalba Trentini<\/figcaption><\/figure>\n<p>Resta aggiornato, segui la nostra fan page, prossimamente verranno caricate le schede degli <strong>artisti<\/strong> e manifesto della <strong>mostra<\/strong>. Ricordiamo che le mostre presso <strong>biancoscuro<\/strong>, spazio espositivo sono visibili su invito, contatta\u00a0<strong>l\u2019Associazione Culturale Biancoscuro<\/strong> per maggiori informazioni e per accreditarvi.<\/p>\n","protected":false},"excerpt":{"rendered":"<p><span class=\"span-reading-time rt-reading-time\" style=\"display: block;\"><span class=\"rt-label rt-prefix\">\u23f0 lettura <\/span> <span class=\"rt-time\"> 2<\/span> <span class=\"rt-label rt-postfix\">min. <\/p>\n<p><\/span><\/span>Lo spazio espositivo di biancoscuro si colora nuovamente con la mostra collettiva di Giorgio Gost, Massimo Basile, Fiorenza Orseoli,\u00a0Maria Zimari,\u00a0\u00a0Rosalba Trentini e Inicchor. Il vernissage d\u2019inaugurazione con buffet si terr\u00e0 domenica 11 maggio alle ore 15, nella sede dell&#8217;associazione biancoscuro in viale Indipendenza 26 a Pavia. Saranno presenti anche Iucu e Lele Pic\u00e0\u00a0del gruppo FU*TURISTA&hellip;&nbsp;<a href=\"https:\/\/www.biancoscuro.it\/site\/collettiva-in-biancoscuro-dal-11-al-25-maggio-2014-2\/\" rel=\"bookmark\">Leggi tutto &raquo;<span class=\"screen-reader-text\">Collettiva in biancoscuro dal 11 al 25 maggio 2014<\/span><\/a><\/p>\n","protected":false},"author":1,"featured_media":0,"comment_status":"closed","ping_status":"closed","sticky":false,"template":"","format":"standard","meta":{"neve_meta_sidebar":"","neve_meta_container":"","neve_meta_enable_content_width":"","neve_meta_content_width":0,"neve_meta_title_alignment":"","neve_meta_author_avatar":"","neve_post_elements_order":"","neve_meta_disable_header":"","neve_meta_disable_footer":"","neve_meta_disable_title":"","advanced_seo_description":"","jetpack_seo_html_title":"","jetpack_seo_noindex":false,"footnotes":""},"categories":[5,21,26,25,8,27,6,23,15,7],"tags":[],"class_list":["post-1329","post","type-post","status-publish","format-standard","hentry","category-arte","category-catalogo-darte","category-eventi","category-fiere","category-fotografia","category-manifestazione","category-pittura","category-pubblicazione-2","category-rivista-darte","category-scultura"],"jetpack_featured_media_url":"","jetpack_sharing_enabled":true,"jetpack-related-posts":[{"id":1381,"url":"https:\/\/www.biancoscuro.it\/site\/arte-a-pavia-biancoscuro-in-mostra\/","url_meta":{"origin":1329,"position":0},"title":"Arte a Pavia: Biancoscuro in mostra!","author":"Redazione BIANCOSCURO","date":"13 Maggio 2014","format":false,"excerpt":"Sei meritevoli artisti contemporanei, un'anteprima nazionale e due live performance: l'11 maggio si \u00e8 tenuta l'inaugurazione della mostra collettiva. In mostra le opere di Maria Zimari, Rosalba Trentini, Inihccor, Fiorenza Orseoli , Giorgio Gost e Maxtin, tutti insieme hanno contribuito a rendere magica l'esposizione. All'inaugurazione dopo i brindisi di rito,\u2026","rel":"","context":"In &quot;arte&quot;","block_context":{"text":"arte","link":"https:\/\/www.biancoscuro.it\/site\/category\/arte\/"},"img":{"alt_text":"","src":"https:\/\/scontent-a-mxp.xx.fbcdn.net\/hphotos-prn2\/l\/t1.0-9\/q71\/s720x720\/10254984_781731811845449_4464840923230724577_n.jpg","width":350,"height":200,"srcset":"https:\/\/scontent-a-mxp.xx.fbcdn.net\/hphotos-prn2\/l\/t1.0-9\/q71\/s720x720\/10254984_781731811845449_4464840923230724577_n.jpg 1x, https:\/\/scontent-a-mxp.xx.fbcdn.net\/hphotos-prn2\/l\/t1.0-9\/q71\/s720x720\/10254984_781731811845449_4464840923230724577_n.jpg 1.5x"},"classes":[]},{"id":4517,"url":"https:\/\/www.biancoscuro.it\/site\/back-to-college\/","url_meta":{"origin":1329,"position":1},"title":"Back To College","author":"Redazione BIANCOSCURO","date":"3 Ottobre 2016","format":false,"excerpt":"Back To College, rassegna d\u2019arte contemporanea, inaugurer\u00e0 il ciclo espositivo marted\u00ec 11 ottobre. La mostra, organizzata dal Collegio Lorenzo Valla di Pavia \u00e8 curata da Martina Corgnati.\u00a0L'inaugurazione, \u00e8 fissata per Marted\u00ec '11 Ottobre ore 18. I primi artisti che esporranno le loro opere saranno Lele Pic\u00e0, Vittorio Valente e Leonardo\u2026","rel":"","context":"In &quot;arte&quot;","block_context":{"text":"arte","link":"https:\/\/www.biancoscuro.it\/site\/category\/arte\/"},"img":{"alt_text":"","src":"https:\/\/i0.wp.com\/www.biancoscuro.it\/site\/wp-content\/uploads\/2016\/10\/13906906_319570178378900_855575515232875127_n.jpg?resize=350%2C200&ssl=1","width":350,"height":200,"srcset":"https:\/\/i0.wp.com\/www.biancoscuro.it\/site\/wp-content\/uploads\/2016\/10\/13906906_319570178378900_855575515232875127_n.jpg?resize=350%2C200&ssl=1 1x, https:\/\/i0.wp.com\/www.biancoscuro.it\/site\/wp-content\/uploads\/2016\/10\/13906906_319570178378900_855575515232875127_n.jpg?resize=525%2C300&ssl=1 1.5x, https:\/\/i0.wp.com\/www.biancoscuro.it\/site\/wp-content\/uploads\/2016\/10\/13906906_319570178378900_855575515232875127_n.jpg?resize=700%2C400&ssl=1 2x"},"classes":[]},{"id":5441,"url":"https:\/\/www.biancoscuro.it\/site\/finissage-al-valla-back-to-college\/","url_meta":{"origin":1329,"position":2},"title":"Finissage al Valla &#8220;Back to college&#8221;","author":"Redazione BIANCOSCURO","date":"5 Maggio 2017","format":false,"excerpt":"La prima edizione di \u201cBack To College\u201d, la rassegna d\u2019arte contemporanea organizzata dal collegio universitario Lorenzo Valla di Pavia, \u00e8 giunta alla conclusione del suo primo percorso espositivo. Mercoled\u00ec 3 maggio si \u00e8 celebrato il successo dell'iniziativa con un affollato finissage, al quale hanno partecipato gli Artisti protagonisti della rassegna,\u2026","rel":"","context":"In &quot;arte&quot;","block_context":{"text":"arte","link":"https:\/\/www.biancoscuro.it\/site\/category\/arte\/"},"img":{"alt_text":"","src":"https:\/\/i0.wp.com\/www.biancoscuro.it\/site\/wp-content\/uploads\/2017\/05\/valla2.jpg?resize=350%2C200","width":350,"height":200,"srcset":"https:\/\/i0.wp.com\/www.biancoscuro.it\/site\/wp-content\/uploads\/2017\/05\/valla2.jpg?resize=350%2C200 1x, https:\/\/i0.wp.com\/www.biancoscuro.it\/site\/wp-content\/uploads\/2017\/05\/valla2.jpg?resize=525%2C300 1.5x, https:\/\/i0.wp.com\/www.biancoscuro.it\/site\/wp-content\/uploads\/2017\/05\/valla2.jpg?resize=700%2C400 2x"},"classes":[]},{"id":5188,"url":"https:\/\/www.biancoscuro.it\/site\/arte-economia-gost-boni\/","url_meta":{"origin":1329,"position":3},"title":"Arte &#038; Economia | Gost + Boni","author":"Redazione BIANCOSCURO","date":"22 Marzo 2017","format":false,"excerpt":"ANTEPRIMA Sabato 25 Marzo 2017, ore 10 Galleria S.Andrea (Ex Chiesa S.Andrea) Via Cavestro 6 -Parma Arte & Economia. Giorgio Gost e Paola Boni Domenica 26 marzo inaugurazione della mostra ARTE & ECONOMIA\u00a0con le opere di Giorgio Gost e Paola Boni presso la\u00a0Galleria S. Andrea di Parma.\u00a0La mostra,\u00a0\u00e8 un percorso,\u2026","rel":"","context":"In &quot;art magazine&quot;","block_context":{"text":"art magazine","link":"https:\/\/www.biancoscuro.it\/site\/category\/art-magazine\/"},"img":{"alt_text":"","src":"https:\/\/i0.wp.com\/www.biancoscuro.it\/site\/wp-content\/uploads\/2017\/03\/17342938_10155866312120410_3882912340309457080_n.jpg?resize=350%2C200&ssl=1","width":350,"height":200,"srcset":"https:\/\/i0.wp.com\/www.biancoscuro.it\/site\/wp-content\/uploads\/2017\/03\/17342938_10155866312120410_3882912340309457080_n.jpg?resize=350%2C200&ssl=1 1x, https:\/\/i0.wp.com\/www.biancoscuro.it\/site\/wp-content\/uploads\/2017\/03\/17342938_10155866312120410_3882912340309457080_n.jpg?resize=525%2C300&ssl=1 1.5x"},"classes":[]},{"id":8124,"url":"https:\/\/www.biancoscuro.it\/site\/italias-national-treasure-artists\/","url_meta":{"origin":1329,"position":4},"title":"Italia&#8217;s National Treasure Artists","author":"Redazione BIANCOSCURO","date":"17 Ottobre 2018","format":false,"excerpt":"Inaugurazione sabato 3 novembre, ore 18 presso Giampiero Biasutti Studio D'Arte (Torino)Artisti italiani degli Anni Novanta come Tesoro nazionale. Non un semplice provocazione ma un esperimento critico per riallacciare i fili della storia dell\u2019arte italiana, facendo riscoprire la produzione artistica di fine XX secolo del nostro Paese. E\u2019 quanto si\u2026","rel":"","context":"In &quot;arte&quot;","block_context":{"text":"arte","link":"https:\/\/www.biancoscuro.it\/site\/category\/arte\/"},"img":{"alt_text":"","src":"https:\/\/i0.wp.com\/www.biancoscuro.it\/site\/wp-content\/uploads\/2018\/11\/file_377.jpg?resize=350%2C200&ssl=1","width":350,"height":200,"srcset":"https:\/\/i0.wp.com\/www.biancoscuro.it\/site\/wp-content\/uploads\/2018\/11\/file_377.jpg?resize=350%2C200&ssl=1 1x, https:\/\/i0.wp.com\/www.biancoscuro.it\/site\/wp-content\/uploads\/2018\/11\/file_377.jpg?resize=525%2C300&ssl=1 1.5x"},"classes":[]},{"id":13579,"url":"https:\/\/www.biancoscuro.it\/site\/giorgio-gost-svelato-il-segreto-delle-pluri-bolle\/","url_meta":{"origin":1329,"position":5},"title":"Giorgio Gost | Svelato il segreto delle \u201cPluri-bolle!\u201d","author":"Vincenzo Chetta","date":"30 Maggio 2022","format":false,"excerpt":"I\u00a0\u201cPercorsi nella Old Economy\u201d: questo il nome del progetto che dal 2009 viene portato avanti da Giorgio Gost, stimato ed affermato artista che vede l\u2019inizio della sua carriera artistica nel 1988, dedicandosi alla pittura metafisica e studiando le caratteristiche concrete e filosofiche del colore, per arrivare al suo attuale percorso\u2026","rel":"","context":"In &quot;arte&quot;","block_context":{"text":"arte","link":"https:\/\/www.biancoscuro.it\/site\/category\/arte\/"},"img":{"alt_text":"Giorgio Gost - Pluri-Bolle!","src":"https:\/\/i0.wp.com\/www.biancoscuro.it\/site\/wp-content\/uploads\/2022\/05\/GOST_Zn.1469-80x105-2-2010-Pluri-bolle-Percorso-nella-OLD-ECONOMY-rit.jpg?resize=350%2C200&ssl=1","width":350,"height":200,"srcset":"https:\/\/i0.wp.com\/www.biancoscuro.it\/site\/wp-content\/uploads\/2022\/05\/GOST_Zn.1469-80x105-2-2010-Pluri-bolle-Percorso-nella-OLD-ECONOMY-rit.jpg?resize=350%2C200&ssl=1 1x, https:\/\/i0.wp.com\/www.biancoscuro.it\/site\/wp-content\/uploads\/2022\/05\/GOST_Zn.1469-80x105-2-2010-Pluri-bolle-Percorso-nella-OLD-ECONOMY-rit.jpg?resize=525%2C300&ssl=1 1.5x, https:\/\/i0.wp.com\/www.biancoscuro.it\/site\/wp-content\/uploads\/2022\/05\/GOST_Zn.1469-80x105-2-2010-Pluri-bolle-Percorso-nella-OLD-ECONOMY-rit.jpg?resize=700%2C400&ssl=1 2x, https:\/\/i0.wp.com\/www.biancoscuro.it\/site\/wp-content\/uploads\/2022\/05\/GOST_Zn.1469-80x105-2-2010-Pluri-bolle-Percorso-nella-OLD-ECONOMY-rit.jpg?resize=1050%2C600&ssl=1 3x, https:\/\/i0.wp.com\/www.biancoscuro.it\/site\/wp-content\/uploads\/2022\/05\/GOST_Zn.1469-80x105-2-2010-Pluri-bolle-Percorso-nella-OLD-ECONOMY-rit.jpg?resize=1400%2C800&ssl=1 4x"},"classes":[]}],"_links":{"self":[{"href":"https:\/\/www.biancoscuro.it\/site\/wp-json\/wp\/v2\/posts\/1329","targetHints":{"allow":["GET"]}}],"collection":[{"href":"https:\/\/www.biancoscuro.it\/site\/wp-json\/wp\/v2\/posts"}],"about":[{"href":"https:\/\/www.biancoscuro.it\/site\/wp-json\/wp\/v2\/types\/post"}],"author":[{"embeddable":true,"href":"https:\/\/www.biancoscuro.it\/site\/wp-json\/wp\/v2\/users\/1"}],"replies":[{"embeddable":true,"href":"https:\/\/www.biancoscuro.it\/site\/wp-json\/wp\/v2\/comments?post=1329"}],"version-history":[{"count":0,"href":"https:\/\/www.biancoscuro.it\/site\/wp-json\/wp\/v2\/posts\/1329\/revisions"}],"wp:attachment":[{"href":"https:\/\/www.biancoscuro.it\/site\/wp-json\/wp\/v2\/media?parent=1329"}],"wp:term":[{"taxonomy":"category","embeddable":true,"href":"https:\/\/www.biancoscuro.it\/site\/wp-json\/wp\/v2\/categories?post=1329"},{"taxonomy":"post_tag","embeddable":true,"href":"https:\/\/www.biancoscuro.it\/site\/wp-json\/wp\/v2\/tags?post=1329"}],"curies":[{"name":"wp","href":"https:\/\/api.w.org\/{rel}","templated":true}]}}