{"id":13402,"date":"2022-05-05T14:29:00","date_gmt":"2022-05-05T13:29:00","guid":{"rendered":"https:\/\/www.biancoscuro.it\/site\/?p=13402"},"modified":"2022-05-06T09:46:51","modified_gmt":"2022-05-06T08:46:51","slug":"larte-del-manifesto-giapponese-presentazione-alladi-design-museum","status":"publish","type":"post","link":"https:\/\/www.biancoscuro.it\/site\/larte-del-manifesto-giapponese-presentazione-alladi-design-museum\/","title":{"rendered":"L&#8217;arte del manifesto giapponese"},"content":{"rendered":"<span class=\"span-reading-time rt-reading-time\" style=\"display: block;\"><span class=\"rt-label rt-prefix\">\u23f0 lettura <\/span> <span class=\"rt-time\"> 2<\/span> <span class=\"rt-label rt-postfix\">min. <br><br><\/span><\/span>\n<div style=\"height:31px\" aria-hidden=\"true\" class=\"wp-block-spacer\"><\/div>\n\n\n\n<h2 class=\"wp-block-heading\">Presentazione all&#8217;ADI Design Museum a Milano<\/h2>\n\n\n\n<p><em>&#8220;I manifesti sono una via dell\u2019arte con cui la societ\u00e0 giapponese si esprime da alcuni secoli con intensit\u00e0 e maestria pi\u00f9 di ogni altra nel nostro mondo moderno e contemporaneo. Oltre che per la loro bellezza \u00e8 anche per questo motivo storico e sociale che presi a occuparmene oltre quarant\u2019anni fa e da allora non ho mai smesso di studiarli e di dialogare con i loro autori.<\/em>..&#8221; Cos\u00ec si apre il testo di <strong>Gian Carlo Calza<\/strong>, autore del volume <strong><em>L&#8217;arte del manifesto giapponese<\/em><\/strong>, edito da <strong>Skira<\/strong>, che <strong>sar\u00e0 presentato mercoled\u00ec 11 maggio alle 18 all&#8217;ADI Design Museum a Milano (Sala -1)<\/strong>. <\/p>\n\n\n\n<p>Con l&#8217;autore, interverranno <strong>Elisabetta Scantamburlo<\/strong>, curatrice, critica d\u2019arte e traduttrice, che ha collaborato alla realizzazione del volume,&nbsp;<strong>Giuseppe Mazza<\/strong>,&nbsp;docente Copywriting, Universit\u00e0 Iulm di Milano e pubblicitario, <strong>Mario Piazza<\/strong>,&nbsp;professore associato Scuola del Design, Politecnico di Milano.<\/p>\n\n\n\n<p>Attraverso una <strong>vasta selezione di artisti e di opere<\/strong>, il volume &#8211;  il pi\u00f9 completo sull\u2019argomento finora mai pubblicato &#8211; ripercorre circa <strong>70 anni della storia del manifesto giapponese<\/strong>, dal 1955 fino al 2020, con l&#8217;intento di <strong>colmare una lacuna sulla storia della grafica giapponese, quella relativa ai primi due decenni del nuovo millennio, raccontando da un lato il passato, con l\u2019opera dei grandi maestri, e dall\u2019altro esplorando nuovi nomi e tendenze.<\/strong><\/p>\n\n\n\n<p><em>Per comprendere il design del manifesto giapponese contemporaneo bisogna prima capire il rapporto ambivalente che esiste in Giappone tra pubblicit\u00e0 e design grafico. In alcune culture il design pubblicitario e quello grafico sono ritenuti discipline separate. Nel caso del Giappone, i confini tra design grafico e pubblicit\u00e0 sono inconsistenti o, forse pi\u00f9 precisamente, inesistenti. In Giappone abbiamo un buon design grafico, una buona pubblicit\u00e0 e anche una sorta di via di mezzo e nessuno di essi confligge con l\u2019altro. E ci si aspetta che i graphic designer e gli art director pubblicitari siano competenti nei rispettivi campi. Questa \u00e8 la premessa da cui bisogna partire per apprezzare appieno la cultura contemporanea del manifesto giapponese.<\/em> (Satoh Taku, graphic designer).<\/p>\n\n\n\n<p><em><strong>Gian Carlo Calza<\/strong>, gi\u00e0 professore di Storia dell\u2019arte dell\u2019Asia orientale all\u2019Universit\u00e0 Ca\u2019 Foscari di Venezia, \u00e8 esperto di cultura e arte giapponese, curatore e autore di numerosi saggi sul tema.<\/em><\/p>\n\n\n\n<figure class=\"wp-block-gallery has-nested-images columns-default is-cropped wp-block-gallery-1 is-layout-flex wp-block-gallery-is-layout-flex\">\n<figure class=\"wp-block-image size-large\"><img loading=\"lazy\" decoding=\"async\" width=\"724\" height=\"1024\" data-id=\"13403\" src=\"https:\/\/www.biancoscuro.it\/site\/wp-content\/uploads\/2022\/05\/KASHIWAGI-2-pag.177-724x1024.jpg\" alt=\"\" class=\"wp-image-13403\" srcset=\"https:\/\/www.biancoscuro.it\/site\/wp-content\/uploads\/2022\/05\/KASHIWAGI-2-pag.177-724x1024.jpg 724w, https:\/\/www.biancoscuro.it\/site\/wp-content\/uploads\/2022\/05\/KASHIWAGI-2-pag.177-212x300.jpg 212w, https:\/\/www.biancoscuro.it\/site\/wp-content\/uploads\/2022\/05\/KASHIWAGI-2-pag.177-768x1086.jpg 768w, https:\/\/www.biancoscuro.it\/site\/wp-content\/uploads\/2022\/05\/KASHIWAGI-2-pag.177-600x848.jpg 600w, https:\/\/www.biancoscuro.it\/site\/wp-content\/uploads\/2022\/05\/KASHIWAGI-2-pag.177.jpg 800w\" sizes=\"auto, (max-width: 724px) 100vw, 724px\" \/><\/figure>\n\n\n\n<figure class=\"wp-block-image size-large\"><img loading=\"lazy\" decoding=\"async\" width=\"721\" height=\"1024\" data-id=\"13405\" src=\"https:\/\/www.biancoscuro.it\/site\/wp-content\/uploads\/2022\/05\/MATSUI-7-pag.227-721x1024.jpg\" alt=\"\" class=\"wp-image-13405\" srcset=\"https:\/\/www.biancoscuro.it\/site\/wp-content\/uploads\/2022\/05\/MATSUI-7-pag.227-721x1024.jpg 721w, https:\/\/www.biancoscuro.it\/site\/wp-content\/uploads\/2022\/05\/MATSUI-7-pag.227-211x300.jpg 211w, https:\/\/www.biancoscuro.it\/site\/wp-content\/uploads\/2022\/05\/MATSUI-7-pag.227-768x1091.jpg 768w, https:\/\/www.biancoscuro.it\/site\/wp-content\/uploads\/2022\/05\/MATSUI-7-pag.227-600x852.jpg 600w, https:\/\/www.biancoscuro.it\/site\/wp-content\/uploads\/2022\/05\/MATSUI-7-pag.227.jpg 800w\" sizes=\"auto, (max-width: 721px) 100vw, 721px\" \/><\/figure>\n\n\n\n<figure class=\"wp-block-image size-large\"><img loading=\"lazy\" decoding=\"async\" width=\"761\" height=\"1024\" data-id=\"13404\" src=\"https:\/\/www.biancoscuro.it\/site\/wp-content\/uploads\/2022\/05\/KISHINO-3-pag.206-761x1024.jpg\" alt=\"\" class=\"wp-image-13404\" srcset=\"https:\/\/www.biancoscuro.it\/site\/wp-content\/uploads\/2022\/05\/KISHINO-3-pag.206-761x1024.jpg 761w, https:\/\/www.biancoscuro.it\/site\/wp-content\/uploads\/2022\/05\/KISHINO-3-pag.206-223x300.jpg 223w, https:\/\/www.biancoscuro.it\/site\/wp-content\/uploads\/2022\/05\/KISHINO-3-pag.206-768x1034.jpg 768w, https:\/\/www.biancoscuro.it\/site\/wp-content\/uploads\/2022\/05\/KISHINO-3-pag.206-600x808.jpg 600w, https:\/\/www.biancoscuro.it\/site\/wp-content\/uploads\/2022\/05\/KISHINO-3-pag.206.jpg 800w\" sizes=\"auto, (max-width: 761px) 100vw, 761px\" \/><\/figure>\n<\/figure>\n\n\n\n<figure class=\"wp-block-gallery has-nested-images columns-default is-cropped wp-block-gallery-2 is-layout-flex wp-block-gallery-is-layout-flex\">\n<figure class=\"wp-block-image size-large\"><img loading=\"lazy\" decoding=\"async\" width=\"732\" height=\"1024\" data-id=\"13408\" src=\"https:\/\/www.biancoscuro.it\/site\/wp-content\/uploads\/2022\/05\/NADAMOTO-7-pag.267-732x1024.jpg\" alt=\"\" class=\"wp-image-13408\" srcset=\"https:\/\/www.biancoscuro.it\/site\/wp-content\/uploads\/2022\/05\/NADAMOTO-7-pag.267-732x1024.jpg 732w, https:\/\/www.biancoscuro.it\/site\/wp-content\/uploads\/2022\/05\/NADAMOTO-7-pag.267-214x300.jpg 214w, https:\/\/www.biancoscuro.it\/site\/wp-content\/uploads\/2022\/05\/NADAMOTO-7-pag.267-768x1074.jpg 768w, https:\/\/www.biancoscuro.it\/site\/wp-content\/uploads\/2022\/05\/NADAMOTO-7-pag.267-600x839.jpg 600w, https:\/\/www.biancoscuro.it\/site\/wp-content\/uploads\/2022\/05\/NADAMOTO-7-pag.267.jpg 800w\" sizes=\"auto, (max-width: 732px) 100vw, 732px\" \/><\/figure>\n\n\n\n<figure class=\"wp-block-image size-large\"><img loading=\"lazy\" decoding=\"async\" width=\"759\" height=\"1024\" data-id=\"13406\" src=\"https:\/\/www.biancoscuro.it\/site\/wp-content\/uploads\/2022\/05\/NAGAI-KAZUMASA-26-pag.293-759x1024.jpg\" alt=\"\" class=\"wp-image-13406\" srcset=\"https:\/\/www.biancoscuro.it\/site\/wp-content\/uploads\/2022\/05\/NAGAI-KAZUMASA-26-pag.293-759x1024.jpg 759w, https:\/\/www.biancoscuro.it\/site\/wp-content\/uploads\/2022\/05\/NAGAI-KAZUMASA-26-pag.293-222x300.jpg 222w, https:\/\/www.biancoscuro.it\/site\/wp-content\/uploads\/2022\/05\/NAGAI-KAZUMASA-26-pag.293-768x1036.jpg 768w, https:\/\/www.biancoscuro.it\/site\/wp-content\/uploads\/2022\/05\/NAGAI-KAZUMASA-26-pag.293-600x809.jpg 600w, https:\/\/www.biancoscuro.it\/site\/wp-content\/uploads\/2022\/05\/NAGAI-KAZUMASA-26-pag.293.jpg 800w\" sizes=\"auto, (max-width: 759px) 100vw, 759px\" \/><\/figure>\n\n\n\n<figure class=\"wp-block-image size-large\"><img loading=\"lazy\" decoding=\"async\" width=\"722\" height=\"1024\" data-id=\"13407\" src=\"https:\/\/www.biancoscuro.it\/site\/wp-content\/uploads\/2022\/05\/SATO-KOICHI-2-pag.369-722x1024.jpg\" alt=\"\" class=\"wp-image-13407\" srcset=\"https:\/\/www.biancoscuro.it\/site\/wp-content\/uploads\/2022\/05\/SATO-KOICHI-2-pag.369-722x1024.jpg 722w, https:\/\/www.biancoscuro.it\/site\/wp-content\/uploads\/2022\/05\/SATO-KOICHI-2-pag.369-211x300.jpg 211w, https:\/\/www.biancoscuro.it\/site\/wp-content\/uploads\/2022\/05\/SATO-KOICHI-2-pag.369-768x1090.jpg 768w, https:\/\/www.biancoscuro.it\/site\/wp-content\/uploads\/2022\/05\/SATO-KOICHI-2-pag.369-600x851.jpg 600w, https:\/\/www.biancoscuro.it\/site\/wp-content\/uploads\/2022\/05\/SATO-KOICHI-2-pag.369.jpg 800w\" sizes=\"auto, (max-width: 722px) 100vw, 722px\" \/><\/figure>\n<\/figure>\n","protected":false},"excerpt":{"rendered":"<p><span class=\"span-reading-time rt-reading-time\" style=\"display: block;\"><span class=\"rt-label rt-prefix\">\u23f0 lettura <\/span> <span class=\"rt-time\"> 2<\/span> <span class=\"rt-label rt-postfix\">min. <\/p>\n<p><\/span><\/span>Presentazione all&#8217;ADI Design Museum a Milano &#8220;I manifesti sono una via dell\u2019arte con cui la societ\u00e0 giapponese si esprime da alcuni secoli con intensit\u00e0 e maestria pi\u00f9 di ogni altra nel nostro mondo moderno e contemporaneo. Oltre che per la loro bellezza \u00e8 anche per questo motivo storico e sociale che presi a occuparmene oltre&hellip;&nbsp;<a href=\"https:\/\/www.biancoscuro.it\/site\/larte-del-manifesto-giapponese-presentazione-alladi-design-museum\/\" rel=\"bookmark\">Leggi tutto &raquo;<span class=\"screen-reader-text\">L&#8217;arte del manifesto giapponese<\/span><\/a><\/p>\n","protected":false},"author":917,"featured_media":13409,"comment_status":"closed","ping_status":"closed","sticky":false,"template":"","format":"standard","meta":{"neve_meta_sidebar":"","neve_meta_container":"","neve_meta_enable_content_width":"","neve_meta_content_width":0,"neve_meta_title_alignment":"","neve_meta_author_avatar":"","neve_post_elements_order":"","neve_meta_disable_header":"","neve_meta_disable_footer":"","neve_meta_disable_title":"","advanced_seo_description":"","jetpack_seo_html_title":"","jetpack_seo_noindex":false,"footnotes":""},"categories":[5],"tags":[],"class_list":["post-13402","post","type-post","status-publish","format-standard","has-post-thumbnail","hentry","category-arte"],"jetpack_featured_media_url":"https:\/\/www.biancoscuro.it\/site\/wp-content\/uploads\/2022\/05\/Arte-del-manifesto-giapponese.jpg","jetpack_sharing_enabled":true,"jetpack-related-posts":[{"id":4065,"url":"https:\/\/www.biancoscuro.it\/site\/murakami-milano-questestate-alla-galleria-deodato\/","url_meta":{"origin":13402,"position":0},"title":"Murakami a Milano &#8220;un Otaku Superdeep&#8221; quest&#8217;estate alla galleria Deodato","author":"Redazione BIANCOSCURO","date":"14 Giugno 2016","format":false,"excerpt":"Takashi Murakami\u00a0in mostra alla galleria Deodato Arte di Milano Estate POP ART alla galleria Deodato Arte di Milano. Dopo la mostra Japan Pop\u00a0dello scorso marzo, \u00e8 il momento ora di\u00a0\u00a0\u201cTAKASHI MURAKAMI: un Otaku Superdeep\u201d, a cura di Christian Gancitano, visitabile dal 29 giugno al 30 settembre presso la sede di\u2026","rel":"","context":"In &quot;arte&quot;","block_context":{"text":"arte","link":"https:\/\/www.biancoscuro.it\/site\/category\/arte\/"},"img":{"alt_text":"","src":"https:\/\/i0.wp.com\/www.biancoscuro.it\/site\/wp-content\/uploads\/2016\/06\/me-and-mr-dob.jpg?resize=350%2C200&ssl=1","width":350,"height":200,"srcset":"https:\/\/i0.wp.com\/www.biancoscuro.it\/site\/wp-content\/uploads\/2016\/06\/me-and-mr-dob.jpg?resize=350%2C200&ssl=1 1x, https:\/\/i0.wp.com\/www.biancoscuro.it\/site\/wp-content\/uploads\/2016\/06\/me-and-mr-dob.jpg?resize=525%2C300&ssl=1 1.5x, https:\/\/i0.wp.com\/www.biancoscuro.it\/site\/wp-content\/uploads\/2016\/06\/me-and-mr-dob.jpg?resize=700%2C400&ssl=1 2x"},"classes":[]},{"id":2431,"url":"https:\/\/www.biancoscuro.it\/site\/la-neopop-nipponica-a-pavia-al-castello-visconteo\/","url_meta":{"origin":13402,"position":1},"title":"La NeoPop nipponica a Pavia al Castello Visconteo","author":"Redazione BIANCOSCURO","date":"3 Aprile 2015","format":false,"excerpt":"La NeoPop nipponica a Pavia fino al 12 aprile a Pavia\u00a0Takashi Murakami e il suo caratteristico stile Superflat Il Castello Visconteo di Pavia ha aperto le porte all\u2019Arte Contemporanea giapponese, mettendo in mostra le opere nipponiche provenienti da diverse collezioni private internazionali. Tra gli 8 artisti selezionati per questa nuova\u2026","rel":"","context":"In &quot;grafica&quot;","block_context":{"text":"grafica","link":"https:\/\/www.biancoscuro.it\/site\/category\/grafica\/"},"img":{"alt_text":"","src":"https:\/\/i0.wp.com\/www.biancoscuro.it\/site\/wp-content\/uploads\/2015\/04\/AND-THEN-Rainbow.jpg?resize=350%2C200&ssl=1","width":350,"height":200,"srcset":"https:\/\/i0.wp.com\/www.biancoscuro.it\/site\/wp-content\/uploads\/2015\/04\/AND-THEN-Rainbow.jpg?resize=350%2C200&ssl=1 1x, https:\/\/i0.wp.com\/www.biancoscuro.it\/site\/wp-content\/uploads\/2015\/04\/AND-THEN-Rainbow.jpg?resize=525%2C300&ssl=1 1.5x"},"classes":[]},{"id":10116,"url":"https:\/\/www.biancoscuro.it\/site\/hokusai-hiroshige-utamaro\/","url_meta":{"origin":13402,"position":2},"title":"Hokusai Hiroshige Utamaro","author":"Redazione BIANCOSCURO","date":"12 Dicembre 2019","format":false,"excerpt":"I loro capolavori a Pavia Hokusai Katsushika - La [grande] onda al largo presso la costa di Kanagawa - da Le 36 Vedute del Monte Fuji XXI secolo, xilografia policroma tradizionale su carta da gelso, 264x386 mm. Le Scuderie del Castello Visconteo di Pavia ospitano una mostra che pone a\u2026","rel":"","context":"In &quot;arte&quot;","block_context":{"text":"arte","link":"https:\/\/www.biancoscuro.it\/site\/category\/arte\/"},"img":{"alt_text":"","src":"https:\/\/i0.wp.com\/www.biancoscuro.it\/site\/wp-content\/uploads\/2019\/12\/Hokusai-Katsushika-Il-villaggio-di-Sekiya-sul-fiume-Sumida-numero-32-dalla-Serie-Le-36-Vedute-del-Monte-Fuji-Xilografia-policroma-su-carta-da-gelso-%E2%80%93-nishiki-e-1829-1833-ca.-250-x-376-mm.jpg?resize=350%2C200&ssl=1","width":350,"height":200,"srcset":"https:\/\/i0.wp.com\/www.biancoscuro.it\/site\/wp-content\/uploads\/2019\/12\/Hokusai-Katsushika-Il-villaggio-di-Sekiya-sul-fiume-Sumida-numero-32-dalla-Serie-Le-36-Vedute-del-Monte-Fuji-Xilografia-policroma-su-carta-da-gelso-%E2%80%93-nishiki-e-1829-1833-ca.-250-x-376-mm.jpg?resize=350%2C200&ssl=1 1x, https:\/\/i0.wp.com\/www.biancoscuro.it\/site\/wp-content\/uploads\/2019\/12\/Hokusai-Katsushika-Il-villaggio-di-Sekiya-sul-fiume-Sumida-numero-32-dalla-Serie-Le-36-Vedute-del-Monte-Fuji-Xilografia-policroma-su-carta-da-gelso-%E2%80%93-nishiki-e-1829-1833-ca.-250-x-376-mm.jpg?resize=525%2C300&ssl=1 1.5x, https:\/\/i0.wp.com\/www.biancoscuro.it\/site\/wp-content\/uploads\/2019\/12\/Hokusai-Katsushika-Il-villaggio-di-Sekiya-sul-fiume-Sumida-numero-32-dalla-Serie-Le-36-Vedute-del-Monte-Fuji-Xilografia-policroma-su-carta-da-gelso-%E2%80%93-nishiki-e-1829-1833-ca.-250-x-376-mm.jpg?resize=700%2C400&ssl=1 2x"},"classes":[]},{"id":3570,"url":"https:\/\/www.biancoscuro.it\/site\/japan-pop-edopop-e-nipposuggestioni\/","url_meta":{"origin":13402,"position":3},"title":"Japan Pop &#8211; EdoPop e Nipposuggestioni","author":"Redazione BIANCOSCURO","date":"24 Febbraio 2016","format":false,"excerpt":"Deodato\u00a0Arte:\u00a0il Giappone \u00e8 di scena con l'esposizione \u201cJapan Pop \u2013 EdoPop e nipposuggestioni\u201d Tomoko Nagao, Hiroyuki Takahashi, Hikari Shimoda e Hitomi Maehashi in mostra a Milano dal 10 al 31 marzo 2016. Dopo il successo di pubblico e di critica riscontrato alla serata \"Japan Pop Art Preview\", gli artisti Tomoko\u2026","rel":"","context":"In &quot;arte&quot;","block_context":{"text":"arte","link":"https:\/\/www.biancoscuro.it\/site\/category\/arte\/"},"img":{"alt_text":"","src":"https:\/\/i0.wp.com\/www.biancoscuro.it\/site\/wp-content\/uploads\/2016\/02\/TOMOKO-NAGAO-Botticelli-The-Birth-of-Venus-with-baci-esselunga-barilla-PSP-and-easy-jet-2012-Digital-Art-50-x-70-cm-70-x-100-cm.jpg?resize=350%2C200&ssl=1","width":350,"height":200,"srcset":"https:\/\/i0.wp.com\/www.biancoscuro.it\/site\/wp-content\/uploads\/2016\/02\/TOMOKO-NAGAO-Botticelli-The-Birth-of-Venus-with-baci-esselunga-barilla-PSP-and-easy-jet-2012-Digital-Art-50-x-70-cm-70-x-100-cm.jpg?resize=350%2C200&ssl=1 1x, https:\/\/i0.wp.com\/www.biancoscuro.it\/site\/wp-content\/uploads\/2016\/02\/TOMOKO-NAGAO-Botticelli-The-Birth-of-Venus-with-baci-esselunga-barilla-PSP-and-easy-jet-2012-Digital-Art-50-x-70-cm-70-x-100-cm.jpg?resize=525%2C300&ssl=1 1.5x, https:\/\/i0.wp.com\/www.biancoscuro.it\/site\/wp-content\/uploads\/2016\/02\/TOMOKO-NAGAO-Botticelli-The-Birth-of-Venus-with-baci-esselunga-barilla-PSP-and-easy-jet-2012-Digital-Art-50-x-70-cm-70-x-100-cm.jpg?resize=700%2C400&ssl=1 2x, https:\/\/i0.wp.com\/www.biancoscuro.it\/site\/wp-content\/uploads\/2016\/02\/TOMOKO-NAGAO-Botticelli-The-Birth-of-Venus-with-baci-esselunga-barilla-PSP-and-easy-jet-2012-Digital-Art-50-x-70-cm-70-x-100-cm.jpg?resize=1050%2C600&ssl=1 3x, https:\/\/i0.wp.com\/www.biancoscuro.it\/site\/wp-content\/uploads\/2016\/02\/TOMOKO-NAGAO-Botticelli-The-Birth-of-Venus-with-baci-esselunga-barilla-PSP-and-easy-jet-2012-Digital-Art-50-x-70-cm-70-x-100-cm.jpg?resize=1400%2C800&ssl=1 4x"},"classes":[]},{"id":11685,"url":"https:\/\/www.biancoscuro.it\/site\/open-call-per-artisti-e-designer-la-forma-del-vino\/","url_meta":{"origin":13402,"position":4},"title":"La Forma del Vino","author":"Beatrice","date":"23 Aprile 2021","format":false,"excerpt":"Associazione Contemporanea e IRVIT Istituto Regionale per le Ville Tuscolane, con il Patrocinio di ADI Associazione per il Disegno Industriale, MIC Museo Internazionale delle Ceramiche in Faenza e AiCC Associazione Italiana Citt\u00e0 della Ceramica, lanciano una Open Call nazionale, che terminer\u00e0 il prossimo 16 di luglio con la\u00a0 chiusura delle\u2026","rel":"","context":"In &quot;arte&quot;","block_context":{"text":"arte","link":"https:\/\/www.biancoscuro.it\/site\/category\/arte\/"},"img":{"alt_text":"","src":"https:\/\/i0.wp.com\/www.biancoscuro.it\/site\/wp-content\/uploads\/2021\/04\/img-la-forma-del-vino.jpg?resize=350%2C200&ssl=1","width":350,"height":200,"srcset":"https:\/\/i0.wp.com\/www.biancoscuro.it\/site\/wp-content\/uploads\/2021\/04\/img-la-forma-del-vino.jpg?resize=350%2C200&ssl=1 1x, https:\/\/i0.wp.com\/www.biancoscuro.it\/site\/wp-content\/uploads\/2021\/04\/img-la-forma-del-vino.jpg?resize=525%2C300&ssl=1 1.5x, https:\/\/i0.wp.com\/www.biancoscuro.it\/site\/wp-content\/uploads\/2021\/04\/img-la-forma-del-vino.jpg?resize=700%2C400&ssl=1 2x"},"classes":[]},{"id":6020,"url":"https:\/\/www.biancoscuro.it\/site\/shepard-fairey-aka-obey-ltd-editions\/","url_meta":{"origin":13402,"position":5},"title":"Shepard Fairey aka OBEY. Ltd. Editions","author":"Roberta Melasecca","date":"2 Ottobre 2017","format":false,"excerpt":"\u00a0 Shepard Fairey aka OBEY. Ltd. Editions A cura di Tiziana Cino 7 ottobre 2017 ore 18.00 | Rosso20sette arte contemporanea | Roma Fino all\u201911 novembre 2017 Rosso20sette Contemporanea presenta Shepard Fairey aka OBEY, considerato uno dei pi\u00f9 noti e influenti street artist contemporanei. La sua fama raggiunge l\u2019apice nel\u2026","rel":"","context":"In &quot;arte&quot;","block_context":{"text":"arte","link":"https:\/\/www.biancoscuro.it\/site\/category\/arte\/"},"img":{"alt_text":"","src":"https:\/\/i0.wp.com\/www.biancoscuro.it\/site\/wp-content\/uploads\/2017\/10\/obey-web-1.jpeg?resize=350%2C200&ssl=1","width":350,"height":200,"srcset":"https:\/\/i0.wp.com\/www.biancoscuro.it\/site\/wp-content\/uploads\/2017\/10\/obey-web-1.jpeg?resize=350%2C200&ssl=1 1x, https:\/\/i0.wp.com\/www.biancoscuro.it\/site\/wp-content\/uploads\/2017\/10\/obey-web-1.jpeg?resize=525%2C300&ssl=1 1.5x"},"classes":[]}],"_links":{"self":[{"href":"https:\/\/www.biancoscuro.it\/site\/wp-json\/wp\/v2\/posts\/13402","targetHints":{"allow":["GET"]}}],"collection":[{"href":"https:\/\/www.biancoscuro.it\/site\/wp-json\/wp\/v2\/posts"}],"about":[{"href":"https:\/\/www.biancoscuro.it\/site\/wp-json\/wp\/v2\/types\/post"}],"author":[{"embeddable":true,"href":"https:\/\/www.biancoscuro.it\/site\/wp-json\/wp\/v2\/users\/917"}],"replies":[{"embeddable":true,"href":"https:\/\/www.biancoscuro.it\/site\/wp-json\/wp\/v2\/comments?post=13402"}],"version-history":[{"count":0,"href":"https:\/\/www.biancoscuro.it\/site\/wp-json\/wp\/v2\/posts\/13402\/revisions"}],"wp:featuredmedia":[{"embeddable":true,"href":"https:\/\/www.biancoscuro.it\/site\/wp-json\/wp\/v2\/media\/13409"}],"wp:attachment":[{"href":"https:\/\/www.biancoscuro.it\/site\/wp-json\/wp\/v2\/media?parent=13402"}],"wp:term":[{"taxonomy":"category","embeddable":true,"href":"https:\/\/www.biancoscuro.it\/site\/wp-json\/wp\/v2\/categories?post=13402"},{"taxonomy":"post_tag","embeddable":true,"href":"https:\/\/www.biancoscuro.it\/site\/wp-json\/wp\/v2\/tags?post=13402"}],"curies":[{"name":"wp","href":"https:\/\/api.w.org\/{rel}","templated":true}]}}