{"id":13998,"date":"2022-09-02T12:21:00","date_gmt":"2022-09-02T10:21:00","guid":{"rendered":"https:\/\/www.biancoscuro.it\/site\/?p=13998"},"modified":"2022-09-06T11:56:10","modified_gmt":"2022-09-06T09:56:10","slug":"andy-warhol-torna-a-milano-in-una-grande-mostra-alla-fabbrica-del-vapore","status":"publish","type":"post","link":"https:\/\/www.biancoscuro.it\/site\/andy-warhol-torna-a-milano-in-una-grande-mostra-alla-fabbrica-del-vapore\/","title":{"rendered":"Andy Warhol a Milano"},"content":{"rendered":"<span class=\"span-reading-time rt-reading-time\" style=\"display: block;\"><span class=\"rt-label rt-prefix\">\u23f0 lettura <\/span> <span class=\"rt-time\"> 3<\/span> <span class=\"rt-label rt-postfix\">min. <br><br><\/span><\/span>\n<div style=\"height:31px\" aria-hidden=\"true\" class=\"wp-block-spacer\"><\/div>\n\n\n\n<h2 class=\"wp-block-heading\">Warhol torna a Milano in una grande mostra alla Fabbrica del Vapore<\/h2>\n\n\n\n<p><strong>Dopo oltre 10 anni Andy Warhol torna in mostra a Milano, dal 22 ottobre al 26 marzo negli spazi della Fabbrica del Vapore. <\/strong>Con oltre&nbsp;<strong>trecento opere divise in sette aree tematiche e tredici sezioni<\/strong>&nbsp;&#8211; dagli inizi negli anni Cinquanta come illustratore commerciale sino all\u2019ultimo decennio di attivit\u00e0 negli anni Ottanta connotato dal rapporto con il sacro &#8211;&nbsp; la spettacolare mostra&nbsp;<strong><em>Andy Warhol. La pubblicit\u00e0 della Forma<\/em><\/strong>&nbsp;\u00e8 promossa e prodotta da&nbsp;<strong>Comune<\/strong>&nbsp;<strong>di Milano \u2013 Cultura&nbsp;<\/strong>e<strong>&nbsp;Navigare<\/strong>, curata da&nbsp;<strong>Achille Bonito Oliva<\/strong>&nbsp;con&nbsp;<strong>Edoardo Falcioni<\/strong>&nbsp;per&nbsp;<strong>Art Motors<\/strong>, Partner&nbsp;<strong>BMW<\/strong>. Un viaggio nell\u2019universo artistico e umano di uno degli artisti che hanno maggiormente innovato la storia dell\u2019arte mondiale.<\/p>\n\n\n\n<p>Responsabile di Art Motors oltre che tra i principali prestatori \u00e8&nbsp;<strong>Eugenio Falcioni<\/strong>, tra i massimi esperti di Andy Wahrol. Dopo il successo della Mostra di Roma nel 2018 al Complesso del Vittoriano oggi Falcioni vuole omaggiare la sua citt\u00e0 adottiva Milano con una esposizione&nbsp;<strong>con pi\u00f9 di 200 opere uniche sulle 300 esposte<\/strong>. La maggior parte di provenienza dell\u2019Estate Andy Warhol, due di Keith Haring e di altre prestigiose collezioni private. \u201cDai disegni degli anni 50 alle icone Liz, Jackie, Marilyn, Mao, Flowers, Mick Jagger ai ritratti ed ai suoi progetti personali come il fashion \u2013 dichiara&nbsp;<strong>Falcioni<\/strong>&nbsp;\u2013 sono presenti tele, carte, sete, &nbsp;latte con le famose ed uniche Polaroid, per arrivare &nbsp;agli acetati unici che fanno parte della seconda fase del suo lavoro altrettanto importante\u201d.<\/p>\n\n\n\n<p>La mostra milanese vuole documentare questo avvincente percorso: dagli oggetti simboli del consumismo di massa, ai ritratti dello&nbsp;<em>star system<\/em>&nbsp;degli anni \u201960; dalla serie&nbsp;<em>Ladies &amp; Gentlemen<\/em>&nbsp;degli anni \u201970 dedicata alle&nbsp;<em>drag queen<\/em>, i travestiti, simbolo di emarginazione per eccellenza e considerati alla pari di star come Marilyn, sino agli anni \u201980 in cui diviene predominante il rapporto col sacro: cattolico praticante, ne era stato in realt\u00e0 pervaso per tutta la vita.<\/p>\n\n\n\n<p><strong>Esposte 200 opere uniche come serigrafie su seta, cotone, carta,&nbsp;oltre a disegni, fotografie, dischi originali, T-shirt, il computer Commodore Amiga 1000 con le sue illustrazioni digitali, geniali antesignane degli NFT; la ricostruzione fedele della prima Factory e una parte multimediale con proiezioni di film da vedere con gli occhialini tridimensionali.<\/strong><\/p>\n\n\n\n<p>Per la prima volta, grazie a BMW Italia, verr\u00e0 esposta&nbsp;<strong>l\u2019Art Car<\/strong>&nbsp;pi\u00f9 importante del mondo la&nbsp;<strong>BMW M1 dipinta a mano da Andy Warhol<\/strong>, con tanto di filmato in HD della performance in cui venne realizzata.<\/p>\n\n\n\n<p>Andy Warhol muore nel 1987. Le sue icone, i suoi personaggi, i suoi soggetti sono riprodotti ovunque, in tutto il mondo, su vestiti, matite, poster, piatti, zaini. Ha anticipato i social network e la globalizzazione degli anni Duemila, ha cambiato per sempre la storia dell\u2019arte, \u00e8 ancora attualissimo e amato da un pubblico trasversale.&nbsp;&nbsp;<\/p>\n\n\n\n<p>La mostra rappresenta una occasione imperdibile per godere della sua arte unica, coraggiosa, innovativa e traboccante di idee.<\/p>\n\n\n\n<figure class=\"wp-block-gallery has-nested-images columns-default is-cropped wp-block-gallery-1 is-layout-flex wp-block-gallery-is-layout-flex\">\n<figure class=\"wp-block-image size-large\"><img loading=\"lazy\" decoding=\"async\" width=\"855\" height=\"1000\" data-id=\"13999\" src=\"https:\/\/www.biancoscuro.it\/site\/wp-content\/uploads\/2022\/09\/69-Self-Portrait-Fright-Wig-ca.1986.jpg\" alt=\"\" class=\"wp-image-13999\" srcset=\"https:\/\/www.biancoscuro.it\/site\/wp-content\/uploads\/2022\/09\/69-Self-Portrait-Fright-Wig-ca.1986.jpg 855w, https:\/\/www.biancoscuro.it\/site\/wp-content\/uploads\/2022\/09\/69-Self-Portrait-Fright-Wig-ca.1986-257x300.jpg 257w, https:\/\/www.biancoscuro.it\/site\/wp-content\/uploads\/2022\/09\/69-Self-Portrait-Fright-Wig-ca.1986-768x898.jpg 768w, https:\/\/www.biancoscuro.it\/site\/wp-content\/uploads\/2022\/09\/69-Self-Portrait-Fright-Wig-ca.1986-600x702.jpg 600w\" sizes=\"auto, (max-width: 855px) 100vw, 855px\" \/><figcaption><br \/><br \/><em>Self-Portrait (Fright Wig)<\/em>, ca. 1986, Acetato fotografico, <br \/>91.4 x 77.5 cm, Collezione Privata<\/figcaption><\/figure>\n\n\n\n<figure class=\"wp-block-image size-large\"><img loading=\"lazy\" decoding=\"async\" width=\"900\" height=\"904\" data-id=\"14001\" src=\"https:\/\/www.biancoscuro.it\/site\/wp-content\/uploads\/2022\/09\/3-Marilyn-1967-immagine-mostra.jpg\" alt=\"\" class=\"wp-image-14001\" srcset=\"https:\/\/www.biancoscuro.it\/site\/wp-content\/uploads\/2022\/09\/3-Marilyn-1967-immagine-mostra.jpg 900w, https:\/\/www.biancoscuro.it\/site\/wp-content\/uploads\/2022\/09\/3-Marilyn-1967-immagine-mostra-300x300.jpg 300w, https:\/\/www.biancoscuro.it\/site\/wp-content\/uploads\/2022\/09\/3-Marilyn-1967-immagine-mostra-150x150.jpg 150w, https:\/\/www.biancoscuro.it\/site\/wp-content\/uploads\/2022\/09\/3-Marilyn-1967-immagine-mostra-768x771.jpg 768w, https:\/\/www.biancoscuro.it\/site\/wp-content\/uploads\/2022\/09\/3-Marilyn-1967-immagine-mostra-600x603.jpg 600w\" sizes=\"auto, (max-width: 900px) 100vw, 900px\" \/><figcaption><br \/><br \/>Marilyn, 1967,<br \/> Serigrafia su carta, 189 \/ 250, 91.4 x 91.4 cm, Collezione Eugenio Falcioni <\/figcaption><\/figure>\n\n\n\n<figure class=\"wp-block-image size-large\"><img loading=\"lazy\" decoding=\"async\" width=\"768\" height=\"1024\" data-id=\"14002\" src=\"https:\/\/www.biancoscuro.it\/site\/wp-content\/uploads\/2022\/09\/58-Souper-Dress-1963-768x1024.jpg\" alt=\"\" class=\"wp-image-14002\" srcset=\"https:\/\/www.biancoscuro.it\/site\/wp-content\/uploads\/2022\/09\/58-Souper-Dress-1963-768x1023.jpg 768w, https:\/\/www.biancoscuro.it\/site\/wp-content\/uploads\/2022\/09\/58-Souper-Dress-1963-225x300.jpg 225w, https:\/\/www.biancoscuro.it\/site\/wp-content\/uploads\/2022\/09\/58-Souper-Dress-1963-600x800.jpg 600w, https:\/\/www.biancoscuro.it\/site\/wp-content\/uploads\/2022\/09\/58-Souper-Dress-1963.jpg 800w\" sizes=\"auto, (max-width: 768px) 100vw, 768px\" \/><figcaption><br \/><br \/><em>Souper Dress<\/em>, 1963, <br \/>Serigrafia su cellulosa, Collezione Privata<\/figcaption><\/figure>\n\n\n\n<figure class=\"wp-block-image size-large\"><img loading=\"lazy\" decoding=\"async\" width=\"850\" height=\"850\" data-id=\"14000\" src=\"https:\/\/www.biancoscuro.it\/site\/wp-content\/uploads\/2022\/09\/33-Querelle-1982.jpg\" alt=\"\" class=\"wp-image-14000\" srcset=\"https:\/\/www.biancoscuro.it\/site\/wp-content\/uploads\/2022\/09\/33-Querelle-1982.jpg 850w, https:\/\/www.biancoscuro.it\/site\/wp-content\/uploads\/2022\/09\/33-Querelle-1982-300x300.jpg 300w, https:\/\/www.biancoscuro.it\/site\/wp-content\/uploads\/2022\/09\/33-Querelle-1982-150x150.jpg 150w, https:\/\/www.biancoscuro.it\/site\/wp-content\/uploads\/2022\/09\/33-Querelle-1982-768x768.jpg 768w, https:\/\/www.biancoscuro.it\/site\/wp-content\/uploads\/2022\/09\/33-Querelle-1982-600x600.jpg 600w, https:\/\/www.biancoscuro.it\/site\/wp-content\/uploads\/2022\/09\/33-Querelle-1982-800x800.jpg 800w\" sizes=\"auto, (max-width: 850px) 100vw, 850px\" \/><figcaption><br \/><br \/><em>Querelle<\/em>, 1982, <br \/>Serigrafia su carta, Unique, 100 x 100 cm, Collezione Privata<\/figcaption><\/figure>\n<\/figure>\n\n\n\n<p><\/p>\n","protected":false},"excerpt":{"rendered":"<p><span class=\"span-reading-time rt-reading-time\" style=\"display: block;\"><span class=\"rt-label rt-prefix\">\u23f0 lettura <\/span> <span class=\"rt-time\"> 3<\/span> <span class=\"rt-label rt-postfix\">min. <\/p>\n<p><\/span><\/span>Warhol torna a Milano in una grande mostra alla Fabbrica del Vapore Dopo oltre 10 anni Andy Warhol torna in mostra a Milano, dal 22 ottobre al 26 marzo negli spazi della Fabbrica del Vapore. Con oltre&nbsp;trecento opere divise in sette aree tematiche e tredici sezioni&nbsp;&#8211; dagli inizi negli anni Cinquanta come illustratore commerciale sino&hellip;&nbsp;<a href=\"https:\/\/www.biancoscuro.it\/site\/andy-warhol-torna-a-milano-in-una-grande-mostra-alla-fabbrica-del-vapore\/\" rel=\"bookmark\">Leggi tutto &raquo;<span class=\"screen-reader-text\">Andy Warhol a Milano<\/span><\/a><\/p>\n","protected":false},"author":917,"featured_media":13999,"comment_status":"closed","ping_status":"closed","sticky":false,"template":"","format":"standard","meta":{"neve_meta_sidebar":"","neve_meta_container":"","neve_meta_enable_content_width":"","neve_meta_content_width":0,"neve_meta_title_alignment":"","neve_meta_author_avatar":"","neve_post_elements_order":"","neve_meta_disable_header":"","neve_meta_disable_footer":"","neve_meta_disable_title":"","advanced_seo_description":"","jetpack_seo_html_title":"","jetpack_seo_noindex":false,"footnotes":""},"categories":[5],"tags":[],"class_list":["post-13998","post","type-post","status-publish","format-standard","has-post-thumbnail","hentry","category-arte"],"jetpack_featured_media_url":"https:\/\/www.biancoscuro.it\/site\/wp-content\/uploads\/2022\/09\/69-Self-Portrait-Fright-Wig-ca.1986.jpg","jetpack_sharing_enabled":true,"jetpack-related-posts":[{"id":15552,"url":"https:\/\/www.biancoscuro.it\/site\/prorogata-al-10-aprile-la-grande-mostra-su-andy-warhol-a-milano-oltre-60-000-i-visitatori\/","url_meta":{"origin":13998,"position":0},"title":"Prorogata al 10 aprile la grande mostra su Andy Warhol a Milano","author":"Chiara","date":"27 Febbraio 2023","format":false,"excerpt":"Oltre 60.000 i visitatori Con oltre\u00a0trecento opere divise in sette aree tematiche e tredici sezioni\u00a0la spettacolare mostra\u00a0Andy Warhol. La pubblicit\u00e0 della forma, in corso dal 22 ottobre 2022 a\u00a0Milano\u00a0alla\u00a0Fabbrica del Vapore, promossa e prodotta da\u00a0Comune\u00a0di Milano\u2013Cultura\u00a0e\u00a0Navigare, curata da\u00a0Achille Bonito Oliva\u00a0con\u00a0Edoardo Falcioni\u00a0per\u00a0Art Motors, Partner\u00a0BMW\u00a0eHublot, \u00e8 uno straordinario viaggio nell\u2019universo artistico e\u2026","rel":"","context":"In &quot;arte&quot;","block_context":{"text":"arte","link":"https:\/\/www.biancoscuro.it\/site\/category\/arte\/"},"img":{"alt_text":"","src":"https:\/\/i0.wp.com\/www.biancoscuro.it\/site\/wp-content\/uploads\/2023\/03\/WARHOL-Bonito-Oliva-e-Marilyn-nera.jpg?resize=350%2C200&ssl=1","width":350,"height":200,"srcset":"https:\/\/i0.wp.com\/www.biancoscuro.it\/site\/wp-content\/uploads\/2023\/03\/WARHOL-Bonito-Oliva-e-Marilyn-nera.jpg?resize=350%2C200&ssl=1 1x, https:\/\/i0.wp.com\/www.biancoscuro.it\/site\/wp-content\/uploads\/2023\/03\/WARHOL-Bonito-Oliva-e-Marilyn-nera.jpg?resize=525%2C300&ssl=1 1.5x, https:\/\/i0.wp.com\/www.biancoscuro.it\/site\/wp-content\/uploads\/2023\/03\/WARHOL-Bonito-Oliva-e-Marilyn-nera.jpg?resize=700%2C400&ssl=1 2x"},"classes":[]},{"id":14926,"url":"https:\/\/www.biancoscuro.it\/site\/andy-warhol-la-pubblicita-della-forma\/","url_meta":{"origin":13998,"position":1},"title":"Andy Warhol. La Pubblicit\u00e0 della forma","author":"Chiara","date":"16 Novembre 2022","format":false,"excerpt":"Una grande monografica alla Fabbrica del Vapore a Milano Con oltre 300 opere, per la maggior parte opere uniche, la grande mostra Andy Warhol La Pubblicit\u00e0 della forma che il 22 ottobre si \u00e8 aperta alla Fabbrica del Vapore a Milano \u00e8 un vero e proprio viaggio nell\u2019universo artistico e\u2026","rel":"","context":"In &quot;arte&quot;","block_context":{"text":"arte","link":"https:\/\/www.biancoscuro.it\/site\/category\/arte\/"},"img":{"alt_text":"","src":"https:\/\/i0.wp.com\/www.biancoscuro.it\/site\/wp-content\/uploads\/2022\/11\/WARHOL-Autoritratto.jpg?resize=350%2C200&ssl=1","width":350,"height":200,"srcset":"https:\/\/i0.wp.com\/www.biancoscuro.it\/site\/wp-content\/uploads\/2022\/11\/WARHOL-Autoritratto.jpg?resize=350%2C200&ssl=1 1x, https:\/\/i0.wp.com\/www.biancoscuro.it\/site\/wp-content\/uploads\/2022\/11\/WARHOL-Autoritratto.jpg?resize=525%2C300&ssl=1 1.5x, https:\/\/i0.wp.com\/www.biancoscuro.it\/site\/wp-content\/uploads\/2022\/11\/WARHOL-Autoritratto.jpg?resize=700%2C400&ssl=1 2x"},"classes":[]},{"id":737,"url":"https:\/\/www.biancoscuro.it\/site\/andy-warhol-luomo-che-mori-due-volte-la-collezione-di-peter-brant-a-palazzo-reale\/","url_meta":{"origin":13998,"position":2},"title":"Andy Warhol. L\u2019uomo che mor\u00ec due volte. La collezione di Peter Brant a Palazzo Reale.","author":"Redazione BIANCOSCURO","date":"10 Febbraio 2014","format":false,"excerpt":"Ritornano a Milano le opere del padre della Pop Art americana:\u00a0Andy Warhol.\u00a0Warhol nacque in Pennsylvania il 6 agosto del 1928 da genitori immigrati dalla Slovacchia; da subito dimostr\u00f2 doti artistiche notevoli e studi\u00f2 arte pubblicitaria prima di trasferirsi a New York ed affermarsi come\u00a0grafico pubblicitario.\u00a0Nel 1952 la sua prima personale\u2026","rel":"","context":"In &quot;arte&quot;","block_context":{"text":"arte","link":"https:\/\/www.biancoscuro.it\/site\/category\/arte\/"},"img":{"alt_text":"","src":"https:\/\/i0.wp.com\/www.biancoscuro.it\/site\/wp-content\/uploads\/2014\/02\/Andy-Warhol-Blue-Shot-Marilyn-19641.jpg?resize=350%2C200&ssl=1","width":350,"height":200},"classes":[]},{"id":4421,"url":"https:\/\/www.biancoscuro.it\/site\/andy-warhol-inedito-le-prime-sperimentazioni-digitali-lamiga-1000\/","url_meta":{"origin":13998,"position":3},"title":"Andy Warhol inedito:  le prime sperimentazioni digitali con l&#8217;Amiga 1000","author":"Stefania Itolli","date":"20 Settembre 2016","format":false,"excerpt":"Dopo il successo riscontrato nell'autunno 2015 a Milano, le mostra \u201cAndy Warhol inedito: le prime sperimentazioni digitali con Amiga 1000\u201d, curata della galleria Deodato Arte, \u00e8 allestita dal MUSIL - Museo dell'industria e del lavoro di Rodengo Saiano (BS) fino al 30 ottobre. Dal 1\u00b0 ottobre, per ogni venerd\u00ec, sabato\u2026","rel":"","context":"In &quot;arte&quot;","block_context":{"text":"arte","link":"https:\/\/www.biancoscuro.it\/site\/category\/arte\/"},"img":{"alt_text":"","src":"https:\/\/i0.wp.com\/www.biancoscuro.it\/site\/wp-content\/uploads\/2016\/09\/Andy-Warhol-Autoritratto-1985-digital-art.jpg?resize=350%2C200&ssl=1","width":350,"height":200,"srcset":"https:\/\/i0.wp.com\/www.biancoscuro.it\/site\/wp-content\/uploads\/2016\/09\/Andy-Warhol-Autoritratto-1985-digital-art.jpg?resize=350%2C200&ssl=1 1x, https:\/\/i0.wp.com\/www.biancoscuro.it\/site\/wp-content\/uploads\/2016\/09\/Andy-Warhol-Autoritratto-1985-digital-art.jpg?resize=525%2C300&ssl=1 1.5x, https:\/\/i0.wp.com\/www.biancoscuro.it\/site\/wp-content\/uploads\/2016\/09\/Andy-Warhol-Autoritratto-1985-digital-art.jpg?resize=700%2C400&ssl=1 2x"},"classes":[]},{"id":2361,"url":"https:\/\/www.biancoscuro.it\/site\/andy-warhol-sul-como-opere-della-collezione-rosetta-barabino\/","url_meta":{"origin":13998,"position":4},"title":"Andy Warhol sul com\u00f2. Opere della Collezione Rosetta Barabino","author":"Redazione BIANCOSCURO","date":"13 Marzo 2015","format":false,"excerpt":"ANDY WARHOL SUL COM\u00d2 Opere della Collezione Rosetta Barabino Genova, Museo di arte Contemporanea di Villa Croce 2 aprile 2015 \u2013 5 luglio 2015 Villa Croce ritorna a essere una dimora privata arredata con mobili di design per ospitare quasi cento opere da una straordinaria collezione genovese mai prima presentata\u2026","rel":"","context":"In &quot;arte&quot;","block_context":{"text":"arte","link":"https:\/\/www.biancoscuro.it\/site\/category\/arte\/"},"img":{"alt_text":"","src":"https:\/\/i0.wp.com\/www.biancoscuro.it\/site\/wp-content\/uploads\/2015\/03\/image003.jpg?resize=350%2C200&ssl=1","width":350,"height":200,"srcset":"https:\/\/i0.wp.com\/www.biancoscuro.it\/site\/wp-content\/uploads\/2015\/03\/image003.jpg?resize=350%2C200&ssl=1 1x, https:\/\/i0.wp.com\/www.biancoscuro.it\/site\/wp-content\/uploads\/2015\/03\/image003.jpg?resize=525%2C300&ssl=1 1.5x"},"classes":[]},{"id":5063,"url":"https:\/\/www.biancoscuro.it\/site\/andy-warhol-shadows-and-knives\/","url_meta":{"origin":13998,"position":5},"title":"Andy Warhol: Shadows and Knives","author":"Redazione BIANCOSCURO","date":"9 Marzo 2017","format":false,"excerpt":"CARDI GALLERY | LONDRA 2 marzo \u2013 30 giugno 2017, Londra Shadows and Knives, in mostra una serie di opere concepita dall\u2019artista nel 1978.\u00a0In quell'anno, all\u2019et\u00e0 di 50 anni, Andy Warhol intraprende la produzione di un corpo monumentale di lavori intitolato Shadows, con l\u2019aiuto del suo entourage della\u00a0Factory. Concepito come\u2026","rel":"","context":"In &quot;arte&quot;","block_context":{"text":"arte","link":"https:\/\/www.biancoscuro.it\/site\/category\/arte\/"},"img":{"alt_text":"","src":"https:\/\/i0.wp.com\/www.biancoscuro.it\/site\/wp-content\/uploads\/2017\/03\/cardi.jpg?resize=350%2C200&ssl=1","width":350,"height":200},"classes":[]}],"_links":{"self":[{"href":"https:\/\/www.biancoscuro.it\/site\/wp-json\/wp\/v2\/posts\/13998","targetHints":{"allow":["GET"]}}],"collection":[{"href":"https:\/\/www.biancoscuro.it\/site\/wp-json\/wp\/v2\/posts"}],"about":[{"href":"https:\/\/www.biancoscuro.it\/site\/wp-json\/wp\/v2\/types\/post"}],"author":[{"embeddable":true,"href":"https:\/\/www.biancoscuro.it\/site\/wp-json\/wp\/v2\/users\/917"}],"replies":[{"embeddable":true,"href":"https:\/\/www.biancoscuro.it\/site\/wp-json\/wp\/v2\/comments?post=13998"}],"version-history":[{"count":0,"href":"https:\/\/www.biancoscuro.it\/site\/wp-json\/wp\/v2\/posts\/13998\/revisions"}],"wp:featuredmedia":[{"embeddable":true,"href":"https:\/\/www.biancoscuro.it\/site\/wp-json\/wp\/v2\/media\/13999"}],"wp:attachment":[{"href":"https:\/\/www.biancoscuro.it\/site\/wp-json\/wp\/v2\/media?parent=13998"}],"wp:term":[{"taxonomy":"category","embeddable":true,"href":"https:\/\/www.biancoscuro.it\/site\/wp-json\/wp\/v2\/categories?post=13998"},{"taxonomy":"post_tag","embeddable":true,"href":"https:\/\/www.biancoscuro.it\/site\/wp-json\/wp\/v2\/tags?post=13998"}],"curies":[{"name":"wp","href":"https:\/\/api.w.org\/{rel}","templated":true}]}}