{"id":14057,"date":"2022-09-21T11:15:00","date_gmt":"2022-09-21T09:15:00","guid":{"rendered":"https:\/\/www.biancoscuro.it\/site\/?p=14057"},"modified":"2022-09-23T11:08:51","modified_gmt":"2022-09-23T09:08:51","slug":"legami","status":"publish","type":"post","link":"https:\/\/www.biancoscuro.it\/site\/legami\/","title":{"rendered":"Legami"},"content":{"rendered":"<span class=\"span-reading-time rt-reading-time\" style=\"display: block;\"><span class=\"rt-label rt-prefix\">\u23f0 lettura <\/span> <span class=\"rt-time\"> 2<\/span> <span class=\"rt-label rt-postfix\">min. <br><br><\/span><\/span>\n<figure class=\"wp-block-image size-full\"><img loading=\"lazy\" decoding=\"async\" width=\"999\" height=\"705\" src=\"https:\/\/www.biancoscuro.it\/site\/wp-content\/uploads\/2022\/09\/Beatrice-Grimm-_1low.jpg\" alt=\"LEGAMI - CHIASSO PERDUTO\" class=\"wp-image-14075\" srcset=\"https:\/\/www.biancoscuro.it\/site\/wp-content\/uploads\/2022\/09\/Beatrice-Grimm-_1low.jpg 999w, https:\/\/www.biancoscuro.it\/site\/wp-content\/uploads\/2022\/09\/Beatrice-Grimm-_1low-300x212.jpg 300w, https:\/\/www.biancoscuro.it\/site\/wp-content\/uploads\/2022\/09\/Beatrice-Grimm-_1low-768x542.jpg 768w, https:\/\/www.biancoscuro.it\/site\/wp-content\/uploads\/2022\/09\/Beatrice-Grimm-_1low-600x423.jpg 600w\" sizes=\"auto, (max-width: 999px) 100vw, 999px\" \/><\/figure>\n\n\n\n<p>Beatrice sta tornando a casa da molto tempo, ci propone un progetto che ha tante note autobiografiche, un viaggio che inizia a Firenze e prosegue in Germania. Durante tutta la sua carriera artistica lei conserva e colleziona memorie della citt\u00e0, studia dettagli delle grandi opere che spesso passano inosservati, frammenti che forse completano una parte della sua storia, del suo passato, che lei non conosce abbastanza. Le sue opere sono ricordi che lei conserva con intensit\u00e0 e ricuce sulla carta, c&#8217;\u00e8 di fatto un filo d&#8217;oro che sta tracciando la sua traversata dall&#8217;infanzia fino ad oggi.&nbsp;<\/p>\n\n\n\n<p>La casa \u00e8 un concetto astratto, talvolta pu\u00f2 significare&nbsp;un luogo, talvolta una persona, talvolta un legame. Firenze luogo dove lei nasce, bench\u00e9 non sia stato il luogo dove ha trascorso la maggior parte della sua vita, \u00e8 la sua casa emotiva. Questa mostra percorre rielaborazioni del suo legame con la citt\u00e0, oltre ad un percorso installativo che traccia con forza il suo presente, una scrittura che continua oltre le singole opere e scopre nelle forme dello spazio un modo di dissolvere nodi dell&#8217;oggi e dell&#8217;ieri. Opere delicate come sussurri ma forti al punto che sembrano familiari, come se fosse la citt\u00e0 stessa a parlarci. Con questa mostra lei torna a casa e ci consegna un po&#8217; del suo filo d&#8217;oro per farci partecipi della scrittura di una storia collettiva.&nbsp;<\/p>\n\n\n\n<p><em>A cura di Sandra Miranda Pattin &amp; Francesca Morozzi<\/em><\/p>\n\n\n\n<figure class=\"wp-block-image size-large\"><img loading=\"lazy\" decoding=\"async\" width=\"1024\" height=\"535\" src=\"https:\/\/www.biancoscuro.it\/site\/wp-content\/uploads\/2022\/09\/rotondi-due-low-1024x535.jpg\" alt=\"LEGAMI - CHIASSO PERDUTO\" class=\"wp-image-14074\" srcset=\"https:\/\/www.biancoscuro.it\/site\/wp-content\/uploads\/2022\/09\/rotondi-due-low-1024x535.jpg 1024w, https:\/\/www.biancoscuro.it\/site\/wp-content\/uploads\/2022\/09\/rotondi-due-low-300x157.jpg 300w, https:\/\/www.biancoscuro.it\/site\/wp-content\/uploads\/2022\/09\/rotondi-due-low-768x401.jpg 768w, https:\/\/www.biancoscuro.it\/site\/wp-content\/uploads\/2022\/09\/rotondi-due-low-600x314.jpg 600w, https:\/\/www.biancoscuro.it\/site\/wp-content\/uploads\/2022\/09\/rotondi-due-low.jpg 1280w\" sizes=\"auto, (max-width: 1024px) 100vw, 1024px\" \/><\/figure>\n\n\n\n<pre class=\"wp-block-preformatted\">Legami\ndi Beatrice Grimm\n\n<strong>Chiasso Perduto<\/strong>\nVia de\u2019 Coverelli 4R\n50125 Firenze\n\ndal 29 Settembre al 2 Ottobre\u00a0\n\nInaugurazione: Gioved\u00ec 29 Settembre 18:00\n\nVenerd\u00ec e Domenica dalle 14:30 alle 19:00\nSabato dalle 16:00 alle 19:00\nhttp:\/\/www.chiassoperduto.com<\/pre>\n","protected":false},"excerpt":{"rendered":"<p><span class=\"span-reading-time rt-reading-time\" style=\"display: block;\"><span class=\"rt-label rt-prefix\">\u23f0 lettura <\/span> <span class=\"rt-time\"> 2<\/span> <span class=\"rt-label rt-postfix\">min. <\/p>\n<p><\/span><\/span>Beatrice sta tornando a casa da molto tempo, ci propone un progetto che ha tante note autobiografiche, un viaggio che inizia a Firenze e prosegue in Germania. Durante tutta la sua carriera artistica lei conserva e colleziona memorie della citt\u00e0, studia dettagli delle grandi opere che spesso passano inosservati, frammenti che forse completano una parte&hellip;&nbsp;<a href=\"https:\/\/www.biancoscuro.it\/site\/legami\/\" rel=\"bookmark\">Leggi tutto &raquo;<span class=\"screen-reader-text\">Legami<\/span><\/a><\/p>\n","protected":false},"author":1067,"featured_media":14075,"comment_status":"open","ping_status":"closed","sticky":false,"template":"","format":"standard","meta":{"neve_meta_sidebar":"","neve_meta_container":"","neve_meta_enable_content_width":"","neve_meta_content_width":0,"neve_meta_title_alignment":"","neve_meta_author_avatar":"","neve_post_elements_order":"","neve_meta_disable_header":"","neve_meta_disable_footer":"","neve_meta_disable_title":"","advanced_seo_description":"","jetpack_seo_html_title":"","jetpack_seo_noindex":false,"footnotes":""},"categories":[5,26,334,24,676],"tags":[2238,2171,284,2191,2239,2174,2190],"class_list":["post-14057","post","type-post","status-publish","format-standard","has-post-thumbnail","hentry","category-arte","category-eventi","category-installazioni","category-mostre","category-performance","tag-beatrice-grimm","tag-chiasso-perduto","tag-firenze","tag-francesca-morozzi","tag-legami","tag-residenza-artistica","tag-sandra-miranda-pattin"],"jetpack_featured_media_url":"https:\/\/www.biancoscuro.it\/site\/wp-content\/uploads\/2022\/09\/Beatrice-Grimm-_1low.jpg","jetpack_sharing_enabled":true,"jetpack-related-posts":[{"id":14459,"url":"https:\/\/www.biancoscuro.it\/site\/enigma\/","url_meta":{"origin":14057,"position":0},"title":"ENIGMA","author":"Sandra Miranda Pattin","date":"23 Ottobre 2022","format":false,"excerpt":"Una mostra che si propone come un enigma, della nota artista, attrice e regista teatrale cilena, Rocio Monasterio in residenza artistica al Chiasso Perduto a Firenze, luogo di sperimentazione artistica","rel":"","context":"In &quot;arte&quot;","block_context":{"text":"arte","link":"https:\/\/www.biancoscuro.it\/site\/category\/arte\/"},"img":{"alt_text":"","src":"https:\/\/i0.wp.com\/www.biancoscuro.it\/site\/wp-content\/uploads\/2022\/10\/RocioMonasterio_enigma2.jpg?resize=350%2C200&ssl=1","width":350,"height":200,"srcset":"https:\/\/i0.wp.com\/www.biancoscuro.it\/site\/wp-content\/uploads\/2022\/10\/RocioMonasterio_enigma2.jpg?resize=350%2C200&ssl=1 1x, https:\/\/i0.wp.com\/www.biancoscuro.it\/site\/wp-content\/uploads\/2022\/10\/RocioMonasterio_enigma2.jpg?resize=525%2C300&ssl=1 1.5x, https:\/\/i0.wp.com\/www.biancoscuro.it\/site\/wp-content\/uploads\/2022\/10\/RocioMonasterio_enigma2.jpg?resize=700%2C400&ssl=1 2x"},"classes":[]},{"id":6998,"url":"https:\/\/www.biancoscuro.it\/site\/gianmaria-potenza-il-genio-veneziano-in-due-prestigiose-mostre-a-firenze\/","url_meta":{"origin":14057,"position":1},"title":"Gianmaria Potenza | Il genio veneziano in due prestigiose mostre a Firenze","author":"Vincenzo Chetta","date":"4 Aprile 2018","format":false,"excerpt":"Abbiamo gi\u00e0 dedicato, due anni fa, una copertina al Maestro veneziano, in occasione dei suoi ottant\u2019anni.\u00a0Ora la storica Accademia delle Arti del Disegno, la pi\u00f9 antica Accademia di belle arti del mondo, e Villa Finaly, sede dell\u2019Universit\u00e0 Sorbonne di Parigi celebrano il Maestro Potenza con due prestigiose mostre, dal 6\u2026","rel":"","context":"In &quot;arte&quot;","block_context":{"text":"arte","link":"https:\/\/www.biancoscuro.it\/site\/category\/arte\/"},"img":{"alt_text":"","src":"https:\/\/i0.wp.com\/www.biancoscuro.it\/site\/wp-content\/uploads\/2018\/04\/Il-Giglio-di-Francia_Lily-of-France-Incisione-a-mola-su-lastra-di-cristallo-industriale_Engraving-on-industrial-plate-glass-40x50-cm_-16x20-in-2018.jpg?resize=350%2C200&ssl=1","width":350,"height":200,"srcset":"https:\/\/i0.wp.com\/www.biancoscuro.it\/site\/wp-content\/uploads\/2018\/04\/Il-Giglio-di-Francia_Lily-of-France-Incisione-a-mola-su-lastra-di-cristallo-industriale_Engraving-on-industrial-plate-glass-40x50-cm_-16x20-in-2018.jpg?resize=350%2C200&ssl=1 1x, https:\/\/i0.wp.com\/www.biancoscuro.it\/site\/wp-content\/uploads\/2018\/04\/Il-Giglio-di-Francia_Lily-of-France-Incisione-a-mola-su-lastra-di-cristallo-industriale_Engraving-on-industrial-plate-glass-40x50-cm_-16x20-in-2018.jpg?resize=525%2C300&ssl=1 1.5x"},"classes":[]},{"id":17829,"url":"https:\/\/www.biancoscuro.it\/site\/acque-sconfinate-di-maria-xagorari\/","url_meta":{"origin":14057,"position":2},"title":"Acque sconfinate di Maria Xagorari","author":"Sandra Miranda Pattin","date":"31 Ottobre 2024","format":false,"excerpt":"Un viaggio senza sosta poich\u00e9 sull'acqua siamo sempre in movimento, sospesi tra flussi e correnti, seguendo percorsi a volte imprevedibili, trascinati dalla forza del divenire. Maria Xagorari si definisce spesso cos\u00ec, sospesa tra le lingue, le parole che non sempre sono traducibili,\u00a0fra culture e nazioni, sospesa nell'attraversare il vuoto sotto\u2026","rel":"","context":"In &quot;arte&quot;","block_context":{"text":"arte","link":"https:\/\/www.biancoscuro.it\/site\/category\/arte\/"},"img":{"alt_text":"","src":"https:\/\/i0.wp.com\/www.biancoscuro.it\/site\/wp-content\/uploads\/2024\/10\/Maria_Xagorari_4_lr.jpg?resize=350%2C200&ssl=1","width":350,"height":200,"srcset":"https:\/\/i0.wp.com\/www.biancoscuro.it\/site\/wp-content\/uploads\/2024\/10\/Maria_Xagorari_4_lr.jpg?resize=350%2C200&ssl=1 1x, https:\/\/i0.wp.com\/www.biancoscuro.it\/site\/wp-content\/uploads\/2024\/10\/Maria_Xagorari_4_lr.jpg?resize=525%2C300&ssl=1 1.5x, https:\/\/i0.wp.com\/www.biancoscuro.it\/site\/wp-content\/uploads\/2024\/10\/Maria_Xagorari_4_lr.jpg?resize=700%2C400&ssl=1 2x, https:\/\/i0.wp.com\/www.biancoscuro.it\/site\/wp-content\/uploads\/2024\/10\/Maria_Xagorari_4_lr.jpg?resize=1050%2C600&ssl=1 3x, https:\/\/i0.wp.com\/www.biancoscuro.it\/site\/wp-content\/uploads\/2024\/10\/Maria_Xagorari_4_lr.jpg?resize=1400%2C800&ssl=1 4x"},"classes":[]},{"id":17135,"url":"https:\/\/www.biancoscuro.it\/site\/indiviso-di-pilar-vega\/","url_meta":{"origin":14057,"position":3},"title":"Indiviso di Pilar Vega Quiroga","author":"Sandra Miranda Pattin","date":"11 Aprile 2024","format":false,"excerpt":"Mostra di pittura dell'artista argentina Pilar Vega al Chiasso Perduto di Firenze","rel":"","context":"In &quot;arte&quot;","block_context":{"text":"arte","link":"https:\/\/www.biancoscuro.it\/site\/category\/arte\/"},"img":{"alt_text":"","src":"https:\/\/i0.wp.com\/www.biancoscuro.it\/site\/wp-content\/uploads\/2024\/04\/PilarVega_ChiassoPerduto.jpeg?resize=350%2C200&ssl=1","width":350,"height":200,"srcset":"https:\/\/i0.wp.com\/www.biancoscuro.it\/site\/wp-content\/uploads\/2024\/04\/PilarVega_ChiassoPerduto.jpeg?resize=350%2C200&ssl=1 1x, https:\/\/i0.wp.com\/www.biancoscuro.it\/site\/wp-content\/uploads\/2024\/04\/PilarVega_ChiassoPerduto.jpeg?resize=525%2C300&ssl=1 1.5x, https:\/\/i0.wp.com\/www.biancoscuro.it\/site\/wp-content\/uploads\/2024\/04\/PilarVega_ChiassoPerduto.jpeg?resize=700%2C400&ssl=1 2x"},"classes":[]},{"id":2311,"url":"https:\/\/www.biancoscuro.it\/site\/luci-sul-900-cento-anni-di-arte-moderna-a-palazzo-pitti\/","url_meta":{"origin":14057,"position":4},"title":"Luci sul \u2018900 Cento anni di Arte Moderna a Palazzo Pitti","author":"Redazione BIANCOSCURO","date":"14 Febbraio 2015","format":false,"excerpt":"A\u00a0Palazzo Pitti si festeggia un compleanno importante, il centenario della Galleria d\u2019Arte Moderna, ospitata dal 1914 nelle sale al secondo piano del Polo Museale fiorentino. In occasione di questa speciale ricorrenza si \u00e8 deciso di esporre al pubblico le collezioni novecentesche possedute dal museo, finora rimaste chiuse nei depositi per\u2026","rel":"","context":"In &quot;arte&quot;","block_context":{"text":"arte","link":"https:\/\/www.biancoscuro.it\/site\/category\/arte\/"},"img":{"alt_text":"","src":"https:\/\/i0.wp.com\/www.biancoscuro.it\/site\/wp-content\/uploads\/2015\/02\/pittiFI1.jpg?resize=350%2C200&ssl=1","width":350,"height":200},"classes":[]},{"id":14976,"url":"https:\/\/www.biancoscuro.it\/site\/le-simmetrie-dei-desideri-un-viaggio-tra-marsiglia-e-firenze\/","url_meta":{"origin":14057,"position":5},"title":"Le simmetrie dei desideri, un viaggio tra Marsiglia e Firenze","author":"Elena Seno","date":"18 Novembre 2022","format":false,"excerpt":"Desideri che mutano, irrealizzabili o appena esauditi, segreti d'amore, talvolta irrefrenabili.Cambiano la citt\u00e0 e le persone, ma non il bisogno che gli individui hanno di fantasticare, augurandosi che i loro sogni si avverino, carburanti di un\u2019esistenza che spesso risulta complicata e difficile. Il viaggio compiuto dall\u2019artista Ilaria Turba, tra le\u2026","rel":"","context":"In &quot;arte&quot;","block_context":{"text":"arte","link":"https:\/\/www.biancoscuro.it\/site\/category\/arte\/"},"img":{"alt_text":"","src":"https:\/\/i0.wp.com\/www.biancoscuro.it\/site\/wp-content\/uploads\/2022\/11\/Ilaria-Turba_2020_Pani-del-desiderio_Marsiglia_web.jpg?resize=350%2C200&ssl=1","width":350,"height":200,"srcset":"https:\/\/i0.wp.com\/www.biancoscuro.it\/site\/wp-content\/uploads\/2022\/11\/Ilaria-Turba_2020_Pani-del-desiderio_Marsiglia_web.jpg?resize=350%2C200&ssl=1 1x, https:\/\/i0.wp.com\/www.biancoscuro.it\/site\/wp-content\/uploads\/2022\/11\/Ilaria-Turba_2020_Pani-del-desiderio_Marsiglia_web.jpg?resize=525%2C300&ssl=1 1.5x, https:\/\/i0.wp.com\/www.biancoscuro.it\/site\/wp-content\/uploads\/2022\/11\/Ilaria-Turba_2020_Pani-del-desiderio_Marsiglia_web.jpg?resize=700%2C400&ssl=1 2x"},"classes":[]}],"_links":{"self":[{"href":"https:\/\/www.biancoscuro.it\/site\/wp-json\/wp\/v2\/posts\/14057","targetHints":{"allow":["GET"]}}],"collection":[{"href":"https:\/\/www.biancoscuro.it\/site\/wp-json\/wp\/v2\/posts"}],"about":[{"href":"https:\/\/www.biancoscuro.it\/site\/wp-json\/wp\/v2\/types\/post"}],"author":[{"embeddable":true,"href":"https:\/\/www.biancoscuro.it\/site\/wp-json\/wp\/v2\/users\/1067"}],"replies":[{"embeddable":true,"href":"https:\/\/www.biancoscuro.it\/site\/wp-json\/wp\/v2\/comments?post=14057"}],"version-history":[{"count":0,"href":"https:\/\/www.biancoscuro.it\/site\/wp-json\/wp\/v2\/posts\/14057\/revisions"}],"wp:featuredmedia":[{"embeddable":true,"href":"https:\/\/www.biancoscuro.it\/site\/wp-json\/wp\/v2\/media\/14075"}],"wp:attachment":[{"href":"https:\/\/www.biancoscuro.it\/site\/wp-json\/wp\/v2\/media?parent=14057"}],"wp:term":[{"taxonomy":"category","embeddable":true,"href":"https:\/\/www.biancoscuro.it\/site\/wp-json\/wp\/v2\/categories?post=14057"},{"taxonomy":"post_tag","embeddable":true,"href":"https:\/\/www.biancoscuro.it\/site\/wp-json\/wp\/v2\/tags?post=14057"}],"curies":[{"name":"wp","href":"https:\/\/api.w.org\/{rel}","templated":true}]}}