{"id":14214,"date":"2022-10-07T13:23:18","date_gmt":"2022-10-07T11:23:18","guid":{"rendered":"https:\/\/www.biancoscuro.it\/site\/?p=14214"},"modified":"2022-10-07T14:59:48","modified_gmt":"2022-10-07T12:59:48","slug":"i-favolosi-anni-60-e-70-a-milano","status":"publish","type":"post","link":"https:\/\/www.biancoscuro.it\/site\/i-favolosi-anni-60-e-70-a-milano\/","title":{"rendered":"I Favolosi anni &#8217;60 e &#8217;70 a Milano"},"content":{"rendered":"<span class=\"span-reading-time rt-reading-time\" style=\"display: block;\"><span class=\"rt-label rt-prefix\">\u23f0 lettura <\/span> <span class=\"rt-time\"> 3<\/span> <span class=\"rt-label rt-postfix\">min. <br><br><\/span><\/span>\n<h2 class=\"wp-block-heading\"><strong>I Favolosi anni \u201860 e \u201870 a Milano in mostra all\u2019Auditorio della Conciliazione a Roma<\/strong><\/h2>\n\n\n\n<figure class=\"wp-block-image size-full\"><img loading=\"lazy\" decoding=\"async\" width=\"999\" height=\"666\" src=\"https:\/\/www.biancoscuro.it\/site\/wp-content\/uploads\/2022\/10\/Favolosi-Anni-60-70_AuditoriumConciliazione_@LucaPerazzolo-1-min.jpg\" alt=\"\" class=\"wp-image-14218\" srcset=\"https:\/\/www.biancoscuro.it\/site\/wp-content\/uploads\/2022\/10\/Favolosi-Anni-60-70_AuditoriumConciliazione_@LucaPerazzolo-1-min.jpg 999w, https:\/\/www.biancoscuro.it\/site\/wp-content\/uploads\/2022\/10\/Favolosi-Anni-60-70_AuditoriumConciliazione_@LucaPerazzolo-1-min-300x200.jpg 300w, https:\/\/www.biancoscuro.it\/site\/wp-content\/uploads\/2022\/10\/Favolosi-Anni-60-70_AuditoriumConciliazione_@LucaPerazzolo-1-min-768x512.jpg 768w, https:\/\/www.biancoscuro.it\/site\/wp-content\/uploads\/2022\/10\/Favolosi-Anni-60-70_AuditoriumConciliazione_@LucaPerazzolo-1-min-600x400.jpg 600w\" sizes=\"auto, (max-width: 999px) 100vw, 999px\" \/><figcaption>Favolosi Anni 60-70 &#8211; Auditorium Conciliazione \u00a9 Ph. LucaPerazzolo<\/figcaption><\/figure>\n\n\n\n<hr class=\"wp-block-separator has-alpha-channel-opacity\"\/>\n\n\n\n<p>Tre uomini sono seduti al tavolo di un locale, il primo sorseggia un caff\u00e8 sporcandosi un poco i grandi baffi, l\u2019altro, pi\u00f9 giovane, fuma una sigaretta scuotendo di tanto in tanto la mano sopra il posacenere mentre l\u2019ultimo, dallo sguardo vispo, sorseggia un Campari.<br \/>Conversano vivacemente, si provocano, ridono e qualche volta capita che uno di loro in disaccordo alzi un po\u2019 la voce, ma il momento non dura a lungo, riprendono poi a dialogare come prima, soddisfatti di vivere quel momento assieme e di poter confrontarsi con stimati commensali. Siamo agli sgoccioli degli anni \u201950, al <strong>Bar Jamaica<\/strong> nel quartiere di Brera, e quei signori sono <strong>Lucio Fontana<\/strong>, <strong>Piero Manzoni<\/strong> e <strong>Bruno Munari<\/strong>.<br \/>Almeno questo \u00e8 quello che sarebbe bello immaginare, in una scoppiettante Milano nel pieno del boom artistico ed economico, dove altri artisti, poeti, musicisti e scrittori inventavano il nuovo, si misuravano con nuovi mezzi di comunicazione e mettevano in discussione il ruolo dell\u2019arte.<\/p>\n\n\n\n<p>La metropoli negli anni Sessanta appariva come un grande cantiere, si stava espandendo dando vita a quei grandi quartieri che diedero in seguito casa a tutte quelle persone che dal sud si spostavano al nord per trovare lavoro, una ambientazione alla \u201cRocco e i suoi fratelli\u201d, con l\u2019euforia per la metropolitana appena costruita, un nuovo Pirellone che svettava in cielo e tutta l\u2019entusiasmo di una citt\u00e0 che guardava all\u2019avvenire.<\/p>\n\n\n\n<figure class=\"wp-block-image size-full\"><img loading=\"lazy\" decoding=\"async\" width=\"999\" height=\"666\" src=\"https:\/\/www.biancoscuro.it\/site\/wp-content\/uploads\/2022\/10\/Favolosi-Anni-60-70_AuditoriumConciliazione_@LucaPerazzolo-2-min.jpg\" alt=\"\" class=\"wp-image-14219\" srcset=\"https:\/\/www.biancoscuro.it\/site\/wp-content\/uploads\/2022\/10\/Favolosi-Anni-60-70_AuditoriumConciliazione_@LucaPerazzolo-2-min.jpg 999w, https:\/\/www.biancoscuro.it\/site\/wp-content\/uploads\/2022\/10\/Favolosi-Anni-60-70_AuditoriumConciliazione_@LucaPerazzolo-2-min-300x200.jpg 300w, https:\/\/www.biancoscuro.it\/site\/wp-content\/uploads\/2022\/10\/Favolosi-Anni-60-70_AuditoriumConciliazione_@LucaPerazzolo-2-min-768x512.jpg 768w, https:\/\/www.biancoscuro.it\/site\/wp-content\/uploads\/2022\/10\/Favolosi-Anni-60-70_AuditoriumConciliazione_@LucaPerazzolo-2-min-600x400.jpg 600w\" sizes=\"auto, (max-width: 999px) 100vw, 999px\" \/><figcaption>Favolosi Anni 60-70 &#8211; Auditorium Conciliazione \u00a9 Ph. LucaPerazzolo<\/figcaption><\/figure>\n\n\n\n<hr class=\"wp-block-separator has-alpha-channel-opacity\"\/>\n\n\n\n<p>La mostra \u201cI Favolosi anni \u201960 e \u201970 a Milano\u201d pone come scopo quello di restituire quel periodo vibrante a cavallo tra gli anni Sessanta e Settanta, abbandonandosi al suo fervore artistico. L\u2019esposizione, con sede a Roma, all\u2019Auditorio della Conciliazione, e a cura di Lorenzo ed Enrico Lombardi, \u00e8 promossa dalla Fondazione Terzo Pilastro e ha l\u2019intento di creare un dialogo tra le due citt\u00e0, Roma e Milano, entrambe unite dalla nota importanza storica, ma anche dalle diverse vocazioni ed influenze.<\/p>\n\n\n\n<p>Mentre Milano si proiett\u00f2 maggiormente verso un panorama europeo, sperimentando e ricercando nel segno della modernit\u00e0, Roma veniva mossa dall\u2019attrazione verso uno stile americano. Come Cinecitt\u00e0 guardava ad Hollywood cos\u00ec anche la capitale subiva una influenza di stampo statunitense dallo stile mondano.<\/p>\n\n\n\n<p>Le opere esposte sono pi\u00f9 di trenta, tutte di artisti che in quegli anni sono stati dei protagonisti nel panorama milanese e sono divise in quattro sezioni che si distinguono per differenti approcci agli stili, evoluzioni espressive, intuizioni ed influenze.<br \/>Nella prima selezione \u201cArte, Materia e Spazio Verso Lo Zero\u201d troveremo lavori di <strong>Vincenzo Agnetti, Getulio Alviani, Rodolfo Aric\u00f2, Agostino Bonalumi, Enrico Castellani, Lucio Fontana, Paolo Scheggi e Michele Zaza<\/strong>.<\/p>\n\n\n\n<figure class=\"wp-block-image size-full\"><img loading=\"lazy\" decoding=\"async\" width=\"999\" height=\"666\" src=\"https:\/\/www.biancoscuro.it\/site\/wp-content\/uploads\/2022\/10\/Favolosi-Anni-60-70_AuditoriumConciliazione_@LucaPerazzolo-56-min.jpg\" alt=\"\" class=\"wp-image-14220\" srcset=\"https:\/\/www.biancoscuro.it\/site\/wp-content\/uploads\/2022\/10\/Favolosi-Anni-60-70_AuditoriumConciliazione_@LucaPerazzolo-56-min.jpg 999w, https:\/\/www.biancoscuro.it\/site\/wp-content\/uploads\/2022\/10\/Favolosi-Anni-60-70_AuditoriumConciliazione_@LucaPerazzolo-56-min-300x200.jpg 300w, https:\/\/www.biancoscuro.it\/site\/wp-content\/uploads\/2022\/10\/Favolosi-Anni-60-70_AuditoriumConciliazione_@LucaPerazzolo-56-min-768x512.jpg 768w, https:\/\/www.biancoscuro.it\/site\/wp-content\/uploads\/2022\/10\/Favolosi-Anni-60-70_AuditoriumConciliazione_@LucaPerazzolo-56-min-600x400.jpg 600w\" sizes=\"auto, (max-width: 999px) 100vw, 999px\" \/><figcaption>Favolosi Anni 60-70 &#8211; Auditorium Conciliazione \u00a9 Ph. LucaPerazzolo<\/figcaption><\/figure>\n\n\n\n<hr class=\"wp-block-separator has-alpha-channel-opacity\"\/>\n\n\n\n<p>Nella seconda, chiamata Nouveau R\u00e9alisme tra Italia e Francia, compariranno invece <strong>Arman, Piero Manzoni, Mimmo Rotella e Daniel Spoerri<\/strong>.<br \/>Nella terza sezione \u201cNuclearismo e Astrazioni\u201d si potranno osservare <strong>Roberto Crippa, Sergio Dangelo, Gianni Dova e Emilio Scanavino<\/strong>.<\/p>\n\n\n\n<p>Ed infine, nell\u2019ultima parte dal titolo \u201cNei Mondi della Nuova Comunicazione\u201d, ci saranno <strong>Valerio Adami, Enrico Baj, Lucio del Pezzo, Bruno Di Bello, Ugo Nespolo, Fabrizio Plessi, Sergio Sarri ed Emilio Tadini<\/strong>.<\/p>\n\n\n\n<pre class=\"wp-block-preformatted\">INFO\nI Favolosi anni '60 e '70 a Milano\n\nAuditorium della Conciliazione\nPiazza Pia 1, 00193 Roma \n\nifavolosianni60e70amilano@gmail.com\n\nL\u2019entrata alla mostra \u00e8 gratuita e c\u2019\u00e8 la possibilit\u00e0 di effettuare visite guidate a pagamento.<\/pre>\n","protected":false},"excerpt":{"rendered":"<p><span class=\"span-reading-time rt-reading-time\" style=\"display: block;\"><span class=\"rt-label rt-prefix\">\u23f0 lettura <\/span> <span class=\"rt-time\"> 3<\/span> <span class=\"rt-label rt-postfix\">min. <\/p>\n<p><\/span><\/span>I Favolosi anni \u201860 e \u201870 a Milano in mostra all\u2019Auditorio della Conciliazione a Roma Tre uomini sono seduti al tavolo di un locale, il primo sorseggia un caff\u00e8 sporcandosi un poco i grandi baffi, l\u2019altro, pi\u00f9 giovane, fuma una sigaretta scuotendo di tanto in tanto la mano sopra il posacenere mentre l\u2019ultimo, dallo sguardo&hellip;&nbsp;<a href=\"https:\/\/www.biancoscuro.it\/site\/i-favolosi-anni-60-e-70-a-milano\/\" rel=\"bookmark\">Leggi tutto &raquo;<span class=\"screen-reader-text\">I Favolosi anni &#8217;60 e &#8217;70 a Milano<\/span><\/a><\/p>\n","protected":false},"author":1121,"featured_media":14218,"comment_status":"closed","ping_status":"closed","sticky":false,"template":"","format":"standard","meta":{"neve_meta_sidebar":"","neve_meta_container":"","neve_meta_enable_content_width":"","neve_meta_content_width":0,"neve_meta_title_alignment":"","neve_meta_author_avatar":"","neve_post_elements_order":"","neve_meta_disable_header":"","neve_meta_disable_footer":"","neve_meta_disable_title":"","advanced_seo_description":"","jetpack_seo_html_title":"","jetpack_seo_noindex":false,"footnotes":""},"categories":[5,24,6],"tags":[449,464,635],"class_list":["post-14214","post","type-post","status-publish","format-standard","has-post-thumbnail","hentry","category-arte","category-mostre","category-pittura","tag-arte","tag-milano","tag-roma"],"jetpack_featured_media_url":"https:\/\/www.biancoscuro.it\/site\/wp-content\/uploads\/2022\/10\/Favolosi-Anni-60-70_AuditoriumConciliazione_@LucaPerazzolo-1-min.jpg","jetpack_sharing_enabled":true,"jetpack-related-posts":[{"id":15552,"url":"https:\/\/www.biancoscuro.it\/site\/prorogata-al-10-aprile-la-grande-mostra-su-andy-warhol-a-milano-oltre-60-000-i-visitatori\/","url_meta":{"origin":14214,"position":0},"title":"Prorogata al 10 aprile la grande mostra su Andy Warhol a Milano","author":"Chiara","date":"27 Febbraio 2023","format":false,"excerpt":"Oltre 60.000 i visitatori Con oltre\u00a0trecento opere divise in sette aree tematiche e tredici sezioni\u00a0la spettacolare mostra\u00a0Andy Warhol. La pubblicit\u00e0 della forma, in corso dal 22 ottobre 2022 a\u00a0Milano\u00a0alla\u00a0Fabbrica del Vapore, promossa e prodotta da\u00a0Comune\u00a0di Milano\u2013Cultura\u00a0e\u00a0Navigare, curata da\u00a0Achille Bonito Oliva\u00a0con\u00a0Edoardo Falcioni\u00a0per\u00a0Art Motors, Partner\u00a0BMW\u00a0eHublot, \u00e8 uno straordinario viaggio nell\u2019universo artistico e\u2026","rel":"","context":"In &quot;arte&quot;","block_context":{"text":"arte","link":"https:\/\/www.biancoscuro.it\/site\/category\/arte\/"},"img":{"alt_text":"","src":"https:\/\/i0.wp.com\/www.biancoscuro.it\/site\/wp-content\/uploads\/2023\/03\/WARHOL-Bonito-Oliva-e-Marilyn-nera.jpg?resize=350%2C200&ssl=1","width":350,"height":200,"srcset":"https:\/\/i0.wp.com\/www.biancoscuro.it\/site\/wp-content\/uploads\/2023\/03\/WARHOL-Bonito-Oliva-e-Marilyn-nera.jpg?resize=350%2C200&ssl=1 1x, https:\/\/i0.wp.com\/www.biancoscuro.it\/site\/wp-content\/uploads\/2023\/03\/WARHOL-Bonito-Oliva-e-Marilyn-nera.jpg?resize=525%2C300&ssl=1 1.5x, https:\/\/i0.wp.com\/www.biancoscuro.it\/site\/wp-content\/uploads\/2023\/03\/WARHOL-Bonito-Oliva-e-Marilyn-nera.jpg?resize=700%2C400&ssl=1 2x"},"classes":[]},{"id":13998,"url":"https:\/\/www.biancoscuro.it\/site\/andy-warhol-torna-a-milano-in-una-grande-mostra-alla-fabbrica-del-vapore\/","url_meta":{"origin":14214,"position":1},"title":"Andy Warhol a Milano","author":"Chiara","date":"2 Settembre 2022","format":false,"excerpt":"Warhol torna a Milano in una grande mostra alla Fabbrica del Vapore Dopo oltre 10 anni Andy Warhol torna in mostra a Milano, dal 22 ottobre al 26 marzo negli spazi della Fabbrica del Vapore. Con oltre\u00a0trecento opere divise in sette aree tematiche e tredici sezioni\u00a0- dagli inizi negli anni\u2026","rel":"","context":"In &quot;arte&quot;","block_context":{"text":"arte","link":"https:\/\/www.biancoscuro.it\/site\/category\/arte\/"},"img":{"alt_text":"","src":"https:\/\/i0.wp.com\/www.biancoscuro.it\/site\/wp-content\/uploads\/2022\/09\/69-Self-Portrait-Fright-Wig-ca.1986.jpg?resize=350%2C200&ssl=1","width":350,"height":200,"srcset":"https:\/\/i0.wp.com\/www.biancoscuro.it\/site\/wp-content\/uploads\/2022\/09\/69-Self-Portrait-Fright-Wig-ca.1986.jpg?resize=350%2C200&ssl=1 1x, https:\/\/i0.wp.com\/www.biancoscuro.it\/site\/wp-content\/uploads\/2022\/09\/69-Self-Portrait-Fright-Wig-ca.1986.jpg?resize=525%2C300&ssl=1 1.5x, https:\/\/i0.wp.com\/www.biancoscuro.it\/site\/wp-content\/uploads\/2022\/09\/69-Self-Portrait-Fright-Wig-ca.1986.jpg?resize=700%2C400&ssl=1 2x"},"classes":[]},{"id":9638,"url":"https:\/\/www.biancoscuro.it\/site\/remo-bianco-appropriazione-della-volvo-dellartista-1985\/","url_meta":{"origin":14214,"position":2},"title":"REMO BIANCO &#8220;Appropriazione della Volvo dell\u2019Artista&#8221; 1985","author":"Chiara","date":"12 Settembre 2019","format":false,"excerpt":"La Fondazione Remo Bianco, parallelamente alla mostra in corso al Museo del Novecento di Milano Remo Bianco. Le impronte della memoria, aperta fino al 6 ottobre,\u00a0\u00e8 lieta di presentare un altro tassello della produzione caleidoscopica dell\u2019artista: l\u2019Appropriazione della Volvo dell\u2019Artista, l\u2019auto di Remo Bianco che egli stesso aveva trasformato nel\u2026","rel":"","context":"In &quot;arte&quot;","block_context":{"text":"arte","link":"https:\/\/www.biancoscuro.it\/site\/category\/arte\/"},"img":{"alt_text":"","src":"https:\/\/i0.wp.com\/www.biancoscuro.it\/site\/wp-content\/uploads\/2019\/09\/Volvo-Remo-Bianco-3.jpg?resize=350%2C200&ssl=1","width":350,"height":200,"srcset":"https:\/\/i0.wp.com\/www.biancoscuro.it\/site\/wp-content\/uploads\/2019\/09\/Volvo-Remo-Bianco-3.jpg?resize=350%2C200&ssl=1 1x, https:\/\/i0.wp.com\/www.biancoscuro.it\/site\/wp-content\/uploads\/2019\/09\/Volvo-Remo-Bianco-3.jpg?resize=525%2C300&ssl=1 1.5x, https:\/\/i0.wp.com\/www.biancoscuro.it\/site\/wp-content\/uploads\/2019\/09\/Volvo-Remo-Bianco-3.jpg?resize=700%2C400&ssl=1 2x"},"classes":[]},{"id":14926,"url":"https:\/\/www.biancoscuro.it\/site\/andy-warhol-la-pubblicita-della-forma\/","url_meta":{"origin":14214,"position":3},"title":"Andy Warhol. La Pubblicit\u00e0 della forma","author":"Chiara","date":"16 Novembre 2022","format":false,"excerpt":"Una grande monografica alla Fabbrica del Vapore a Milano Con oltre 300 opere, per la maggior parte opere uniche, la grande mostra Andy Warhol La Pubblicit\u00e0 della forma che il 22 ottobre si \u00e8 aperta alla Fabbrica del Vapore a Milano \u00e8 un vero e proprio viaggio nell\u2019universo artistico e\u2026","rel":"","context":"In &quot;arte&quot;","block_context":{"text":"arte","link":"https:\/\/www.biancoscuro.it\/site\/category\/arte\/"},"img":{"alt_text":"","src":"https:\/\/i0.wp.com\/www.biancoscuro.it\/site\/wp-content\/uploads\/2022\/11\/WARHOL-Autoritratto.jpg?resize=350%2C200&ssl=1","width":350,"height":200,"srcset":"https:\/\/i0.wp.com\/www.biancoscuro.it\/site\/wp-content\/uploads\/2022\/11\/WARHOL-Autoritratto.jpg?resize=350%2C200&ssl=1 1x, https:\/\/i0.wp.com\/www.biancoscuro.it\/site\/wp-content\/uploads\/2022\/11\/WARHOL-Autoritratto.jpg?resize=525%2C300&ssl=1 1.5x, https:\/\/i0.wp.com\/www.biancoscuro.it\/site\/wp-content\/uploads\/2022\/11\/WARHOL-Autoritratto.jpg?resize=700%2C400&ssl=1 2x"},"classes":[]},{"id":6306,"url":"https:\/\/www.biancoscuro.it\/site\/la-mala-milano-laltro-lato-della-rinascita-la-guerra\/","url_meta":{"origin":14214,"position":4},"title":"La MALA a Milano. L\u2019altro lato della rinascita dopo la guerra","author":"Daniela Malabaila","date":"2 Gennaio 2018","format":false,"excerpt":"\u201cFurono tempi difficili dove, a tutti i costi, doveva essere contrastata l\u2019arroganza di centinaia di malavitosi che volevano imporre con violenza i loro soprusi. Si cre\u00f2 un fronte unito di magistrati e forze dell\u2019ordine che, con professionale e certosino lavoro, riuscirono ad assicurare alla giustizia tutti i malavitosi dell\u2019epoca ristabilendo\u2026","rel":"","context":"In &quot;arte&quot;","block_context":{"text":"arte","link":"https:\/\/www.biancoscuro.it\/site\/category\/arte\/"},"img":{"alt_text":"","src":"https:\/\/i0.wp.com\/www.biancoscuro.it\/site\/wp-content\/uploads\/2018\/01\/Giancarlo-De-Bellis-Renato-Vallanzasca-arrestato-dopo-una-rapina-1972-Archivio-Fotogramma400.jpg?resize=350%2C200&ssl=1","width":350,"height":200},"classes":[]},{"id":15474,"url":"https:\/\/www.biancoscuro.it\/site\/prorogata-di-un-mese-la-mostra-milano-da-romantica-a-scapigliata-al-castello-di-novara\/","url_meta":{"origin":14214,"position":5},"title":"&#8220;Milano da Romantica a Scapigliata&#8221; al Castello di Novara [Prorogata]","author":"Chiara","date":"9 Febbraio 2023","format":false,"excerpt":"La mostra \u201cMilano. Da Romantica a Scapigliata\u201d, promossa da Mets - Percorsi d\u2019Arte con Comune di Novara e Fondazione Castello,\u00a0rimarr\u00e0 aperta\u00a0fino al 10 aprile 2023, giorno di Pasquetta. \u201cIl grande successo di pubblico registrato per questa importante esposizione \u2013 spiegano il Sindaco\u00a0Alessandro Canelli\u00a0e il Presidente di Mets\u00a0Paolo Tacchini \u2013\u00a0conferma la\u2026","rel":"","context":"In &quot;arte&quot;","block_context":{"text":"arte","link":"https:\/\/www.biancoscuro.it\/site\/category\/arte\/"},"img":{"alt_text":"","src":"https:\/\/i0.wp.com\/www.biancoscuro.it\/site\/wp-content\/uploads\/2023\/02\/22.-Ranzoni-Giovinetta-inglese-olio-su-tela-50-x-365-cm.jpg?resize=350%2C200&ssl=1","width":350,"height":200,"srcset":"https:\/\/i0.wp.com\/www.biancoscuro.it\/site\/wp-content\/uploads\/2023\/02\/22.-Ranzoni-Giovinetta-inglese-olio-su-tela-50-x-365-cm.jpg?resize=350%2C200&ssl=1 1x, https:\/\/i0.wp.com\/www.biancoscuro.it\/site\/wp-content\/uploads\/2023\/02\/22.-Ranzoni-Giovinetta-inglese-olio-su-tela-50-x-365-cm.jpg?resize=525%2C300&ssl=1 1.5x, https:\/\/i0.wp.com\/www.biancoscuro.it\/site\/wp-content\/uploads\/2023\/02\/22.-Ranzoni-Giovinetta-inglese-olio-su-tela-50-x-365-cm.jpg?resize=700%2C400&ssl=1 2x"},"classes":[]}],"_links":{"self":[{"href":"https:\/\/www.biancoscuro.it\/site\/wp-json\/wp\/v2\/posts\/14214","targetHints":{"allow":["GET"]}}],"collection":[{"href":"https:\/\/www.biancoscuro.it\/site\/wp-json\/wp\/v2\/posts"}],"about":[{"href":"https:\/\/www.biancoscuro.it\/site\/wp-json\/wp\/v2\/types\/post"}],"author":[{"embeddable":true,"href":"https:\/\/www.biancoscuro.it\/site\/wp-json\/wp\/v2\/users\/1121"}],"replies":[{"embeddable":true,"href":"https:\/\/www.biancoscuro.it\/site\/wp-json\/wp\/v2\/comments?post=14214"}],"version-history":[{"count":0,"href":"https:\/\/www.biancoscuro.it\/site\/wp-json\/wp\/v2\/posts\/14214\/revisions"}],"wp:featuredmedia":[{"embeddable":true,"href":"https:\/\/www.biancoscuro.it\/site\/wp-json\/wp\/v2\/media\/14218"}],"wp:attachment":[{"href":"https:\/\/www.biancoscuro.it\/site\/wp-json\/wp\/v2\/media?parent=14214"}],"wp:term":[{"taxonomy":"category","embeddable":true,"href":"https:\/\/www.biancoscuro.it\/site\/wp-json\/wp\/v2\/categories?post=14214"},{"taxonomy":"post_tag","embeddable":true,"href":"https:\/\/www.biancoscuro.it\/site\/wp-json\/wp\/v2\/tags?post=14214"}],"curies":[{"name":"wp","href":"https:\/\/api.w.org\/{rel}","templated":true}]}}