{"id":14498,"date":"2022-10-20T16:28:43","date_gmt":"2022-10-20T14:28:43","guid":{"rendered":"https:\/\/www.biancoscuro.it\/site\/?p=14498"},"modified":"2022-10-21T14:16:39","modified_gmt":"2022-10-21T12:16:39","slug":"fotografia-due-secoli-di-storia-e-immagini-walter-guadagnini-presenta-il-suo-nuovo-volume-sulla-storia-della-fotografia","status":"publish","type":"post","link":"https:\/\/www.biancoscuro.it\/site\/fotografia-due-secoli-di-storia-e-immagini-walter-guadagnini-presenta-il-suo-nuovo-volume-sulla-storia-della-fotografia\/","title":{"rendered":"Fotografia\u00a0Due secoli di storia e immagini."},"content":{"rendered":"<span class=\"span-reading-time rt-reading-time\" style=\"display: block;\"><span class=\"rt-label rt-prefix\">\u23f0 lettura <\/span> <span class=\"rt-time\"> 3<\/span> <span class=\"rt-label rt-postfix\">min. <br><br><\/span><\/span>\n<figure class=\"wp-block-image size-large\"><img loading=\"lazy\" decoding=\"async\" width=\"826\" height=\"1024\" src=\"https:\/\/www.biancoscuro.it\/site\/wp-content\/uploads\/2022\/10\/Fotografia-Due-secoli-di-storia-e-immagini-826x1024.jpg\" alt=\"\" class=\"wp-image-14509\" srcset=\"https:\/\/www.biancoscuro.it\/site\/wp-content\/uploads\/2022\/10\/Fotografia-Due-secoli-di-storia-e-immagini-826x1024.jpg 826w, https:\/\/www.biancoscuro.it\/site\/wp-content\/uploads\/2022\/10\/Fotografia-Due-secoli-di-storia-e-immagini-242x300.jpg 242w, https:\/\/www.biancoscuro.it\/site\/wp-content\/uploads\/2022\/10\/Fotografia-Due-secoli-di-storia-e-immagini-768x952.jpg 768w, https:\/\/www.biancoscuro.it\/site\/wp-content\/uploads\/2022\/10\/Fotografia-Due-secoli-di-storia-e-immagini-600x743.jpg 600w, https:\/\/www.biancoscuro.it\/site\/wp-content\/uploads\/2022\/10\/Fotografia-Due-secoli-di-storia-e-immagini-1240x1536.jpg 1240w, https:\/\/www.biancoscuro.it\/site\/wp-content\/uploads\/2022\/10\/Fotografia-Due-secoli-di-storia-e-immagini-1320x1636.jpg 1320w, https:\/\/www.biancoscuro.it\/site\/wp-content\/uploads\/2022\/10\/Fotografia-Due-secoli-di-storia-e-immagini.jpg 1430w\" sizes=\"auto, (max-width: 826px) 100vw, 826px\" \/><\/figure>\n\n\n\n<h2 class=\"wp-block-heading\">Walter Guadagnini presenta il suo nuovo volume sulla storia della fotografia<\/h2>\n\n\n\n<p><strong>Marted\u00ec\u00a025\u00a0ottobre alle ore 18.30 alla Libreria\u00a0Feltrinelli di Piazza\u00a0Piemonte\u00a0a Milano<\/strong> si terr\u00e0 un incontro dedicato al <strong>volume di Walter Guadagnini <em>FOTOGRAFIA Due secoli di storia e immagini<\/em><\/strong> edito da <strong>Skira<\/strong>. Con l\u2019autore intervengono <strong>Maria Vittoria Baravelli<\/strong>,\u00a0<em>Art sharer, art and photography curator<\/em>, <strong>Roberto Mutti<\/strong>,\u00a0<em>Storico della\u00a0fotografia\u00a0e giornalista<\/em> e <strong>Paolo Ventura,\u00a0<\/strong><em>Fotografo<\/em>.<\/p>\n\n\n\n<p>La fotografia \u00e8 stata uno dei linguaggi principali della modernit\u00e0 e, a partire dalla rivoluzione digitale, \u00e8 divenuta anche quello pi\u00f9 utilizzato nella comunicazione quotidiana, privata e pubblica. Al contempo, \u00e8 una delle arti che hanno segnato il XIX e il XX secolo, assumendo nel ventunesimo un ruolo sempre pi\u00f9 centrale nel panorama della creazione contemporanea, in ogni parte del mondo, all\u2019interno di ogni sistema sociale e culturale.<\/p>\n\n\n\n<p><strong>Questo volume mostra gli infiniti volti della fotografia ed \u00e8 allo stesso tempo un affascinante racconto<\/strong>:&nbsp;<strong>tre atlanti visivi di grande impatto ne scandiscono il ritmo \u201ca ritroso\u201d<\/strong>&nbsp;\u2013 dalle pi\u00f9 recenti sperimentazioni con l\u2019Intelligenza Artificiale di Trevor Paglen alla prima immagine fissata da Joseph Nic\u00e9phore Ni\u00e9pce ormai due secoli fa \u2013, intervallando i&nbsp;<strong>sedici capitoli illustrati<\/strong>&nbsp;che, con stile narrativo tanto accessibile quanto preciso, espongono la storia di questa disciplina, rivolgendosi agli esperti del settore ma soprattutto ad amatori e appassionati dello strumento fotografico. Completano il libro sedici approfondimenti tematici e una ricca bibliografia.<\/p>\n\n\n\n<p><strong>Walter Guadagnini<\/strong>, direttore di CAMERA &#8211; Centro Italiano per la Fotografia di Torino, insegna&nbsp;<em>Storia della fotografia<\/em>&nbsp;all\u2019Accademia di Belle Arti di Bologna. Ha diretto per dieci anni la Galleria Civica di Modena, \u00e8 direttore artistico del&nbsp;<em>Festival Fotografia Europea<\/em>&nbsp;di Reggio Emilia e ha curato mostre in musei e istituzioni internazionali. Responsabile dal 2006 al 2021 della sezione fotografia de&nbsp;<em>Il Giornale dell\u2019Arte<\/em>, \u00e8 stato ideatore e curatore dei quattro volumi di&nbsp;<em>Storia della fotografia<\/em>&nbsp;(Skira) con il contributo dei maggiori storici e critici fotografici internazionali e, sempre per Skira ha curato l\u2019antologia&nbsp;<em>Racconti dalla camera oscura<\/em>.<\/p>\n\n\n\n<p>L&#8217;ingresso all&#8217;incontro \u00e8 libero.<\/p>\n\n\n\n<figure class=\"wp-block-gallery has-nested-images columns-default is-cropped wp-block-gallery-1 is-layout-flex wp-block-gallery-is-layout-flex\">\n<figure class=\"wp-block-image size-large\"><img loading=\"lazy\" decoding=\"async\" width=\"771\" height=\"1024\" data-id=\"14499\" src=\"https:\/\/www.biancoscuro.it\/site\/wp-content\/uploads\/2022\/10\/a.-Nadar-Ritratto-di-Sarah-Bernhardt-WEB-771x1024.jpg\" alt=\"\" class=\"wp-image-14499\" srcset=\"https:\/\/www.biancoscuro.it\/site\/wp-content\/uploads\/2022\/10\/a.-Nadar-Ritratto-di-Sarah-Bernhardt-WEB-771x1024.jpg 771w, https:\/\/www.biancoscuro.it\/site\/wp-content\/uploads\/2022\/10\/a.-Nadar-Ritratto-di-Sarah-Bernhardt-WEB-226x300.jpg 226w, https:\/\/www.biancoscuro.it\/site\/wp-content\/uploads\/2022\/10\/a.-Nadar-Ritratto-di-Sarah-Bernhardt-WEB-768x1020.jpg 768w, https:\/\/www.biancoscuro.it\/site\/wp-content\/uploads\/2022\/10\/a.-Nadar-Ritratto-di-Sarah-Bernhardt-WEB-600x797.jpg 600w, https:\/\/www.biancoscuro.it\/site\/wp-content\/uploads\/2022\/10\/a.-Nadar-Ritratto-di-Sarah-Bernhardt-WEB.jpg 800w\" sizes=\"auto, (max-width: 771px) 100vw, 771px\" \/><figcaption>Nadar,&nbsp;<em>Ritratto di Sarah Bernhardt<\/em>, 1864<br \/>New York, The Metropolitan Musuem of Art<\/figcaption><\/figure>\n\n\n\n<figure class=\"wp-block-image size-large\"><img loading=\"lazy\" decoding=\"async\" width=\"1024\" height=\"534\" data-id=\"14500\" src=\"https:\/\/www.biancoscuro.it\/site\/wp-content\/uploads\/2022\/10\/2.-Mosse-Love-is-the-Drug-1024x534.jpg\" alt=\"\" class=\"wp-image-14500\" srcset=\"https:\/\/www.biancoscuro.it\/site\/wp-content\/uploads\/2022\/10\/2.-Mosse-Love-is-the-Drug-1024x534.jpg 1024w, https:\/\/www.biancoscuro.it\/site\/wp-content\/uploads\/2022\/10\/2.-Mosse-Love-is-the-Drug-300x157.jpg 300w, https:\/\/www.biancoscuro.it\/site\/wp-content\/uploads\/2022\/10\/2.-Mosse-Love-is-the-Drug-768x401.jpg 768w, https:\/\/www.biancoscuro.it\/site\/wp-content\/uploads\/2022\/10\/2.-Mosse-Love-is-the-Drug-600x313.jpg 600w, https:\/\/www.biancoscuro.it\/site\/wp-content\/uploads\/2022\/10\/2.-Mosse-Love-is-the-Drug-1536x802.jpg 1536w, https:\/\/www.biancoscuro.it\/site\/wp-content\/uploads\/2022\/10\/2.-Mosse-Love-is-the-Drug-2048x1069.jpg 2048w, https:\/\/www.biancoscuro.it\/site\/wp-content\/uploads\/2022\/10\/2.-Mosse-Love-is-the-Drug-1320x689.jpg 1320w\" sizes=\"auto, (max-width: 1024px) 100vw, 1024px\" \/><figcaption>Richard Mosse,&nbsp;<em>Love is the Drug<\/em>, 2012<br \/>Courtesy dell\u2019artista e Jack Shainman Gallery<br \/>\u00a9 Richard Mosse<\/figcaption><\/figure>\n\n\n\n<figure class=\"wp-block-image size-large\"><img loading=\"lazy\" decoding=\"async\" width=\"683\" height=\"1024\" data-id=\"14501\" src=\"https:\/\/www.biancoscuro.it\/site\/wp-content\/uploads\/2022\/10\/4.-Ventura-The-Vanishing-Man-683x1024.jpg\" alt=\"\" class=\"wp-image-14501\" srcset=\"https:\/\/www.biancoscuro.it\/site\/wp-content\/uploads\/2022\/10\/4.-Ventura-The-Vanishing-Man-683x1024.jpg 683w, https:\/\/www.biancoscuro.it\/site\/wp-content\/uploads\/2022\/10\/4.-Ventura-The-Vanishing-Man-200x300.jpg 200w, https:\/\/www.biancoscuro.it\/site\/wp-content\/uploads\/2022\/10\/4.-Ventura-The-Vanishing-Man-768x1152.jpg 768w, https:\/\/www.biancoscuro.it\/site\/wp-content\/uploads\/2022\/10\/4.-Ventura-The-Vanishing-Man-600x900.jpg 600w, https:\/\/www.biancoscuro.it\/site\/wp-content\/uploads\/2022\/10\/4.-Ventura-The-Vanishing-Man-1024x1536.jpg 1024w, https:\/\/www.biancoscuro.it\/site\/wp-content\/uploads\/2022\/10\/4.-Ventura-The-Vanishing-Man-1365x2048.jpg 1365w, https:\/\/www.biancoscuro.it\/site\/wp-content\/uploads\/2022\/10\/4.-Ventura-The-Vanishing-Man-1320x1980.jpg 1320w, https:\/\/www.biancoscuro.it\/site\/wp-content\/uploads\/2022\/10\/4.-Ventura-The-Vanishing-Man-scaled.jpg 1706w\" sizes=\"auto, (max-width: 683px) 100vw, 683px\" \/><figcaption>Paolo Ventura,&nbsp;<em>The Vanishing Man<\/em>, dalla&nbsp;serie Short Stories, 2013&nbsp;<br \/>\u00a9 Paolo Ventura\/Weinstein Hammons Gallery<\/figcaption><\/figure>\n<\/figure>\n\n\n\n<figure class=\"wp-block-gallery has-nested-images columns-default is-cropped wp-block-gallery-2 is-layout-flex wp-block-gallery-is-layout-flex\">\n<figure class=\"wp-block-image size-large\"><img loading=\"lazy\" decoding=\"async\" width=\"794\" height=\"1024\" data-id=\"14506\" src=\"https:\/\/www.biancoscuro.it\/site\/wp-content\/uploads\/2022\/10\/12.-Johnston-Autoritratto-con-sigaretta-e-boccale-di-birra-nel-suo-studio-1-794x1024.jpg\" alt=\"\" class=\"wp-image-14506\" srcset=\"https:\/\/www.biancoscuro.it\/site\/wp-content\/uploads\/2022\/10\/12.-Johnston-Autoritratto-con-sigaretta-e-boccale-di-birra-nel-suo-studio-1-794x1024.jpg 794w, https:\/\/www.biancoscuro.it\/site\/wp-content\/uploads\/2022\/10\/12.-Johnston-Autoritratto-con-sigaretta-e-boccale-di-birra-nel-suo-studio-1-233x300.jpg 233w, https:\/\/www.biancoscuro.it\/site\/wp-content\/uploads\/2022\/10\/12.-Johnston-Autoritratto-con-sigaretta-e-boccale-di-birra-nel-suo-studio-1-768x990.jpg 768w, https:\/\/www.biancoscuro.it\/site\/wp-content\/uploads\/2022\/10\/12.-Johnston-Autoritratto-con-sigaretta-e-boccale-di-birra-nel-suo-studio-1-600x773.jpg 600w, https:\/\/www.biancoscuro.it\/site\/wp-content\/uploads\/2022\/10\/12.-Johnston-Autoritratto-con-sigaretta-e-boccale-di-birra-nel-suo-studio-1-1192x1536.jpg 1192w, https:\/\/www.biancoscuro.it\/site\/wp-content\/uploads\/2022\/10\/12.-Johnston-Autoritratto-con-sigaretta-e-boccale-di-birra-nel-suo-studio-1-1589x2048.jpg 1589w, https:\/\/www.biancoscuro.it\/site\/wp-content\/uploads\/2022\/10\/12.-Johnston-Autoritratto-con-sigaretta-e-boccale-di-birra-nel-suo-studio-1-1320x1701.jpg 1320w, https:\/\/www.biancoscuro.it\/site\/wp-content\/uploads\/2022\/10\/12.-Johnston-Autoritratto-con-sigaretta-e-boccale-di-birra-nel-suo-studio-1-scaled.jpg 1986w\" sizes=\"auto, (max-width: 794px) 100vw, 794px\" \/><figcaption>Frances Benjamin Johnston,&nbsp;<em>Autoritratto con&nbsp;sigaretta e boccale di birra, nel suo&nbsp;studio<\/em>, 1896<br \/>Washington D.C., Library of Congress&nbsp;<\/figcaption><\/figure>\n\n\n\n<figure class=\"wp-block-image size-large\"><img loading=\"lazy\" decoding=\"async\" width=\"1024\" height=\"684\" data-id=\"14508\" src=\"https:\/\/www.biancoscuro.it\/site\/wp-content\/uploads\/2022\/10\/9.-Andujar-Il-giovane-Susi-Korihana-the\u0308ri-in-un-ruscello-Catrimani-Roroiama-1-1024x684.jpg\" alt=\"\" class=\"wp-image-14508\" srcset=\"https:\/\/www.biancoscuro.it\/site\/wp-content\/uploads\/2022\/10\/9.-Andujar-Il-giovane-Susi-Korihana-the\u0308ri-in-un-ruscello-Catrimani-Roroiama-1-1024x684.jpg 1024w, https:\/\/www.biancoscuro.it\/site\/wp-content\/uploads\/2022\/10\/9.-Andujar-Il-giovane-Susi-Korihana-the\u0308ri-in-un-ruscello-Catrimani-Roroiama-1-300x201.jpg 300w, https:\/\/www.biancoscuro.it\/site\/wp-content\/uploads\/2022\/10\/9.-Andujar-Il-giovane-Susi-Korihana-the\u0308ri-in-un-ruscello-Catrimani-Roroiama-1-768x513.jpg 768w, https:\/\/www.biancoscuro.it\/site\/wp-content\/uploads\/2022\/10\/9.-Andujar-Il-giovane-Susi-Korihana-the\u0308ri-in-un-ruscello-Catrimani-Roroiama-1-600x401.jpg 600w, https:\/\/www.biancoscuro.it\/site\/wp-content\/uploads\/2022\/10\/9.-Andujar-Il-giovane-Susi-Korihana-the\u0308ri-in-un-ruscello-Catrimani-Roroiama-1-1536x1027.jpg 1536w, https:\/\/www.biancoscuro.it\/site\/wp-content\/uploads\/2022\/10\/9.-Andujar-Il-giovane-Susi-Korihana-the\u0308ri-in-un-ruscello-Catrimani-Roroiama-1-2048x1369.jpg 2048w, https:\/\/www.biancoscuro.it\/site\/wp-content\/uploads\/2022\/10\/9.-Andujar-Il-giovane-Susi-Korihana-the\u0308ri-in-un-ruscello-Catrimani-Roroiama-1-1320x882.jpg 1320w\" sizes=\"auto, (max-width: 1024px) 100vw, 1024px\" \/><figcaption>Claudia Andujar,&nbsp;<em>Il giovane Susi Korihana th\u00ebri in un ruscello &#8211; Catrimani, Roroiama<\/em>,<br \/>dalla serie&nbsp;<em>The Forest<\/em>, 1972-1974<br \/>Courtesy Galerie Vermelho<br \/>\u00a9 Claudia Andujar<\/figcaption><\/figure>\n\n\n\n<figure class=\"wp-block-image size-large\"><img loading=\"lazy\" decoding=\"async\" width=\"1024\" height=\"679\" data-id=\"14507\" src=\"https:\/\/www.biancoscuro.it\/site\/wp-content\/uploads\/2022\/10\/14.-Orkin-American-Girl-1024x679.jpg\" alt=\"\" class=\"wp-image-14507\" srcset=\"https:\/\/www.biancoscuro.it\/site\/wp-content\/uploads\/2022\/10\/14.-Orkin-American-Girl-1024x679.jpg 1024w, https:\/\/www.biancoscuro.it\/site\/wp-content\/uploads\/2022\/10\/14.-Orkin-American-Girl-300x199.jpg 300w, https:\/\/www.biancoscuro.it\/site\/wp-content\/uploads\/2022\/10\/14.-Orkin-American-Girl-768x509.jpg 768w, https:\/\/www.biancoscuro.it\/site\/wp-content\/uploads\/2022\/10\/14.-Orkin-American-Girl-600x398.jpg 600w, https:\/\/www.biancoscuro.it\/site\/wp-content\/uploads\/2022\/10\/14.-Orkin-American-Girl-1536x1018.jpg 1536w, https:\/\/www.biancoscuro.it\/site\/wp-content\/uploads\/2022\/10\/14.-Orkin-American-Girl-2048x1358.jpg 2048w, https:\/\/www.biancoscuro.it\/site\/wp-content\/uploads\/2022\/10\/14.-Orkin-American-Girl-1320x875.jpg 1320w\" sizes=\"auto, (max-width: 1024px) 100vw, 1024px\" \/><figcaption>Ruth Orkin, <em>Ragazza americana in Italia<\/em>, 1951<br \/>Ruth Orkin Photo Archive \u00a9 1952-1980 Ruth Orkin used with special permission from the Ruth Orkin Photo Archive<\/figcaption><\/figure>\n<\/figure>\n\n\n\n<p><a href=\"http:\/\/www.skira.net\">www.skira.net<\/a><\/p>\n","protected":false},"excerpt":{"rendered":"<p><span class=\"span-reading-time rt-reading-time\" style=\"display: block;\"><span class=\"rt-label rt-prefix\">\u23f0 lettura <\/span> <span class=\"rt-time\"> 3<\/span> <span class=\"rt-label rt-postfix\">min. <\/p>\n<p><\/span><\/span>Walter Guadagnini presenta il suo nuovo volume sulla storia della fotografia Marted\u00ec\u00a025\u00a0ottobre alle ore 18.30 alla Libreria\u00a0Feltrinelli di Piazza\u00a0Piemonte\u00a0a Milano si terr\u00e0 un incontro dedicato al volume di Walter Guadagnini FOTOGRAFIA Due secoli di storia e immagini edito da Skira. Con l\u2019autore intervengono Maria Vittoria Baravelli,\u00a0Art sharer, art and photography curator, Roberto Mutti,\u00a0Storico della\u00a0fotografia\u00a0e giornalista&hellip;&nbsp;<a href=\"https:\/\/www.biancoscuro.it\/site\/fotografia-due-secoli-di-storia-e-immagini-walter-guadagnini-presenta-il-suo-nuovo-volume-sulla-storia-della-fotografia\/\" rel=\"bookmark\">Leggi tutto &raquo;<span class=\"screen-reader-text\">Fotografia\u00a0Due secoli di storia e immagini.<\/span><\/a><\/p>\n","protected":false},"author":917,"featured_media":14500,"comment_status":"closed","ping_status":"closed","sticky":false,"template":"","format":"standard","meta":{"neve_meta_sidebar":"","neve_meta_container":"","neve_meta_enable_content_width":"","neve_meta_content_width":0,"neve_meta_title_alignment":"","neve_meta_author_avatar":"","neve_post_elements_order":"","neve_meta_disable_header":"","neve_meta_disable_footer":"","neve_meta_disable_title":"","advanced_seo_description":"","jetpack_seo_html_title":"","jetpack_seo_noindex":false,"footnotes":""},"categories":[5],"tags":[],"class_list":["post-14498","post","type-post","status-publish","format-standard","has-post-thumbnail","hentry","category-arte"],"jetpack_featured_media_url":"https:\/\/www.biancoscuro.it\/site\/wp-content\/uploads\/2022\/10\/2.-Mosse-Love-is-the-Drug-scaled.jpg","jetpack_sharing_enabled":true,"jetpack-related-posts":[{"id":10109,"url":"https:\/\/www.biancoscuro.it\/site\/la-fotografia-di-man-ray-woman\/","url_meta":{"origin":14498,"position":0},"title":"La fotografia di Man Ray: Woman!","author":"Lucia Garnero","date":"10 Dicembre 2019","format":false,"excerpt":"Da soggetti ritratti ad autrici, le Donne protagoniste Protagonista indiscusso delle fotografie in mostra a Camera, Torino, per la speciale mostra \u201cwo\/Man Ray. Le seduzioni della fotografia\u201d, inaugurata 17 ottobre e visitabile fino al 19 gennaio, un tema classico riletto in una prospettiva del tutto nuova.L\u2019esposizione presenta circa duecento fotografie,\u2026","rel":"","context":"In &quot;arte&quot;","block_context":{"text":"arte","link":"https:\/\/www.biancoscuro.it\/site\/category\/arte\/"},"img":{"alt_text":"","src":"https:\/\/i0.wp.com\/www.biancoscuro.it\/site\/wp-content\/uploads\/2019\/12\/Man-Ray-Exposition.jpg?resize=350%2C200&ssl=1","width":350,"height":200,"srcset":"https:\/\/i0.wp.com\/www.biancoscuro.it\/site\/wp-content\/uploads\/2019\/12\/Man-Ray-Exposition.jpg?resize=350%2C200&ssl=1 1x, https:\/\/i0.wp.com\/www.biancoscuro.it\/site\/wp-content\/uploads\/2019\/12\/Man-Ray-Exposition.jpg?resize=525%2C300&ssl=1 1.5x, https:\/\/i0.wp.com\/www.biancoscuro.it\/site\/wp-content\/uploads\/2019\/12\/Man-Ray-Exposition.jpg?resize=700%2C400&ssl=1 2x"},"classes":[]},{"id":7176,"url":"https:\/\/www.biancoscuro.it\/site\/eurutopia-fotografie-di-luca-canonici\/","url_meta":{"origin":14498,"position":1},"title":"Eurutopia. Fotografie di Luca Canonici","author":"Roberta Melasecca","date":"30 Aprile 2018","format":false,"excerpt":"Eurutopia Fotografie di Luca Canonici A cura di B\u00e4rbel Reinhard e Marco Signorini Testo critico di Walter Guadagnini 4 maggio 2018 ore 18.30 | RomaItaliaLab | Via dei Marsi 20 | Roma Venerd\u00ec 4 maggio 2018 alle ore 18.30, RomaItaliaLab presenta, nel nuovo spazio RomaItaliaLab in via dei Marsi, 20\u2026","rel":"","context":"In &quot;arte&quot;","block_context":{"text":"arte","link":"https:\/\/www.biancoscuro.it\/site\/category\/arte\/"},"img":{"alt_text":"","src":"https:\/\/i0.wp.com\/www.biancoscuro.it\/site\/wp-content\/uploads\/2018\/04\/Luca_Canonici_Cover.jpg?resize=350%2C200&ssl=1","width":350,"height":200,"srcset":"https:\/\/i0.wp.com\/www.biancoscuro.it\/site\/wp-content\/uploads\/2018\/04\/Luca_Canonici_Cover.jpg?resize=350%2C200&ssl=1 1x, https:\/\/i0.wp.com\/www.biancoscuro.it\/site\/wp-content\/uploads\/2018\/04\/Luca_Canonici_Cover.jpg?resize=525%2C300&ssl=1 1.5x, https:\/\/i0.wp.com\/www.biancoscuro.it\/site\/wp-content\/uploads\/2018\/04\/Luca_Canonici_Cover.jpg?resize=700%2C400&ssl=1 2x"},"classes":[]},{"id":11569,"url":"https:\/\/www.biancoscuro.it\/site\/vita-e-societa-contemporanea-ritratte\/","url_meta":{"origin":14498,"position":2},"title":"Vita e societ\u00e0 contemporanea ritratte","author":"Lucia Garnero","date":"28 Gennaio 2021","format":false,"excerpt":"Al Centro Italiano per la fotografia - CAMERA - di Torino, con il nuovo anno, ha inizio la programmazione prevista, in attesa della riapertura del centro espositivo.\u00a0L\u2019inaugurazione del 2021 avviene con la prosecuzione della mostra di Paolo Ventura, prorogata fino al 14 febbraio, al cui termine inizieranno gli eventi organizzati.\u2026","rel":"","context":"In &quot;eventi&quot;","block_context":{"text":"eventi","link":"https:\/\/www.biancoscuro.it\/site\/category\/eventi\/"},"img":{"alt_text":"","src":"https:\/\/i0.wp.com\/www.biancoscuro.it\/site\/wp-content\/uploads\/2021\/02\/7_Niedermayr_St.jpg?resize=350%2C200&ssl=1","width":350,"height":200,"srcset":"https:\/\/i0.wp.com\/www.biancoscuro.it\/site\/wp-content\/uploads\/2021\/02\/7_Niedermayr_St.jpg?resize=350%2C200&ssl=1 1x, https:\/\/i0.wp.com\/www.biancoscuro.it\/site\/wp-content\/uploads\/2021\/02\/7_Niedermayr_St.jpg?resize=525%2C300&ssl=1 1.5x, https:\/\/i0.wp.com\/www.biancoscuro.it\/site\/wp-content\/uploads\/2021\/02\/7_Niedermayr_St.jpg?resize=700%2C400&ssl=1 2x, https:\/\/i0.wp.com\/www.biancoscuro.it\/site\/wp-content\/uploads\/2021\/02\/7_Niedermayr_St.jpg?resize=1050%2C600&ssl=1 3x, https:\/\/i0.wp.com\/www.biancoscuro.it\/site\/wp-content\/uploads\/2021\/02\/7_Niedermayr_St.jpg?resize=1400%2C800&ssl=1 4x"},"classes":[]},{"id":15532,"url":"https:\/\/www.biancoscuro.it\/site\/walter-bonatti-novita-al-museomontagna\/","url_meta":{"origin":14498,"position":3},"title":"Walter Bonatti | Novit\u00e0 al Museomontagna","author":"Redazione BIANCOSCURO","date":"28 Febbraio 2023","format":false,"excerpt":"Dall'Archivio Walter Bonatti, fotografie ed oggetti originali racconteranno le \"due vite\" di una delle figure pi\u00f9 amate del Novecento: la prima dedicata all'alpinismo estremo, la seconda all'esplorazione di terre e culture lontane. Archivio Walter Bonatti. Centro Documentazione Museomontagna La nuova sezione espositiva permanente al Museomontagna da venerd\u00ec 3 marzo La\u2026","rel":"","context":"In &quot;arte&quot;","block_context":{"text":"arte","link":"https:\/\/www.biancoscuro.it\/site\/category\/arte\/"},"img":{"alt_text":"","src":"https:\/\/i0.wp.com\/www.biancoscuro.it\/site\/wp-content\/uploads\/2023\/02\/Archivio-Walter-Bonatti.-Centro-Documentazione-Museomontagna2.jpg?resize=350%2C200&ssl=1","width":350,"height":200,"srcset":"https:\/\/i0.wp.com\/www.biancoscuro.it\/site\/wp-content\/uploads\/2023\/02\/Archivio-Walter-Bonatti.-Centro-Documentazione-Museomontagna2.jpg?resize=350%2C200&ssl=1 1x, https:\/\/i0.wp.com\/www.biancoscuro.it\/site\/wp-content\/uploads\/2023\/02\/Archivio-Walter-Bonatti.-Centro-Documentazione-Museomontagna2.jpg?resize=525%2C300&ssl=1 1.5x, https:\/\/i0.wp.com\/www.biancoscuro.it\/site\/wp-content\/uploads\/2023\/02\/Archivio-Walter-Bonatti.-Centro-Documentazione-Museomontagna2.jpg?resize=700%2C400&ssl=1 2x"},"classes":[]},{"id":10427,"url":"https:\/\/www.biancoscuro.it\/site\/lo-spirito-di-sahiwal-nelle-immagini-del-fotografo-pakistano-sohail-karmani\/","url_meta":{"origin":14498,"position":4},"title":"Lo spirito di Sahiwal nelle immagini del fotografo pakistano Sohail Karmani","author":"Chiara","date":"14 Febbraio 2020","format":false,"excerpt":"Si terr\u00e0 marted\u00ec 18 febbraio alle 18.30 alla FONDAZIONE GIANFRANCO FERR\u00c9 a Milano, Via Tortona 37, la presentazione del volume\u00a0The Spirit of Sahiwal\u00a0del docente e fotografo pakistano SOHAIL KARMANI, edito da Skira.\u00a0 Interverranno: l\u2019Assessore alla Cultura Filippo Del Corno, il critico e docente di fotografia Roberto Mutti, il fotografo\u00a0Mustafa Sabbagh,\u2026","rel":"","context":"In &quot;arte&quot;","block_context":{"text":"arte","link":"https:\/\/www.biancoscuro.it\/site\/category\/arte\/"},"img":{"alt_text":"","src":"https:\/\/i0.wp.com\/www.biancoscuro.it\/site\/wp-content\/uploads\/2020\/02\/Sohail-Karman-cover-web.jpg?resize=350%2C200&ssl=1","width":350,"height":200,"srcset":"https:\/\/i0.wp.com\/www.biancoscuro.it\/site\/wp-content\/uploads\/2020\/02\/Sohail-Karman-cover-web.jpg?resize=350%2C200&ssl=1 1x, https:\/\/i0.wp.com\/www.biancoscuro.it\/site\/wp-content\/uploads\/2020\/02\/Sohail-Karman-cover-web.jpg?resize=525%2C300&ssl=1 1.5x, https:\/\/i0.wp.com\/www.biancoscuro.it\/site\/wp-content\/uploads\/2020\/02\/Sohail-Karman-cover-web.jpg?resize=700%2C400&ssl=1 2x"},"classes":[]},{"id":7241,"url":"https:\/\/www.biancoscuro.it\/site\/al-mast-a-bologna-una-grande-mostra-dedicata-al-fotografo-americano-w-eugene-smith\/","url_meta":{"origin":14498,"position":5},"title":"Al MAST a Bologna una grande mostra dedicata al fotografo americano W. Eugene Smith","author":"Chiara","date":"15 Maggio 2018","format":false,"excerpt":"Apre gioved\u00ec 17 maggio al MAST a Bologna la mostra\u00a0W. EUGENE SMITH: PITTSBURGH\u00a0Ritratto di una citt\u00e0 industriale,\u00a0la prima mostra in Italia interamente dedicata all\u2019opera che il grande fotografo americano ha realizzato a partire dal 1955 sulla citt\u00e0 industriale di Pittsburgh, Pennsylvania. Nel centenario\u00a0della nascita di uno dei protagonisti della fotografia\u2026","rel":"","context":"In &quot;arte&quot;","block_context":{"text":"arte","link":"https:\/\/www.biancoscuro.it\/site\/category\/arte\/"},"img":{"alt_text":"","src":"https:\/\/i0.wp.com\/www.biancoscuro.it\/site\/wp-content\/uploads\/2018\/05\/10.-Eugene-Smith_Workman-in-Mill.jpg?resize=350%2C200&ssl=1","width":350,"height":200,"srcset":"https:\/\/i0.wp.com\/www.biancoscuro.it\/site\/wp-content\/uploads\/2018\/05\/10.-Eugene-Smith_Workman-in-Mill.jpg?resize=350%2C200&ssl=1 1x, https:\/\/i0.wp.com\/www.biancoscuro.it\/site\/wp-content\/uploads\/2018\/05\/10.-Eugene-Smith_Workman-in-Mill.jpg?resize=525%2C300&ssl=1 1.5x, https:\/\/i0.wp.com\/www.biancoscuro.it\/site\/wp-content\/uploads\/2018\/05\/10.-Eugene-Smith_Workman-in-Mill.jpg?resize=700%2C400&ssl=1 2x"},"classes":[]}],"_links":{"self":[{"href":"https:\/\/www.biancoscuro.it\/site\/wp-json\/wp\/v2\/posts\/14498","targetHints":{"allow":["GET"]}}],"collection":[{"href":"https:\/\/www.biancoscuro.it\/site\/wp-json\/wp\/v2\/posts"}],"about":[{"href":"https:\/\/www.biancoscuro.it\/site\/wp-json\/wp\/v2\/types\/post"}],"author":[{"embeddable":true,"href":"https:\/\/www.biancoscuro.it\/site\/wp-json\/wp\/v2\/users\/917"}],"replies":[{"embeddable":true,"href":"https:\/\/www.biancoscuro.it\/site\/wp-json\/wp\/v2\/comments?post=14498"}],"version-history":[{"count":0,"href":"https:\/\/www.biancoscuro.it\/site\/wp-json\/wp\/v2\/posts\/14498\/revisions"}],"wp:featuredmedia":[{"embeddable":true,"href":"https:\/\/www.biancoscuro.it\/site\/wp-json\/wp\/v2\/media\/14500"}],"wp:attachment":[{"href":"https:\/\/www.biancoscuro.it\/site\/wp-json\/wp\/v2\/media?parent=14498"}],"wp:term":[{"taxonomy":"category","embeddable":true,"href":"https:\/\/www.biancoscuro.it\/site\/wp-json\/wp\/v2\/categories?post=14498"},{"taxonomy":"post_tag","embeddable":true,"href":"https:\/\/www.biancoscuro.it\/site\/wp-json\/wp\/v2\/tags?post=14498"}],"curies":[{"name":"wp","href":"https:\/\/api.w.org\/{rel}","templated":true}]}}