{"id":14514,"date":"2022-10-22T10:10:00","date_gmt":"2022-10-22T08:10:00","guid":{"rendered":"https:\/\/www.biancoscuro.it\/site\/?p=14514"},"modified":"2022-10-22T10:55:32","modified_gmt":"2022-10-22T08:55:32","slug":"epistola-ai-naviganti-un-viaggio-metafisico-in-compagnia-di-raffaele-rossi","status":"publish","type":"post","link":"https:\/\/www.biancoscuro.it\/site\/epistola-ai-naviganti-un-viaggio-metafisico-in-compagnia-di-raffaele-rossi\/","title":{"rendered":"Epistola ai naviganti, un viaggio metafisico in compagnia di Raffaele Rossi"},"content":{"rendered":"<span class=\"span-reading-time rt-reading-time\" style=\"display: block;\"><span class=\"rt-label rt-prefix\">\u23f0 lettura <\/span> <span class=\"rt-time\"> 3<\/span> <span class=\"rt-label rt-postfix\">min. <br><br><\/span><\/span>\n<p><strong>\u201c<\/strong><em>Nessun limite e costrizione pu\u00f2 impedire il viaggio in noi stessi dove scopriamo e incontriamo nuove realt\u00e0 in cui poter gioire e conoscere. Spazi ed esseri senza tempo, che ci guidano e accompagnano nel magico volo, si rivelano a noi. Epifania di nuovi mondi<\/em>\u201d.   <br \/>R.F.<\/p>\n\n\n\n<figure class=\"wp-block-image size-full\"><img loading=\"lazy\" decoding=\"async\" width=\"749\" height=\"595\" src=\"https:\/\/www.biancoscuro.it\/site\/wp-content\/uploads\/2022\/10\/Raffaele-Rossi-Apparizione-2021-affresco-e-tecnica-mista-su-tavola-cm-115x145-1.jpg\" alt=\"\" class=\"wp-image-14520\" srcset=\"https:\/\/www.biancoscuro.it\/site\/wp-content\/uploads\/2022\/10\/Raffaele-Rossi-Apparizione-2021-affresco-e-tecnica-mista-su-tavola-cm-115x145-1.jpg 749w, https:\/\/www.biancoscuro.it\/site\/wp-content\/uploads\/2022\/10\/Raffaele-Rossi-Apparizione-2021-affresco-e-tecnica-mista-su-tavola-cm-115x145-1-300x238.jpg 300w, https:\/\/www.biancoscuro.it\/site\/wp-content\/uploads\/2022\/10\/Raffaele-Rossi-Apparizione-2021-affresco-e-tecnica-mista-su-tavola-cm-115x145-1-600x477.jpg 600w\" sizes=\"auto, (max-width: 749px) 100vw, 749px\" \/><figcaption>Raffaele Rossi &#8211; Apparizione, 2021 &#8211; affresco e tecnica mista su tavola &#8211; cm 115&#215;145<\/figcaption><\/figure>\n\n\n\n<hr class=\"wp-block-separator has-alpha-channel-opacity is-style-dots\"\/>\n\n\n\n<p><strong>Raffaele Rossi <\/strong>\u00e8 un pittore e scultore piemontese, classe 1956.<br \/>Dopo il liceo artistico, ancora giovanissimo, rimane affascinato dalla <em>Pittura antica Veneziana<\/em> e dalla tecnica dell\u2019affresco, che approfondisce e fa sua, utilizzando anche materiali antichi.<br \/>Nella bottega dei due pittori veneziani <strong>Valeria Rambelli<\/strong> e <strong>Ottone Marabini<\/strong>, apprende arcaiche tecniche di esecuzione pittorica come l\u2019utilizzo della <em>tempera all\u2019uovo<\/em>, uno dei pi\u00f9 antichi metodi di preparazione dei colori, e l\u2019allestimento di tavole e tele.<br \/>Ventenne, inizia ad esporre in tutto il mondo, dall\u2019oriente al sud America, dove conoscer\u00e0 l\u2019amico del cuore <strong>Pablo Atchugarry<\/strong>, con il quale condivide moltissime esperienze artistiche.<br \/>Appassionato di intonaci e basi materiche, le sue opere si caratterizzano per le superfici spesse realizzate con malte di calce e l\u2019uso di materiali quali polveri di marmo, sabbie e collanti naturali, dipingendo su superfici di legno e tela.<\/p>\n\n\n\n<figure class=\"wp-block-image size-full is-resized\"><img loading=\"lazy\" decoding=\"async\" src=\"https:\/\/www.biancoscuro.it\/site\/wp-content\/uploads\/2022\/10\/Raffaele-Rossi-Paesaggio-dellanima-mia-2017-affresco-e-tecnica-mista-su-tela-e-tavola-cm-435x285-2.jpg\" alt=\"\" class=\"wp-image-14519\" width=\"541\" height=\"773\" srcset=\"https:\/\/www.biancoscuro.it\/site\/wp-content\/uploads\/2022\/10\/Raffaele-Rossi-Paesaggio-dellanima-mia-2017-affresco-e-tecnica-mista-su-tela-e-tavola-cm-435x285-2.jpg 448w, https:\/\/www.biancoscuro.it\/site\/wp-content\/uploads\/2022\/10\/Raffaele-Rossi-Paesaggio-dellanima-mia-2017-affresco-e-tecnica-mista-su-tela-e-tavola-cm-435x285-2-210x300.jpg 210w\" sizes=\"auto, (max-width: 541px) 100vw, 541px\" \/><figcaption>Raffaele Rossi &#8211; Paesaggio dell\u2019anima mia, 2017 &#8211; affresco e tecnica mista su tela e tavola &#8211; cm 43,5&#215;28,5<\/figcaption><\/figure>\n\n\n\n<hr class=\"wp-block-separator has-alpha-channel-opacity is-style-dots\"\/>\n\n\n\n<p>L\u2019artista, appassionato di studi riguardanti l\u2019<em>Antroposofia <\/em>di <strong>Rudolf Steiner,<\/strong> \u00e8 particolarmente affascinato dall\u2019<em>Alchimia<\/em>, insieme di conoscenze e pratiche che studiavano la trasformazione del piombo in oro.<br \/>Come il piombo cambia, trasmuta in oro raggiungendo la perfezione, cos\u00ec anche l\u2019uomo compie il suo cammino sino alla rinascita, raggiungendo la perfezione tramite un processo di purificazione.<br \/>I suoi lavori si fondono sulla <em>materia<\/em> e sulla <strong>metamorfosi<\/strong>, in un contesto onirico, quasi esoterico.<br \/>L\u2019essere umano \u00e8 al centro di tutto: vengono rappresentati il suo subconscio e le sue emozioni, anche le pi\u00f9 complesse.<\/p>\n\n\n\n<p>Il titolo della mostra <strong>Epistola ai naviganti<\/strong>, visitabile fino al 12 Novembre, fa riferimento al viaggio, fisico e metaforico, che compie l\u2019uomo durante il corso della sua vita.<br \/>In <strong>Apparizioni<\/strong> sembra di scorgere una gondola, forse traghettatrice di anime dopo la morte.<br \/>Anche in <strong>Visioni in laguna<\/strong> possiamo intravedere un\u2019imbarcazione, sospesa in una superficie bianca. <br \/>Il luogo figurato dove avviene il pellegrinaggio \u00e8 la psiche.<\/p>\n\n\n\n<figure class=\"wp-block-image size-large\"><img loading=\"lazy\" decoding=\"async\" width=\"1024\" height=\"974\" src=\"https:\/\/www.biancoscuro.it\/site\/wp-content\/uploads\/2022\/10\/Raffaele-Rossi-Apparizione-2022-affresco-e-tecnica-mista-su-tavola-O-cm-505-2-1024x974.jpg\" alt=\"\" class=\"wp-image-14517\" srcset=\"https:\/\/www.biancoscuro.it\/site\/wp-content\/uploads\/2022\/10\/Raffaele-Rossi-Apparizione-2022-affresco-e-tecnica-mista-su-tavola-O-cm-505-2-1024x974.jpg 1024w, https:\/\/www.biancoscuro.it\/site\/wp-content\/uploads\/2022\/10\/Raffaele-Rossi-Apparizione-2022-affresco-e-tecnica-mista-su-tavola-O-cm-505-2-300x285.jpg 300w, https:\/\/www.biancoscuro.it\/site\/wp-content\/uploads\/2022\/10\/Raffaele-Rossi-Apparizione-2022-affresco-e-tecnica-mista-su-tavola-O-cm-505-2-768x731.jpg 768w, https:\/\/www.biancoscuro.it\/site\/wp-content\/uploads\/2022\/10\/Raffaele-Rossi-Apparizione-2022-affresco-e-tecnica-mista-su-tavola-O-cm-505-2-600x571.jpg 600w, https:\/\/www.biancoscuro.it\/site\/wp-content\/uploads\/2022\/10\/Raffaele-Rossi-Apparizione-2022-affresco-e-tecnica-mista-su-tavola-O-cm-505-2.jpg 1067w\" sizes=\"auto, (max-width: 1024px) 100vw, 1024px\" \/><figcaption>Raffaele Rossi &#8211; Apparizione, 2022 &#8211; affresco e tecnica mista su tavola &#8211; \u00d8 cm 50,5<\/figcaption><\/figure>\n\n\n\n<hr class=\"wp-block-separator has-alpha-channel-opacity is-style-dots\"\/>\n\n\n\n<p>Le tavole presentate alla mostra a <strong>Palazzo del Parco<\/strong>, in collaborazione con <strong>l\u2019Assessorato per i Beni e le Attivit\u00e0 culturali<\/strong> del <strong>Comune di Diano Marina<\/strong> e la <strong>Civiero Art Gallery<\/strong>, appartengono tutte al periodo tra il 2018 e il 2022.<br \/>Testimoniano come l\u2019artista, attraverso diversi materiali come colle,pigmenti, lamine di rame e piombo, sia in grado di guidarci in una ricerca sugli stati d\u2019animo, impiegando varie tecniche che lo portano ad inedite sperimentazioni.<br \/>Appaiono cos\u00ec immagini evanescenti che rievocano gli elementi naturali di acqua, terra, aria e fuoco, e che si mescolano ad ambientazioni oniriche.<br \/>Suggerisce allo spettatore un\u2019indagine introspettiva, inducendolo ad interrogarsi sull\u2019esistenza o meno di un\u2019altra realt\u00e0 di vita a noi parallela.<\/p>\n\n\n\n<figure class=\"wp-block-image size-large\"><img loading=\"lazy\" decoding=\"async\" width=\"1024\" height=\"775\" src=\"https:\/\/www.biancoscuro.it\/site\/wp-content\/uploads\/2022\/10\/Raffaele-Rossi-Visione-in-laguna-2020-affresco-e-tecnica-mista-su-tavola-cm-95x125-1-1024x775.jpg\" alt=\"\" class=\"wp-image-14518\" srcset=\"https:\/\/www.biancoscuro.it\/site\/wp-content\/uploads\/2022\/10\/Raffaele-Rossi-Visione-in-laguna-2020-affresco-e-tecnica-mista-su-tavola-cm-95x125-1-1024x775.jpg 1024w, https:\/\/www.biancoscuro.it\/site\/wp-content\/uploads\/2022\/10\/Raffaele-Rossi-Visione-in-laguna-2020-affresco-e-tecnica-mista-su-tavola-cm-95x125-1-300x227.jpg 300w, https:\/\/www.biancoscuro.it\/site\/wp-content\/uploads\/2022\/10\/Raffaele-Rossi-Visione-in-laguna-2020-affresco-e-tecnica-mista-su-tavola-cm-95x125-1-768x581.jpg 768w, https:\/\/www.biancoscuro.it\/site\/wp-content\/uploads\/2022\/10\/Raffaele-Rossi-Visione-in-laguna-2020-affresco-e-tecnica-mista-su-tavola-cm-95x125-1-600x454.jpg 600w, https:\/\/www.biancoscuro.it\/site\/wp-content\/uploads\/2022\/10\/Raffaele-Rossi-Visione-in-laguna-2020-affresco-e-tecnica-mista-su-tavola-cm-95x125-1.jpg 1165w\" sizes=\"auto, (max-width: 1024px) 100vw, 1024px\" \/><figcaption>Raffaele Rossi &#8211; Visione in laguna, 2020 &#8211; affresco e tecnica mista su tavola &#8211; cm 95&#215;125<\/figcaption><\/figure>\n\n\n\n<hr class=\"wp-block-separator has-alpha-channel-opacity is-style-dots\"\/>\n\n\n\n<pre class=\"wp-block-preformatted\">Sala \u201cR.Falchi, Palazzo del Parco\u201d<br \/>Corso Garibaldi 60, Diano Marina (IM)<br \/>15 Ottobre - 12 Novembre&nbsp;<br \/>tutti i giorni dalle 16:00 alle 19:00<br \/>domenica e festivi su appuntamento<\/pre>\n","protected":false},"excerpt":{"rendered":"<p><span class=\"span-reading-time rt-reading-time\" style=\"display: block;\"><span class=\"rt-label rt-prefix\">\u23f0 lettura <\/span> <span class=\"rt-time\"> 3<\/span> <span class=\"rt-label rt-postfix\">min. <\/p>\n<p><\/span><\/span>\u201cNessun limite e costrizione pu\u00f2 impedire il viaggio in noi stessi dove scopriamo e incontriamo nuove realt\u00e0 in cui poter gioire e conoscere. Spazi ed esseri senza tempo, che ci guidano e accompagnano nel magico volo, si rivelano a noi. Epifania di nuovi mondi\u201d. R.F. Raffaele Rossi \u00e8 un pittore e scultore piemontese, classe 1956.Dopo&hellip;&nbsp;<a href=\"https:\/\/www.biancoscuro.it\/site\/epistola-ai-naviganti-un-viaggio-metafisico-in-compagnia-di-raffaele-rossi\/\" rel=\"bookmark\">Leggi tutto &raquo;<span class=\"screen-reader-text\">Epistola ai naviganti, un viaggio metafisico in compagnia di Raffaele Rossi<\/span><\/a><\/p>\n","protected":false},"author":1121,"featured_media":14515,"comment_status":"closed","ping_status":"closed","sticky":false,"template":"","format":"standard","meta":{"neve_meta_sidebar":"","neve_meta_container":"","neve_meta_enable_content_width":"","neve_meta_content_width":0,"neve_meta_title_alignment":"","neve_meta_author_avatar":"","neve_post_elements_order":"","neve_meta_disable_header":"","neve_meta_disable_footer":"","neve_meta_disable_title":"","advanced_seo_description":"","jetpack_seo_html_title":"","jetpack_seo_noindex":false,"footnotes":""},"categories":[5,24,6],"tags":[449,2211],"class_list":["post-14514","post","type-post","status-publish","format-standard","has-post-thumbnail","hentry","category-arte","category-mostre","category-pittura","tag-arte","tag-pittura-contemporanea"],"jetpack_featured_media_url":"https:\/\/www.biancoscuro.it\/site\/wp-content\/uploads\/2022\/10\/Raffaele-Rossi-Apparizione-2022-affresco-e-tecnica-mista-su-tavola-O-cm-505.jpg","jetpack_sharing_enabled":true,"jetpack-related-posts":[{"id":17095,"url":"https:\/\/www.biancoscuro.it\/site\/de-aqua-30-artisti-doggi-riflettono-sullacqua\/","url_meta":{"origin":14514,"position":0},"title":"DE AQUA &#8211; 30 artisti d\u2019oggi riflettono sull\u2019acqua","author":"Roberta Melasecca","date":"23 Marzo 2024","format":false,"excerpt":"Mercoled\u00ec 3 aprile 2024 alle ore 17.00, inaugura, presso le sale della Galleria della Biblioteca Angelica, prestigioso spazio espositivo adibito alle mostre di arte contemporanea, il progetto De Aqua - 30 artisti riflettono sull\u2019acqua, a cura di Stefania Severi, promosso e organizzato dalla FUIS - Federazione Unitaria Italiana Scrittori e\u2026","rel":"","context":"In &quot;eventi&quot;","block_context":{"text":"eventi","link":"https:\/\/www.biancoscuro.it\/site\/category\/eventi\/"},"img":{"alt_text":"","src":"https:\/\/i0.wp.com\/www.biancoscuro.it\/site\/wp-content\/uploads\/2024\/03\/Invito-de-aqua-2-corretto-cop.jpg?resize=350%2C200&ssl=1","width":350,"height":200},"classes":[]},{"id":14326,"url":"https:\/\/www.biancoscuro.it\/site\/impermanenze\/","url_meta":{"origin":14514,"position":1},"title":"IMPERMANENZE","author":"culturalia","date":"15 Ottobre 2022","format":false,"excerpt":"I tanti volti dell\u2019Io nelle opere di Simona Ragazzi e Raffaele Mazzamurro in mostra allo Spazio b5 di Bologna Dal 30 ottobre al 26 novembre 2022 lo Spazio b5 di Bologna ospiter\u00e0 la mostra \u201cImpermanenze\u201d con le opere mai esposte prima di Simona Ragazzi e Raffaele Mazzamurro, a cura di\u2026","rel":"","context":"In &quot;arte&quot;","block_context":{"text":"arte","link":"https:\/\/www.biancoscuro.it\/site\/category\/arte\/"},"img":{"alt_text":"","src":"https:\/\/i0.wp.com\/www.biancoscuro.it\/site\/wp-content\/uploads\/2022\/10\/Simona-Ragazzi-RELAZIONI-2022-scaled-1.jpg?resize=350%2C200&ssl=1","width":350,"height":200,"srcset":"https:\/\/i0.wp.com\/www.biancoscuro.it\/site\/wp-content\/uploads\/2022\/10\/Simona-Ragazzi-RELAZIONI-2022-scaled-1.jpg?resize=350%2C200&ssl=1 1x, https:\/\/i0.wp.com\/www.biancoscuro.it\/site\/wp-content\/uploads\/2022\/10\/Simona-Ragazzi-RELAZIONI-2022-scaled-1.jpg?resize=525%2C300&ssl=1 1.5x, https:\/\/i0.wp.com\/www.biancoscuro.it\/site\/wp-content\/uploads\/2022\/10\/Simona-Ragazzi-RELAZIONI-2022-scaled-1.jpg?resize=700%2C400&ssl=1 2x"},"classes":[]},{"id":14896,"url":"https:\/\/www.biancoscuro.it\/site\/divenire-federica-rossi\/","url_meta":{"origin":14514,"position":2},"title":"\u0393\u03af\u03b3\u03bd\u03bf\u03bc\u03b1\u03b9 | Divenire \u2013 Federica Rossi","author":"Gilda Contemporary Art","date":"15 Novembre 2022","format":false,"excerpt":"Gilda Contemporary Art presenta la prima personale milanese di Federica Rossi dal titolo\u00a0\u03b3\u03af\u03b3\u03bd\u03bf\u03bc\u03b1\u03b9 | Divenire, a cura del direttore artistico della galleria\u00a0Cristina Gilda Artese. La ricerca di Federica Rossi si concentra da sempre sulla natura e le origini degli esseri viventi e la loro continua mutazione ed impermanenza, a partire\u2026","rel":"","context":"In &quot;arte&quot;","block_context":{"text":"arte","link":"https:\/\/www.biancoscuro.it\/site\/category\/arte\/"},"img":{"alt_text":"","src":"https:\/\/i0.wp.com\/www.biancoscuro.it\/site\/wp-content\/uploads\/2022\/11\/GILDA_Federica-Rossi-SACRO-E-PROFANO-2022-pigmenti-e-resina-epossidica-su-tela-100x120cm.jpg?resize=350%2C200&ssl=1","width":350,"height":200,"srcset":"https:\/\/i0.wp.com\/www.biancoscuro.it\/site\/wp-content\/uploads\/2022\/11\/GILDA_Federica-Rossi-SACRO-E-PROFANO-2022-pigmenti-e-resina-epossidica-su-tela-100x120cm.jpg?resize=350%2C200&ssl=1 1x, https:\/\/i0.wp.com\/www.biancoscuro.it\/site\/wp-content\/uploads\/2022\/11\/GILDA_Federica-Rossi-SACRO-E-PROFANO-2022-pigmenti-e-resina-epossidica-su-tela-100x120cm.jpg?resize=525%2C300&ssl=1 1.5x, https:\/\/i0.wp.com\/www.biancoscuro.it\/site\/wp-content\/uploads\/2022\/11\/GILDA_Federica-Rossi-SACRO-E-PROFANO-2022-pigmenti-e-resina-epossidica-su-tela-100x120cm.jpg?resize=700%2C400&ssl=1 2x"},"classes":[]},{"id":1140,"url":"https:\/\/www.biancoscuro.it\/site\/online-il-catalogo-del-nostro-vulcanico-giacomo-rossi\/","url_meta":{"origin":14514,"position":3},"title":"Online il catalogo del nostro vulcanico Giacomo Rossi","author":"Redazione BIANCOSCURO","date":"17 Aprile 2014","format":false,"excerpt":"Finalmente online il catalogo delle opere del VULCANICO\u00a0Giacomo Rossi aggiornato ad aprile 2014. Recensioni: Franco Bulfarini, Francesco Chetta, Maurizio Gnali, Federica Pasini. Realizzazione: Liberementi - www.liberementi.it Editore: Biancoscuro www.biancoscuro.it Clicca qui per vedere online. Se interessato alla realizzazione di un catalogo personale da condividere online su Facebook, twitter, google+, tumblr,\u2026","rel":"","context":"In &quot;arte&quot;","block_context":{"text":"arte","link":"https:\/\/www.biancoscuro.it\/site\/category\/arte\/"},"img":{"alt_text":"Vittorio Sgarbi - Giacomo Rossi - Biancoscuro","src":"https:\/\/i0.wp.com\/www.biancoscuro.it\/site\/wp-content\/uploads\/2014\/04\/rossi-sgarbi.jpg?resize=350%2C200","width":350,"height":200},"classes":[]},{"id":9708,"url":"https:\/\/www.biancoscuro.it\/site\/nino-de-luca-profondi-blu-atelier-2-macro\/","url_meta":{"origin":14514,"position":4},"title":"Nino De Luca &#8211; Profondi blu: #Atelier 2 MACRO","author":"Roberta Melasecca","date":"23 Settembre 2019","format":false,"excerpt":"1 - 6 ottobre 2019 MACRO Museo d\u2019Arte Contemporanea Roma Dal 1 al 6 ottobre 2019 Nino De Luca sar\u00e0 protagonista dell\u2019Atelier 2 del MACRO Museo D\u2019Arte Contemporanea di Roma.\u00a0 Pittore di carriera ormai trentennale, cresciuto lontano da mode e tendenze ma tenacemente legato a una sua idea di arte,\u2026","rel":"","context":"In &quot;arte&quot;","block_context":{"text":"arte","link":"https:\/\/www.biancoscuro.it\/site\/category\/arte\/"},"img":{"alt_text":"","src":"https:\/\/i0.wp.com\/www.biancoscuro.it\/site\/wp-content\/uploads\/2019\/09\/Nino-De-Luca-Ciclo-di-Lampedusa-opera-1-2013-tecnica-mista-e-garza-su-cartone-50x70cm-1.jpg?resize=350%2C200&ssl=1","width":350,"height":200,"srcset":"https:\/\/i0.wp.com\/www.biancoscuro.it\/site\/wp-content\/uploads\/2019\/09\/Nino-De-Luca-Ciclo-di-Lampedusa-opera-1-2013-tecnica-mista-e-garza-su-cartone-50x70cm-1.jpg?resize=350%2C200&ssl=1 1x, https:\/\/i0.wp.com\/www.biancoscuro.it\/site\/wp-content\/uploads\/2019\/09\/Nino-De-Luca-Ciclo-di-Lampedusa-opera-1-2013-tecnica-mista-e-garza-su-cartone-50x70cm-1.jpg?resize=525%2C300&ssl=1 1.5x, https:\/\/i0.wp.com\/www.biancoscuro.it\/site\/wp-content\/uploads\/2019\/09\/Nino-De-Luca-Ciclo-di-Lampedusa-opera-1-2013-tecnica-mista-e-garza-su-cartone-50x70cm-1.jpg?resize=700%2C400&ssl=1 2x"},"classes":[]},{"id":12996,"url":"https:\/\/www.biancoscuro.it\/site\/deja-vu-gianlorenzo-gasperini-vera-rossi\/","url_meta":{"origin":14514,"position":5},"title":"D\u00e9j\u00e0 Vu &#8211; Gianlorenzo Gasperini \/ Vera Rossi","author":"Roberta Melasecca","date":"4 Marzo 2022","format":false,"excerpt":"Gioved\u00ec 10 e venerd\u00ec 11 marzo 2022 Von Buren Contemporary presenta la mostra D\u00e9j\u00e0 Vu di Gianlorenzo Gasperini e Vera Rossi a cura di Michele von B\u00fcren.\u00a0 Il d\u00e9j\u00e0 vu \u00e8 un meccanismo mentale per cui abbiamo la sensazione di vivere frazioni di secondo gi\u00e0 vissute in precedenza, piccoli cortocircuiti\u2026","rel":"","context":"In &quot;arte&quot;","block_context":{"text":"arte","link":"https:\/\/www.biancoscuro.it\/site\/category\/arte\/"},"img":{"alt_text":"","src":"https:\/\/i0.wp.com\/www.biancoscuro.it\/site\/wp-content\/uploads\/2022\/03\/gasperini-rossi.jpg?resize=350%2C200&ssl=1","width":350,"height":200,"srcset":"https:\/\/i0.wp.com\/www.biancoscuro.it\/site\/wp-content\/uploads\/2022\/03\/gasperini-rossi.jpg?resize=350%2C200&ssl=1 1x, https:\/\/i0.wp.com\/www.biancoscuro.it\/site\/wp-content\/uploads\/2022\/03\/gasperini-rossi.jpg?resize=525%2C300&ssl=1 1.5x, https:\/\/i0.wp.com\/www.biancoscuro.it\/site\/wp-content\/uploads\/2022\/03\/gasperini-rossi.jpg?resize=700%2C400&ssl=1 2x, https:\/\/i0.wp.com\/www.biancoscuro.it\/site\/wp-content\/uploads\/2022\/03\/gasperini-rossi.jpg?resize=1050%2C600&ssl=1 3x"},"classes":[]}],"_links":{"self":[{"href":"https:\/\/www.biancoscuro.it\/site\/wp-json\/wp\/v2\/posts\/14514","targetHints":{"allow":["GET"]}}],"collection":[{"href":"https:\/\/www.biancoscuro.it\/site\/wp-json\/wp\/v2\/posts"}],"about":[{"href":"https:\/\/www.biancoscuro.it\/site\/wp-json\/wp\/v2\/types\/post"}],"author":[{"embeddable":true,"href":"https:\/\/www.biancoscuro.it\/site\/wp-json\/wp\/v2\/users\/1121"}],"replies":[{"embeddable":true,"href":"https:\/\/www.biancoscuro.it\/site\/wp-json\/wp\/v2\/comments?post=14514"}],"version-history":[{"count":0,"href":"https:\/\/www.biancoscuro.it\/site\/wp-json\/wp\/v2\/posts\/14514\/revisions"}],"wp:featuredmedia":[{"embeddable":true,"href":"https:\/\/www.biancoscuro.it\/site\/wp-json\/wp\/v2\/media\/14515"}],"wp:attachment":[{"href":"https:\/\/www.biancoscuro.it\/site\/wp-json\/wp\/v2\/media?parent=14514"}],"wp:term":[{"taxonomy":"category","embeddable":true,"href":"https:\/\/www.biancoscuro.it\/site\/wp-json\/wp\/v2\/categories?post=14514"},{"taxonomy":"post_tag","embeddable":true,"href":"https:\/\/www.biancoscuro.it\/site\/wp-json\/wp\/v2\/tags?post=14514"}],"curies":[{"name":"wp","href":"https:\/\/api.w.org\/{rel}","templated":true}]}}