{"id":14773,"date":"2022-11-09T12:00:50","date_gmt":"2022-11-09T11:00:50","guid":{"rendered":"https:\/\/www.biancoscuro.it\/site\/?p=14773"},"modified":"2022-11-09T12:01:06","modified_gmt":"2022-11-09T11:01:06","slug":"mambo-presenta-the-floating-collection","status":"publish","type":"post","link":"https:\/\/www.biancoscuro.it\/site\/mambo-presenta-the-floating-collection\/","title":{"rendered":"MAMbo presenta The Floating Collection"},"content":{"rendered":"<span class=\"span-reading-time rt-reading-time\" style=\"display: block;\"><span class=\"rt-label rt-prefix\">\u23f0 lettura <\/span> <span class=\"rt-time\"> 2<\/span> <span class=\"rt-label rt-postfix\">min. <br><br><\/span><\/span>\n<p>Bologna \u00e8 una citt\u00e0 ricca di storia e cultura.<br \/>Basti pensare che il concetto di universit\u00e0 in Europa nacque proprio qui, nel 1088, con la prima facolt\u00e0 di giurisprudenza.<br \/>Tra portici, piazze, chiese, musei e il merito di essere uno storico polo universitario internazionale, la citt\u00e0 \u00e8 immersa nella storia, ed ogni passo tra i suoi vicoli e le sue vie ce lo ricorda.<\/p>\n\n\n\n<figure class=\"wp-block-image size-full\"><img loading=\"lazy\" decoding=\"async\" width=\"900\" height=\"600\" src=\"https:\/\/www.biancoscuro.it\/site\/wp-content\/uploads\/2022\/11\/FC_MiaoY_phOrnella02.jpg\" alt=\"\" class=\"wp-image-14777\" srcset=\"https:\/\/www.biancoscuro.it\/site\/wp-content\/uploads\/2022\/11\/FC_MiaoY_phOrnella02.jpg 900w, https:\/\/www.biancoscuro.it\/site\/wp-content\/uploads\/2022\/11\/FC_MiaoY_phOrnella02-300x200.jpg 300w, https:\/\/www.biancoscuro.it\/site\/wp-content\/uploads\/2022\/11\/FC_MiaoY_phOrnella02-768x512.jpg 768w, https:\/\/www.biancoscuro.it\/site\/wp-content\/uploads\/2022\/11\/FC_MiaoY_phOrnella02-600x400.jpg 600w\" sizes=\"auto, (max-width: 900px) 100vw, 900px\" \/><figcaption class=\"wp-element-caption\">Miao Ying, ph Ornella<\/figcaption><\/figure>\n\n\n\n<hr class=\"wp-block-separator has-alpha-channel-opacity is-style-dots\" \/>\n\n\n\n<p>La mostra <strong>The Floating Collection<\/strong> ci offre un ulteriore spunto, una chiave alternativa ed inedita su come ripensare alla storia, sperimentando nuovi approcci di indagine e offrendoci strutture narrative che differiscono dalle canoniche impostazioni che caratterizzano il modello museale occidentale.<br \/>Avvalendosi del linguaggio artistico, il percorso, a cura di <strong>Lorenzo Balbi<\/strong> e <strong>Caterina Molteno<\/strong>, vuole offrire al pubblico una sorta di piattaforma di ricerca, dove interagire e confrontarsi: una <em>collezione fluttuante<\/em>.<\/p>\n\n\n\n<figure class=\"wp-block-image size-large\"><img loading=\"lazy\" decoding=\"async\" width=\"1024\" height=\"683\" src=\"https:\/\/www.biancoscuro.it\/site\/wp-content\/uploads\/2022\/11\/FC_AyedA_phODeCarlo_28-1-1024x683.jpg\" alt=\"\" class=\"wp-image-14778\" srcset=\"https:\/\/www.biancoscuro.it\/site\/wp-content\/uploads\/2022\/11\/FC_AyedA_phODeCarlo_28-1-1024x683.jpg 1024w, https:\/\/www.biancoscuro.it\/site\/wp-content\/uploads\/2022\/11\/FC_AyedA_phODeCarlo_28-1-300x200.jpg 300w, https:\/\/www.biancoscuro.it\/site\/wp-content\/uploads\/2022\/11\/FC_AyedA_phODeCarlo_28-1-768x512.jpg 768w, https:\/\/www.biancoscuro.it\/site\/wp-content\/uploads\/2022\/11\/FC_AyedA_phODeCarlo_28-1-600x400.jpg 600w, https:\/\/www.biancoscuro.it\/site\/wp-content\/uploads\/2022\/11\/FC_AyedA_phODeCarlo_28-1-1320x880.jpg 1320w, https:\/\/www.biancoscuro.it\/site\/wp-content\/uploads\/2022\/11\/FC_AyedA_phODeCarlo_28-1.jpg 1500w\" sizes=\"auto, (max-width: 1024px) 100vw, 1024px\" \/><figcaption class=\"wp-element-caption\">Ayed Alex, ph ODeCarlo<\/figcaption><\/figure>\n\n\n\n<hr class=\"wp-block-separator has-alpha-channel-opacity is-style-dots\" \/>\n\n\n\n<p>Ospitata al <strong>MAMbo &#8211; Museo d\u2019Arte Moderna di Bologna<\/strong>, l\u2019esposizione offre la visione di sei artisti, che una volta visitate le numerose collezioni dei musei bolognesi ne hanno presentato una loro personale interpretazione.<br \/><strong>Alex Ayed<\/strong>, <strong>R\u00e4 di Martino<\/strong>, <strong>Cevdet Erek<\/strong>, <strong>David Jablonowski<\/strong>, <strong>Miao Ying<\/strong> e <strong>Alexandra Pirici<\/strong> sono gli ideatori del nuovo immaginario, frutto di una riconsiderazione libera dagli approcci metodologici consueti.<br \/>Ognuno di loro si concentra su un particolare aspetto del Sistema Museale e crea una propria narrazione, conferendo ai manufatti presenti relazioni fittizie, anche fantastiche, ma soprattutto facendo emergere il bisogno ancestrale di catalogare e organizzare gli eventi da parte dell\u2019uomo.<\/p>\n\n\n\n<figure class=\"wp-block-image size-large\"><img loading=\"lazy\" decoding=\"async\" width=\"682\" height=\"1024\" src=\"https:\/\/www.biancoscuro.it\/site\/wp-content\/uploads\/2022\/11\/FC_PiriciA_phODeCarlo_3-682x1024.jpg\" alt=\"\" class=\"wp-image-14780\" srcset=\"https:\/\/www.biancoscuro.it\/site\/wp-content\/uploads\/2022\/11\/FC_PiriciA_phODeCarlo_3-682x1024.jpg 682w, https:\/\/www.biancoscuro.it\/site\/wp-content\/uploads\/2022\/11\/FC_PiriciA_phODeCarlo_3-200x300.jpg 200w, https:\/\/www.biancoscuro.it\/site\/wp-content\/uploads\/2022\/11\/FC_PiriciA_phODeCarlo_3-768x1152.jpg 768w, https:\/\/www.biancoscuro.it\/site\/wp-content\/uploads\/2022\/11\/FC_PiriciA_phODeCarlo_3-600x900.jpg 600w, https:\/\/www.biancoscuro.it\/site\/wp-content\/uploads\/2022\/11\/FC_PiriciA_phODeCarlo_3.jpg 859w\" sizes=\"auto, (max-width: 682px) 100vw, 682px\" \/><figcaption class=\"wp-element-caption\">Pirici Alexandra, ph ODeCarlo<\/figcaption><\/figure>\n\n\n\n<p>Una ricerca antropologica a cui anche il visitatore \u00e8 chiamato a partecipare, dove le opere non vengono esclusivamente esposte ma anche discusse e magari contestate, cos\u00ec da generare un dibattito costruttivo e rendere pi\u00f9 di dinamico il percorso espositivo.<br \/>Il progetto fu gi\u00e0 parzialmente messo in atto dal ciclo di focus espositivi <strong>RE-COLLECTING<\/strong>, filone d\u2019indagine inaugurato nel 2020, nel quale le opere presenti nei musei dell\u2019Ateneo venivano reinterpretate dando vita a una attivit\u00e0 collettiva, un&#8217;occasione per riformulare possibili scenari e soluzioni.<\/p>\n\n\n\n<figure class=\"wp-block-image size-full is-resized\"><img loading=\"lazy\" decoding=\"async\" src=\"https:\/\/www.biancoscuro.it\/site\/wp-content\/uploads\/2022\/11\/FC_Jablonowski_phODeCarlo_27-1.jpg\" alt=\"\" class=\"wp-image-14781\" width=\"599\" height=\"400\" srcset=\"https:\/\/www.biancoscuro.it\/site\/wp-content\/uploads\/2022\/11\/FC_Jablonowski_phODeCarlo_27-1.jpg 500w, https:\/\/www.biancoscuro.it\/site\/wp-content\/uploads\/2022\/11\/FC_Jablonowski_phODeCarlo_27-1-300x200.jpg 300w\" sizes=\"auto, (max-width: 599px) 100vw, 599px\" \/><figcaption class=\"wp-element-caption\">David Jablonowski, ph ODeCarlo<\/figcaption><\/figure>\n\n\n\n<hr class=\"wp-block-separator has-alpha-channel-opacity is-style-dots\" \/>\n\n\n\n<p>La collezione fluttua all\u2019interno della nostra memoria e della nostra fantasia, suggerendoci traiettorie alternative da percorrere per conoscere ed affrontare non solo gli antichi lasciati del patrimonio culturale cittadino, ma anche la realt\u00e0 che ci circonda.<br \/>L\u2019arte ci accompagna durante questo tragitto, valida alleata e consigliera.<\/p>\n\n\n\n<pre class=\"wp-block-preformatted\">MAMbo - Museo d\u2019Arte Moderna di Bologna, Sala delle Ciminiere<br \/>Via Don Giovanni Minzoni, 14, 40121 Bologna BO<br \/>28 ottobre 2022 - 8 gennaio 2023<br \/>T. 051 649 6611<br \/>http:\/\/www.mambo-bologna.org\/<\/pre>\n","protected":false},"excerpt":{"rendered":"<p><span class=\"span-reading-time rt-reading-time\" style=\"display: block;\"><span class=\"rt-label rt-prefix\">\u23f0 lettura <\/span> <span class=\"rt-time\"> 2<\/span> <span class=\"rt-label rt-postfix\">min. <\/p>\n<p><\/span><\/span>Bologna \u00e8 una citt\u00e0 ricca di storia e cultura.Basti pensare che il concetto di universit\u00e0 in Europa nacque proprio qui, nel 1088, con la prima facolt\u00e0 di giurisprudenza.Tra portici, piazze, chiese, musei e il merito di essere uno storico polo universitario internazionale, la citt\u00e0 \u00e8 immersa nella storia, ed ogni passo tra i suoi vicoli&hellip;&nbsp;<a href=\"https:\/\/www.biancoscuro.it\/site\/mambo-presenta-the-floating-collection\/\" rel=\"bookmark\">Leggi tutto &raquo;<span class=\"screen-reader-text\">MAMbo presenta The Floating Collection<\/span><\/a><\/p>\n","protected":false},"author":1121,"featured_media":14784,"comment_status":"closed","ping_status":"closed","sticky":false,"template":"","format":"standard","meta":{"neve_meta_sidebar":"","neve_meta_container":"","neve_meta_enable_content_width":"","neve_meta_content_width":0,"neve_meta_title_alignment":"","neve_meta_author_avatar":"","neve_post_elements_order":"","neve_meta_disable_header":"","neve_meta_disable_footer":"","neve_meta_disable_title":"","advanced_seo_description":"","jetpack_seo_html_title":"","jetpack_seo_noindex":false,"footnotes":""},"categories":[5,334,24,692,676,680],"tags":[449,461,920],"class_list":["post-14773","post","type-post","status-publish","format-standard","has-post-thumbnail","hentry","category-arte","category-installazioni","category-mostre","category-opinione","category-performance","category-videoarte","tag-arte","tag-arte-contemporanea","tag-bologna"],"jetpack_featured_media_url":"https:\/\/www.biancoscuro.it\/site\/wp-content\/uploads\/2022\/11\/The_Floating_Collection_1.jpg","jetpack_sharing_enabled":true,"jetpack-related-posts":[{"id":12884,"url":"https:\/\/www.biancoscuro.it\/site\/a-bologna-the-mast-collection-in-mostra-500-straordinarie-immagini-su-lavoro-industria-e-tecnologia\/","url_meta":{"origin":14773,"position":0},"title":"THE MAST COLLECTION: in mostra 500 straordinarie immagini su lavoro, industria e tecnologia","author":"Chiara","date":"10 Febbraio 2022","format":false,"excerpt":"Da oggi al 22 maggio \u00e8 possibile visitare gratuitamente al MAST a Bologna la prima grande esposizione di opere della Collezione della Fondazione MAST: oltre 500 immagini tra fotografie, album, video di 200 grandi fotografi italiani e internazionali e artisti anonimi. La Collezione della Fondazione MAST conta pi\u00f9 di 6000\u2026","rel":"","context":"In &quot;arte&quot;","block_context":{"text":"arte","link":"https:\/\/www.biancoscuro.it\/site\/category\/arte\/"},"img":{"alt_text":"","src":"https:\/\/i0.wp.com\/www.biancoscuro.it\/site\/wp-content\/uploads\/2022\/02\/11.-MAN_RAY_Elettricita%CC%80.-La-casa.jpg?resize=350%2C200&ssl=1","width":350,"height":200,"srcset":"https:\/\/i0.wp.com\/www.biancoscuro.it\/site\/wp-content\/uploads\/2022\/02\/11.-MAN_RAY_Elettricita%CC%80.-La-casa.jpg?resize=350%2C200&ssl=1 1x, https:\/\/i0.wp.com\/www.biancoscuro.it\/site\/wp-content\/uploads\/2022\/02\/11.-MAN_RAY_Elettricita%CC%80.-La-casa.jpg?resize=525%2C300&ssl=1 1.5x, https:\/\/i0.wp.com\/www.biancoscuro.it\/site\/wp-content\/uploads\/2022\/02\/11.-MAN_RAY_Elettricita%CC%80.-La-casa.jpg?resize=700%2C400&ssl=1 2x"},"classes":[]},{"id":3919,"url":"https:\/\/www.biancoscuro.it\/site\/street-art-banksy-co-bologna-delle-principali-citta-dellurban-art-del-graffiti-writing\/","url_meta":{"origin":14773,"position":1},"title":"Street Art &#8211; Banksy &#038; CO. Bologna: una delle principali citt\u00e0 dell\u2019Urban Art e del Graffiti writing","author":"Vincenzo Chetta","date":"18 Maggio 2016","format":false,"excerpt":"Dalla fine degli anni Sessanta poniamo sotto l\u2019etichetta di \u201cstreet art\u201d diverse forme di arte pubblica indipendente che, riprendendo i codici della cultura pop e del graffittismo, utilizzano il dialogo tra la strada e il web per dare vita a forme decisamente innovative. Il fenomeno socio-culturale del graffitismo urbano ha\u2026","rel":"","context":"In &quot;arte&quot;","block_context":{"text":"arte","link":"https:\/\/www.biancoscuro.it\/site\/category\/arte\/"},"img":{"alt_text":"Dran - Art of Buffing 2010, matita, tempera e spray su carta incollata su tela, 50x61 cm. Collezione Jacques et Thierry, Parigi \u00a9","src":"https:\/\/i0.wp.com\/www.biancoscuro.it\/site\/wp-content\/uploads\/2016\/05\/1-1.jpg?resize=350%2C200&ssl=1","width":350,"height":200,"srcset":"https:\/\/i0.wp.com\/www.biancoscuro.it\/site\/wp-content\/uploads\/2016\/05\/1-1.jpg?resize=350%2C200&ssl=1 1x, https:\/\/i0.wp.com\/www.biancoscuro.it\/site\/wp-content\/uploads\/2016\/05\/1-1.jpg?resize=525%2C300&ssl=1 1.5x, https:\/\/i0.wp.com\/www.biancoscuro.it\/site\/wp-content\/uploads\/2016\/05\/1-1.jpg?resize=700%2C400&ssl=1 2x"},"classes":[]},{"id":10354,"url":"https:\/\/www.biancoscuro.it\/site\/uniform-le-divise-da-lavoro-in-600-scatti-di-fotografi-internazionali-al-mast-a-bologna\/","url_meta":{"origin":14773,"position":2},"title":"UNIFORM. Le divise da lavoro in 600 scatti di fotografi internazionali al MAST a Bologna","author":"Chiara","date":"5 Febbraio 2020","format":false,"excerpt":"Ha da poco inaugurato al MAST a Bologna il nuovo progetto espositivo UNIFORM INTO THE WORK\/OUT OF THE WORK\u00a0, curato da Urs Stahel, dedicato alle uniformi da lavoro\u00a0che, attraverso\u00a0oltre 600 scatti di grandi fotografi internazionali,\u00a0mostra le molteplici tipologie di abbigliamento indossate dai lavoratori in contesti storici, sociali e professionali\u00a0differenti. UNIFORM\u2026","rel":"","context":"In &quot;arte&quot;","block_context":{"text":"arte","link":"https:\/\/www.biancoscuro.it\/site\/category\/arte\/"},"img":{"alt_text":"","src":"https:\/\/i0.wp.com\/www.biancoscuro.it\/site\/wp-content\/uploads\/2020\/02\/19.-Sebastia%CC%83o-Salgado.jpg?resize=350%2C200&ssl=1","width":350,"height":200,"srcset":"https:\/\/i0.wp.com\/www.biancoscuro.it\/site\/wp-content\/uploads\/2020\/02\/19.-Sebastia%CC%83o-Salgado.jpg?resize=350%2C200&ssl=1 1x, https:\/\/i0.wp.com\/www.biancoscuro.it\/site\/wp-content\/uploads\/2020\/02\/19.-Sebastia%CC%83o-Salgado.jpg?resize=525%2C300&ssl=1 1.5x, https:\/\/i0.wp.com\/www.biancoscuro.it\/site\/wp-content\/uploads\/2020\/02\/19.-Sebastia%CC%83o-Salgado.jpg?resize=700%2C400&ssl=1 2x"},"classes":[]},{"id":7241,"url":"https:\/\/www.biancoscuro.it\/site\/al-mast-a-bologna-una-grande-mostra-dedicata-al-fotografo-americano-w-eugene-smith\/","url_meta":{"origin":14773,"position":3},"title":"Al MAST a Bologna una grande mostra dedicata al fotografo americano W. Eugene Smith","author":"Chiara","date":"15 Maggio 2018","format":false,"excerpt":"Apre gioved\u00ec 17 maggio al MAST a Bologna la mostra\u00a0W. EUGENE SMITH: PITTSBURGH\u00a0Ritratto di una citt\u00e0 industriale,\u00a0la prima mostra in Italia interamente dedicata all\u2019opera che il grande fotografo americano ha realizzato a partire dal 1955 sulla citt\u00e0 industriale di Pittsburgh, Pennsylvania. Nel centenario\u00a0della nascita di uno dei protagonisti della fotografia\u2026","rel":"","context":"In &quot;arte&quot;","block_context":{"text":"arte","link":"https:\/\/www.biancoscuro.it\/site\/category\/arte\/"},"img":{"alt_text":"","src":"https:\/\/i0.wp.com\/www.biancoscuro.it\/site\/wp-content\/uploads\/2018\/05\/10.-Eugene-Smith_Workman-in-Mill.jpg?resize=350%2C200&ssl=1","width":350,"height":200,"srcset":"https:\/\/i0.wp.com\/www.biancoscuro.it\/site\/wp-content\/uploads\/2018\/05\/10.-Eugene-Smith_Workman-in-Mill.jpg?resize=350%2C200&ssl=1 1x, https:\/\/i0.wp.com\/www.biancoscuro.it\/site\/wp-content\/uploads\/2018\/05\/10.-Eugene-Smith_Workman-in-Mill.jpg?resize=525%2C300&ssl=1 1.5x, https:\/\/i0.wp.com\/www.biancoscuro.it\/site\/wp-content\/uploads\/2018\/05\/10.-Eugene-Smith_Workman-in-Mill.jpg?resize=700%2C400&ssl=1 2x"},"classes":[]},{"id":10064,"url":"https:\/\/www.biancoscuro.it\/site\/i-numeri-della-quarta-edizione-di-foto-industria-a-bologna\/","url_meta":{"origin":14773,"position":4},"title":"Foto\/Industria a Bologna | I numeri della IV edizione","author":"Chiara","date":"3 Dicembre 2019","format":false,"excerpt":"La quarta edizione di Foto\/Industria, la Biennale di Fotografia dell\u2019Industria e del Lavoro, promossa organizzata dalla Fondazione MAST, si \u00e8 chiusa il 24 novembre scorso registrando 60.000 visitatori e pi\u00f9 di 173.000 visite totali alle 11 sedi espositive. L\u2019edizione 2019 intitolata \u201cTecnosfera\u201d (24 ottobre \u2013 24 novembre) ha compreso 11\u2026","rel":"","context":"In &quot;arte&quot;","block_context":{"text":"arte","link":"https:\/\/www.biancoscuro.it\/site\/category\/arte\/"},"img":{"alt_text":"","src":"https:\/\/i0.wp.com\/www.biancoscuro.it\/site\/wp-content\/uploads\/2019\/12\/Visitaguidata-S.MariadellaVita-PortodiGenova-14-scaled.jpg?resize=350%2C200&ssl=1","width":350,"height":200,"srcset":"https:\/\/i0.wp.com\/www.biancoscuro.it\/site\/wp-content\/uploads\/2019\/12\/Visitaguidata-S.MariadellaVita-PortodiGenova-14-scaled.jpg?resize=350%2C200&ssl=1 1x, https:\/\/i0.wp.com\/www.biancoscuro.it\/site\/wp-content\/uploads\/2019\/12\/Visitaguidata-S.MariadellaVita-PortodiGenova-14-scaled.jpg?resize=525%2C300&ssl=1 1.5x, https:\/\/i0.wp.com\/www.biancoscuro.it\/site\/wp-content\/uploads\/2019\/12\/Visitaguidata-S.MariadellaVita-PortodiGenova-14-scaled.jpg?resize=700%2C400&ssl=1 2x, https:\/\/i0.wp.com\/www.biancoscuro.it\/site\/wp-content\/uploads\/2019\/12\/Visitaguidata-S.MariadellaVita-PortodiGenova-14-scaled.jpg?resize=1050%2C600&ssl=1 3x, https:\/\/i0.wp.com\/www.biancoscuro.it\/site\/wp-content\/uploads\/2019\/12\/Visitaguidata-S.MariadellaVita-PortodiGenova-14-scaled.jpg?resize=1400%2C800&ssl=1 4x"},"classes":[]},{"id":3176,"url":"https:\/\/www.biancoscuro.it\/site\/berlin-art-week\/","url_meta":{"origin":14773,"position":5},"title":"Berlin Art Week","author":"Redazione BIANCOSCURO","date":"22 Settembre 2015","format":false,"excerpt":"Come far sbocciare l\u2019Arte in una grande citt\u00e0 Berlino si \u00e8 proposta ancora pi\u00f9 creativa del solito dal 15 al 21 settembre, giornate della Berlin Art Week in cui abbiamo potuto toccare con mano tutta la sua forza artistica, incontrando veri geni dell\u2019arte moderna in luoghi fantastici. La Berlin Art\u2026","rel":"","context":"In &quot;arte&quot;","block_context":{"text":"arte","link":"https:\/\/www.biancoscuro.it\/site\/category\/arte\/"},"img":{"alt_text":"","src":"https:\/\/i0.wp.com\/www.biancoscuro.it\/site\/wp-content\/uploads\/2015\/09\/a.jpg?resize=350%2C200&ssl=1","width":350,"height":200,"srcset":"https:\/\/i0.wp.com\/www.biancoscuro.it\/site\/wp-content\/uploads\/2015\/09\/a.jpg?resize=350%2C200&ssl=1 1x, https:\/\/i0.wp.com\/www.biancoscuro.it\/site\/wp-content\/uploads\/2015\/09\/a.jpg?resize=525%2C300&ssl=1 1.5x, https:\/\/i0.wp.com\/www.biancoscuro.it\/site\/wp-content\/uploads\/2015\/09\/a.jpg?resize=700%2C400&ssl=1 2x, https:\/\/i0.wp.com\/www.biancoscuro.it\/site\/wp-content\/uploads\/2015\/09\/a.jpg?resize=1050%2C600&ssl=1 3x, https:\/\/i0.wp.com\/www.biancoscuro.it\/site\/wp-content\/uploads\/2015\/09\/a.jpg?resize=1400%2C800&ssl=1 4x"},"classes":[]}],"_links":{"self":[{"href":"https:\/\/www.biancoscuro.it\/site\/wp-json\/wp\/v2\/posts\/14773","targetHints":{"allow":["GET"]}}],"collection":[{"href":"https:\/\/www.biancoscuro.it\/site\/wp-json\/wp\/v2\/posts"}],"about":[{"href":"https:\/\/www.biancoscuro.it\/site\/wp-json\/wp\/v2\/types\/post"}],"author":[{"embeddable":true,"href":"https:\/\/www.biancoscuro.it\/site\/wp-json\/wp\/v2\/users\/1121"}],"replies":[{"embeddable":true,"href":"https:\/\/www.biancoscuro.it\/site\/wp-json\/wp\/v2\/comments?post=14773"}],"version-history":[{"count":0,"href":"https:\/\/www.biancoscuro.it\/site\/wp-json\/wp\/v2\/posts\/14773\/revisions"}],"wp:featuredmedia":[{"embeddable":true,"href":"https:\/\/www.biancoscuro.it\/site\/wp-json\/wp\/v2\/media\/14784"}],"wp:attachment":[{"href":"https:\/\/www.biancoscuro.it\/site\/wp-json\/wp\/v2\/media?parent=14773"}],"wp:term":[{"taxonomy":"category","embeddable":true,"href":"https:\/\/www.biancoscuro.it\/site\/wp-json\/wp\/v2\/categories?post=14773"},{"taxonomy":"post_tag","embeddable":true,"href":"https:\/\/www.biancoscuro.it\/site\/wp-json\/wp\/v2\/tags?post=14773"}],"curies":[{"name":"wp","href":"https:\/\/api.w.org\/{rel}","templated":true}]}}