{"id":14788,"date":"2022-11-09T17:39:10","date_gmt":"2022-11-09T16:39:10","guid":{"rendered":"https:\/\/www.biancoscuro.it\/site\/?p=14788"},"modified":"2022-11-09T17:39:12","modified_gmt":"2022-11-09T16:39:12","slug":"al-castello-di-novara-la-milano-ottocentesca-romantica-e-scapigliata","status":"publish","type":"post","link":"https:\/\/www.biancoscuro.it\/site\/al-castello-di-novara-la-milano-ottocentesca-romantica-e-scapigliata\/","title":{"rendered":"Al Castello di Novara la Milano ottocentesca romantica e scapigliata"},"content":{"rendered":"<span class=\"span-reading-time rt-reading-time\" style=\"display: block;\"><span class=\"rt-label rt-prefix\">\u23f0 lettura <\/span> <span class=\"rt-time\"> 4<\/span> <span class=\"rt-label rt-postfix\">min. <br><br><\/span><\/span>\n<p><strong><em>Milano da Romantica a Scapigliata<\/em><\/strong> \u00e8 il titolo della mostra da poco inaugurata <strong>al Castello Visconteo Sforzesco di Novara<\/strong>, ideata e prodotta da <strong>Comune di Novara, Fondazione Castello<\/strong> e <strong>Mets Percorsi d\u2019Arte<\/strong>.<\/p>\n\n\n\n<p>Attraverso <strong>oltre settanta capolavori <\/strong>eseguiti dai maggiori protagonisti della cultura figurativa ottocentesca attivi a Milano, la <strong>mostra, aperta fino al 12 marzo 2023<\/strong>,  illustra i mutamenti susseguitesi nel capoluogo lombardo tra gli anni dieci e i primi anni ottanta dell\u2019Ottocento. Decenni turbolenti nei quali Milano ha visto la caduta del Regno napoleonico d\u2019Italia, la costituzione del Regno Lombardo Veneto e la seconda dominazione austriaca, le prime rivolte popolari e le guerre d\u2019indipendenza che nel 1859 avrebbero portato alla liberazione.<\/p>\n\n\n\n<p>Le trasformazioni che gi\u00e0 in epoca teresiana avevano iniziato a modificarne sensibilmente l\u2019aspetto monumentale e urbanistico erano proseguite durante gli anni della Repubblica Cisalpina, del Regno d\u2019Italia, della Restaurazione e del Risorgimento e avevano fatto di Milano una citt\u00e0 moderna e bellissima, crocevia di genti, di culture, di arte. Una citt\u00e0 elegante che avrebbe continuato a rinnovarsi anche nei decenni postunitari. Una citt\u00e0 culturalmente assai vivace, frequentata da viaggiatori stranieri e abitata da un facoltoso ceto borghese, ma nel contempo anche un luogo in cui le differenze sociali cominciavano via via a farsi sempre pi\u00f9 marcate e nella quale gran parte della popolazione viveva in povert\u00e0.<\/p>\n\n\n\n<p>Curato da <strong>Elisabetta Chiodini<\/strong>, coadiuvata da un Comitato scientifico di cui fanno parte Niccol\u00f2 D\u2019Agati, Fernando Mazzocca, Sergio Rebora, il percorso espositivo \u00e8 articolato in <strong>otto sezioni <\/strong>che <strong>ripercorrono l\u2019evoluzione della pittura lombarda dal Romanticismo alla Scapigliatura<\/strong>, fenomeno culturale nato a Milano negli anni sessanta dell\u2019Ottocento che coinvolgeva poeti, letterati, musicisti, artisti, uniti da una profonda insofferenza nei confronti delle convenzioni della societ\u00e0 e della cultura borghese.<\/p>\n\n\n\n<p>Ad aprire la mostra lo <strong>straordinario capolavoro <\/strong>firmato da <strong>Francesco Hayez<\/strong> (1791-1882) <em><strong>Imelda de Lambertazzi <\/strong><\/em>eseguita nel 1853. Segue la prima sezione dedicata alla \u201c<strong>pittura urbana<\/strong>\u201d, che illustra l\u2019evoluzione del paesaggio urbano in epoca romantica con opere di <strong>Giovanni Migliara<\/strong> (1785-1837), Luigi Premazzi (1814-1891), Luigi Bisi (1814-1886), <strong>Giuseppe Canella<\/strong> (1788-1847) e di <strong>Angelo Inganni <\/strong>(1807-1880) in un suggestivo viaggio nel tempo tra le vie, le piazze, lungo i Navigli, proprio negli anni che videro l\u2019inizio della loro trasformazione nei luoghi che noi tutti oggi conosciamo e frequentiamo come nel caso di Piazza del Duomo, della Corsia dei Servi &#8211; l\u2019attuale Corso Vittorio Emanuele &#8211; di Piazza San Babila, di Piazza della Scala e del Verziere. La seconda sezione \u00e8 invece dedicata agli \u201c<strong>attori protagonisti\u201d della storia milanese <\/strong>di quegli anni: persone e personaggi. Sono qui esposti \u201critratti ambientati\u201d e scene di genere di autori come <strong>Giuseppe Molteni<\/strong> (1800-1867), Carlo Arienti (1801-1873), Giovanni Carnovali, pi\u00f9 noto come <strong>il Piccio<\/strong> (1804-1874), oltre ai fratelli <strong>Domenico<\/strong> (1815- 1878) e <strong>Gerolamo Induno <\/strong>(1825-1890). <\/p>\n\n\n\n<p>La terza sezione \u00e8 interamente dedicata alle <strong>Cinque giornate di Milano<\/strong> e agli episodi cruciali che nel marzo del 1848 portarono alla temporanea liberazione di Milano dalla dominazione austriaca. A seguire la sezione dedicata alla <strong>Storia narrata dalla parte del popolo<\/strong>, con una selezione di opere dei fratelli Domenico e Gerolamo Induno che raffigurano gli umili interni domestici della gente comune della Milano di quegli anni e raccontano la loro storia, il loro vivere quotidiano, i drammi e le difficolt\u00e0 di quei tempi estremamente difficili, le loro piccole gioie. La quinta sezione della mostra testimonia il <strong>rinnovamento del linguaggio pittorico <\/strong>attarverso le opere di autori significativi come <strong>Eleuterio Pagliano<\/strong> (1826-1903), Giuseppe Bertini (1825-1898), <strong>Federico Faruffini <\/strong>(1833-1869), <strong>Filippo Carcano <\/strong>(1840-1914), talentuoso e ribelle allievo di Hayez.<\/p>\n\n\n\n<p>Dopo la sesta sezione dedicata alla &#8220;<strong>pittura scombiccherata e impiastricciata\u201d di Filippo Carcano<\/strong>, le cui <strong>sperimentazioni linguistiche<\/strong> condotte nel corso degli anni sessanta erano totalmente incomprese e osteggiate dalla critica, ma abbracciate con entusiasmo da altri giovani artisti, si aprono le ultime due sezioni dedicate al movimento della <strong>Scapigliatura<\/strong> con capolavori di <strong>Tranquillo Cremona<\/strong> (1837-1878) e <strong>Daniele Ranzoni <\/strong>(1843-1889).<\/p>\n\n\n\n<p>La mostra si propone come <strong>un affascinante viaggio per immagini nella Milano dell\u2019Ottocento<\/strong> attraverso alcune opere indimenticabili degli artisti pi\u00f9 noti e molte altre di grande qualit\u00e0 di artisti considerati minori ma da riscoprire, realizzate in un periodo di vivace transizione, dal Romanticismo alla Scapigliatura, che ha segnato la storia dell\u2019arte milanese e lombarda.<\/p>\n\n\n\n<p><em>Con il patrocinio di Regione Piemonte, Commissione Europea, Provincia di Novara, Comune di Milano. Main Sponsor Banco BPM.<\/em><\/p>\n\n\n\n<p>Per maggiori informazioni consultare il sito: <strong>www.metsarte.it<\/strong> <\/p>\n\n\n\n<p>Prevendita biglietti su: <strong>www.vivaticket.com\u00a0<\/strong><\/p>\n\n\n\n<figure class=\"wp-block-gallery has-nested-images columns-default is-cropped wp-block-gallery-1 is-layout-flex wp-block-gallery-is-layout-flex\">\n<figure class=\"wp-block-image size-large\"><img loading=\"lazy\" decoding=\"async\" width=\"901\" height=\"800\" data-id=\"14789\" src=\"https:\/\/www.biancoscuro.it\/site\/wp-content\/uploads\/2022\/11\/1.-Hayez-Imelda-de-Lambertazzi-olio-su-tela-122-x-126-cm.jpg\" alt=\"\" class=\"wp-image-14789\" srcset=\"https:\/\/www.biancoscuro.it\/site\/wp-content\/uploads\/2022\/11\/1.-Hayez-Imelda-de-Lambertazzi-olio-su-tela-122-x-126-cm.jpg 901w, https:\/\/www.biancoscuro.it\/site\/wp-content\/uploads\/2022\/11\/1.-Hayez-Imelda-de-Lambertazzi-olio-su-tela-122-x-126-cm-300x266.jpg 300w, https:\/\/www.biancoscuro.it\/site\/wp-content\/uploads\/2022\/11\/1.-Hayez-Imelda-de-Lambertazzi-olio-su-tela-122-x-126-cm-768x682.jpg 768w, https:\/\/www.biancoscuro.it\/site\/wp-content\/uploads\/2022\/11\/1.-Hayez-Imelda-de-Lambertazzi-olio-su-tela-122-x-126-cm-600x533.jpg 600w\" sizes=\"auto, (max-width: 901px) 100vw, 901px\" \/><\/figure>\n\n\n\n<figure class=\"wp-block-image size-large\"><img loading=\"lazy\" decoding=\"async\" width=\"800\" height=\"1012\" data-id=\"14790\" src=\"https:\/\/www.biancoscuro.it\/site\/wp-content\/uploads\/2022\/11\/5.-Inganni-Veduta-di-Piazza-del-Duomo-con-il-Coperto-dei-Figini-olio-su-tela-176-x-138-cm.jpg\" alt=\"\" class=\"wp-image-14790\" srcset=\"https:\/\/www.biancoscuro.it\/site\/wp-content\/uploads\/2022\/11\/5.-Inganni-Veduta-di-Piazza-del-Duomo-con-il-Coperto-dei-Figini-olio-su-tela-176-x-138-cm.jpg 800w, https:\/\/www.biancoscuro.it\/site\/wp-content\/uploads\/2022\/11\/5.-Inganni-Veduta-di-Piazza-del-Duomo-con-il-Coperto-dei-Figini-olio-su-tela-176-x-138-cm-237x300.jpg 237w, https:\/\/www.biancoscuro.it\/site\/wp-content\/uploads\/2022\/11\/5.-Inganni-Veduta-di-Piazza-del-Duomo-con-il-Coperto-dei-Figini-olio-su-tela-176-x-138-cm-768x972.jpg 768w, https:\/\/www.biancoscuro.it\/site\/wp-content\/uploads\/2022\/11\/5.-Inganni-Veduta-di-Piazza-del-Duomo-con-il-Coperto-dei-Figini-olio-su-tela-176-x-138-cm-600x759.jpg 600w\" sizes=\"auto, (max-width: 800px) 100vw, 800px\" \/><\/figure>\n\n\n\n<figure class=\"wp-block-image size-large\"><img loading=\"lazy\" decoding=\"async\" width=\"1024\" height=\"828\" data-id=\"14791\" src=\"https:\/\/www.biancoscuro.it\/site\/wp-content\/uploads\/2022\/11\/6.-Inganni-Nevicata-ai-Navigli-olio-su-tela-73-x-904-cm-1024x828.jpg\" alt=\"\" class=\"wp-image-14791\" srcset=\"https:\/\/www.biancoscuro.it\/site\/wp-content\/uploads\/2022\/11\/6.-Inganni-Nevicata-ai-Navigli-olio-su-tela-73-x-904-cm-1024x828.jpg 1024w, https:\/\/www.biancoscuro.it\/site\/wp-content\/uploads\/2022\/11\/6.-Inganni-Nevicata-ai-Navigli-olio-su-tela-73-x-904-cm-300x242.jpg 300w, https:\/\/www.biancoscuro.it\/site\/wp-content\/uploads\/2022\/11\/6.-Inganni-Nevicata-ai-Navigli-olio-su-tela-73-x-904-cm-768x621.jpg 768w, https:\/\/www.biancoscuro.it\/site\/wp-content\/uploads\/2022\/11\/6.-Inganni-Nevicata-ai-Navigli-olio-su-tela-73-x-904-cm-600x485.jpg 600w, https:\/\/www.biancoscuro.it\/site\/wp-content\/uploads\/2022\/11\/6.-Inganni-Nevicata-ai-Navigli-olio-su-tela-73-x-904-cm.jpg 1090w\" sizes=\"auto, (max-width: 1024px) 100vw, 1024px\" \/><\/figure>\n\n\n\n<figure class=\"wp-block-image size-large\"><img loading=\"lazy\" decoding=\"async\" width=\"1024\" height=\"781\" data-id=\"14795\" src=\"https:\/\/www.biancoscuro.it\/site\/wp-content\/uploads\/2022\/11\/7.-Canella-Carlo-Porta-Tosa-in-Milano-il-22-marzo-1848-olio-su-tela-74-x-945-cm-2-1024x781.jpg\" alt=\"\" class=\"wp-image-14795\" srcset=\"https:\/\/www.biancoscuro.it\/site\/wp-content\/uploads\/2022\/11\/7.-Canella-Carlo-Porta-Tosa-in-Milano-il-22-marzo-1848-olio-su-tela-74-x-945-cm-2-1024x781.jpg 1024w, https:\/\/www.biancoscuro.it\/site\/wp-content\/uploads\/2022\/11\/7.-Canella-Carlo-Porta-Tosa-in-Milano-il-22-marzo-1848-olio-su-tela-74-x-945-cm-2-300x229.jpg 300w, https:\/\/www.biancoscuro.it\/site\/wp-content\/uploads\/2022\/11\/7.-Canella-Carlo-Porta-Tosa-in-Milano-il-22-marzo-1848-olio-su-tela-74-x-945-cm-2-768x586.jpg 768w, https:\/\/www.biancoscuro.it\/site\/wp-content\/uploads\/2022\/11\/7.-Canella-Carlo-Porta-Tosa-in-Milano-il-22-marzo-1848-olio-su-tela-74-x-945-cm-2-600x458.jpg 600w, https:\/\/www.biancoscuro.it\/site\/wp-content\/uploads\/2022\/11\/7.-Canella-Carlo-Porta-Tosa-in-Milano-il-22-marzo-1848-olio-su-tela-74-x-945-cm-2.jpg 1049w\" sizes=\"auto, (max-width: 1024px) 100vw, 1024px\" \/><\/figure>\n\n\n\n<figure class=\"wp-block-image size-large\"><img loading=\"lazy\" decoding=\"async\" width=\"788\" height=\"1024\" data-id=\"14796\" src=\"https:\/\/www.biancoscuro.it\/site\/wp-content\/uploads\/2022\/11\/10.-Induno-Domenico-Un-pensiero-a-Garibaldi-1863-olio-su-tela-90x70-1-788x1024.jpg\" alt=\"\" class=\"wp-image-14796\" srcset=\"https:\/\/www.biancoscuro.it\/site\/wp-content\/uploads\/2022\/11\/10.-Induno-Domenico-Un-pensiero-a-Garibaldi-1863-olio-su-tela-90x70-1-788x1024.jpg 788w, https:\/\/www.biancoscuro.it\/site\/wp-content\/uploads\/2022\/11\/10.-Induno-Domenico-Un-pensiero-a-Garibaldi-1863-olio-su-tela-90x70-1-231x300.jpg 231w, https:\/\/www.biancoscuro.it\/site\/wp-content\/uploads\/2022\/11\/10.-Induno-Domenico-Un-pensiero-a-Garibaldi-1863-olio-su-tela-90x70-1-768x998.jpg 768w, https:\/\/www.biancoscuro.it\/site\/wp-content\/uploads\/2022\/11\/10.-Induno-Domenico-Un-pensiero-a-Garibaldi-1863-olio-su-tela-90x70-1-600x780.jpg 600w, https:\/\/www.biancoscuro.it\/site\/wp-content\/uploads\/2022\/11\/10.-Induno-Domenico-Un-pensiero-a-Garibaldi-1863-olio-su-tela-90x70-1.jpg 800w\" sizes=\"auto, (max-width: 788px) 100vw, 788px\" \/><\/figure>\n\n\n\n<figure class=\"wp-block-image size-large\"><img loading=\"lazy\" decoding=\"async\" width=\"800\" height=\"982\" data-id=\"14797\" src=\"https:\/\/www.biancoscuro.it\/site\/wp-content\/uploads\/2022\/11\/13.-Carnovali-Il-Piccio-Ritratto-di-Gina-Caccia-olio-su-tela-64-x-52-cm.jpg\" alt=\"\" class=\"wp-image-14797\" srcset=\"https:\/\/www.biancoscuro.it\/site\/wp-content\/uploads\/2022\/11\/13.-Carnovali-Il-Piccio-Ritratto-di-Gina-Caccia-olio-su-tela-64-x-52-cm.jpg 800w, https:\/\/www.biancoscuro.it\/site\/wp-content\/uploads\/2022\/11\/13.-Carnovali-Il-Piccio-Ritratto-di-Gina-Caccia-olio-su-tela-64-x-52-cm-244x300.jpg 244w, https:\/\/www.biancoscuro.it\/site\/wp-content\/uploads\/2022\/11\/13.-Carnovali-Il-Piccio-Ritratto-di-Gina-Caccia-olio-su-tela-64-x-52-cm-768x943.jpg 768w, https:\/\/www.biancoscuro.it\/site\/wp-content\/uploads\/2022\/11\/13.-Carnovali-Il-Piccio-Ritratto-di-Gina-Caccia-olio-su-tela-64-x-52-cm-600x737.jpg 600w\" sizes=\"auto, (max-width: 800px) 100vw, 800px\" \/><\/figure>\n\n\n\n<figure class=\"wp-block-image size-large\"><img loading=\"lazy\" decoding=\"async\" width=\"1004\" height=\"800\" data-id=\"14798\" src=\"https:\/\/www.biancoscuro.it\/site\/wp-content\/uploads\/2022\/11\/14.-Faruffini-Toletta-antica-olio-su-tela-40-x-495-cm.jpg\" alt=\"\" class=\"wp-image-14798\" srcset=\"https:\/\/www.biancoscuro.it\/site\/wp-content\/uploads\/2022\/11\/14.-Faruffini-Toletta-antica-olio-su-tela-40-x-495-cm.jpg 1004w, https:\/\/www.biancoscuro.it\/site\/wp-content\/uploads\/2022\/11\/14.-Faruffini-Toletta-antica-olio-su-tela-40-x-495-cm-300x239.jpg 300w, https:\/\/www.biancoscuro.it\/site\/wp-content\/uploads\/2022\/11\/14.-Faruffini-Toletta-antica-olio-su-tela-40-x-495-cm-768x612.jpg 768w, https:\/\/www.biancoscuro.it\/site\/wp-content\/uploads\/2022\/11\/14.-Faruffini-Toletta-antica-olio-su-tela-40-x-495-cm-600x478.jpg 600w\" sizes=\"auto, (max-width: 1004px) 100vw, 1004px\" \/><\/figure>\n\n\n\n<figure class=\"wp-block-image size-large\"><img loading=\"lazy\" decoding=\"async\" width=\"767\" height=\"1024\" data-id=\"14799\" src=\"https:\/\/www.biancoscuro.it\/site\/wp-content\/uploads\/2022\/11\/15.-Bianchi-Uscita-di-chiesa-olio-su-tela-83-x-64-cm-767x1024.jpg\" alt=\"\" class=\"wp-image-14799\" srcset=\"https:\/\/www.biancoscuro.it\/site\/wp-content\/uploads\/2022\/11\/15.-Bianchi-Uscita-di-chiesa-olio-su-tela-83-x-64-cm-767x1024.jpg 767w, https:\/\/www.biancoscuro.it\/site\/wp-content\/uploads\/2022\/11\/15.-Bianchi-Uscita-di-chiesa-olio-su-tela-83-x-64-cm-225x300.jpg 225w, https:\/\/www.biancoscuro.it\/site\/wp-content\/uploads\/2022\/11\/15.-Bianchi-Uscita-di-chiesa-olio-su-tela-83-x-64-cm-768x1025.jpg 768w, https:\/\/www.biancoscuro.it\/site\/wp-content\/uploads\/2022\/11\/15.-Bianchi-Uscita-di-chiesa-olio-su-tela-83-x-64-cm-600x801.jpg 600w, https:\/\/www.biancoscuro.it\/site\/wp-content\/uploads\/2022\/11\/15.-Bianchi-Uscita-di-chiesa-olio-su-tela-83-x-64-cm.jpg 800w\" sizes=\"auto, (max-width: 767px) 100vw, 767px\" \/><\/figure>\n\n\n\n<figure class=\"wp-block-image size-large\"><img loading=\"lazy\" decoding=\"async\" width=\"877\" height=\"800\" data-id=\"14800\" src=\"https:\/\/www.biancoscuro.it\/site\/wp-content\/uploads\/2022\/11\/18.-Cremona-In-ascolto-olio-su-tela-112-x-128-cm.jpg\" alt=\"\" class=\"wp-image-14800\" srcset=\"https:\/\/www.biancoscuro.it\/site\/wp-content\/uploads\/2022\/11\/18.-Cremona-In-ascolto-olio-su-tela-112-x-128-cm.jpg 877w, https:\/\/www.biancoscuro.it\/site\/wp-content\/uploads\/2022\/11\/18.-Cremona-In-ascolto-olio-su-tela-112-x-128-cm-300x274.jpg 300w, https:\/\/www.biancoscuro.it\/site\/wp-content\/uploads\/2022\/11\/18.-Cremona-In-ascolto-olio-su-tela-112-x-128-cm-768x701.jpg 768w, https:\/\/www.biancoscuro.it\/site\/wp-content\/uploads\/2022\/11\/18.-Cremona-In-ascolto-olio-su-tela-112-x-128-cm-600x547.jpg 600w\" sizes=\"auto, (max-width: 877px) 100vw, 877px\" \/><\/figure>\n\n\n\n<figure class=\"wp-block-image size-large\"><img loading=\"lazy\" decoding=\"async\" width=\"749\" height=\"1024\" data-id=\"14801\" src=\"https:\/\/www.biancoscuro.it\/site\/wp-content\/uploads\/2022\/11\/22.-Ranzoni-Giovinetta-inglese-olio-su-tela-50-x-365-cm-749x1024.jpg\" alt=\"\" class=\"wp-image-14801\" srcset=\"https:\/\/www.biancoscuro.it\/site\/wp-content\/uploads\/2022\/11\/22.-Ranzoni-Giovinetta-inglese-olio-su-tela-50-x-365-cm-749x1024.jpg 749w, https:\/\/www.biancoscuro.it\/site\/wp-content\/uploads\/2022\/11\/22.-Ranzoni-Giovinetta-inglese-olio-su-tela-50-x-365-cm-219x300.jpg 219w, https:\/\/www.biancoscuro.it\/site\/wp-content\/uploads\/2022\/11\/22.-Ranzoni-Giovinetta-inglese-olio-su-tela-50-x-365-cm-768x1050.jpg 768w, https:\/\/www.biancoscuro.it\/site\/wp-content\/uploads\/2022\/11\/22.-Ranzoni-Giovinetta-inglese-olio-su-tela-50-x-365-cm-600x821.jpg 600w, https:\/\/www.biancoscuro.it\/site\/wp-content\/uploads\/2022\/11\/22.-Ranzoni-Giovinetta-inglese-olio-su-tela-50-x-365-cm.jpg 800w\" sizes=\"auto, (max-width: 749px) 100vw, 749px\" \/><\/figure>\n\n\n\n<figure class=\"wp-block-image size-large\"><img loading=\"lazy\" decoding=\"async\" width=\"709\" height=\"1024\" data-id=\"14802\" src=\"https:\/\/www.biancoscuro.it\/site\/wp-content\/uploads\/2022\/11\/20.-Ranzoni-Ritratto-della-signora-Pisani-Dossi-olio-su-tela-86-x-595-cm-709x1024.jpg\" alt=\"\" class=\"wp-image-14802\" srcset=\"https:\/\/www.biancoscuro.it\/site\/wp-content\/uploads\/2022\/11\/20.-Ranzoni-Ritratto-della-signora-Pisani-Dossi-olio-su-tela-86-x-595-cm-709x1024.jpg 709w, https:\/\/www.biancoscuro.it\/site\/wp-content\/uploads\/2022\/11\/20.-Ranzoni-Ritratto-della-signora-Pisani-Dossi-olio-su-tela-86-x-595-cm-208x300.jpg 208w, https:\/\/www.biancoscuro.it\/site\/wp-content\/uploads\/2022\/11\/20.-Ranzoni-Ritratto-della-signora-Pisani-Dossi-olio-su-tela-86-x-595-cm-768x1109.jpg 768w, https:\/\/www.biancoscuro.it\/site\/wp-content\/uploads\/2022\/11\/20.-Ranzoni-Ritratto-della-signora-Pisani-Dossi-olio-su-tela-86-x-595-cm-600x866.jpg 600w, https:\/\/www.biancoscuro.it\/site\/wp-content\/uploads\/2022\/11\/20.-Ranzoni-Ritratto-della-signora-Pisani-Dossi-olio-su-tela-86-x-595-cm.jpg 800w\" sizes=\"auto, (max-width: 709px) 100vw, 709px\" \/><\/figure>\n<\/figure>\n\n\n\n<figure class=\"wp-block-gallery has-nested-images columns-default is-cropped wp-block-gallery-2 is-layout-flex wp-block-gallery-is-layout-flex\"><\/figure>\n","protected":false},"excerpt":{"rendered":"<p><span class=\"span-reading-time rt-reading-time\" style=\"display: block;\"><span class=\"rt-label rt-prefix\">\u23f0 lettura <\/span> <span class=\"rt-time\"> 4<\/span> <span class=\"rt-label rt-postfix\">min. <\/p>\n<p><\/span><\/span>Milano da Romantica a Scapigliata \u00e8 il titolo della mostra da poco inaugurata al Castello Visconteo Sforzesco di Novara, ideata e prodotta da Comune di Novara, Fondazione Castello e Mets Percorsi d\u2019Arte. Attraverso oltre settanta capolavori eseguiti dai maggiori protagonisti della cultura figurativa ottocentesca attivi a Milano, la mostra, aperta fino al 12 marzo 2023,&hellip;&nbsp;<a href=\"https:\/\/www.biancoscuro.it\/site\/al-castello-di-novara-la-milano-ottocentesca-romantica-e-scapigliata\/\" rel=\"bookmark\">Leggi tutto &raquo;<span class=\"screen-reader-text\">Al Castello di Novara la Milano ottocentesca romantica e scapigliata<\/span><\/a><\/p>\n","protected":false},"author":917,"featured_media":14803,"comment_status":"closed","ping_status":"closed","sticky":false,"template":"","format":"standard","meta":{"neve_meta_sidebar":"","neve_meta_container":"","neve_meta_enable_content_width":"","neve_meta_content_width":0,"neve_meta_title_alignment":"","neve_meta_author_avatar":"","neve_post_elements_order":"","neve_meta_disable_header":"","neve_meta_disable_footer":"","neve_meta_disable_title":"","advanced_seo_description":"","jetpack_seo_html_title":"","jetpack_seo_noindex":false,"footnotes":""},"categories":[5],"tags":[],"class_list":["post-14788","post","type-post","status-publish","format-standard","has-post-thumbnail","hentry","category-arte"],"jetpack_featured_media_url":"https:\/\/www.biancoscuro.it\/site\/wp-content\/uploads\/2022\/11\/3.-Canella-Giuseppe-Veduta-della-Corsia-de-Servi-in-Milano-olio-su-tela-815-x-64-cm.jpg","jetpack_sharing_enabled":true,"jetpack-related-posts":[{"id":15474,"url":"https:\/\/www.biancoscuro.it\/site\/prorogata-di-un-mese-la-mostra-milano-da-romantica-a-scapigliata-al-castello-di-novara\/","url_meta":{"origin":14788,"position":0},"title":"&#8220;Milano da Romantica a Scapigliata&#8221; al Castello di Novara [Prorogata]","author":"Chiara","date":"9 Febbraio 2023","format":false,"excerpt":"La mostra \u201cMilano. Da Romantica a Scapigliata\u201d, promossa da Mets - Percorsi d\u2019Arte con Comune di Novara e Fondazione Castello,\u00a0rimarr\u00e0 aperta\u00a0fino al 10 aprile 2023, giorno di Pasquetta. \u201cIl grande successo di pubblico registrato per questa importante esposizione \u2013 spiegano il Sindaco\u00a0Alessandro Canelli\u00a0e il Presidente di Mets\u00a0Paolo Tacchini \u2013\u00a0conferma la\u2026","rel":"","context":"In &quot;arte&quot;","block_context":{"text":"arte","link":"https:\/\/www.biancoscuro.it\/site\/category\/arte\/"},"img":{"alt_text":"","src":"https:\/\/i0.wp.com\/www.biancoscuro.it\/site\/wp-content\/uploads\/2023\/02\/22.-Ranzoni-Giovinetta-inglese-olio-su-tela-50-x-365-cm.jpg?resize=350%2C200&ssl=1","width":350,"height":200,"srcset":"https:\/\/i0.wp.com\/www.biancoscuro.it\/site\/wp-content\/uploads\/2023\/02\/22.-Ranzoni-Giovinetta-inglese-olio-su-tela-50-x-365-cm.jpg?resize=350%2C200&ssl=1 1x, https:\/\/i0.wp.com\/www.biancoscuro.it\/site\/wp-content\/uploads\/2023\/02\/22.-Ranzoni-Giovinetta-inglese-olio-su-tela-50-x-365-cm.jpg?resize=525%2C300&ssl=1 1.5x, https:\/\/i0.wp.com\/www.biancoscuro.it\/site\/wp-content\/uploads\/2023\/02\/22.-Ranzoni-Giovinetta-inglese-olio-su-tela-50-x-365-cm.jpg?resize=700%2C400&ssl=1 2x"},"classes":[]},{"id":11300,"url":"https:\/\/www.biancoscuro.it\/site\/capolavori-divisionisti-on-line-tour-virtuale-della-grande-mostra-a-novara-in-attesa-della-riapertura\/","url_meta":{"origin":14788,"position":1},"title":"Capolavori divisionisti on line","author":"Chiara","date":"25 Novembre 2020","format":false,"excerpt":"Tour virtuale della grande mostra a Novara in attesa della riapertura Attendendo la riapertura al pubblico delle mostre e dei musei in tutta Italia, sono diversi gli eventi espositivi attualmente fruibili sul web. E' il caso della grande mostra dedicata al Divisionismo italiano DIVISIONISMO La rivoluzione della luce REWIND al\u2026","rel":"","context":"In &quot;arte&quot;","block_context":{"text":"arte","link":"https:\/\/www.biancoscuro.it\/site\/category\/arte\/"},"img":{"alt_text":"","src":"https:\/\/i0.wp.com\/www.biancoscuro.it\/site\/wp-content\/uploads\/2020\/11\/DIVISIONISMO-27-Quinsac.jpg?resize=350%2C200&ssl=1","width":350,"height":200,"srcset":"https:\/\/i0.wp.com\/www.biancoscuro.it\/site\/wp-content\/uploads\/2020\/11\/DIVISIONISMO-27-Quinsac.jpg?resize=350%2C200&ssl=1 1x, https:\/\/i0.wp.com\/www.biancoscuro.it\/site\/wp-content\/uploads\/2020\/11\/DIVISIONISMO-27-Quinsac.jpg?resize=525%2C300&ssl=1 1.5x, https:\/\/i0.wp.com\/www.biancoscuro.it\/site\/wp-content\/uploads\/2020\/11\/DIVISIONISMO-27-Quinsac.jpg?resize=700%2C400&ssl=1 2x, https:\/\/i0.wp.com\/www.biancoscuro.it\/site\/wp-content\/uploads\/2020\/11\/DIVISIONISMO-27-Quinsac.jpg?resize=1050%2C600&ssl=1 3x, https:\/\/i0.wp.com\/www.biancoscuro.it\/site\/wp-content\/uploads\/2020\/11\/DIVISIONISMO-27-Quinsac.jpg?resize=1400%2C800&ssl=1 4x"},"classes":[]},{"id":10031,"url":"https:\/\/www.biancoscuro.it\/site\/a-novara-al-castello-visconteo-sforzesco-le-opere-dei-grandi-divisionisti-italiani-nella-mostra-divisionismo-la-rivoluzione-della-luce\/","url_meta":{"origin":14788,"position":2},"title":"DIVISIONISMO La rivoluzione della luce","author":"Chiara","date":"26 Novembre 2019","format":false,"excerpt":"A Novara al Castello Visconteo Sforzesco le opere dei grandi divisionisti italiani Una mostra preziosa e anche inedita quella che si \u00e8 appena aperta a Novara nelle sale Castello Visconteo Sforzesco, dedicata al Divisionismo, movimento considerato prima avanguardia in Italia. Gaetano Previati Maternit\u00e0, 1890-1891 olio su tela, 175,5x412 cm Banco\u2026","rel":"","context":"In &quot;arte&quot;","block_context":{"text":"arte","link":"https:\/\/www.biancoscuro.it\/site\/category\/arte\/"},"img":{"alt_text":"","src":"https:\/\/i0.wp.com\/www.biancoscuro.it\/site\/wp-content\/uploads\/2019\/11\/35.-Segantini-Savognino-dinverno.jpg?resize=350%2C200&ssl=1","width":350,"height":200,"srcset":"https:\/\/i0.wp.com\/www.biancoscuro.it\/site\/wp-content\/uploads\/2019\/11\/35.-Segantini-Savognino-dinverno.jpg?resize=350%2C200&ssl=1 1x, https:\/\/i0.wp.com\/www.biancoscuro.it\/site\/wp-content\/uploads\/2019\/11\/35.-Segantini-Savognino-dinverno.jpg?resize=525%2C300&ssl=1 1.5x, https:\/\/i0.wp.com\/www.biancoscuro.it\/site\/wp-content\/uploads\/2019\/11\/35.-Segantini-Savognino-dinverno.jpg?resize=700%2C400&ssl=1 2x, https:\/\/i0.wp.com\/www.biancoscuro.it\/site\/wp-content\/uploads\/2019\/11\/35.-Segantini-Savognino-dinverno.jpg?resize=1050%2C600&ssl=1 3x"},"classes":[]},{"id":12554,"url":"https:\/\/www.biancoscuro.it\/site\/il-mito-di-venezia-in-una-grande-mostra-al-castello-di-novara\/","url_meta":{"origin":14788,"position":3},"title":"Il mito di Venezia in una grande mostra al Castello di Novara","author":"Chiara","date":"16 Novembre 2021","format":false,"excerpt":"Nelle sale del Castello Visconteo Sforzesco di Novara \u00e8 stata da poco inaugurata la mostra IL MITO DI VENEZIA da Hayez alla Biennale, a cura di Elisabetta Chiodini, organizzata da Mets Percorsi d\u2019arte, Fondazione Castello e Comune di Novara per celebrare i 1600 anni della citt\u00e0 di Venezia, la cui\u2026","rel":"","context":"In &quot;arte&quot;","block_context":{"text":"arte","link":"https:\/\/www.biancoscuro.it\/site\/category\/arte\/"},"img":{"alt_text":"","src":"https:\/\/i0.wp.com\/www.biancoscuro.it\/site\/wp-content\/uploads\/2021\/11\/9.-Ciardi-G.-Veduta-della-laguna-veneziana-1882-olio-su-tela-62-x-102-cm.jpg?resize=350%2C200&ssl=1","width":350,"height":200,"srcset":"https:\/\/i0.wp.com\/www.biancoscuro.it\/site\/wp-content\/uploads\/2021\/11\/9.-Ciardi-G.-Veduta-della-laguna-veneziana-1882-olio-su-tela-62-x-102-cm.jpg?resize=350%2C200&ssl=1 1x, https:\/\/i0.wp.com\/www.biancoscuro.it\/site\/wp-content\/uploads\/2021\/11\/9.-Ciardi-G.-Veduta-della-laguna-veneziana-1882-olio-su-tela-62-x-102-cm.jpg?resize=525%2C300&ssl=1 1.5x, https:\/\/i0.wp.com\/www.biancoscuro.it\/site\/wp-content\/uploads\/2021\/11\/9.-Ciardi-G.-Veduta-della-laguna-veneziana-1882-olio-su-tela-62-x-102-cm.jpg?resize=700%2C400&ssl=1 2x, https:\/\/i0.wp.com\/www.biancoscuro.it\/site\/wp-content\/uploads\/2021\/11\/9.-Ciardi-G.-Veduta-della-laguna-veneziana-1882-olio-su-tela-62-x-102-cm.jpg?resize=1050%2C600&ssl=1 3x"},"classes":[]},{"id":11193,"url":"https:\/\/www.biancoscuro.it\/site\/riapre-a-novara-la-grande-mostra-sul-divisionismo-italiano\/","url_meta":{"origin":14788,"position":4},"title":"Riapre a Novara la grande mostra sul Divisionismo italiano","author":"Chiara","date":"21 Ottobre 2020","format":false,"excerpt":"Sabato 24 ottobre al Castello Visconteo Sforzesco di Novara riapre al pubblico la grande mostra DIVISIONISMO La rivoluzione della luce, \u2013 in programma dal 23 novembre 2019 al 12 aprile 2020\u00a0e chiusa anticipatamente per l\u2019emergenza sanitaria. Per dare risposta alle\u00a0attese di oltre trentamila persone\u00a0che avevano prenotato e avrebbero dovuto vedere\u2026","rel":"","context":"In &quot;arte&quot;","block_context":{"text":"arte","link":"https:\/\/www.biancoscuro.it\/site\/category\/arte\/"},"img":{"alt_text":"","src":"https:\/\/i0.wp.com\/www.biancoscuro.it\/site\/wp-content\/uploads\/2020\/10\/7.-Pellizza-da-Volpedo-Le-ciliegie.jpg?resize=350%2C200&ssl=1","width":350,"height":200,"srcset":"https:\/\/i0.wp.com\/www.biancoscuro.it\/site\/wp-content\/uploads\/2020\/10\/7.-Pellizza-da-Volpedo-Le-ciliegie.jpg?resize=350%2C200&ssl=1 1x, https:\/\/i0.wp.com\/www.biancoscuro.it\/site\/wp-content\/uploads\/2020\/10\/7.-Pellizza-da-Volpedo-Le-ciliegie.jpg?resize=525%2C300&ssl=1 1.5x, https:\/\/i0.wp.com\/www.biancoscuro.it\/site\/wp-content\/uploads\/2020\/10\/7.-Pellizza-da-Volpedo-Le-ciliegie.jpg?resize=700%2C400&ssl=1 2x"},"classes":[]},{"id":13911,"url":"https:\/\/www.biancoscuro.it\/site\/pier-bertolo-la-sincerita-e-la-profondita-delle-sue-sculture\/","url_meta":{"origin":14788,"position":5},"title":"Pier Bertolo | La sincerit\u00e0 e la profondit\u00e0 delle sue sculture\u00a0","author":"Daniela Malabaila","date":"3 Agosto 2022","format":false,"excerpt":"Remington Standard - legno Artista novarese, classe 1960, Pier Bertolo vive pienamente il mondo dell\u2019arte da pi\u00f9 di quindici anni. Al suo attivo pi\u00f9 di duecento mostre collettive, oltre che mostre personali e altre partecipazioni a manifestazioni artistiche, sia in Italia che all\u2019estero. Il suo talento \u00e8 stato notato anche\u2026","rel":"","context":"In &quot;arte&quot;","block_context":{"text":"arte","link":"https:\/\/www.biancoscuro.it\/site\/category\/arte\/"},"img":{"alt_text":"","src":"https:\/\/i0.wp.com\/www.biancoscuro.it\/site\/wp-content\/uploads\/2022\/08\/lumanoide-da-i-numeri-scultura.jpg?resize=350%2C200&ssl=1","width":350,"height":200,"srcset":"https:\/\/i0.wp.com\/www.biancoscuro.it\/site\/wp-content\/uploads\/2022\/08\/lumanoide-da-i-numeri-scultura.jpg?resize=350%2C200&ssl=1 1x, https:\/\/i0.wp.com\/www.biancoscuro.it\/site\/wp-content\/uploads\/2022\/08\/lumanoide-da-i-numeri-scultura.jpg?resize=525%2C300&ssl=1 1.5x, https:\/\/i0.wp.com\/www.biancoscuro.it\/site\/wp-content\/uploads\/2022\/08\/lumanoide-da-i-numeri-scultura.jpg?resize=700%2C400&ssl=1 2x, https:\/\/i0.wp.com\/www.biancoscuro.it\/site\/wp-content\/uploads\/2022\/08\/lumanoide-da-i-numeri-scultura.jpg?resize=1050%2C600&ssl=1 3x, https:\/\/i0.wp.com\/www.biancoscuro.it\/site\/wp-content\/uploads\/2022\/08\/lumanoide-da-i-numeri-scultura.jpg?resize=1400%2C800&ssl=1 4x"},"classes":[]}],"_links":{"self":[{"href":"https:\/\/www.biancoscuro.it\/site\/wp-json\/wp\/v2\/posts\/14788","targetHints":{"allow":["GET"]}}],"collection":[{"href":"https:\/\/www.biancoscuro.it\/site\/wp-json\/wp\/v2\/posts"}],"about":[{"href":"https:\/\/www.biancoscuro.it\/site\/wp-json\/wp\/v2\/types\/post"}],"author":[{"embeddable":true,"href":"https:\/\/www.biancoscuro.it\/site\/wp-json\/wp\/v2\/users\/917"}],"replies":[{"embeddable":true,"href":"https:\/\/www.biancoscuro.it\/site\/wp-json\/wp\/v2\/comments?post=14788"}],"version-history":[{"count":0,"href":"https:\/\/www.biancoscuro.it\/site\/wp-json\/wp\/v2\/posts\/14788\/revisions"}],"wp:featuredmedia":[{"embeddable":true,"href":"https:\/\/www.biancoscuro.it\/site\/wp-json\/wp\/v2\/media\/14803"}],"wp:attachment":[{"href":"https:\/\/www.biancoscuro.it\/site\/wp-json\/wp\/v2\/media?parent=14788"}],"wp:term":[{"taxonomy":"category","embeddable":true,"href":"https:\/\/www.biancoscuro.it\/site\/wp-json\/wp\/v2\/categories?post=14788"},{"taxonomy":"post_tag","embeddable":true,"href":"https:\/\/www.biancoscuro.it\/site\/wp-json\/wp\/v2\/tags?post=14788"}],"curies":[{"name":"wp","href":"https:\/\/api.w.org\/{rel}","templated":true}]}}