{"id":14826,"date":"2022-11-10T18:02:33","date_gmt":"2022-11-10T17:02:33","guid":{"rendered":"https:\/\/www.biancoscuro.it\/site\/?p=14826"},"modified":"2022-11-11T14:19:54","modified_gmt":"2022-11-11T13:19:54","slug":"mostra-dei-finalisti-e-premiazione-artkeys-prize-2022","status":"publish","type":"post","link":"https:\/\/www.biancoscuro.it\/site\/mostra-dei-finalisti-e-premiazione-artkeys-prize-2022\/","title":{"rendered":"Mostra dei Finalisti e Premiazione Artkeys Prize 2022"},"content":{"rendered":"<span class=\"span-reading-time rt-reading-time\" style=\"display: block;\"><span class=\"rt-label rt-prefix\">\u23f0 lettura <\/span> <span class=\"rt-time\"> 2<\/span> <span class=\"rt-label rt-postfix\">min. <br><br><\/span><\/span><div class=\"wp-block-image\">\n<figure class=\"aligncenter size-full\"><img decoding=\"async\" src=\"https:\/\/www.biancoscuro.it\/site\/wp-content\/uploads\/2022\/11\/Invito-Artkeys-Prize-2022-copia.jpeg\" alt=\"\" class=\"wp-image-14827\"\/><\/figure>\n<\/div>\n\n\n<p>Il giorno 19 novembre 2022 alle ore 18.00 inaugura, presso gli spazi di<em> Next &#8211; Nuova Esposizione Ex Tabacchificio<\/em> di Capaccio Paestum, la <strong>Mostra dei 69 Finalisti<\/strong> della quarta edizione di <strong>Artkeys Prize-Festival di arte contemporanea<\/strong>, selezionati tra le diverse categorie di fotografia, pittura, scultura, videoarte e performance dalla Giuria del Premio &#8211;<em>Manuela De Leonardis<\/em> Storica dell\u2019arte, Giornalista e Curatrice indipendente, <em>Alberto Dambruoso<\/em> Critico d\u2019arte, <em>Marilena Morabito <\/em>Curatrice.&nbsp;<\/p>\n\n\n\n<p>Durante il vernissage si svolger\u00e0 la <strong>Cerimonia di Premiazione<\/strong> dei vincitori di ogni sezione: ai primi posti sar\u00e0 corrisposto un premio in denaro, mentre ai secondi posti saranno offerte delle \u201cResidenze d\u2019Arte\u201d, messe a disposizione da enti e aziende presenti su tutto il territorio cilentano.&nbsp;<\/p>\n\n\n\n<p>La premiazione sar\u00e0 preceduta da alcune performance tra le quali l\u2019esibizione di danza <em>Ein Soph Or<\/em> di <em>Blythe Kanis<\/em>; seguiranno, dalle 21.30 in poi, la proiezione del progetto audiovisivo <em>Elettropainting<\/em> di <em>Marialinda Toriello <\/em>(in arte <em>Pinta<\/em>)e <em>Benedetto Battipede <\/em>(in arte<em> Bebaloop<\/em>) e il dj set di <em>Dj Pio<\/em> e <em>MissUrti.<br \/><\/em><br \/>In mostra anche la versione montabile in cartone del <em>Cavallo di sabbia<\/em> di <em>Mimmo Paladino, <\/em>realizzata, in collaborazione con <em>Sada<\/em>, della stessa grandezza dell\u2019originale e che prende ispirazione dalla grafica del <strong>box del catalogo<\/strong> del Premio: il box di questa quarta edizione \u00e8 illustrato, infatti, da<em>Lorenza Pleuteri<\/em><strong>, <\/strong>vincitrice del contest Artkeys Box 04.&nbsp;<\/p>\n\n\n\n<p>Il <em>Premio ArtKeys<\/em>\u00e8 organizzato dall&#8217;<em>Associazione Blow-Up<\/em>e dal <em>Collettivo Vyolaa<\/em><strong>, <\/strong>composto dagli artisti<em>Marianna Battipaglia, Mabel D\u2019Amore, Nadia Miglino, Francesco Monk e Rudy Zoppi,<\/em> con lo scopo di promuovere e valorizzare l\u2019arte contemporanea nella splendida cornice del Parco Nazionale del Cilento, Vallo di Diano e degli Alburni.Le passate edizioni del Premio hanno visto la partecipazione di artisti provenienti da ogni parte di Europa e del mondo, grande riscontro di pubblico e delle istituzioni, nonch\u00e9 le collaborazioni con il Castello Angioino Aragonese di Agropoli, il Museo del Mare di Pioppi, il Castello di Pollica e con i comuni di Agropoli, Laureana Cilento, Rutino e Cetara. Grandi nomi anche per le Giurie con la presenza di <em>Daniele Cipr\u00ec, Antonio Rezza e Flavia Mastrella, Antonello Tolve, Gianni Comunale, Nuvola Lista, Giulio Rincione, Roberto Sottile, Enrica Feltracco, Antonello Silverini, Grazia La Padula e Lorenzo Ruggero.<\/em>&nbsp;<\/p>\n\n\n\n<p>Il <em>Premio ArtKeys<\/em>nasce con la volont\u00e0 specifica di rafforzare il valore dell\u2019Arte come spirito di rinascita e di contributo all\u2019incentivazione del turismo e dell\u2019imprenditorialit\u00e0, mettendosi in correlazione con il territorio in cui nasce, il Cilento, patria della <em>dieta Mediterranea<\/em>, dove <strong>Ancel Keys<\/strong>, biologo e fisiologo statunitense, la studi\u00f2 e pose le basi per farla divenire bene protetto dell&#8217;umanit\u00e0 Unesco. A lui \u00e8 dedicato e ispirato il nome del Premio, che intende assimilare la tenacia e i valori con cui il biologo ha lavorato e valorizzato il territorio cilentano e la dieta mediterranea. Il movimento Artkeys ha quindi come obiettivo primario la promozione degli artisti che sviluppano la propria arte all&#8217;interno di questo contesto: le precedenti tre edizioni di Artkeys Prize hanno, infatti, permesso una maggiore conoscenza del territorio richiamando un incredibile numero di turisti e visitatori che hanno potuto, cos\u00ec, scoprire le ricchezze e le peculiarit\u00e0 del Cilento.<\/p>\n\n\n\n<p>La mostra \u00e8 visitabile dal 19 al 27 novembre 2022.&nbsp;<\/p>\n\n\n\n<p><strong>INFO<\/strong><\/p>\n\n\n\n<p><strong>Artkeys Prize &#8211; Festival di arte contemporanea<\/strong><br \/><strong>Mostra dei Finalisti 2022 e Premiazione<\/strong><br \/><strong>Promosso<\/strong> daAssociazione Culturale Blow-up<br \/><strong>Direzione artistica <\/strong>Rudy Zoppi, Associazione Culturale Blow-Up, Collettivo Vyolaa<br \/><br \/><strong>Inaugurazione 19 novembre 2022 ore 18.00<\/strong><br \/><strong>Next &#8211; Nuova Esposizione Ex Tabacchificio<br \/><\/strong>Via Cafasso 21 &#8211; Capaccio Paestum (SA)<\/p>\n\n\n\n<p><strong>Fino al 27 novembre 2022<br \/>Orari<\/strong>: tutti i giorni 10-13 \/ 15-20<br \/>www.premioartkeys.it<\/p>\n\n\n\n<p><\/p>\n","protected":false},"excerpt":{"rendered":"<p><span class=\"span-reading-time rt-reading-time\" style=\"display: block;\"><span class=\"rt-label rt-prefix\">\u23f0 lettura <\/span> <span class=\"rt-time\"> 2<\/span> <span class=\"rt-label rt-postfix\">min. <\/p>\n<p><\/span><\/span>Il giorno 19 novembre 2022 alle ore 18.00 inaugura, presso gli spazi di Next &#8211; Nuova Esposizione Ex Tabacchificio di Capaccio Paestum, la Mostra dei 69 Finalisti della quarta edizione di Artkeys Prize-Festival di arte contemporanea, selezionati tra le diverse categorie di fotografia, pittura, scultura, videoarte e performance dalla Giuria del Premio &#8211;Manuela De Leonardis&hellip;&nbsp;<a href=\"https:\/\/www.biancoscuro.it\/site\/mostra-dei-finalisti-e-premiazione-artkeys-prize-2022\/\" rel=\"bookmark\">Leggi tutto &raquo;<span class=\"screen-reader-text\">Mostra dei Finalisti e Premiazione Artkeys Prize 2022<\/span><\/a><\/p>\n","protected":false},"author":980,"featured_media":14827,"comment_status":"closed","ping_status":"closed","sticky":false,"template":"","format":"standard","meta":{"neve_meta_sidebar":"","neve_meta_container":"","neve_meta_enable_content_width":"","neve_meta_content_width":0,"neve_meta_title_alignment":"","neve_meta_author_avatar":"","neve_post_elements_order":"","neve_meta_disable_header":"","neve_meta_disable_footer":"","neve_meta_disable_title":"","advanced_seo_description":"","jetpack_seo_html_title":"","jetpack_seo_noindex":false,"footnotes":""},"categories":[8,334,27,24,676,6,7,680],"tags":[],"class_list":["post-14826","post","type-post","status-publish","format-standard","has-post-thumbnail","hentry","category-fotografia","category-installazioni","category-manifestazione","category-mostre","category-performance","category-pittura","category-scultura","category-videoarte"],"jetpack_featured_media_url":"https:\/\/www.biancoscuro.it\/site\/wp-content\/uploads\/2022\/11\/Invito-Artkeys-Prize-2022-copia-e1668172337391.jpeg","jetpack_sharing_enabled":true,"jetpack-related-posts":[{"id":7443,"url":"https:\/\/www.biancoscuro.it\/site\/mostra-e-cerimonia-di-premiazione-artisti-selezionati-al-canova-prize-2018\/","url_meta":{"origin":14826,"position":0},"title":"Mostra e cerimonia di premiazione Artisti selezionati al Canova Prize 2018","author":"Roberta Melasecca","date":"17 Giugno 2018","format":false,"excerpt":"Mostra e cerimonia di premiazione Artisti selezionati al Canova Prize 2018 20 giugno 2018 ore 18.30 | Pop Up Space | 393 Broadway - New York\u00a0 La giuria del Canova Prize, composta da Angelo Crespi, Lucrezia De Domizio Durini, Marisa del Re, Alessandra Frosini, Emanuele Lamaro, Helidon Xhixha, Sun Yue,\u2026","rel":"","context":"In &quot;arte&quot;","block_context":{"text":"arte","link":"https:\/\/www.biancoscuro.it\/site\/category\/arte\/"},"img":{"alt_text":"","src":"https:\/\/i0.wp.com\/www.biancoscuro.it\/site\/wp-content\/uploads\/2018\/06\/OPENING.jpg?resize=350%2C200&ssl=1","width":350,"height":200,"srcset":"https:\/\/i0.wp.com\/www.biancoscuro.it\/site\/wp-content\/uploads\/2018\/06\/OPENING.jpg?resize=350%2C200&ssl=1 1x, https:\/\/i0.wp.com\/www.biancoscuro.it\/site\/wp-content\/uploads\/2018\/06\/OPENING.jpg?resize=525%2C300&ssl=1 1.5x, https:\/\/i0.wp.com\/www.biancoscuro.it\/site\/wp-content\/uploads\/2018\/06\/OPENING.jpg?resize=700%2C400&ssl=1 2x, https:\/\/i0.wp.com\/www.biancoscuro.it\/site\/wp-content\/uploads\/2018\/06\/OPENING.jpg?resize=1050%2C600&ssl=1 3x, https:\/\/i0.wp.com\/www.biancoscuro.it\/site\/wp-content\/uploads\/2018\/06\/OPENING.jpg?resize=1400%2C800&ssl=1 4x"},"classes":[]},{"id":7105,"url":"https:\/\/www.biancoscuro.it\/site\/canova-prize-2018\/","url_meta":{"origin":14826,"position":1},"title":"CANOVA PRIZE 2018","author":"Roberta Melasecca","date":"16 Aprile 2018","format":false,"excerpt":"CANOVA PRIZE 2018 Premio internazionale dedicato all\u2019arte contemporanea L'edizione 2018 vola oltre oceano, esportando a New York un concept di matrice tutta italiana. L\u2019edizione\u00a02016, nata come Premio Arte Roma,\u00a0ha visto vincitore l\u2019artista albanese Alfred Milot Mirashi, premiato con il titolo di Eccellenza contemporanea tra i 60 artisti provenienti da tutto\u2026","rel":"","context":"In &quot;concorso&quot;","block_context":{"text":"concorso","link":"https:\/\/www.biancoscuro.it\/site\/category\/concorso\/"},"img":{"alt_text":"","src":"https:\/\/i0.wp.com\/www.biancoscuro.it\/site\/wp-content\/uploads\/2018\/04\/immagine_3-1.jpg?resize=350%2C200&ssl=1","width":350,"height":200,"srcset":"https:\/\/i0.wp.com\/www.biancoscuro.it\/site\/wp-content\/uploads\/2018\/04\/immagine_3-1.jpg?resize=350%2C200&ssl=1 1x, https:\/\/i0.wp.com\/www.biancoscuro.it\/site\/wp-content\/uploads\/2018\/04\/immagine_3-1.jpg?resize=525%2C300&ssl=1 1.5x, https:\/\/i0.wp.com\/www.biancoscuro.it\/site\/wp-content\/uploads\/2018\/04\/immagine_3-1.jpg?resize=700%2C400&ssl=1 2x, https:\/\/i0.wp.com\/www.biancoscuro.it\/site\/wp-content\/uploads\/2018\/04\/immagine_3-1.jpg?resize=1050%2C600&ssl=1 3x, https:\/\/i0.wp.com\/www.biancoscuro.it\/site\/wp-content\/uploads\/2018\/04\/immagine_3-1.jpg?resize=1400%2C800&ssl=1 4x"},"classes":[]},{"id":14841,"url":"https:\/\/www.biancoscuro.it\/site\/think-diverse-genere-identita-cultura\/","url_meta":{"origin":14826,"position":2},"title":"THINK DIVERSE! genere, identit\u00e0, cultura","author":"Roberta Melasecca","date":"11 Novembre 2022","format":false,"excerpt":"Sabato 19 novembre 2022 alle ore 18, negli spazi della TAG - Tevere Art Gallery, inaugura la Mostra collettiva THINK DIVERSE! genere, identit\u00e0, cultura, a cura di Barbara Lalle e Marco Marassi, promossa dalla TAG in partenariato con Eurosviluppo Srl e Skill Up Srl per la promozione e valorizzazione della\u2026","rel":"","context":"In &quot;eventi&quot;","block_context":{"text":"eventi","link":"https:\/\/www.biancoscuro.it\/site\/category\/eventi\/"},"img":{"alt_text":"","src":"https:\/\/i0.wp.com\/www.biancoscuro.it\/site\/wp-content\/uploads\/2022\/11\/thinkdiverse.jpg?resize=350%2C200&ssl=1","width":350,"height":200},"classes":[]},{"id":3275,"url":"https:\/\/www.biancoscuro.it\/site\/premio-biennale-oscar-per-le-arti-visive-e-premiazione-biancoscuro-art-contest\/","url_meta":{"origin":14826,"position":3},"title":"Premio Biennale Oscar per le Arti Visive e premiazione BIANCOSCURO Art Contest","author":"Redazione BIANCOSCURO","date":"19 Ottobre 2015","format":false,"excerpt":"L'appuntamento Biennale dell\u2019Arte, giunto ormai alla ottava edizione, Oscar per le Arti Visive\u00a0si svolger\u00e0 \u00a0Sabato 24 Ottobre 2015 Monte-Carlo Bay, Principato di Monaco. Il Premio conferito da ArtExp\u00f2 Gallery, \u00e8 il giusto riconoscimento per la professionalit\u00e0, ricerca e creativit\u00e0. La prima edizione della cerimonia risale al febbraio 2001 ed al\u2026","rel":"","context":"In &quot;arte&quot;","block_context":{"text":"arte","link":"https:\/\/www.biancoscuro.it\/site\/category\/arte\/"},"img":{"alt_text":"","src":"https:\/\/i0.wp.com\/www.biancoscuro.it\/site\/wp-content\/uploads\/2015\/09\/Monte-Carlo2.jpg?resize=350%2C200&ssl=1","width":350,"height":200,"srcset":"https:\/\/i0.wp.com\/www.biancoscuro.it\/site\/wp-content\/uploads\/2015\/09\/Monte-Carlo2.jpg?resize=350%2C200&ssl=1 1x, https:\/\/i0.wp.com\/www.biancoscuro.it\/site\/wp-content\/uploads\/2015\/09\/Monte-Carlo2.jpg?resize=525%2C300&ssl=1 1.5x, https:\/\/i0.wp.com\/www.biancoscuro.it\/site\/wp-content\/uploads\/2015\/09\/Monte-Carlo2.jpg?resize=700%2C400&ssl=1 2x"},"classes":[]},{"id":1230,"url":"https:\/\/www.biancoscuro.it\/site\/venezia-live-streaming-sabato-26-aprile-a-partire-dalle-ore-16\/","url_meta":{"origin":14826,"position":4},"title":"Venezia: Live Streaming sabato 26 aprile dalle ore 16","author":"Redazione BIANCOSCURO","date":"22 Aprile 2014","format":false,"excerpt":"\u00c8\u00a0fissata per il giorno\u00a0Sabato 26 aprile, alle ore 16 la cerimonia di premiazione della Biennale Gondola dell'Arte di Venezia, nel \u00a0prestigioso\u00a0Amadeus Hotel di Venezia, nella sala Congressi \u201cMozart\u201d, sar\u00e0 allestita la cerimonia di premiazione. La\u00a0Commissione del Consiglio Critico\u00a0sar\u00e0 presente a Venezia con\u00a0Mariarosaria Belgiovine, Jean Charles Spina, Maurizio Gnali, Francesco Chetta,\u2026","rel":"","context":"In &quot;arte&quot;","block_context":{"text":"arte","link":"https:\/\/www.biancoscuro.it\/site\/category\/arte\/"},"img":{"alt_text":"","src":"https:\/\/scontent-b-lhr.xx.fbcdn.net\/hphotos-prn1\/t1.0-9\/q71\/s720x720\/10176183_828721273824149_847093747_n.jpg","width":350,"height":200,"srcset":"https:\/\/scontent-b-lhr.xx.fbcdn.net\/hphotos-prn1\/t1.0-9\/q71\/s720x720\/10176183_828721273824149_847093747_n.jpg 1x, https:\/\/scontent-b-lhr.xx.fbcdn.net\/hphotos-prn1\/t1.0-9\/q71\/s720x720\/10176183_828721273824149_847093747_n.jpg 1.5x"},"classes":[]},{"id":8784,"url":"https:\/\/www.biancoscuro.it\/site\/larte-tra-sogno-e-realta\/","url_meta":{"origin":14826,"position":5},"title":"L\u2019arte tra sogno e realt\u00e0","author":"Redazione BIANCOSCURO","date":"8 Febbraio 2019","format":false,"excerpt":"La mostra Collettiva di pittura, scultura e fotografia dal titolo: \u201cL\u2019arte tra sogno e realt\u00e0\u201d, si terr\u00e0 alla Scuola Grande di San Teodoro, Venezia - San Marco con vernissage il 2 marzo. L\u2019esposizione durer\u00e0 dal 2 al 9 marzo 2019; l'evento, si svolger\u00e0 in concomitanza con del Carnevale di Venezia,\u2026","rel":"","context":"In &quot;arte&quot;","block_context":{"text":"arte","link":"https:\/\/www.biancoscuro.it\/site\/category\/arte\/"},"img":{"alt_text":"","src":"https:\/\/i0.wp.com\/www.biancoscuro.it\/site\/wp-content\/uploads\/2019\/02\/scuola-700.jpg?resize=350%2C200&ssl=1","width":350,"height":200,"srcset":"https:\/\/i0.wp.com\/www.biancoscuro.it\/site\/wp-content\/uploads\/2019\/02\/scuola-700.jpg?resize=350%2C200&ssl=1 1x, https:\/\/i0.wp.com\/www.biancoscuro.it\/site\/wp-content\/uploads\/2019\/02\/scuola-700.jpg?resize=525%2C300&ssl=1 1.5x"},"classes":[]}],"_links":{"self":[{"href":"https:\/\/www.biancoscuro.it\/site\/wp-json\/wp\/v2\/posts\/14826","targetHints":{"allow":["GET"]}}],"collection":[{"href":"https:\/\/www.biancoscuro.it\/site\/wp-json\/wp\/v2\/posts"}],"about":[{"href":"https:\/\/www.biancoscuro.it\/site\/wp-json\/wp\/v2\/types\/post"}],"author":[{"embeddable":true,"href":"https:\/\/www.biancoscuro.it\/site\/wp-json\/wp\/v2\/users\/980"}],"replies":[{"embeddable":true,"href":"https:\/\/www.biancoscuro.it\/site\/wp-json\/wp\/v2\/comments?post=14826"}],"version-history":[{"count":0,"href":"https:\/\/www.biancoscuro.it\/site\/wp-json\/wp\/v2\/posts\/14826\/revisions"}],"wp:featuredmedia":[{"embeddable":true,"href":"https:\/\/www.biancoscuro.it\/site\/wp-json\/wp\/v2\/media\/14827"}],"wp:attachment":[{"href":"https:\/\/www.biancoscuro.it\/site\/wp-json\/wp\/v2\/media?parent=14826"}],"wp:term":[{"taxonomy":"category","embeddable":true,"href":"https:\/\/www.biancoscuro.it\/site\/wp-json\/wp\/v2\/categories?post=14826"},{"taxonomy":"post_tag","embeddable":true,"href":"https:\/\/www.biancoscuro.it\/site\/wp-json\/wp\/v2\/tags?post=14826"}],"curies":[{"name":"wp","href":"https:\/\/api.w.org\/{rel}","templated":true}]}}