{"id":14841,"date":"2022-11-11T11:03:26","date_gmt":"2022-11-11T10:03:26","guid":{"rendered":"https:\/\/www.biancoscuro.it\/site\/?p=14841"},"modified":"2022-11-11T17:33:09","modified_gmt":"2022-11-11T16:33:09","slug":"think-diverse-genere-identita-cultura","status":"publish","type":"post","link":"https:\/\/www.biancoscuro.it\/site\/think-diverse-genere-identita-cultura\/","title":{"rendered":"THINK DIVERSE! genere, identit\u00e0, cultura"},"content":{"rendered":"<span class=\"span-reading-time rt-reading-time\" style=\"display: block;\"><span class=\"rt-label rt-prefix\">\u23f0 lettura <\/span> <span class=\"rt-time\"> 3<\/span> <span class=\"rt-label rt-postfix\">min. <br><br><\/span><\/span><div class=\"wp-block-image\">\n<figure class=\"aligncenter size-large\"><img loading=\"lazy\" decoding=\"async\" width=\"1024\" height=\"576\" src=\"https:\/\/www.biancoscuro.it\/site\/wp-content\/uploads\/2022\/11\/image-01-11-22-11-46-1024x576.jpeg\" alt=\"\" class=\"wp-image-14842\" \/><\/figure>\n<\/div>\n\n\n<p>Sabato 19 novembre 2022 alle ore 18, negli spazi della TAG &#8211; Tevere Art Gallery, inaugura la Mostra collettiva <strong>THINK DIVERSE! genere, identit\u00e0, cultura<\/strong>, a cura di <strong>Barbara Lalle<\/strong> e <strong>Marco Marassi<\/strong>, promossa dalla TAG in partenariato con Eurosviluppo Srl e Skill Up Srl per la promozione e valorizzazione della Creativit\u00e0 e della Diversit\u00e0 sessuale e di genere (DSG).&nbsp;<\/p>\n\n\n\n<p>L\u2019esposizione \u00e8 il risultato di una open call che invitava i partecipanti ad esplorare tutti gli aspetti della DSG, dall\u2019identit\u00e0 di genere alla sessualit\u00e0, alla relazione con la cultura dominante o con sottoculture locali\/globali, attraverso gli stereotipi, i bias, le difformit\u00e0, le conformit\u00e0 e i conformismi. Numerosi i partecipanti al concorso e ampia la diversit\u00e0 dei selezionati: dalla scelta del tipo di media utilizzati per le opere alla variet\u00e0 delle azioni performative, cos\u00ec come variegata l\u2019et\u00e0 degli artisti.&nbsp;<\/p>\n\n\n\n<p>La mostra \u00e8 parte del progetto <strong>Think Diverse!<\/strong>, finanziato da Erasmus+ e portato avanti da un team internazionale di tre nazioni europee rappresentate sia da partner formativi che da partner creativi: per l\u2019Italia, Eurosviluppo, Skill Up e Tevere Art Gallery; per la Spagna, Neotalentway e Curva Polar; per la Francia, IRIV e LIRAC. Ogni paese si \u00e8 concentrato di un tema specifico, approfondendo la diversit\u00e0 sessuale e di genere (Italia), quella culturale e religiosa (Francia) e la diversit\u00e0 mentale (Spagna).<\/p>\n\n\n\n<p>\u201cIl termine \u201cDiverse\u201d comporta una molteplicit\u00e0 di significati: diverso, vario, variegato, diversificato, svariato, differente, molteplice. Cos\u00ec la locuzione \u201cThink Diverse\u201d diventa una esortazione a mettersi in discussione, a scardinare i bias che attraverso convenzioni e abitudini condizionano ognuno di noi, bloccandoci in ruoli precostituiti che ci imprigionano nella recita di un copione che non abbiamo scritto; al contempo e di conseguenza \u201cThink Diverse\u201d rappresenta una apertura al mondo, ma soprattutto all\u2019altro, alle sue infinite declinazioni, che diventano strumenti per una pi\u00f9 profonda coscienza di s\u00e9. [&#8230;] La scelta dell\u2019Italia \u00e8 emblematica di una situazione in cui la \u201cdiversit\u00e0 dei generi\u201d, di fatto si traduce in \u201cdisparit\u00e0 tra i generi\u201d. La difficolt\u00e0 da affrontare riguarda l\u2019affermazione dei diritti, non solo delle donne, ma di tutte le persone la cui identit\u00e0 personale e\/o sessuale non si conforma esattamente al modello binario espresso dalla maggioranza. Nel presente progetto \u00e8 stata compiuta la scelta di soffermarsi sia sull\u2019universo uomo\/donna sia su tutte le soggettivit\u00e0 le cui preferenze sessuali o le cui identit\u00e0 non rientrino nel dualismo tradizionale, eterosessuale e cisgender. Il ventaglio di autori coinvolti \u00e8 ampio, la pi\u00f9 giovane artista \u00e8 una studentessa di diciotto anni, Vittoria Di Patre, iscritta al primo anno di Accademia delle Belle Arti di Roma e la pi\u00f9 anziana, Bianca Menna, alias Tomaso Binga, \u00e8 una artista di novantuno anni, gi\u00e0 partecipante alla Biennale d\u2019Arte di Venezia, cinquantanovesima edizione del 2022. Ampio \u00e8 inoltre lo spettro d\u2019interpretazioni che gli artisti hanno fornito attraverso varie forme espressive dell\u2019arte: dall\u2019opera pittorica alla grafica, alla fotografica, all\u2019illustrazione, alla video-art, ad opere di design, all\u2019art-brut ed alla scultura. Un posto a parte e di gran rilievo \u00e8 dato alla performance art e alla sua capacit\u00e0 di coinvolgimento attivo dei presenti in cui l\u2019aspetto emozionale \u00e8 diretto coinvolgimento nell\u2019agire del performer. Perch\u00e9 se il teatro \u00e8 rappresentazione e trasfigurazione, la performance \u00e8 vita vissuta: esperienza in un luogo determinato, in un tempo limitato e irripetibile come l\u2019esistenza stessa dell\u2019artista che espone attraverso la propria fisicit\u00e0, le proprie sofferenze e la propria dimensione pi\u00f9 intima nel tentativo attivo e non mediato dalla tela o dalle cornici o da diffusori sonori, di trasfigurarsi e trasfigurare l\u2019altro in una dimensione dell\u2019altro da s\u00e9. Think Diverse!.\u201d (<em>dal testo di Barbara Lalle e Marco Marassi<\/em>)<\/p>\n\n\n\n<p><strong>Artisti partecipanti<\/strong>: 582&gt;Fotografia; Antonella Albani&gt;Fotografia; Alessandro Arrigo&gt;Illustrazione; Giulia Barone&gt;Fotografia; Mariagrazia Benvenuti&gt;Street Art; Claudia Borgia&gt;Fotografia; Gerald Bruneau&gt;Fotografia; Burningmax&gt;Installazione; Daniela Carreras&gt;Performance; Enzo Casale&gt;Pittura; Daniele Casolino&gt;Performance; Giulia Cavallini&gt;Illustrazione; Elisa Dell\u2019Accio&gt;Fotografia; Francesca di Ciaula&gt;Art Design; Vittoria Di Patre&gt;Fotografia; Lou Duca&gt;Scultura; Ex-Voto&gt;Street Art; Cristiana Fasano&gt;Installazione; Festa Mobile delle Dee Cyborg&gt;Performance; Walter Festuccia&gt;Collage; Paolo GarauScultura; Lara Garofalo &gt;Fotografia; Werther Germondari&gt;Video; Antonella Gibellieri&gt;Pittura; Davide Gualtieri&gt;Fotografia; Ka$ap Rocky&gt;Fotografia; Angela Lazazzera&gt;Pittura; Lucideddu&gt;Fotografia; Renata Maccaro&gt;Pittura; Roberta Maola&gt;Pittura; Claudia Melotti&gt;Illustrazione; Patrizia Molinari&gt;Fotografia; Iolanda Morante&gt;Pittura; Nitx&gt;Installazione; Giulia Panfili&gt;Illustrazione; Tonino Pepe&gt;Fotografia; Claudia Quintieri&gt;Video; Giovanna Ranaldi&gt;Illustrazione; Stefano Restivo+Daniela Giua&gt;Performance; Mali Rintanati&gt;Illustrazione; Silvia Stucky+Ysabel Dehais&gt;Performance; Giorgio Tagliacarne&gt;Fotografia; Antonio Totaro&gt;Fotografia; Enrico Tricoli&gt;Fotografia; Jacopo Truffa&gt;Scultura; Angelo Turetta&gt;Fotografia; Elisabetta Vallecoccia&gt;Installazione; Roberto Vignoli&gt;Video.<br \/><strong>Con la straordinaria partecipazione di Bianca Menna alias Tomaso Binga.&nbsp;<\/strong><\/p>\n\n\n\n<p>Per il <strong>vernissage del 19 novembre<\/strong> sono in programma le <strong>performance<\/strong> di <strong>Bianca Menna alias Tomaso Binga<\/strong>, di <strong>Daniela Giua e Stefano Restivo<\/strong> con&nbsp;\u201cCostruzione&amp;Distruzione\u201d, di <strong>Daniele Casolino<\/strong> con \u201cI-DENTITY\u201d, di<strong> Daniela Carreras<\/strong> con \u201cIdem\u201d, di <strong>Helena Velena<\/strong> insieme al collettivo FESTA MOBILE delle DEE CYBORG con \u201cUlysses walking on the wild genderfluid side\u201d.&nbsp;<\/p>\n\n\n\n<p>Per il <strong>finissage del 23 novembre<\/strong> \u00e8 in programma invece la performance \u201cUn incontro. Devo pulire il mio cuore per incontrare il tuo.\u201d di <strong>Silvia Stucky e Ysabel Dehais<\/strong>.&nbsp;<\/p>\n\n\n\n<p><strong>INFO<\/strong><\/p>\n\n\n\n<p><strong>THINK DIVERSE! genere, identit\u00e0, cultura<\/strong><br \/><strong>Mostra collettiva<br \/><\/strong>A cura di Barbara Lalle e Marco Marassi<br \/>Promossa dalla TAG in partenariato con Eurosviluppo Srl e Skill Up Srl<\/p>\n\n\n\n<p><strong>Inaugurazione 19 novembre 2022 ore 18.00<\/strong><br \/><strong>TAG &#8211; Tevere Art Gallery<br \/><\/strong>Via di Santa Passera 25 &#8211; Roma<\/p>\n\n\n\n<p><strong>Fino al 23 novembre 2022<\/strong><br \/><strong>Orari:<\/strong> dal 20 al 23 novembre 2022 ore 16.00-19.00 &#8211; domenica chiuso<\/p>\n\n\n\n<p><\/p>\n","protected":false},"excerpt":{"rendered":"<p><span class=\"span-reading-time rt-reading-time\" style=\"display: block;\"><span class=\"rt-label rt-prefix\">\u23f0 lettura <\/span> <span class=\"rt-time\"> 3<\/span> <span class=\"rt-label rt-postfix\">min. <\/p>\n<p><\/span><\/span>Sabato 19 novembre 2022 alle ore 18, negli spazi della TAG &#8211; Tevere Art Gallery, inaugura la Mostra collettiva THINK DIVERSE! genere, identit\u00e0, cultura, a cura di Barbara Lalle e Marco Marassi, promossa dalla TAG in partenariato con Eurosviluppo Srl e Skill Up Srl per la promozione e valorizzazione della Creativit\u00e0 e della Diversit\u00e0 sessuale&hellip;&nbsp;<a href=\"https:\/\/www.biancoscuro.it\/site\/think-diverse-genere-identita-cultura\/\" rel=\"bookmark\">Leggi tutto &raquo;<span class=\"screen-reader-text\">THINK DIVERSE! genere, identit\u00e0, cultura<\/span><\/a><\/p>\n","protected":false},"author":980,"featured_media":14869,"comment_status":"closed","ping_status":"closed","sticky":false,"template":"","format":"standard","meta":{"neve_meta_sidebar":"","neve_meta_container":"","neve_meta_enable_content_width":"","neve_meta_content_width":0,"neve_meta_title_alignment":"","neve_meta_author_avatar":"","neve_post_elements_order":"","neve_meta_disable_header":"","neve_meta_disable_footer":"","neve_meta_disable_title":"","advanced_seo_description":"","jetpack_seo_html_title":"","jetpack_seo_noindex":false,"footnotes":""},"categories":[26,334,24,676,6,7,9,680],"tags":[],"class_list":["post-14841","post","type-post","status-publish","format-standard","has-post-thumbnail","hentry","category-eventi","category-installazioni","category-mostre","category-performance","category-pittura","category-scultura","category-video","category-videoarte"],"jetpack_featured_media_url":"https:\/\/www.biancoscuro.it\/site\/wp-content\/uploads\/2022\/11\/thinkdiverse.jpg","jetpack_sharing_enabled":true,"jetpack-related-posts":[{"id":1615,"url":"https:\/\/www.biancoscuro.it\/site\/la-mutevole-identita-dellessere-umano-secondo-lobiettivo-di-christopher-makos\/","url_meta":{"origin":14841,"position":0},"title":"La mutevole identit\u00e0 dell\u2019essere umano  secondo l\u2019obiettivo di Christopher Makos","author":"Redazione BIANCOSCURO","date":"30 Luglio 2014","format":false,"excerpt":"Milano, Corso Como 10, Galleria Carla Sozzani: questo \u00e8 l\u2019indirizzo della superlativa mostra Altered Images, con le opere del celebre fotografo Christopher Makos. In questo ex edificio industriale tipico dell\u2019architettura milanese, la Galleria dal 1990 si dedica alla fotografia, all\u2019arte, al design e all\u2019architettura. L\u2019esposizione in corso \u00e8 a cura\u2026","rel":"","context":"In &quot;arte&quot;","block_context":{"text":"arte","link":"https:\/\/www.biancoscuro.it\/site\/category\/arte\/"},"img":{"alt_text":"","src":"https:\/\/i0.wp.com\/www.biancoscuro.it\/site\/wp-content\/uploads\/2015\/01\/A.jpg?resize=350%2C200&ssl=1","width":350,"height":200,"srcset":"https:\/\/i0.wp.com\/www.biancoscuro.it\/site\/wp-content\/uploads\/2015\/01\/A.jpg?resize=350%2C200&ssl=1 1x, https:\/\/i0.wp.com\/www.biancoscuro.it\/site\/wp-content\/uploads\/2015\/01\/A.jpg?resize=525%2C300&ssl=1 1.5x, https:\/\/i0.wp.com\/www.biancoscuro.it\/site\/wp-content\/uploads\/2015\/01\/A.jpg?resize=700%2C400&ssl=1 2x"},"classes":[]},{"id":13633,"url":"https:\/\/www.biancoscuro.it\/site\/hybrid\/","url_meta":{"origin":14841,"position":1},"title":"Hybrid","author":"Sandra Miranda Pattin","date":"5 Giugno 2022","format":false,"excerpt":"Hybrid \u00e8 una cartografia di connessioni non sempre visibili, un luogo di trasformazione che vuole essere l\u2019inizio di una conversazione che gli altri possono completare. Hybrid non si definisce una collezione di moda n\u00e9 tanto meno arte da indossare ma piuttosto un'idea esplorata attraverso il dialogo fra diversi linguaggi come\u2026","rel":"","context":"In &quot;arte&quot;","block_context":{"text":"arte","link":"https:\/\/www.biancoscuro.it\/site\/category\/arte\/"},"img":{"alt_text":"HYBRID mostra firenze","src":"https:\/\/i0.wp.com\/www.biancoscuro.it\/site\/wp-content\/uploads\/2022\/06\/Hybrid.jpg?resize=350%2C200&ssl=1","width":350,"height":200,"srcset":"https:\/\/i0.wp.com\/www.biancoscuro.it\/site\/wp-content\/uploads\/2022\/06\/Hybrid.jpg?resize=350%2C200&ssl=1 1x, https:\/\/i0.wp.com\/www.biancoscuro.it\/site\/wp-content\/uploads\/2022\/06\/Hybrid.jpg?resize=525%2C300&ssl=1 1.5x, https:\/\/i0.wp.com\/www.biancoscuro.it\/site\/wp-content\/uploads\/2022\/06\/Hybrid.jpg?resize=700%2C400&ssl=1 2x"},"classes":[]},{"id":18602,"url":"https:\/\/www.biancoscuro.it\/site\/inscapes-di-anna-tabellini\/","url_meta":{"origin":14841,"position":2},"title":"Inscapes di Anna Tabellini","author":"Sandra Miranda Pattin","date":"9 Giugno 2025","format":false,"excerpt":"Inscapes termine usato dal poeta Hopkins si riferisce all'unicit\u00e0 di ognuno, alla ricerca del proprio paesaggio che diventi appartenenza. Nell'installazione di Anna Tabellini, il paesaggio diventa una metafora stratificata dell\u2019identit\u00e0: un luogo di costruzione e scoperta, dove le molteplici dimensioni del s\u00e9 si intrecciano in una tensione tra scoperta e\u2026","rel":"","context":"In &quot;arte&quot;","block_context":{"text":"arte","link":"https:\/\/www.biancoscuro.it\/site\/category\/arte\/"},"img":{"alt_text":"Anna Tabellini - Chiasso Perduto","src":"https:\/\/i0.wp.com\/www.biancoscuro.it\/site\/wp-content\/uploads\/2025\/06\/DetailsInscapes-scaled.jpg?resize=350%2C200&ssl=1","width":350,"height":200,"srcset":"https:\/\/i0.wp.com\/www.biancoscuro.it\/site\/wp-content\/uploads\/2025\/06\/DetailsInscapes-scaled.jpg?resize=350%2C200&ssl=1 1x, https:\/\/i0.wp.com\/www.biancoscuro.it\/site\/wp-content\/uploads\/2025\/06\/DetailsInscapes-scaled.jpg?resize=525%2C300&ssl=1 1.5x, https:\/\/i0.wp.com\/www.biancoscuro.it\/site\/wp-content\/uploads\/2025\/06\/DetailsInscapes-scaled.jpg?resize=700%2C400&ssl=1 2x, https:\/\/i0.wp.com\/www.biancoscuro.it\/site\/wp-content\/uploads\/2025\/06\/DetailsInscapes-scaled.jpg?resize=1050%2C600&ssl=1 3x, https:\/\/i0.wp.com\/www.biancoscuro.it\/site\/wp-content\/uploads\/2025\/06\/DetailsInscapes-scaled.jpg?resize=1400%2C800&ssl=1 4x"},"classes":[]},{"id":6639,"url":"https:\/\/www.biancoscuro.it\/site\/loredana-manciati-generazioni-viaggio-fragili-identita\/","url_meta":{"origin":14841,"position":3},"title":"Loredana Manciati. Generazioni in viaggio &#8211; Fragili Identit\u00e0","author":"Roberta Melasecca","date":"7 Marzo 2018","format":false,"excerpt":"Opening 10 marzo 2018 ore 17.00 | Castello Colonna | Genazzano (RM) Il giorno 10 marzo 2018 alle ore 17.00 inaugura, presso le sale del Castello Colonna a Genazzano, la mostra personale Generazioni in viaggio. Fragili Identit\u00e0 di Loredana Manciati, a cura di Rosa Manauzzi, con il testo critico in\u2026","rel":"","context":"In &quot;arte&quot;","block_context":{"text":"arte","link":"https:\/\/www.biancoscuro.it\/site\/category\/arte\/"},"img":{"alt_text":"","src":"https:\/\/i0.wp.com\/www.biancoscuro.it\/site\/wp-content\/uploads\/2018\/03\/loredana-manciati-1.jpg?resize=350%2C200&ssl=1","width":350,"height":200,"srcset":"https:\/\/i0.wp.com\/www.biancoscuro.it\/site\/wp-content\/uploads\/2018\/03\/loredana-manciati-1.jpg?resize=350%2C200&ssl=1 1x, https:\/\/i0.wp.com\/www.biancoscuro.it\/site\/wp-content\/uploads\/2018\/03\/loredana-manciati-1.jpg?resize=525%2C300&ssl=1 1.5x, https:\/\/i0.wp.com\/www.biancoscuro.it\/site\/wp-content\/uploads\/2018\/03\/loredana-manciati-1.jpg?resize=700%2C400&ssl=1 2x, https:\/\/i0.wp.com\/www.biancoscuro.it\/site\/wp-content\/uploads\/2018\/03\/loredana-manciati-1.jpg?resize=1050%2C600&ssl=1 3x, https:\/\/i0.wp.com\/www.biancoscuro.it\/site\/wp-content\/uploads\/2018\/03\/loredana-manciati-1.jpg?resize=1400%2C800&ssl=1 4x"},"classes":[]},{"id":12596,"url":"https:\/\/www.biancoscuro.it\/site\/presentazione-del-libro%e2%80%a8-arte-e-identita-della-specie-umana-%e2%80%a8di-gabriele-simongini-%e2%80%a8\/","url_meta":{"origin":14841,"position":4},"title":"Presentazione  &#8220;Arte e identit\u00e0 della specie umana&#8221; \u2028di  Simongini \u2028","author":"Roberta Melasecca","date":"19 Novembre 2021","format":false,"excerpt":"Il giorno 29 novembre 2021 alle ore 18.00 la Fondazione Toti Scialoja ospita la presentazione del libro Arte e identit\u00e0 della specie umana(Manfredi Edizioni)di Gabriele Simongini. Interverranno, oltre all\u2019autore, il Presidente della Fondazione Arnaldo Colasanti, e gli storici dell\u2019arte Claudio Crescentini e Alberto Dambruoso. L\u2019evento costituisce la prima di una\u2026","rel":"","context":"In &quot;arte&quot;","block_context":{"text":"arte","link":"https:\/\/www.biancoscuro.it\/site\/category\/arte\/"},"img":{"alt_text":"","src":"https:\/\/i0.wp.com\/www.biancoscuro.it\/site\/wp-content\/uploads\/2021\/11\/Invito-2-copia-e1637922560721.jpg?resize=350%2C200&ssl=1","width":350,"height":200,"srcset":"https:\/\/i0.wp.com\/www.biancoscuro.it\/site\/wp-content\/uploads\/2021\/11\/Invito-2-copia-e1637922560721.jpg?resize=350%2C200&ssl=1 1x, https:\/\/i0.wp.com\/www.biancoscuro.it\/site\/wp-content\/uploads\/2021\/11\/Invito-2-copia-e1637922560721.jpg?resize=525%2C300&ssl=1 1.5x, https:\/\/i0.wp.com\/www.biancoscuro.it\/site\/wp-content\/uploads\/2021\/11\/Invito-2-copia-e1637922560721.jpg?resize=700%2C400&ssl=1 2x"},"classes":[]},{"id":12121,"url":"https:\/\/www.biancoscuro.it\/site\/altre-visioni-identita-a-confronto-in-una-terra-di-mezzo\/","url_meta":{"origin":14841,"position":5},"title":"Alt(r)e Visioni &#8211; Identit\u00e0 a confronto in una \u201cterra di mezzo\u201d","author":"Roberta Melasecca","date":"17 Luglio 2021","format":false,"excerpt":"Alt(r)e VisioniIdentit\u00e0 a confronto in una \u201cterra di mezzo\u201dGotthard Bonell, Gianluigi Rocca, Ivan ZanoniA cura di Nicoletta TamaniniUn progetto de Il QuadrifoglioFior di Palazzo4\u00b0 edizione \u201cL\u2019incanto della Montagna\u201d Inaugurazione 25 luglio 2021 ore 17.30 Palazzo Aliprandini LaifenthurnVia Guglielmo Marconi 54 - Livo (TN) Fino al 22 agosto 2021 Il giorno\u2026","rel":"","context":"In &quot;arte&quot;","block_context":{"text":"arte","link":"https:\/\/www.biancoscuro.it\/site\/category\/arte\/"},"img":{"alt_text":"","src":"https:\/\/i0.wp.com\/www.biancoscuro.it\/site\/wp-content\/uploads\/2021\/07\/opere-2-copia.jpg?resize=350%2C200&ssl=1","width":350,"height":200,"srcset":"https:\/\/i0.wp.com\/www.biancoscuro.it\/site\/wp-content\/uploads\/2021\/07\/opere-2-copia.jpg?resize=350%2C200&ssl=1 1x, https:\/\/i0.wp.com\/www.biancoscuro.it\/site\/wp-content\/uploads\/2021\/07\/opere-2-copia.jpg?resize=525%2C300&ssl=1 1.5x, https:\/\/i0.wp.com\/www.biancoscuro.it\/site\/wp-content\/uploads\/2021\/07\/opere-2-copia.jpg?resize=700%2C400&ssl=1 2x"},"classes":[]}],"_links":{"self":[{"href":"https:\/\/www.biancoscuro.it\/site\/wp-json\/wp\/v2\/posts\/14841","targetHints":{"allow":["GET"]}}],"collection":[{"href":"https:\/\/www.biancoscuro.it\/site\/wp-json\/wp\/v2\/posts"}],"about":[{"href":"https:\/\/www.biancoscuro.it\/site\/wp-json\/wp\/v2\/types\/post"}],"author":[{"embeddable":true,"href":"https:\/\/www.biancoscuro.it\/site\/wp-json\/wp\/v2\/users\/980"}],"replies":[{"embeddable":true,"href":"https:\/\/www.biancoscuro.it\/site\/wp-json\/wp\/v2\/comments?post=14841"}],"version-history":[{"count":0,"href":"https:\/\/www.biancoscuro.it\/site\/wp-json\/wp\/v2\/posts\/14841\/revisions"}],"wp:featuredmedia":[{"embeddable":true,"href":"https:\/\/www.biancoscuro.it\/site\/wp-json\/wp\/v2\/media\/14869"}],"wp:attachment":[{"href":"https:\/\/www.biancoscuro.it\/site\/wp-json\/wp\/v2\/media?parent=14841"}],"wp:term":[{"taxonomy":"category","embeddable":true,"href":"https:\/\/www.biancoscuro.it\/site\/wp-json\/wp\/v2\/categories?post=14841"},{"taxonomy":"post_tag","embeddable":true,"href":"https:\/\/www.biancoscuro.it\/site\/wp-json\/wp\/v2\/tags?post=14841"}],"curies":[{"name":"wp","href":"https:\/\/api.w.org\/{rel}","templated":true}]}}