{"id":14909,"date":"2022-11-15T12:28:30","date_gmt":"2022-11-15T11:28:30","guid":{"rendered":"https:\/\/www.biancoscuro.it\/site\/?p=14909"},"modified":"2022-11-15T12:28:37","modified_gmt":"2022-11-15T11:28:37","slug":"un-mese-con-david-lachapelle-a-milano-poems-and-fevers","status":"publish","type":"post","link":"https:\/\/www.biancoscuro.it\/site\/un-mese-con-david-lachapelle-a-milano-poems-and-fevers\/","title":{"rendered":"<strong>Un mese con David LaChapelle a Milano, POEMS AND FEVERS<\/strong>"},"content":{"rendered":"<span class=\"span-reading-time rt-reading-time\" style=\"display: block;\"><span class=\"rt-label rt-prefix\">\u23f0 lettura <\/span> <span class=\"rt-time\"> 3<\/span> <span class=\"rt-label rt-postfix\">min. <br><br><\/span><\/span>\n<p><strong>David LaChapelle<\/strong> torna a Milano dopo il successo della grande mostra I Believe In Miracles al Mudec, che lo ha visto esporre pi\u00f9 di 90 opere.<br \/>Dal 17 novembre sar\u00e0 il turno della galleria <strong>Deodato Arte<\/strong>, dove il celeberrimo fotografo inaugurer\u00e0 una sua personale mostra dal titolo <strong>POEMS AND FEVERS<\/strong>, che avr\u00e0 luogo fino al 17 dicembre.<br \/>Un mese esatto per ammirare gli scatti dell\u2019artista americano che durante la sua carriera ha lavorato con numerosi attori, cantanti, e personaggi dello spettacolo rendendoli, attraverso le sue immagini, ancora pi\u00f9 irriverenti ed iconici.<\/p>\n\n\n\n<p>L\u2019utilizzo dei colori iper saturati, che lo contraddistingue, secondo <strong>LaChapelle <\/strong>non \u00e8 premeditato ma nasce dall\u2019esigenza di utilizzare tinte che riflettano gioia e che si discostino dai pensieri che lo tormentano: le sue <em>FEVERS<\/em>.<\/p>\n\n\n\n<figure class=\"wp-block-image size-full is-resized\"><img loading=\"lazy\" decoding=\"async\" src=\"https:\/\/www.biancoscuro.it\/site\/wp-content\/uploads\/2022\/11\/David-LaChapelle-After-the-Deluge-Museum-Los-Angeles-2007-\u00a9David-LaChapelle.jpg\" alt=\"\" class=\"wp-image-14914\" width=\"549\" height=\"412\" srcset=\"https:\/\/www.biancoscuro.it\/site\/wp-content\/uploads\/2022\/11\/David-LaChapelle-After-the-Deluge-Museum-Los-Angeles-2007-\u00a9David-LaChapelle.jpg 430w, https:\/\/www.biancoscuro.it\/site\/wp-content\/uploads\/2022\/11\/David-LaChapelle-After-the-Deluge-Museum-Los-Angeles-2007-\u00a9David-LaChapelle-300x225.jpg 300w\" sizes=\"auto, (max-width: 549px) 100vw, 549px\" \/><figcaption class=\"wp-element-caption\">David LaChapelle, After the Deluge, Museum, Los Angeles, 2007, \u00a9David LaChapelle<\/figcaption><\/figure>\n\n\n\n<hr class=\"wp-block-separator has-alpha-channel-opacity is-style-dots\" \/>\n\n\n\n<p>All\u2019inizio della sua carriera negli anni Ottanta, la piaga dell\u2019AIDS dilagava portandosi via molti amici del giovane fotografo, tra i quali il suo compagno, creando una spaccatura, una ferita che solo la fede riusc\u00ec in parte a rimarginare.<br \/>La religione, vissuta come atto poetico salvifico, genera inevitabilmente un\u2019indagine escatologica, spesso rappresentata attraverso delle composizioni che richiamano la pittura rinascimentale italiana, raggruppando temi religiosi a quelli fantastici.<br \/>Queste creazioni, dallo stampo surreale, sono frutto anche del suo formarsi inizialmente come pittore.<\/p>\n\n\n\n<figure class=\"wp-block-image size-full is-resized\"><img loading=\"lazy\" decoding=\"async\" src=\"https:\/\/www.biancoscuro.it\/site\/wp-content\/uploads\/2022\/11\/David-LaChapelle-The-Holy-Family-with-St.Francis-Hawaii-2019-\u00a9David-LaChapelle-1.jpg\" alt=\"\" class=\"wp-image-14915\" width=\"367\" height=\"432\" \/><figcaption class=\"wp-element-caption\">David LaChapelle, The Holy Family with St.Francis, Hawaii, 2019, \u00a9David LaChapelle<\/figcaption><\/figure>\n\n\n\n<hr class=\"wp-block-separator has-alpha-channel-opacity is-style-dots\" \/>\n\n\n\n<p>L\u2019amore divino forse non sconfigge totalmente la sofferenza, ma la allevia, ne indaga i meccanismi tramite l\u2019elaborazione, processo sviluppato attraverso lo humor, la sfrontatezza e l\u2019esagerazione, visibili durante il percorso espositivo, curato da <strong>Gianni Mercurio<\/strong>.<br \/>I 26 scatti selezionati per la mostra, realizzati durante vari periodi della sua carriera, comprendono ritratti, nature morte e le pi\u00f9 recenti immagini, ispirate dalla fede dell\u2019artista, contraddistinte da una certosina cura per il dettaglio, come l\u2019utilizzo delle proporzioni e l\u2019attenzione per i particolari.<\/p>\n\n\n\n<figure class=\"wp-block-image size-full is-resized\"><img loading=\"lazy\" decoding=\"async\" src=\"https:\/\/www.biancoscuro.it\/site\/wp-content\/uploads\/2022\/11\/David-LaChapelle-After-the-Deluge-Cathedral-Los-Angeles-2007-\u00a9David-LaChapelle.jpg\" alt=\"\" class=\"wp-image-14912\" width=\"486\" height=\"366\" srcset=\"https:\/\/www.biancoscuro.it\/site\/wp-content\/uploads\/2022\/11\/David-LaChapelle-After-the-Deluge-Cathedral-Los-Angeles-2007-\u00a9David-LaChapelle.jpg 319w, https:\/\/www.biancoscuro.it\/site\/wp-content\/uploads\/2022\/11\/David-LaChapelle-After-the-Deluge-Cathedral-Los-Angeles-2007-\u00a9David-LaChapelle-300x226.jpg 300w\" sizes=\"auto, (max-width: 486px) 100vw, 486px\" \/><figcaption class=\"wp-element-caption\">David LaChapelle After the Deluge Cathedral Los Angeles, 2007, \u00a9David LaChapelle<\/figcaption><\/figure>\n\n\n\n<hr class=\"wp-block-separator has-alpha-channel-opacity is-style-dots\" \/>\n\n\n\n<p>La denuncia del \u201c<em>sogno americano<\/em>\u201d, il ritrattismo delle celebrit\u00e0 e i miti della cristianit\u00e0 sono le principali tematiche attorno le quali gravita la rassegna di foto, che si snoda tra una donna schiacciata da un enorme hamburger gonfiabile, una Britney Spears in veste di moderna lolita nabokoviana, o una Venere di Botticelli reinterpretata da sensuali modelli oleati.<br \/>Tutte opere controverse che hanno fatto discutere, aumentando la popolarit\u00e0 del fotografo e affermando la sua unicit\u00e0.<\/p>\n\n\n\n<figure class=\"wp-block-image size-full is-resized\"><img loading=\"lazy\" decoding=\"async\" src=\"https:\/\/www.biancoscuro.it\/site\/wp-content\/uploads\/2022\/11\/David-LaChapelle-Britney-Spears-Portrait-of-a-Young-Pop-Star-on-the-Verge-of-Success-Louisiana-1999\u00a9David-LaChapelle-1.jpg\" alt=\"\" class=\"wp-image-14911\" width=\"358\" height=\"485\" srcset=\"https:\/\/www.biancoscuro.it\/site\/wp-content\/uploads\/2022\/11\/David-LaChapelle-Britney-Spears-Portrait-of-a-Young-Pop-Star-on-the-Verge-of-Success-Louisiana-1999\u00a9David-LaChapelle-1.jpg 307w, https:\/\/www.biancoscuro.it\/site\/wp-content\/uploads\/2022\/11\/David-LaChapelle-Britney-Spears-Portrait-of-a-Young-Pop-Star-on-the-Verge-of-Success-Louisiana-1999\u00a9David-LaChapelle-1-221x300.jpg 221w\" sizes=\"auto, (max-width: 358px) 100vw, 358px\" \/><figcaption class=\"wp-element-caption\">David LaChapelle, Britney Spears, Portrait of a Young Pop Star on the Verge of Success, Louisiana, 1999, \u00a9David LaChapelle<\/figcaption><\/figure>\n\n\n\n<hr class=\"wp-block-separator has-alpha-channel-opacity is-style-dots\" \/>\n\n\n\n<p>Sperimentati diversi tipi di genere fotografico, arriva a creare scatti originali che si configurano come vere e proprie opere d\u2019arte: ironie barocche che lo rendono uno dei fotografi pi\u00f9 richiesti al mondo.<br \/>Ha saputo inoltre, con la sua\u00a0estetica, sconfinare in altri territori come il teatro e il cinema.<br \/>L\u2019evento d\u2019inaugurazione avr\u00e0 luogo gioved\u00ec <strong>17 novembre<\/strong> dalle ore <strong>18.30<\/strong> da <strong>Deodato Arte in Via Nerino 1, Milano<\/strong>, dove l\u2019artista sar\u00e0 presente all\u2019opening.<br \/><strong>Per partecipare \u00e8 necessario registrarsi gratuitamente al sito della Galleria<\/strong>.<\/p>\n\n\n\n<pre class=\"wp-block-preformatted\">dal 17 novembre al 17 dicembre<br \/>via Nerino, 1, Milano<br \/>www.deodato.com<\/pre>\n","protected":false},"excerpt":{"rendered":"<p><span class=\"span-reading-time rt-reading-time\" style=\"display: block;\"><span class=\"rt-label rt-prefix\">\u23f0 lettura <\/span> <span class=\"rt-time\"> 3<\/span> <span class=\"rt-label rt-postfix\">min. <\/p>\n<p><\/span><\/span>David LaChapelle torna a Milano dopo il successo della grande mostra I Believe In Miracles al Mudec, che lo ha visto esporre pi\u00f9 di 90 opere.Dal 17 novembre sar\u00e0 il turno della galleria Deodato Arte, dove il celeberrimo fotografo inaugurer\u00e0 una sua personale mostra dal titolo POEMS AND FEVERS, che avr\u00e0 luogo fino al 17&hellip;&nbsp;<a href=\"https:\/\/www.biancoscuro.it\/site\/un-mese-con-david-lachapelle-a-milano-poems-and-fevers\/\" rel=\"bookmark\">Leggi tutto &raquo;<span class=\"screen-reader-text\"><strong>Un mese con David LaChapelle a Milano, POEMS AND FEVERS<\/strong><\/span><\/a><\/p>\n","protected":false},"author":1121,"featured_media":14910,"comment_status":"closed","ping_status":"closed","sticky":false,"template":"","format":"standard","meta":{"neve_meta_sidebar":"","neve_meta_container":"","neve_meta_enable_content_width":"","neve_meta_content_width":0,"neve_meta_title_alignment":"","neve_meta_author_avatar":"","neve_post_elements_order":"","neve_meta_disable_header":"","neve_meta_disable_footer":"","neve_meta_disable_title":"","advanced_seo_description":"","jetpack_seo_html_title":"","jetpack_seo_noindex":false,"footnotes":""},"categories":[5,1072,8,24],"tags":[549,464,795],"class_list":["post-14909","post","type-post","status-publish","format-standard","has-post-thumbnail","hentry","category-arte","category-foto","category-fotografia","category-mostre","tag-andy-warhol","tag-milano","tag-mostra-fotografia"],"jetpack_featured_media_url":"https:\/\/www.biancoscuro.it\/site\/wp-content\/uploads\/2022\/11\/David-LaChapelle-Britney-Spears-Portrait-of-a-Young-Pop-Star-on-the-Verge-of-Success-Louisiana-1999\u00a9David-LaChapelle.jpg","jetpack_sharing_enabled":true,"jetpack-related-posts":[{"id":9620,"url":"https:\/\/www.biancoscuro.it\/site\/david-lachapelle-alla-reggia-di-venaria\/","url_meta":{"origin":14909,"position":0},"title":"David Lachapelle alla Reggia di Venaria","author":"Redazione BIANCOSCURO","date":"2 Settembre 2019","format":false,"excerpt":"David Lachapelle: \"Atti divini\", a Torino i lavori pi\u00f9 iconici Dal 14 giugno scorso, una rassegna fotografica colora gli spazi della Citroniera delle Scuderie Juvarriane, alla Reggia di Venaria: la grande mostra di David LaChapelle: \u201cAtti Divini\u201d. Settanta opere di grandi e grandissimi formati, le pi\u00f9 significative dei vari periodi\u2026","rel":"","context":"In &quot;arte&quot;","block_context":{"text":"arte","link":"https:\/\/www.biancoscuro.it\/site\/category\/arte\/"},"img":{"alt_text":"","src":"https:\/\/i0.wp.com\/www.biancoscuro.it\/site\/wp-content\/uploads\/2019\/09\/Lachapelle7.jpg?resize=350%2C200&ssl=1","width":350,"height":200,"srcset":"https:\/\/i0.wp.com\/www.biancoscuro.it\/site\/wp-content\/uploads\/2019\/09\/Lachapelle7.jpg?resize=350%2C200&ssl=1 1x, https:\/\/i0.wp.com\/www.biancoscuro.it\/site\/wp-content\/uploads\/2019\/09\/Lachapelle7.jpg?resize=525%2C300&ssl=1 1.5x, https:\/\/i0.wp.com\/www.biancoscuro.it\/site\/wp-content\/uploads\/2019\/09\/Lachapelle7.jpg?resize=700%2C400&ssl=1 2x, https:\/\/i0.wp.com\/www.biancoscuro.it\/site\/wp-content\/uploads\/2019\/09\/Lachapelle7.jpg?resize=1050%2C600&ssl=1 3x, https:\/\/i0.wp.com\/www.biancoscuro.it\/site\/wp-content\/uploads\/2019\/09\/Lachapelle7.jpg?resize=1400%2C800&ssl=1 4x"},"classes":[]},{"id":13902,"url":"https:\/\/www.biancoscuro.it\/site\/david-lachapelle-ha-ancora-fede-nei-miracoli\/","url_meta":{"origin":14909,"position":1},"title":"David LaChapelle ha ancora fede nei miracoli","author":"Redazione BIANCOSCURO","date":"29 Luglio 2022","format":false,"excerpt":"Al MUDEC \u2013 Museo delle Culture di Milano, dal 22 aprile all\u201911 settembre 2022, si terr\u00e0 la grande mostra personale \u201cDavid LaChapelle, I Believe in Miracles\u201d. L\u2019esposizione \u00e8 dedicata alla carriera del grande fotografo e regista statunitense David LaChapelle. In primo piano troviamo i pi\u00f9 noti scatti della sua decennale\u2026","rel":"","context":"In &quot;arte&quot;","block_context":{"text":"arte","link":"https:\/\/www.biancoscuro.it\/site\/category\/arte\/"},"img":{"alt_text":"","src":"https:\/\/i0.wp.com\/www.biancoscuro.it\/site\/wp-content\/uploads\/2022\/08\/art_painting_mural_michelangelo_il_creazione_d_adamo_sistine_chapel_vatican_rome-982342LOW.jpg?resize=350%2C200&ssl=1","width":350,"height":200},"classes":[]},{"id":3401,"url":"https:\/\/www.biancoscuro.it\/site\/biennale-fotoindustria-2015\/","url_meta":{"origin":14909,"position":2},"title":"Biennale FOTO\/INDUSTRIA 2015","author":"Redazione BIANCOSCURO","date":"2 Ottobre 2015","format":false,"excerpt":"14 esposizioni raccontano il mondo del lavoro La seconda edizione della Biennale Foto\/Industria apre i battenti il 2 ottobre nuovamente nella citt\u00e0 di Bologna. Dodici luoghi per quattordici esposizioni che raccontano, attraverso la fotografia d\u2019autore, il mondo del lavoro in tutte le sue fasi, dalla creazione al riciclaggio. La rassegna\u2026","rel":"","context":"In &quot;arte&quot;","block_context":{"text":"arte","link":"https:\/\/www.biancoscuro.it\/site\/category\/arte\/"},"img":{"alt_text":"","src":"https:\/\/i0.wp.com\/www.biancoscuro.it\/site\/wp-content\/uploads\/2015\/11\/01-david-lachapelle.jpg?resize=350%2C200&ssl=1","width":350,"height":200,"srcset":"https:\/\/i0.wp.com\/www.biancoscuro.it\/site\/wp-content\/uploads\/2015\/11\/01-david-lachapelle.jpg?resize=350%2C200&ssl=1 1x, https:\/\/i0.wp.com\/www.biancoscuro.it\/site\/wp-content\/uploads\/2015\/11\/01-david-lachapelle.jpg?resize=525%2C300&ssl=1 1.5x, https:\/\/i0.wp.com\/www.biancoscuro.it\/site\/wp-content\/uploads\/2015\/11\/01-david-lachapelle.jpg?resize=700%2C400&ssl=1 2x"},"classes":[]},{"id":10094,"url":"https:\/\/www.biancoscuro.it\/site\/le-declinazioni-di-pinocchio\/","url_meta":{"origin":14909,"position":3},"title":"Le declinazioni di Pinocchio","author":"Daniela Malabaila","date":"6 Dicembre 2019","format":false,"excerpt":"Le mille sfaccettature del \u201cburattino\u201d di Collodi Curata da Lucia Fiaschi, nella splendida cornice di Villa Bardini, \u201cEnigma Pinocchio. Da Giacometti a LaChapelle\u201d racconta il personaggio collodiano (e le sue metafore e contrapposizioni) attraverso 50 capolavori di arte contemporanea provenienti da tutto il mondo. Francesco de Molfetta - Bird Reich\u2026","rel":"","context":"In &quot;arte&quot;","block_context":{"text":"arte","link":"https:\/\/www.biancoscuro.it\/site\/category\/arte\/"},"img":{"alt_text":"","src":"https:\/\/i0.wp.com\/www.biancoscuro.it\/site\/wp-content\/uploads\/2019\/12\/05_De-molfetta.jpg?resize=350%2C200&ssl=1","width":350,"height":200,"srcset":"https:\/\/i0.wp.com\/www.biancoscuro.it\/site\/wp-content\/uploads\/2019\/12\/05_De-molfetta.jpg?resize=350%2C200&ssl=1 1x, https:\/\/i0.wp.com\/www.biancoscuro.it\/site\/wp-content\/uploads\/2019\/12\/05_De-molfetta.jpg?resize=525%2C300&ssl=1 1.5x, https:\/\/i0.wp.com\/www.biancoscuro.it\/site\/wp-content\/uploads\/2019\/12\/05_De-molfetta.jpg?resize=700%2C400&ssl=1 2x, https:\/\/i0.wp.com\/www.biancoscuro.it\/site\/wp-content\/uploads\/2019\/12\/05_De-molfetta.jpg?resize=1050%2C600&ssl=1 3x, https:\/\/i0.wp.com\/www.biancoscuro.it\/site\/wp-content\/uploads\/2019\/12\/05_De-molfetta.jpg?resize=1400%2C800&ssl=1 4x"},"classes":[]},{"id":16561,"url":"https:\/\/www.biancoscuro.it\/site\/rosso-sahel\/","url_meta":{"origin":14909,"position":4},"title":"&#8220;Rosso Sahel&#8221;","author":"Luca Casonato","date":"28 Settembre 2023","format":false,"excerpt":"mostra di Luca Casonato \u201cRosso Sahel \u00e8 il diario visivo del viaggio intrapreso dal fotografo in Niger, come membro del Comitato tecnico del Padiglione della Repubblica del Niger alla Biennale di Architettura di Venezia 2023. Rosso Sahel \u00e8 anche l'incontro con il bisogno, la povert\u00e0 e un invito a compiere\u2026","rel":"","context":"In &quot;arte&quot;","block_context":{"text":"arte","link":"https:\/\/www.biancoscuro.it\/site\/category\/arte\/"},"img":{"alt_text":"","src":"https:\/\/i0.wp.com\/www.biancoscuro.it\/site\/wp-content\/uploads\/2023\/10\/A01_Rosso-Sahel_01_Casonato-Luca.jpg?resize=350%2C200&ssl=1","width":350,"height":200,"srcset":"https:\/\/i0.wp.com\/www.biancoscuro.it\/site\/wp-content\/uploads\/2023\/10\/A01_Rosso-Sahel_01_Casonato-Luca.jpg?resize=350%2C200&ssl=1 1x, https:\/\/i0.wp.com\/www.biancoscuro.it\/site\/wp-content\/uploads\/2023\/10\/A01_Rosso-Sahel_01_Casonato-Luca.jpg?resize=525%2C300&ssl=1 1.5x, https:\/\/i0.wp.com\/www.biancoscuro.it\/site\/wp-content\/uploads\/2023\/10\/A01_Rosso-Sahel_01_Casonato-Luca.jpg?resize=700%2C400&ssl=1 2x"},"classes":[]},{"id":8752,"url":"https:\/\/www.biancoscuro.it\/site\/i-percorsi-dellanima\/","url_meta":{"origin":14909,"position":5},"title":"I Percorsi dell&#8217;Anima","author":"Claudia Migliore","date":"24 Febbraio 2019","format":false,"excerpt":"I Percorsi dell'Anima, mostra fotografica collettiva, giunge alla sua ultima esposizione dopo un \u201cpercorso\u201d durato quasi nove mesi e partito da lontano. L'idea iniziale nasce da un progetto, per il Photofestival 2018, esposto per la prima volta in Acquario Civico a Milano e successivamente, con implementazione continua di fotografi ed\u2026","rel":"","context":"In &quot;arte&quot;","block_context":{"text":"arte","link":"https:\/\/www.biancoscuro.it\/site\/category\/arte\/"},"img":{"alt_text":"","src":"https:\/\/i0.wp.com\/www.biancoscuro.it\/site\/wp-content\/uploads\/2019\/02\/Transition-room-1000.jpg?resize=350%2C200&ssl=1","width":350,"height":200,"srcset":"https:\/\/i0.wp.com\/www.biancoscuro.it\/site\/wp-content\/uploads\/2019\/02\/Transition-room-1000.jpg?resize=350%2C200&ssl=1 1x, https:\/\/i0.wp.com\/www.biancoscuro.it\/site\/wp-content\/uploads\/2019\/02\/Transition-room-1000.jpg?resize=525%2C300&ssl=1 1.5x, https:\/\/i0.wp.com\/www.biancoscuro.it\/site\/wp-content\/uploads\/2019\/02\/Transition-room-1000.jpg?resize=700%2C400&ssl=1 2x, https:\/\/i0.wp.com\/www.biancoscuro.it\/site\/wp-content\/uploads\/2019\/02\/Transition-room-1000.jpg?resize=1050%2C600&ssl=1 3x"},"classes":[]}],"_links":{"self":[{"href":"https:\/\/www.biancoscuro.it\/site\/wp-json\/wp\/v2\/posts\/14909","targetHints":{"allow":["GET"]}}],"collection":[{"href":"https:\/\/www.biancoscuro.it\/site\/wp-json\/wp\/v2\/posts"}],"about":[{"href":"https:\/\/www.biancoscuro.it\/site\/wp-json\/wp\/v2\/types\/post"}],"author":[{"embeddable":true,"href":"https:\/\/www.biancoscuro.it\/site\/wp-json\/wp\/v2\/users\/1121"}],"replies":[{"embeddable":true,"href":"https:\/\/www.biancoscuro.it\/site\/wp-json\/wp\/v2\/comments?post=14909"}],"version-history":[{"count":0,"href":"https:\/\/www.biancoscuro.it\/site\/wp-json\/wp\/v2\/posts\/14909\/revisions"}],"wp:featuredmedia":[{"embeddable":true,"href":"https:\/\/www.biancoscuro.it\/site\/wp-json\/wp\/v2\/media\/14910"}],"wp:attachment":[{"href":"https:\/\/www.biancoscuro.it\/site\/wp-json\/wp\/v2\/media?parent=14909"}],"wp:term":[{"taxonomy":"category","embeddable":true,"href":"https:\/\/www.biancoscuro.it\/site\/wp-json\/wp\/v2\/categories?post=14909"},{"taxonomy":"post_tag","embeddable":true,"href":"https:\/\/www.biancoscuro.it\/site\/wp-json\/wp\/v2\/tags?post=14909"}],"curies":[{"name":"wp","href":"https:\/\/api.w.org\/{rel}","templated":true}]}}