{"id":14926,"date":"2022-11-16T11:44:32","date_gmt":"2022-11-16T10:44:32","guid":{"rendered":"https:\/\/www.biancoscuro.it\/site\/?p=14926"},"modified":"2022-11-16T15:59:53","modified_gmt":"2022-11-16T14:59:53","slug":"andy-warhol-la-pubblicita-della-forma","status":"publish","type":"post","link":"https:\/\/www.biancoscuro.it\/site\/andy-warhol-la-pubblicita-della-forma\/","title":{"rendered":"Andy Warhol. La Pubblicit\u00e0 della forma"},"content":{"rendered":"<span class=\"span-reading-time rt-reading-time\" style=\"display: block;\"><span class=\"rt-label rt-prefix\">\u23f0 lettura <\/span> <span class=\"rt-time\"> 4<\/span> <span class=\"rt-label rt-postfix\">min. <br><br><\/span><\/span>\n<h2 class=\"wp-block-heading\">Una grande monografica alla Fabbrica del Vapore a Milano<\/h2>\n\n\n\n<p>Con <strong>oltre 300 opere, per la maggior parte opere uniche<\/strong>, la grande mostra <strong><em>Andy Warhol La Pubblicit\u00e0 della forma<\/em><\/strong> che il 22 ottobre si \u00e8 aperta <strong>alla Fabbrica del Vapore a Milano <\/strong>\u00e8 un vero e proprio <strong>viaggio nell\u2019universo artistico e umano di uno degli artisti che hanno maggiormente innovato la storia dell\u2019arte mondiale<\/strong>. Un viaggio che muove <strong>dagli inizi negli anni Cinquanta che vedono Warhol illustratore commerciale sino all\u2019ultimo decennio di attivit\u00e0 negli anni Ottanta connotato dal suo rapporto con il sacro<\/strong>. Curata da <strong>Achille Bonito Oliva<\/strong> con <strong>Edoardo Falcioni<\/strong>, l&#8217;esposizione dedicata al padre della Pop Art americana \u00e8 promossa e prodotta da <strong>Comune di Milano \u2013 Cultura <\/strong>e<strong> Navigare<\/strong>.<\/p>\n\n\n\n<p><em>\u201cWarhol <\/em>\u2013 afferma Bonito Oliva \u2013 <em>\u00e8 <strong>il Raffaello della societ\u00e0 di massa americana<\/strong> che d\u00e0 superficie ad ogni profondit\u00e0 dell&#8217;immagine rendendola in tal modo immediatamente fruibile, pronta al consumo come ogni prodotto che affolla il nostro vivere quotidiano. In tal modo sviluppa un&#8217;inedita classicit\u00e0 nella sua trasformazione estetica. Cos\u00ec la pubblicit\u00e0 della forma crea l&#8217;epifania, cio\u00e8 l&#8217;apparizione, dell&#8217;immagine\u201d.<\/em><\/p>\n\n\n\n<p>Dopo il successo della Mostra di Roma nel 2018 al Complesso del Vittoriano, <strong>Eugenio Falcioni<\/strong>, esperto di rilievo di Andy Warhol, collezionista e prestatore nella sua veste di responsabile di Art Motors, omaggia Milano producendo una grande esposizione con opere uniche, molte provenienti dall\u2019Estate Andy Warhol, due di Keith Haring e di altre prestigiose collezioni private. \u201cDai disegni degli anni 50 alle icone Liz, Jackie, Marilyn, Mao, Flowers, Mick Jagger ai ritratti ed ai suoi progetti personali come il fashion \u2013 dichiara Falcioni \u2013 sono presenti tele, carte, sete, latte con le famose ed uniche Polaroid, per arrivare agli acetati unici che fanno parte della seconda fase del suo lavoro altrettanto importante\u201d.<\/p>\n\n\n\n<p>Andrew Warhola, classe 1928, originario di Pittsburgh, dopo la laurea nel 1949 si trasferisce a New York, trasforma il proprio nome di origine slovacca in Warhol e nei primi anni \u201960 \u00e8 un giovane pubblicitario di successo, che lavora per riviste come <em>New Yorker<\/em>, <em>Vogue<\/em> e <em>Glamour<\/em>. L\u2019intuizione che lo render\u00e0 celebre e ricco \u00e8 quella di ripetere una immagine pi\u00f9 e pi\u00f9 volte, in modo da farla entrare per sempre nella mente del pubblico. <em>Thirty Are Better Than One<\/em>, la sua prima <strong>Monna Lisa ripetuta ben trenta volte<\/strong>, da celebre ed esclusiva opera d\u2019arte, viene trasformata in una opera di tutti e per tutti, <strong>trasformando il linguaggio della pubblicit\u00e0 in arte<\/strong>. La critica all\u2019inizio stronca questi lavori, non comprendendone l\u2019originalit\u00e0 n\u00e9 la volont\u00e0 di Warhol di comunicare l\u2019idea della ripetizione e dell\u2019abbondanza del prodotto, in linea con la filosofia consumistica dell\u2019epoca.<\/p>\n\n\n\n<p>\u201cIl vero colpo di genio attraverso cui l\u2019artista riusc\u00ec a valorizzare definitivamente gli anni \u201960 e le nuove forme di comunicazione di massa \u2013 leggiamo ancora nel testo di Falcioni \u2013 furono per\u00f2 le <strong>Brillo Box<\/strong>: si tratta di sculture identiche alle scatole di pagliette saponate Brillo in vendita nei supermercati. Saranno proprio queste opere a far scaturire in Arthur Danto, celebre filosofo ammaliato da queste creazioni, la sua concezione sulla filosofia dell\u2019arte, che ruota attorno ad una domanda fondamentale: \u201cche cos\u2019\u00e8 l\u2019arte?\u201d. Questo interrogativo lo porter\u00e0 a ritenere queste scatole di legno delle vere e proprie opere d\u2019arte, in forza della loro capacit\u00e0 di evocare e rappresentare alla perfezione un determinato contesto storico, in questo caso gli anni \u201860 assieme alle sue innumerevoli novit\u00e0, di cui il pop artist pu\u00f2 essere considerato senza dubbio il massimo interprete.  L\u2019evento che rese queste opere tra le pi\u00f9 celebri dell\u2019intera storia dell\u2019arte fu la personale dell\u2019artista presso la Stable Gallery di New York, tenutasi nel 1964: queste sculture furono disposte all\u2019interno dello spazio espositivo tutte in fila e una sopra all\u2019altra, proprio come se si trattasse di un supermercato piuttosto che di una galleria d\u2019arte\u201d. E\u2019 visitando questa mostra che il celebre gallerista Leo Castelli, che all&#8217;inizio non comprendeva la genialit\u00e0 innovativa del lavoro di Warhol, si ricrede e arruola l&#8217;artista nella sua scuderia.<\/p>\n\n\n\n<p>Da questo momento la carriera di Warhol ha una vera e propria deflagrazione.<\/p>\n\n\n\n<p>Nasce la celebre <em><strong>The Factory<\/strong><\/em>, dove innumerevoli assistenti creano a ritmo frenetico le sue opere in serie: quadri, film, cover musicali, sculture, copertine di riviste e molto altro. E dove Warhol accoglie attori, musicisti, scrittori, <strong>tutto il mondo creativo newyorchese<\/strong>. <\/p>\n\n\n\n<p>Nel frattempo \u00e8 nata una <strong>nuova generazione di artisti come Basquiat, Haring, Scharf <\/strong>che considerano Warhol il loro padre spirituale: accogliendoli nella sua cerchia Warhol ne assorbisce dinamismo e creativit\u00e0 con la possibilit\u00e0 di rinnovarsi e restare al passo con i tempi.<\/p>\n\n\n\n<p>La mostra milanese documenta questo avvincente percorso: dagli oggetti simboli del consumismo di massa, ai ritratti dello star system degli anni \u201960; dalla serie <em>Ladies &amp; Gentlemen<\/em> degli anni \u201970 dedicata alle drag queen, i travestiti, simbolo di emarginazione per eccellenza e considerati alla pari di star come Marilyn, sino agli anni \u201980 in cui diviene predominante il rapporto col sacro: cattolico praticante, ne era stato in realt\u00e0 pervaso per tutta la vita.<\/p>\n\n\n\n<p><strong>Tele, serigrafie su seta, cotone e carta, oltre a disegni, fotografie, dischi originali, T-shirt, il computer Commodore Amiga 2000 con le sue illustrazioni digitali \u2013 i primi NFT della storia &#8211; , la BMW Art Car dipinta da Warhol nel 1979 con il video in cui la realizz\u00f2, la ricostruzione fedele della prima<em> Factory <\/em>e una sezione multimediale <\/strong>con proiezioni di film da vedere con gli occhialini tridimensionali. Tutto questo attende i visitatori della mostra, <strong>aperta fino al 26 marzo 2023<\/strong>, con un <strong>allestimento spettacolare<\/strong> negli spazi ex-industriali della Fabbrica del Vapore, che ben si addicono all&#8217;atmosfera creativa della Factory newyorkese di Warhol, artista ancora attualissimo e amato da un pubblico trasversale.<\/p>\n\n\n\n<pre class=\"wp-block-preformatted\"><strong>INFO<\/strong><br \/><strong>https:\/\/www.navigaresrl.com\/mostra\/andy-warhol<\/strong><br \/>https:\/\/www.fabbricadelvapore.org\/-\/andy-warhol-la-pubblicita-della-forma<\/pre>\n\n\n\n<figure class=\"wp-block-gallery has-nested-images columns-default is-cropped wp-block-gallery-1 is-layout-flex wp-block-gallery-is-layout-flex\">\n<figure class=\"wp-block-image size-large\"><img loading=\"lazy\" decoding=\"async\" width=\"682\" height=\"1024\" data-id=\"14934\" src=\"https:\/\/www.biancoscuro.it\/site\/wp-content\/uploads\/2022\/11\/WARHOL-Primo-piano-Campbell-gigante-2-682x1024.jpg\" alt=\"\" class=\"wp-image-14934\" srcset=\"https:\/\/www.biancoscuro.it\/site\/wp-content\/uploads\/2022\/11\/WARHOL-Primo-piano-Campbell-gigante-2-682x1024.jpg 682w, https:\/\/www.biancoscuro.it\/site\/wp-content\/uploads\/2022\/11\/WARHOL-Primo-piano-Campbell-gigante-2-200x300.jpg 200w, https:\/\/www.biancoscuro.it\/site\/wp-content\/uploads\/2022\/11\/WARHOL-Primo-piano-Campbell-gigante-2-768x1154.jpg 768w, https:\/\/www.biancoscuro.it\/site\/wp-content\/uploads\/2022\/11\/WARHOL-Primo-piano-Campbell-gigante-2-600x902.jpg 600w, https:\/\/www.biancoscuro.it\/site\/wp-content\/uploads\/2022\/11\/WARHOL-Primo-piano-Campbell-gigante-2.jpg 800w\" sizes=\"auto, (max-width: 682px) 100vw, 682px\" \/><\/figure>\n\n\n\n<figure class=\"wp-block-image size-large\"><img loading=\"lazy\" decoding=\"async\" width=\"1024\" height=\"682\" data-id=\"14936\" src=\"https:\/\/www.biancoscuro.it\/site\/wp-content\/uploads\/2022\/11\/WARHOL-Cows-1024x682.jpg\" alt=\"\" class=\"wp-image-14936\" srcset=\"https:\/\/www.biancoscuro.it\/site\/wp-content\/uploads\/2022\/11\/WARHOL-Cows-1024x682.jpg 1024w, https:\/\/www.biancoscuro.it\/site\/wp-content\/uploads\/2022\/11\/WARHOL-Cows-300x200.jpg 300w, https:\/\/www.biancoscuro.it\/site\/wp-content\/uploads\/2022\/11\/WARHOL-Cows-768x512.jpg 768w, https:\/\/www.biancoscuro.it\/site\/wp-content\/uploads\/2022\/11\/WARHOL-Cows-600x400.jpg 600w, https:\/\/www.biancoscuro.it\/site\/wp-content\/uploads\/2022\/11\/WARHOL-Cows.jpg 1181w\" sizes=\"auto, (max-width: 1024px) 100vw, 1024px\" \/><\/figure>\n\n\n\n<figure class=\"wp-block-image size-large\"><img loading=\"lazy\" decoding=\"async\" width=\"768\" height=\"1024\" data-id=\"14945\" src=\"https:\/\/www.biancoscuro.it\/site\/wp-content\/uploads\/2022\/11\/WARHOL-Autoritratto-768x1024.jpg\" alt=\"\" class=\"wp-image-14945\" srcset=\"https:\/\/www.biancoscuro.it\/site\/wp-content\/uploads\/2022\/11\/WARHOL-Autoritratto-768x1024.jpg 768w, https:\/\/www.biancoscuro.it\/site\/wp-content\/uploads\/2022\/11\/WARHOL-Autoritratto-225x300.jpg 225w, https:\/\/www.biancoscuro.it\/site\/wp-content\/uploads\/2022\/11\/WARHOL-Autoritratto-600x800.jpg 600w, https:\/\/www.biancoscuro.it\/site\/wp-content\/uploads\/2022\/11\/WARHOL-Autoritratto.jpg 886w\" sizes=\"auto, (max-width: 768px) 100vw, 768px\" \/><\/figure>\n\n\n\n<figure class=\"wp-block-image size-large\"><img loading=\"lazy\" decoding=\"async\" width=\"768\" height=\"1024\" data-id=\"14937\" src=\"https:\/\/www.biancoscuro.it\/site\/wp-content\/uploads\/2022\/11\/WARHOL-Bonito-Oliva-e-Marilyn-nera-768x1024.jpg\" alt=\"\" class=\"wp-image-14937\" srcset=\"https:\/\/www.biancoscuro.it\/site\/wp-content\/uploads\/2022\/11\/WARHOL-Bonito-Oliva-e-Marilyn-nera-768x1024.jpg 768w, https:\/\/www.biancoscuro.it\/site\/wp-content\/uploads\/2022\/11\/WARHOL-Bonito-Oliva-e-Marilyn-nera-225x300.jpg 225w, https:\/\/www.biancoscuro.it\/site\/wp-content\/uploads\/2022\/11\/WARHOL-Bonito-Oliva-e-Marilyn-nera-600x800.jpg 600w, https:\/\/www.biancoscuro.it\/site\/wp-content\/uploads\/2022\/11\/WARHOL-Bonito-Oliva-e-Marilyn-nera.jpg 886w\" sizes=\"auto, (max-width: 768px) 100vw, 768px\" \/><\/figure>\n\n\n\n<figure class=\"wp-block-image size-large\"><img loading=\"lazy\" decoding=\"async\" width=\"1024\" height=\"683\" data-id=\"14939\" src=\"https:\/\/www.biancoscuro.it\/site\/wp-content\/uploads\/2022\/11\/WARHOL-Ritratti-Drag-queen-1024x683.jpg\" alt=\"\" class=\"wp-image-14939\" srcset=\"https:\/\/www.biancoscuro.it\/site\/wp-content\/uploads\/2022\/11\/WARHOL-Ritratti-Drag-queen-1024x683.jpg 1024w, https:\/\/www.biancoscuro.it\/site\/wp-content\/uploads\/2022\/11\/WARHOL-Ritratti-Drag-queen-300x200.jpg 300w, https:\/\/www.biancoscuro.it\/site\/wp-content\/uploads\/2022\/11\/WARHOL-Ritratti-Drag-queen-768x512.jpg 768w, https:\/\/www.biancoscuro.it\/site\/wp-content\/uploads\/2022\/11\/WARHOL-Ritratti-Drag-queen-600x400.jpg 600w, https:\/\/www.biancoscuro.it\/site\/wp-content\/uploads\/2022\/11\/WARHOL-Ritratti-Drag-queen.jpg 1200w\" sizes=\"auto, (max-width: 1024px) 100vw, 1024px\" \/><\/figure>\n\n\n\n<figure class=\"wp-block-image size-large\"><img loading=\"lazy\" decoding=\"async\" width=\"1024\" height=\"682\" data-id=\"14940\" src=\"https:\/\/www.biancoscuro.it\/site\/wp-content\/uploads\/2022\/11\/WARHOL-Repent-e-atri-disegni-1024x682.jpg\" alt=\"\" class=\"wp-image-14940\" srcset=\"https:\/\/www.biancoscuro.it\/site\/wp-content\/uploads\/2022\/11\/WARHOL-Repent-e-atri-disegni-1024x682.jpg 1024w, https:\/\/www.biancoscuro.it\/site\/wp-content\/uploads\/2022\/11\/WARHOL-Repent-e-atri-disegni-300x200.jpg 300w, https:\/\/www.biancoscuro.it\/site\/wp-content\/uploads\/2022\/11\/WARHOL-Repent-e-atri-disegni-768x512.jpg 768w, https:\/\/www.biancoscuro.it\/site\/wp-content\/uploads\/2022\/11\/WARHOL-Repent-e-atri-disegni-600x400.jpg 600w, https:\/\/www.biancoscuro.it\/site\/wp-content\/uploads\/2022\/11\/WARHOL-Repent-e-atri-disegni.jpg 1181w\" sizes=\"auto, (max-width: 1024px) 100vw, 1024px\" \/><\/figure>\n\n\n\n<figure class=\"wp-block-image size-large\"><img loading=\"lazy\" decoding=\"async\" width=\"1024\" height=\"683\" data-id=\"14935\" src=\"https:\/\/www.biancoscuro.it\/site\/wp-content\/uploads\/2022\/11\/WARHOL-Foto-celebrities-1-1024x683.jpg\" alt=\"\" class=\"wp-image-14935\" srcset=\"https:\/\/www.biancoscuro.it\/site\/wp-content\/uploads\/2022\/11\/WARHOL-Foto-celebrities-1-1024x683.jpg 1024w, https:\/\/www.biancoscuro.it\/site\/wp-content\/uploads\/2022\/11\/WARHOL-Foto-celebrities-1-300x200.jpg 300w, https:\/\/www.biancoscuro.it\/site\/wp-content\/uploads\/2022\/11\/WARHOL-Foto-celebrities-1-768x512.jpg 768w, https:\/\/www.biancoscuro.it\/site\/wp-content\/uploads\/2022\/11\/WARHOL-Foto-celebrities-1-600x400.jpg 600w, https:\/\/www.biancoscuro.it\/site\/wp-content\/uploads\/2022\/11\/WARHOL-Foto-celebrities-1.jpg 1200w\" sizes=\"auto, (max-width: 1024px) 100vw, 1024px\" \/><\/figure>\n\n\n\n<figure class=\"wp-block-image size-large\"><img loading=\"lazy\" decoding=\"async\" width=\"1024\" height=\"768\" data-id=\"14942\" src=\"https:\/\/www.biancoscuro.it\/site\/wp-content\/uploads\/2022\/11\/WARHOL-Marilyn-e-Campbell-1024x768.jpg\" alt=\"\" class=\"wp-image-14942\" srcset=\"https:\/\/www.biancoscuro.it\/site\/wp-content\/uploads\/2022\/11\/WARHOL-Marilyn-e-Campbell-1024x768.jpg 1024w, https:\/\/www.biancoscuro.it\/site\/wp-content\/uploads\/2022\/11\/WARHOL-Marilyn-e-Campbell-300x225.jpg 300w, https:\/\/www.biancoscuro.it\/site\/wp-content\/uploads\/2022\/11\/WARHOL-Marilyn-e-Campbell-768x576.jpg 768w, https:\/\/www.biancoscuro.it\/site\/wp-content\/uploads\/2022\/11\/WARHOL-Marilyn-e-Campbell-600x450.jpg 600w, https:\/\/www.biancoscuro.it\/site\/wp-content\/uploads\/2022\/11\/WARHOL-Marilyn-e-Campbell.jpg 1181w\" sizes=\"auto, (max-width: 1024px) 100vw, 1024px\" \/><\/figure>\n\n\n\n<figure class=\"wp-block-image size-large\"><img loading=\"lazy\" decoding=\"async\" width=\"1024\" height=\"683\" data-id=\"14944\" src=\"https:\/\/www.biancoscuro.it\/site\/wp-content\/uploads\/2022\/11\/WARHOL-Cover-dischi-1024x683.jpg\" alt=\"\" class=\"wp-image-14944\" srcset=\"https:\/\/www.biancoscuro.it\/site\/wp-content\/uploads\/2022\/11\/WARHOL-Cover-dischi-1024x683.jpg 1024w, https:\/\/www.biancoscuro.it\/site\/wp-content\/uploads\/2022\/11\/WARHOL-Cover-dischi-300x200.jpg 300w, https:\/\/www.biancoscuro.it\/site\/wp-content\/uploads\/2022\/11\/WARHOL-Cover-dischi-768x512.jpg 768w, https:\/\/www.biancoscuro.it\/site\/wp-content\/uploads\/2022\/11\/WARHOL-Cover-dischi-600x400.jpg 600w, https:\/\/www.biancoscuro.it\/site\/wp-content\/uploads\/2022\/11\/WARHOL-Cover-dischi.jpg 1200w\" sizes=\"auto, (max-width: 1024px) 100vw, 1024px\" \/><\/figure>\n\n\n\n<figure class=\"wp-block-image size-large\"><img loading=\"lazy\" decoding=\"async\" width=\"1024\" height=\"682\" data-id=\"14943\" src=\"https:\/\/www.biancoscuro.it\/site\/wp-content\/uploads\/2022\/11\/WARHOL-Disegni-2-1024x682.jpg\" alt=\"\" class=\"wp-image-14943\" srcset=\"https:\/\/www.biancoscuro.it\/site\/wp-content\/uploads\/2022\/11\/WARHOL-Disegni-2-1024x682.jpg 1024w, https:\/\/www.biancoscuro.it\/site\/wp-content\/uploads\/2022\/11\/WARHOL-Disegni-2-300x200.jpg 300w, https:\/\/www.biancoscuro.it\/site\/wp-content\/uploads\/2022\/11\/WARHOL-Disegni-2-768x511.jpg 768w, https:\/\/www.biancoscuro.it\/site\/wp-content\/uploads\/2022\/11\/WARHOL-Disegni-2-600x399.jpg 600w, https:\/\/www.biancoscuro.it\/site\/wp-content\/uploads\/2022\/11\/WARHOL-Disegni-2.jpg 1181w\" sizes=\"auto, (max-width: 1024px) 100vw, 1024px\" \/><\/figure>\n\n\n\n<figure class=\"wp-block-image size-large\"><img loading=\"lazy\" decoding=\"async\" width=\"1024\" height=\"640\" data-id=\"14941\" src=\"https:\/\/www.biancoscuro.it\/site\/wp-content\/uploads\/2022\/11\/WARHOL-MAO-vari-1024x640.jpg\" alt=\"\" class=\"wp-image-14941\" srcset=\"https:\/\/www.biancoscuro.it\/site\/wp-content\/uploads\/2022\/11\/WARHOL-MAO-vari-1024x640.jpg 1024w, https:\/\/www.biancoscuro.it\/site\/wp-content\/uploads\/2022\/11\/WARHOL-MAO-vari-300x187.jpg 300w, https:\/\/www.biancoscuro.it\/site\/wp-content\/uploads\/2022\/11\/WARHOL-MAO-vari-768x480.jpg 768w, https:\/\/www.biancoscuro.it\/site\/wp-content\/uploads\/2022\/11\/WARHOL-MAO-vari-600x375.jpg 600w, https:\/\/www.biancoscuro.it\/site\/wp-content\/uploads\/2022\/11\/WARHOL-MAO-vari.jpg 1181w\" sizes=\"auto, (max-width: 1024px) 100vw, 1024px\" \/><\/figure>\n<\/figure>\n\n\n\n<p>Le fotografie pubblicate sono di Giovanni Daniotti.<\/p>\n","protected":false},"excerpt":{"rendered":"<p><span class=\"span-reading-time rt-reading-time\" style=\"display: block;\"><span class=\"rt-label rt-prefix\">\u23f0 lettura <\/span> <span class=\"rt-time\"> 4<\/span> <span class=\"rt-label rt-postfix\">min. <\/p>\n<p><\/span><\/span>Una grande monografica alla Fabbrica del Vapore a Milano Con oltre 300 opere, per la maggior parte opere uniche, la grande mostra Andy Warhol La Pubblicit\u00e0 della forma che il 22 ottobre si \u00e8 aperta alla Fabbrica del Vapore a Milano \u00e8 un vero e proprio viaggio nell\u2019universo artistico e umano di uno degli artisti&hellip;&nbsp;<a href=\"https:\/\/www.biancoscuro.it\/site\/andy-warhol-la-pubblicita-della-forma\/\" rel=\"bookmark\">Leggi tutto &raquo;<span class=\"screen-reader-text\">Andy Warhol. La Pubblicit\u00e0 della forma<\/span><\/a><\/p>\n","protected":false},"author":917,"featured_media":14945,"comment_status":"closed","ping_status":"closed","sticky":false,"template":"","format":"standard","meta":{"neve_meta_sidebar":"","neve_meta_container":"","neve_meta_enable_content_width":"","neve_meta_content_width":0,"neve_meta_title_alignment":"","neve_meta_author_avatar":"","neve_post_elements_order":"","neve_meta_disable_header":"","neve_meta_disable_footer":"","neve_meta_disable_title":"","advanced_seo_description":"","jetpack_seo_html_title":"","jetpack_seo_noindex":false,"footnotes":""},"categories":[5],"tags":[],"class_list":["post-14926","post","type-post","status-publish","format-standard","has-post-thumbnail","hentry","category-arte"],"jetpack_featured_media_url":"https:\/\/www.biancoscuro.it\/site\/wp-content\/uploads\/2022\/11\/WARHOL-Autoritratto.jpg","jetpack_sharing_enabled":true,"jetpack-related-posts":[{"id":15552,"url":"https:\/\/www.biancoscuro.it\/site\/prorogata-al-10-aprile-la-grande-mostra-su-andy-warhol-a-milano-oltre-60-000-i-visitatori\/","url_meta":{"origin":14926,"position":0},"title":"Prorogata al 10 aprile la grande mostra su Andy Warhol a Milano","author":"Chiara","date":"27 Febbraio 2023","format":false,"excerpt":"Oltre 60.000 i visitatori Con oltre\u00a0trecento opere divise in sette aree tematiche e tredici sezioni\u00a0la spettacolare mostra\u00a0Andy Warhol. La pubblicit\u00e0 della forma, in corso dal 22 ottobre 2022 a\u00a0Milano\u00a0alla\u00a0Fabbrica del Vapore, promossa e prodotta da\u00a0Comune\u00a0di Milano\u2013Cultura\u00a0e\u00a0Navigare, curata da\u00a0Achille Bonito Oliva\u00a0con\u00a0Edoardo Falcioni\u00a0per\u00a0Art Motors, Partner\u00a0BMW\u00a0eHublot, \u00e8 uno straordinario viaggio nell\u2019universo artistico e\u2026","rel":"","context":"In &quot;arte&quot;","block_context":{"text":"arte","link":"https:\/\/www.biancoscuro.it\/site\/category\/arte\/"},"img":{"alt_text":"","src":"https:\/\/i0.wp.com\/www.biancoscuro.it\/site\/wp-content\/uploads\/2023\/03\/WARHOL-Bonito-Oliva-e-Marilyn-nera.jpg?resize=350%2C200&ssl=1","width":350,"height":200,"srcset":"https:\/\/i0.wp.com\/www.biancoscuro.it\/site\/wp-content\/uploads\/2023\/03\/WARHOL-Bonito-Oliva-e-Marilyn-nera.jpg?resize=350%2C200&ssl=1 1x, https:\/\/i0.wp.com\/www.biancoscuro.it\/site\/wp-content\/uploads\/2023\/03\/WARHOL-Bonito-Oliva-e-Marilyn-nera.jpg?resize=525%2C300&ssl=1 1.5x, https:\/\/i0.wp.com\/www.biancoscuro.it\/site\/wp-content\/uploads\/2023\/03\/WARHOL-Bonito-Oliva-e-Marilyn-nera.jpg?resize=700%2C400&ssl=1 2x"},"classes":[]},{"id":13998,"url":"https:\/\/www.biancoscuro.it\/site\/andy-warhol-torna-a-milano-in-una-grande-mostra-alla-fabbrica-del-vapore\/","url_meta":{"origin":14926,"position":1},"title":"Andy Warhol a Milano","author":"Chiara","date":"2 Settembre 2022","format":false,"excerpt":"Warhol torna a Milano in una grande mostra alla Fabbrica del Vapore Dopo oltre 10 anni Andy Warhol torna in mostra a Milano, dal 22 ottobre al 26 marzo negli spazi della Fabbrica del Vapore. Con oltre\u00a0trecento opere divise in sette aree tematiche e tredici sezioni\u00a0- dagli inizi negli anni\u2026","rel":"","context":"In &quot;arte&quot;","block_context":{"text":"arte","link":"https:\/\/www.biancoscuro.it\/site\/category\/arte\/"},"img":{"alt_text":"","src":"https:\/\/i0.wp.com\/www.biancoscuro.it\/site\/wp-content\/uploads\/2022\/09\/69-Self-Portrait-Fright-Wig-ca.1986.jpg?resize=350%2C200&ssl=1","width":350,"height":200,"srcset":"https:\/\/i0.wp.com\/www.biancoscuro.it\/site\/wp-content\/uploads\/2022\/09\/69-Self-Portrait-Fright-Wig-ca.1986.jpg?resize=350%2C200&ssl=1 1x, https:\/\/i0.wp.com\/www.biancoscuro.it\/site\/wp-content\/uploads\/2022\/09\/69-Self-Portrait-Fright-Wig-ca.1986.jpg?resize=525%2C300&ssl=1 1.5x, https:\/\/i0.wp.com\/www.biancoscuro.it\/site\/wp-content\/uploads\/2022\/09\/69-Self-Portrait-Fright-Wig-ca.1986.jpg?resize=700%2C400&ssl=1 2x"},"classes":[]},{"id":737,"url":"https:\/\/www.biancoscuro.it\/site\/andy-warhol-luomo-che-mori-due-volte-la-collezione-di-peter-brant-a-palazzo-reale\/","url_meta":{"origin":14926,"position":2},"title":"Andy Warhol. L\u2019uomo che mor\u00ec due volte. La collezione di Peter Brant a Palazzo Reale.","author":"Redazione BIANCOSCURO","date":"10 Febbraio 2014","format":false,"excerpt":"Ritornano a Milano le opere del padre della Pop Art americana:\u00a0Andy Warhol.\u00a0Warhol nacque in Pennsylvania il 6 agosto del 1928 da genitori immigrati dalla Slovacchia; da subito dimostr\u00f2 doti artistiche notevoli e studi\u00f2 arte pubblicitaria prima di trasferirsi a New York ed affermarsi come\u00a0grafico pubblicitario.\u00a0Nel 1952 la sua prima personale\u2026","rel":"","context":"In &quot;arte&quot;","block_context":{"text":"arte","link":"https:\/\/www.biancoscuro.it\/site\/category\/arte\/"},"img":{"alt_text":"","src":"https:\/\/i0.wp.com\/www.biancoscuro.it\/site\/wp-content\/uploads\/2014\/02\/Andy-Warhol-Blue-Shot-Marilyn-19641.jpg?resize=350%2C200&ssl=1","width":350,"height":200},"classes":[]},{"id":4421,"url":"https:\/\/www.biancoscuro.it\/site\/andy-warhol-inedito-le-prime-sperimentazioni-digitali-lamiga-1000\/","url_meta":{"origin":14926,"position":3},"title":"Andy Warhol inedito:  le prime sperimentazioni digitali con l&#8217;Amiga 1000","author":"Stefania Itolli","date":"20 Settembre 2016","format":false,"excerpt":"Dopo il successo riscontrato nell'autunno 2015 a Milano, le mostra \u201cAndy Warhol inedito: le prime sperimentazioni digitali con Amiga 1000\u201d, curata della galleria Deodato Arte, \u00e8 allestita dal MUSIL - Museo dell'industria e del lavoro di Rodengo Saiano (BS) fino al 30 ottobre. Dal 1\u00b0 ottobre, per ogni venerd\u00ec, sabato\u2026","rel":"","context":"In &quot;arte&quot;","block_context":{"text":"arte","link":"https:\/\/www.biancoscuro.it\/site\/category\/arte\/"},"img":{"alt_text":"","src":"https:\/\/i0.wp.com\/www.biancoscuro.it\/site\/wp-content\/uploads\/2016\/09\/Andy-Warhol-Autoritratto-1985-digital-art.jpg?resize=350%2C200&ssl=1","width":350,"height":200,"srcset":"https:\/\/i0.wp.com\/www.biancoscuro.it\/site\/wp-content\/uploads\/2016\/09\/Andy-Warhol-Autoritratto-1985-digital-art.jpg?resize=350%2C200&ssl=1 1x, https:\/\/i0.wp.com\/www.biancoscuro.it\/site\/wp-content\/uploads\/2016\/09\/Andy-Warhol-Autoritratto-1985-digital-art.jpg?resize=525%2C300&ssl=1 1.5x, https:\/\/i0.wp.com\/www.biancoscuro.it\/site\/wp-content\/uploads\/2016\/09\/Andy-Warhol-Autoritratto-1985-digital-art.jpg?resize=700%2C400&ssl=1 2x"},"classes":[]},{"id":4829,"url":"https:\/\/www.biancoscuro.it\/site\/pop-society-a-palazzo-ducale\/","url_meta":{"origin":14926,"position":4},"title":"Pop Society a Palazzo Ducale","author":"Redazione BIANCOSCURO","date":"3 Gennaio 2017","format":false,"excerpt":"Andy Warhol alle soglie della contemporaneit\u00e0 Genova ospita, negli spazi di Palazzo Ducale allestiti da Luca Beatrice, dal 21 ottobre al 26 febbraio, una grande retrospettiva dedicata al grande artista Andy Warhol, a trent\u2019anni esatti dalla sua scomparsa. Nato a Pittsurgh nel 1928 da immigrati dell\u2019Est europeo, arriva a New\u2026","rel":"","context":"In &quot;art magazine&quot;","block_context":{"text":"art magazine","link":"https:\/\/www.biancoscuro.it\/site\/category\/art-magazine\/"},"img":{"alt_text":"","src":"https:\/\/i0.wp.com\/www.biancoscuro.it\/site\/wp-content\/uploads\/2017\/01\/qaaa.jpg?resize=350%2C200&ssl=1","width":350,"height":200,"srcset":"https:\/\/i0.wp.com\/www.biancoscuro.it\/site\/wp-content\/uploads\/2017\/01\/qaaa.jpg?resize=350%2C200&ssl=1 1x, https:\/\/i0.wp.com\/www.biancoscuro.it\/site\/wp-content\/uploads\/2017\/01\/qaaa.jpg?resize=525%2C300&ssl=1 1.5x, https:\/\/i0.wp.com\/www.biancoscuro.it\/site\/wp-content\/uploads\/2017\/01\/qaaa.jpg?resize=700%2C400&ssl=1 2x"},"classes":[]},{"id":2361,"url":"https:\/\/www.biancoscuro.it\/site\/andy-warhol-sul-como-opere-della-collezione-rosetta-barabino\/","url_meta":{"origin":14926,"position":5},"title":"Andy Warhol sul com\u00f2. Opere della Collezione Rosetta Barabino","author":"Redazione BIANCOSCURO","date":"13 Marzo 2015","format":false,"excerpt":"ANDY WARHOL SUL COM\u00d2 Opere della Collezione Rosetta Barabino Genova, Museo di arte Contemporanea di Villa Croce 2 aprile 2015 \u2013 5 luglio 2015 Villa Croce ritorna a essere una dimora privata arredata con mobili di design per ospitare quasi cento opere da una straordinaria collezione genovese mai prima presentata\u2026","rel":"","context":"In &quot;arte&quot;","block_context":{"text":"arte","link":"https:\/\/www.biancoscuro.it\/site\/category\/arte\/"},"img":{"alt_text":"","src":"https:\/\/i0.wp.com\/www.biancoscuro.it\/site\/wp-content\/uploads\/2015\/03\/image003.jpg?resize=350%2C200&ssl=1","width":350,"height":200,"srcset":"https:\/\/i0.wp.com\/www.biancoscuro.it\/site\/wp-content\/uploads\/2015\/03\/image003.jpg?resize=350%2C200&ssl=1 1x, https:\/\/i0.wp.com\/www.biancoscuro.it\/site\/wp-content\/uploads\/2015\/03\/image003.jpg?resize=525%2C300&ssl=1 1.5x"},"classes":[]}],"_links":{"self":[{"href":"https:\/\/www.biancoscuro.it\/site\/wp-json\/wp\/v2\/posts\/14926","targetHints":{"allow":["GET"]}}],"collection":[{"href":"https:\/\/www.biancoscuro.it\/site\/wp-json\/wp\/v2\/posts"}],"about":[{"href":"https:\/\/www.biancoscuro.it\/site\/wp-json\/wp\/v2\/types\/post"}],"author":[{"embeddable":true,"href":"https:\/\/www.biancoscuro.it\/site\/wp-json\/wp\/v2\/users\/917"}],"replies":[{"embeddable":true,"href":"https:\/\/www.biancoscuro.it\/site\/wp-json\/wp\/v2\/comments?post=14926"}],"version-history":[{"count":0,"href":"https:\/\/www.biancoscuro.it\/site\/wp-json\/wp\/v2\/posts\/14926\/revisions"}],"wp:featuredmedia":[{"embeddable":true,"href":"https:\/\/www.biancoscuro.it\/site\/wp-json\/wp\/v2\/media\/14945"}],"wp:attachment":[{"href":"https:\/\/www.biancoscuro.it\/site\/wp-json\/wp\/v2\/media?parent=14926"}],"wp:term":[{"taxonomy":"category","embeddable":true,"href":"https:\/\/www.biancoscuro.it\/site\/wp-json\/wp\/v2\/categories?post=14926"},{"taxonomy":"post_tag","embeddable":true,"href":"https:\/\/www.biancoscuro.it\/site\/wp-json\/wp\/v2\/tags?post=14926"}],"curies":[{"name":"wp","href":"https:\/\/api.w.org\/{rel}","templated":true}]}}