{"id":14976,"date":"2022-11-18T12:14:15","date_gmt":"2022-11-18T11:14:15","guid":{"rendered":"https:\/\/www.biancoscuro.it\/site\/?p=14976"},"modified":"2022-11-18T12:14:19","modified_gmt":"2022-11-18T11:14:19","slug":"le-simmetrie-dei-desideri-un-viaggio-tra-marsiglia-e-firenze","status":"publish","type":"post","link":"https:\/\/www.biancoscuro.it\/site\/le-simmetrie-dei-desideri-un-viaggio-tra-marsiglia-e-firenze\/","title":{"rendered":"Le simmetrie dei desideri, un viaggio tra Marsiglia e Firenze"},"content":{"rendered":"<span class=\"span-reading-time rt-reading-time\" style=\"display: block;\"><span class=\"rt-label rt-prefix\">\u23f0 lettura <\/span> <span class=\"rt-time\"> 3<\/span> <span class=\"rt-label rt-postfix\">min. <br><br><\/span><\/span>\n<p>Desideri che mutano, irrealizzabili o appena esauditi, segreti d&#8217;amore, talvolta irrefrenabili.<br \/>Cambiano la citt\u00e0 e le persone, ma non il bisogno che gli individui hanno di fantasticare, augurandosi che i loro sogni si avverino, carburanti di un\u2019esistenza che spesso risulta complicata e difficile.<\/p>\n\n\n\n<p>Il viaggio compiuto dall\u2019artista <strong>Ilaria Turba<\/strong>, tra le residenze artistiche di <strong>Marsiglia<\/strong> e <strong>Firenze<\/strong>, presenta i desideri degli esseri umani, che nonostante le distanze geografiche e culturali, continuano a destare stupore ed emozione.<\/p>\n\n\n\n<p>La ricerca di <strong>Ilaria<\/strong> inizia nei quartieri periferici a nord di <strong>Marsiglia<\/strong>, dove l\u2019artista, seguendo un\u2019usanza algerina che consiste nella creazione dei <strong>pain du d\u00e9sir<\/strong>, sforna i sogni e le speranze di una comunit\u00e0 intera.<br \/>Con la partecipazione degli abitanti dei quartieri, l\u2019artista realizza una collezione di questi pani rituali, cotti in un forno di terra e paglia, dalle forme pi\u00f9 disparate, che richiamano alla mente il desiderio che si vuole realizzare.<\/p>\n\n\n\n<figure class=\"wp-block-image size-large\"><img loading=\"lazy\" decoding=\"async\" width=\"683\" height=\"1024\" src=\"https:\/\/www.biancoscuro.it\/site\/wp-content\/uploads\/2022\/11\/Ilaria-Turba_2020_Pani-del-desiderio_Marsiglia_web-1-683x1024.jpg\" alt=\"\" class=\"wp-image-14980\" srcset=\"https:\/\/www.biancoscuro.it\/site\/wp-content\/uploads\/2022\/11\/Ilaria-Turba_2020_Pani-del-desiderio_Marsiglia_web-1-683x1024.jpg 683w, https:\/\/www.biancoscuro.it\/site\/wp-content\/uploads\/2022\/11\/Ilaria-Turba_2020_Pani-del-desiderio_Marsiglia_web-1-200x300.jpg 200w, https:\/\/www.biancoscuro.it\/site\/wp-content\/uploads\/2022\/11\/Ilaria-Turba_2020_Pani-del-desiderio_Marsiglia_web-1-600x899.jpg 600w, https:\/\/www.biancoscuro.it\/site\/wp-content\/uploads\/2022\/11\/Ilaria-Turba_2020_Pani-del-desiderio_Marsiglia_web-1.jpg 712w\" sizes=\"auto, (max-width: 683px) 100vw, 683px\" \/><figcaption class=\"wp-element-caption\">Ilaria Turba, 2020, Pani del desiderio, Marsiglia<\/figcaption><\/figure>\n\n\n\n<hr class=\"wp-block-separator has-alpha-channel-opacity is-style-dots\" \/>\n\n\n\n<p>La serie di pagnotte, poi raccolte in una mostra per il <strong>Mucem &#8211; Museo delle Civilt\u00e0 dell\u2019Europa e del Mediterraneo <\/strong>a <strong>Marsiglia<\/strong>, ora si sposta a <strong>Firenze,<\/strong> al<strong> MAD &#8211; Murate Art District<\/strong>, rappresentando il fil rouge della nuova mostra <strong>Le simmetrie dei desideri, <\/strong>a cura di <strong>Valentina Gensini <\/strong>e <strong>Giorgio Bacci<\/strong>.<br \/>L\u2019esposizione, visitabile fino al 14 gennaio, \u00e8 il risultato della continuazione dell\u2019indagine svolta in Francia, che in parallelo, ha voluto riprendere il percorso partecipativo nei rioni di Sant\u2019Ambrogio e Santa Croce.<\/p>\n\n\n\n<p>La mostra, in simmetria alla precedente, vede come protagonisti gli oggetti che l\u2019artista ha chiesto in prestito alla comunit\u00e0 del luogo, ambasciatori di ricordi, significati ed immaginari.<br \/>Le foto sostituiscono quegli oggetti che non \u00e8 stato possibile esporre, formando un percorso che si snoda tra pani, immagini e artefatti personali, tutti accompagnati da testimonianze orali e scritte, in modo che l\u2019esperienza possa essere pi\u00f9 completa.<\/p>\n\n\n\n<figure class=\"wp-block-image size-full is-resized\"><img loading=\"lazy\" decoding=\"async\" src=\"https:\/\/www.biancoscuro.it\/site\/wp-content\/uploads\/2022\/11\/Unimmagine-di-allestimento-della-mostra-Le-simmetrie-dei-desideri-5_Photo_Camila-Schuliaquer_web.jpeg\" alt=\"\" class=\"wp-image-14981\" width=\"754\" height=\"503\" srcset=\"https:\/\/www.biancoscuro.it\/site\/wp-content\/uploads\/2022\/11\/Unimmagine-di-allestimento-della-mostra-Le-simmetrie-dei-desideri-5_Photo_Camila-Schuliaquer_web.jpeg 576w, https:\/\/www.biancoscuro.it\/site\/wp-content\/uploads\/2022\/11\/Unimmagine-di-allestimento-della-mostra-Le-simmetrie-dei-desideri-5_Photo_Camila-Schuliaquer_web-300x200.jpeg 300w\" sizes=\"auto, (max-width: 754px) 100vw, 754px\" \/><figcaption class=\"wp-element-caption\"> Le simmetrie dei desideri, foto di Camila Schuliaquer<\/figcaption><\/figure>\n\n\n\n<hr class=\"wp-block-separator has-alpha-channel-opacity is-style-dots\" \/>\n\n\n\n<p>Frammenti che comunicano tra loro, raccontando vissuti e fantasticherie, riflessi di due comunit\u00e0 diverse, collegate tra loro per affinit\u00e0 formale e di senso.<br \/>Una sperimentazione che unisce, crea socialit\u00e0 all\u2019interno dei rioni, mettendo in primo piano artigiani, studenti, rifugiati e famiglie, attraverso i numerosi percorsi partecipativi necessari per l\u2019attuazione del progetto.<br \/>L\u2019artista ha compiuto personalmente la ricerca di persone da integrare nel lavoro, errando tra le piazze, i negozi e i mercati della citt\u00e0, rendendola in un certo senso, una indagine antropologica sul campo.<\/p>\n\n\n\n<figure class=\"wp-block-image size-full\"><img loading=\"lazy\" decoding=\"async\" width=\"566\" height=\"707\" src=\"https:\/\/www.biancoscuro.it\/site\/wp-content\/uploads\/2022\/11\/Le-simmetrie-dei-desideri_Oggetto-di-Lululoko_Ilaria-Turba-2022_FI-web.jpg\" alt=\"\" class=\"wp-image-14982\" srcset=\"https:\/\/www.biancoscuro.it\/site\/wp-content\/uploads\/2022\/11\/Le-simmetrie-dei-desideri_Oggetto-di-Lululoko_Ilaria-Turba-2022_FI-web.jpg 566w, https:\/\/www.biancoscuro.it\/site\/wp-content\/uploads\/2022\/11\/Le-simmetrie-dei-desideri_Oggetto-di-Lululoko_Ilaria-Turba-2022_FI-web-240x300.jpg 240w\" sizes=\"auto, (max-width: 566px) 100vw, 566px\" \/><figcaption class=\"wp-element-caption\">Le simmetrie dei desideri, oggetto di Lululoko, Ilaria Turba, 2022<\/figcaption><\/figure>\n\n\n\n<hr class=\"wp-block-separator has-alpha-channel-opacity is-style-dots\" \/>\n\n\n\n<p>La conseguenza \u00e8 un rapporto di dialogo e fiducia instauratosi tra <strong>Ilaria Turba<\/strong> e la comunit\u00e0, che ridisegna gli spazi della stessa, attraverso l\u2019arte e la sensibilit\u00e0, generando riflessioni sociali, politiche ed etnografiche.<br \/>L\u2019artista infatti \u00e8 da sempre attenta alle complessit\u00e0 antropologiche delle comunit\u00e0 indagate, che per questa mostra vede coinvolti una quarantina di abitanti, e tratta spesso tematiche quali l\u2019identit\u00e0, gli immaginari collettivi, analizzati attraverso foto, oggetti, video ed animazioni.<\/p>\n\n\n\n<figure class=\"wp-block-image size-full\"><img loading=\"lazy\" decoding=\"async\" width=\"717\" height=\"897\" src=\"https:\/\/www.biancoscuro.it\/site\/wp-content\/uploads\/2022\/11\/Le-simmetrie-dei-desideri_Oggetto-di-Alberto-e-Enrico_Ilaria-Turba-2022_FI_web.jpg\" alt=\"\" class=\"wp-image-14983\" srcset=\"https:\/\/www.biancoscuro.it\/site\/wp-content\/uploads\/2022\/11\/Le-simmetrie-dei-desideri_Oggetto-di-Alberto-e-Enrico_Ilaria-Turba-2022_FI_web.jpg 717w, https:\/\/www.biancoscuro.it\/site\/wp-content\/uploads\/2022\/11\/Le-simmetrie-dei-desideri_Oggetto-di-Alberto-e-Enrico_Ilaria-Turba-2022_FI_web-240x300.jpg 240w, https:\/\/www.biancoscuro.it\/site\/wp-content\/uploads\/2022\/11\/Le-simmetrie-dei-desideri_Oggetto-di-Alberto-e-Enrico_Ilaria-Turba-2022_FI_web-600x751.jpg 600w\" sizes=\"auto, (max-width: 717px) 100vw, 717px\" \/><figcaption class=\"wp-element-caption\">Le simmetrie dei desideri, oggetto di Alberto e Enrico, Ilaria Turba, 2022<\/figcaption><\/figure>\n\n\n\n<hr class=\"wp-block-separator has-alpha-channel-opacity is-style-dots\" \/>\n\n\n\n<pre class=\"wp-block-preformatted\">dal 4 novembre al 14 gennaio<br \/>MAD Murate Art District<br \/>Piazza delle Murate, Firenze <br \/>murateartdistrict.it<br \/>T. 055 2476873<\/pre>\n","protected":false},"excerpt":{"rendered":"<p><span class=\"span-reading-time rt-reading-time\" style=\"display: block;\"><span class=\"rt-label rt-prefix\">\u23f0 lettura <\/span> <span class=\"rt-time\"> 3<\/span> <span class=\"rt-label rt-postfix\">min. <\/p>\n<p><\/span><\/span>Desideri che mutano, irrealizzabili o appena esauditi, segreti d&#8217;amore, talvolta irrefrenabili.Cambiano la citt\u00e0 e le persone, ma non il bisogno che gli individui hanno di fantasticare, augurandosi che i loro sogni si avverino, carburanti di un\u2019esistenza che spesso risulta complicata e difficile. Il viaggio compiuto dall\u2019artista Ilaria Turba, tra le residenze artistiche di Marsiglia e&hellip;&nbsp;<a href=\"https:\/\/www.biancoscuro.it\/site\/le-simmetrie-dei-desideri-un-viaggio-tra-marsiglia-e-firenze\/\" rel=\"bookmark\">Leggi tutto &raquo;<span class=\"screen-reader-text\">Le simmetrie dei desideri, un viaggio tra Marsiglia e Firenze<\/span><\/a><\/p>\n","protected":false},"author":1121,"featured_media":14977,"comment_status":"closed","ping_status":"closed","sticky":false,"template":"","format":"standard","meta":{"neve_meta_sidebar":"","neve_meta_container":"","neve_meta_enable_content_width":"","neve_meta_content_width":0,"neve_meta_title_alignment":"","neve_meta_author_avatar":"","neve_post_elements_order":"","neve_meta_disable_header":"","neve_meta_disable_footer":"","neve_meta_disable_title":"","advanced_seo_description":"","jetpack_seo_html_title":"","jetpack_seo_noindex":false,"footnotes":""},"categories":[5],"tags":[],"class_list":["post-14976","post","type-post","status-publish","format-standard","has-post-thumbnail","hentry","category-arte"],"jetpack_featured_media_url":"https:\/\/www.biancoscuro.it\/site\/wp-content\/uploads\/2022\/11\/Ilaria-Turba_2020_Pani-del-desiderio_Marsiglia_web.jpg","jetpack_sharing_enabled":true,"jetpack-related-posts":[{"id":11959,"url":"https:\/\/www.biancoscuro.it\/site\/prospect\/","url_meta":{"origin":14976,"position":0},"title":"Prospect","author":"Isaco Praxolu","date":"7 Giugno 2021","format":false,"excerpt":"NM Contemporary \u00e8 lieta di presentare Prospect, la prima mostra personale dell\u2019artista italiano Vincenzo Marsiglia nel Principato di Monaco, a cura di Beatrice Audrito e Davide Sarchioni.Prospect \u2013in inglese visione, prospettiva, probabilit\u00e0, speranza\u2013 si riferisce allo sguardo ampio e lungimirante che contraddistingue l\u2019evoluzione del percorso artistico di Marsiglia, quale filo\u2026","rel":"","context":"In &quot;arte&quot;","block_context":{"text":"arte","link":"https:\/\/www.biancoscuro.it\/site\/category\/arte\/"},"img":{"alt_text":"","src":"https:\/\/i0.wp.com\/www.biancoscuro.it\/site\/wp-content\/uploads\/2021\/06\/vincenzo-marsiglia-prospect.jpg?resize=350%2C200&ssl=1","width":350,"height":200,"srcset":"https:\/\/i0.wp.com\/www.biancoscuro.it\/site\/wp-content\/uploads\/2021\/06\/vincenzo-marsiglia-prospect.jpg?resize=350%2C200&ssl=1 1x, https:\/\/i0.wp.com\/www.biancoscuro.it\/site\/wp-content\/uploads\/2021\/06\/vincenzo-marsiglia-prospect.jpg?resize=525%2C300&ssl=1 1.5x, https:\/\/i0.wp.com\/www.biancoscuro.it\/site\/wp-content\/uploads\/2021\/06\/vincenzo-marsiglia-prospect.jpg?resize=700%2C400&ssl=1 2x"},"classes":[]},{"id":12630,"url":"https:\/\/www.biancoscuro.it\/site\/omorfosi\/","url_meta":{"origin":14976,"position":1},"title":"Omorfosi","author":"Sandra Miranda Pattin","date":"26 Novembre 2021","format":false,"excerpt":"Un ventre, una nave spaziale, una grotta, sono alcune delle parole che possono divenire metafora dell'universo che Simone ci propone, dove lui stesso si sottopone come esperimento per riflettere su vita e morte, nel senso pi\u00f9 letterale ma anche in quello intellettuale e\u00a0spirituale provando a immaginare e disegnare dei dispositivi\u2026","rel":"","context":"In &quot;arte&quot;","block_context":{"text":"arte","link":"https:\/\/www.biancoscuro.it\/site\/category\/arte\/"},"img":{"alt_text":"","src":"https:\/\/i0.wp.com\/www.biancoscuro.it\/site\/wp-content\/uploads\/2021\/12\/Omorfosi_SimonedelSere999.jpg?resize=350%2C200&ssl=1","width":350,"height":200,"srcset":"https:\/\/i0.wp.com\/www.biancoscuro.it\/site\/wp-content\/uploads\/2021\/12\/Omorfosi_SimonedelSere999.jpg?resize=350%2C200&ssl=1 1x, https:\/\/i0.wp.com\/www.biancoscuro.it\/site\/wp-content\/uploads\/2021\/12\/Omorfosi_SimonedelSere999.jpg?resize=525%2C300&ssl=1 1.5x, https:\/\/i0.wp.com\/www.biancoscuro.it\/site\/wp-content\/uploads\/2021\/12\/Omorfosi_SimonedelSere999.jpg?resize=700%2C400&ssl=1 2x"},"classes":[]},{"id":17260,"url":"https:\/\/www.biancoscuro.it\/site\/ann-massa-fuego-y-color-de-vintage\/","url_meta":{"origin":14976,"position":2},"title":"Ann Massa: FUEGO Y COLOR DE VINTAGE","author":"Redazione BIANCOSCURO","date":"7 Maggio 2024","format":false,"excerpt":"Excellence Art Gallery \u00e8 lieta di presentare un Viaggio Esplosivo di Colori e Emozioni l'artista belga Ann Massa presso il Cosentino City Malaga. Questo evento offrir\u00e0 un'opportunit\u00e0 unica per ammirare le opere di questa talentuosa artista proveniente da Bruxelles. L'artista belga Ann Massa, diplomata all'Accademia di Lovanio, ci invita a\u2026","rel":"","context":"In &quot;arte&quot;","block_context":{"text":"arte","link":"https:\/\/www.biancoscuro.it\/site\/category\/arte\/"},"img":{"alt_text":"","src":"https:\/\/i0.wp.com\/www.biancoscuro.it\/site\/wp-content\/uploads\/2024\/05\/IMG_20240424_103623_373-copia.jpg?resize=350%2C200&ssl=1","width":350,"height":200,"srcset":"https:\/\/i0.wp.com\/www.biancoscuro.it\/site\/wp-content\/uploads\/2024\/05\/IMG_20240424_103623_373-copia.jpg?resize=350%2C200&ssl=1 1x, https:\/\/i0.wp.com\/www.biancoscuro.it\/site\/wp-content\/uploads\/2024\/05\/IMG_20240424_103623_373-copia.jpg?resize=525%2C300&ssl=1 1.5x, https:\/\/i0.wp.com\/www.biancoscuro.it\/site\/wp-content\/uploads\/2024\/05\/IMG_20240424_103623_373-copia.jpg?resize=700%2C400&ssl=1 2x"},"classes":[]},{"id":3636,"url":"https:\/\/www.biancoscuro.it\/site\/amazon-it-allarga-la-sezione-made-in-italy-al-mondo-dellarte\/","url_meta":{"origin":14976,"position":3},"title":"Amazon.it allarga la sezione del Made in Italy al mondo dell&#8217;arte","author":"Redazione BIANCOSCURO","date":"11 Marzo 2016","format":false,"excerpt":"Amazon.it amplia il reparto \"Made in Italy\": pittura, scultura, grafica e\u00a0fotografia, l'eccellenza di prodotti artistici italiani disponibile ora per gli oltre 300 milioni di clienti Amazon di tutto il mondo. Da marzo il negozio Made in Italy su Amazon.it, Amazon.de, Amazon.co.uk si arricchisce di una nuova categoria di prodotti. Pittura,\u2026","rel":"","context":"In &quot;arte&quot;","block_context":{"text":"arte","link":"https:\/\/www.biancoscuro.it\/site\/category\/arte\/"},"img":{"alt_text":"","src":"https:\/\/i0.wp.com\/www.biancoscuro.it\/site\/wp-content\/uploads\/2016\/03\/AMAZON-ARTE-1283cbb3-bc9b-4d50-b8af-dec97024a053__O.jpg?resize=350%2C200&ssl=1","width":350,"height":200,"srcset":"https:\/\/i0.wp.com\/www.biancoscuro.it\/site\/wp-content\/uploads\/2016\/03\/AMAZON-ARTE-1283cbb3-bc9b-4d50-b8af-dec97024a053__O.jpg?resize=350%2C200&ssl=1 1x, https:\/\/i0.wp.com\/www.biancoscuro.it\/site\/wp-content\/uploads\/2016\/03\/AMAZON-ARTE-1283cbb3-bc9b-4d50-b8af-dec97024a053__O.jpg?resize=525%2C300&ssl=1 1.5x, https:\/\/i0.wp.com\/www.biancoscuro.it\/site\/wp-content\/uploads\/2016\/03\/AMAZON-ARTE-1283cbb3-bc9b-4d50-b8af-dec97024a053__O.jpg?resize=700%2C400&ssl=1 2x, https:\/\/i0.wp.com\/www.biancoscuro.it\/site\/wp-content\/uploads\/2016\/03\/AMAZON-ARTE-1283cbb3-bc9b-4d50-b8af-dec97024a053__O.jpg?resize=1050%2C600&ssl=1 3x"},"classes":[]},{"id":13074,"url":"https:\/\/www.biancoscuro.it\/site\/il-ritorno-al-centro\/","url_meta":{"origin":14976,"position":4},"title":"Il Ritorno al centro","author":"Claudia Migliore","date":"27 Marzo 2022","format":false,"excerpt":"Mostra personale di pittura di Angelica De Rosa Il Ritorno al centro di Angelica De Rosa \u00e8 in mostra a Milano, in una location che si presta ad accogliere i sei dipinti di medie e grandi dimensioni. Il Ritorno al centro \u00e8 fondamentalmente un viaggio nella sua pittura, nel suo\u2026","rel":"","context":"In &quot;arte&quot;","block_context":{"text":"arte","link":"https:\/\/www.biancoscuro.it\/site\/category\/arte\/"},"img":{"alt_text":"","src":"https:\/\/i0.wp.com\/www.biancoscuro.it\/site\/wp-content\/uploads\/2022\/03\/C56F7C54-2909-4968-BC0B-C2D62E8D7C07.jpg?resize=350%2C200&ssl=1","width":350,"height":200,"srcset":"https:\/\/i0.wp.com\/www.biancoscuro.it\/site\/wp-content\/uploads\/2022\/03\/C56F7C54-2909-4968-BC0B-C2D62E8D7C07.jpg?resize=350%2C200&ssl=1 1x, https:\/\/i0.wp.com\/www.biancoscuro.it\/site\/wp-content\/uploads\/2022\/03\/C56F7C54-2909-4968-BC0B-C2D62E8D7C07.jpg?resize=525%2C300&ssl=1 1.5x, https:\/\/i0.wp.com\/www.biancoscuro.it\/site\/wp-content\/uploads\/2022\/03\/C56F7C54-2909-4968-BC0B-C2D62E8D7C07.jpg?resize=700%2C400&ssl=1 2x, https:\/\/i0.wp.com\/www.biancoscuro.it\/site\/wp-content\/uploads\/2022\/03\/C56F7C54-2909-4968-BC0B-C2D62E8D7C07.jpg?resize=1050%2C600&ssl=1 3x, https:\/\/i0.wp.com\/www.biancoscuro.it\/site\/wp-content\/uploads\/2022\/03\/C56F7C54-2909-4968-BC0B-C2D62E8D7C07.jpg?resize=1400%2C800&ssl=1 4x"},"classes":[]},{"id":18428,"url":"https:\/\/www.biancoscuro.it\/site\/vincenzo-scolamiero-come-sogni-perduti\/","url_meta":{"origin":14976,"position":5},"title":"Vincenzo Scolamiero &#8211; Come sogni perduti","author":"Roberta Melasecca","date":"2 Maggio 2025","format":false,"excerpt":"Il 12 maggio si apre, alla Casa Museo Hendrik Christian Andersen afferente all\u2019Istituto Pantheon e Castel Sant\u2019Angelo \u2013 Direzione Musei Nazionali della Citt\u00e0 di Roma, in collaborazione con l\u2019Accademia di Belle Arti di Roma, la mostra personale di Vincenzo Scolamiero, Come sogni perduti, a cura di Maria Giuseppina Di Monte\u2026","rel":"","context":"In &quot;arte&quot;","block_context":{"text":"arte","link":"https:\/\/www.biancoscuro.it\/site\/category\/arte\/"},"img":{"alt_text":"","src":"https:\/\/i0.wp.com\/www.biancoscuro.it\/site\/wp-content\/uploads\/2025\/05\/Vincenzo-Scolamiero-Come-sogni-perduti.jpg?resize=350%2C200&ssl=1","width":350,"height":200,"srcset":"https:\/\/i0.wp.com\/www.biancoscuro.it\/site\/wp-content\/uploads\/2025\/05\/Vincenzo-Scolamiero-Come-sogni-perduti.jpg?resize=350%2C200&ssl=1 1x, https:\/\/i0.wp.com\/www.biancoscuro.it\/site\/wp-content\/uploads\/2025\/05\/Vincenzo-Scolamiero-Come-sogni-perduti.jpg?resize=525%2C300&ssl=1 1.5x, https:\/\/i0.wp.com\/www.biancoscuro.it\/site\/wp-content\/uploads\/2025\/05\/Vincenzo-Scolamiero-Come-sogni-perduti.jpg?resize=700%2C400&ssl=1 2x"},"classes":[]}],"_links":{"self":[{"href":"https:\/\/www.biancoscuro.it\/site\/wp-json\/wp\/v2\/posts\/14976","targetHints":{"allow":["GET"]}}],"collection":[{"href":"https:\/\/www.biancoscuro.it\/site\/wp-json\/wp\/v2\/posts"}],"about":[{"href":"https:\/\/www.biancoscuro.it\/site\/wp-json\/wp\/v2\/types\/post"}],"author":[{"embeddable":true,"href":"https:\/\/www.biancoscuro.it\/site\/wp-json\/wp\/v2\/users\/1121"}],"replies":[{"embeddable":true,"href":"https:\/\/www.biancoscuro.it\/site\/wp-json\/wp\/v2\/comments?post=14976"}],"version-history":[{"count":0,"href":"https:\/\/www.biancoscuro.it\/site\/wp-json\/wp\/v2\/posts\/14976\/revisions"}],"wp:featuredmedia":[{"embeddable":true,"href":"https:\/\/www.biancoscuro.it\/site\/wp-json\/wp\/v2\/media\/14977"}],"wp:attachment":[{"href":"https:\/\/www.biancoscuro.it\/site\/wp-json\/wp\/v2\/media?parent=14976"}],"wp:term":[{"taxonomy":"category","embeddable":true,"href":"https:\/\/www.biancoscuro.it\/site\/wp-json\/wp\/v2\/categories?post=14976"},{"taxonomy":"post_tag","embeddable":true,"href":"https:\/\/www.biancoscuro.it\/site\/wp-json\/wp\/v2\/tags?post=14976"}],"curies":[{"name":"wp","href":"https:\/\/api.w.org\/{rel}","templated":true}]}}