{"id":15179,"date":"2022-11-28T09:13:58","date_gmt":"2022-11-28T08:13:58","guid":{"rendered":"https:\/\/www.biancoscuro.it\/site\/?p=15179"},"modified":"2022-12-06T16:46:08","modified_gmt":"2022-12-06T15:46:08","slug":"non-avere-spina-dorsale-di-roberta-di-laudo","status":"publish","type":"post","link":"https:\/\/www.biancoscuro.it\/site\/non-avere-spina-dorsale-di-roberta-di-laudo\/","title":{"rendered":"(NON) avere spina dorsale &#8211; di Roberta di Laudo"},"content":{"rendered":"<span class=\"span-reading-time rt-reading-time\" style=\"display: block;\"><span class=\"rt-label rt-prefix\">\u23f0 lettura <\/span> <span class=\"rt-time\"> 2<\/span> <span class=\"rt-label rt-postfix\">min. <br><br><\/span><\/span>\n<figure class=\"wp-block-image size-full\"><img loading=\"lazy\" decoding=\"async\" width=\"999\" height=\"666\" src=\"https:\/\/www.biancoscuro.it\/site\/wp-content\/uploads\/2022\/12\/DiLaudo_ChiassoPerduto-scaled-1.jpg\" alt=\"\" class=\"wp-image-15185\" srcset=\"https:\/\/www.biancoscuro.it\/site\/wp-content\/uploads\/2022\/12\/DiLaudo_ChiassoPerduto-scaled-1.jpg 999w, https:\/\/www.biancoscuro.it\/site\/wp-content\/uploads\/2022\/12\/DiLaudo_ChiassoPerduto-scaled-1-300x200.jpg 300w, https:\/\/www.biancoscuro.it\/site\/wp-content\/uploads\/2022\/12\/DiLaudo_ChiassoPerduto-scaled-1-768x512.jpg 768w, https:\/\/www.biancoscuro.it\/site\/wp-content\/uploads\/2022\/12\/DiLaudo_ChiassoPerduto-scaled-1-600x400.jpg 600w\" sizes=\"auto, (max-width: 999px) 100vw, 999px\" \/><\/figure>\n\n\n\n<p>Mettersi in discussione e solo da quella posizione creare un dialogo con lo spazio, questo \u00e8 stato il motto del progetto di Roberta dove lei mette se stessa svestita ma con l&#8217;intento di impersonare quelle che possono essere le forze e la vulnerabilit\u00e0 di ogni artista, di ogni artista donna. Avere spina dorsale per poterlo fare vuol dire svelare una parte di se stessi che spesso non viene mai offerta al pubblico, anche se la maggior parte dei processi creativi contengono fasi di fragilit\u00e0 estreme. La mostra si pone come degli specchi cambianti, un autoritratto indefinito, un s\u00e9 che coinvolge tutti noi, ci propone il nostro alter ego temporaneo attraverso&nbsp; eroine che compiono azioni semplici ed importanti ma spesso non considerate eroiche. Roberta ha vissuto la residenza senza nascondersi dietro la sue destrezza tecnica, ha attraversato fasi di travestimento e di nudit\u00e0, raccontando con delicatezza come il bagaglio culturale dove&nbsp;\u00e8 cresciuta ha modellato la sua visione del mondo che poi lei ha decorticato come i rami con cui le sue figure interagiscono, un&#8217;azione di pulizia della pelle per poi arrivare all&#8217;osso e da l\u00ec ricostruire&nbsp;le proprie&nbsp;definizioni del mondo, la sua spina dorsale.<\/p>\n\n\n\n<p><em>A cura di Sandra Miranda Pattin &amp; Francesca Morozzi<\/em><\/p>\n\n\n\n<figure class=\"wp-block-image size-full\"><img loading=\"lazy\" decoding=\"async\" width=\"999\" height=\"666\" src=\"https:\/\/www.biancoscuro.it\/site\/wp-content\/uploads\/2022\/12\/RobertaDiLaudo_ChiassoPerduto-scaled-e1669892520107.jpg\" alt=\"\" class=\"wp-image-15186\" srcset=\"https:\/\/www.biancoscuro.it\/site\/wp-content\/uploads\/2022\/12\/RobertaDiLaudo_ChiassoPerduto-scaled-e1669892520107.jpg 999w, https:\/\/www.biancoscuro.it\/site\/wp-content\/uploads\/2022\/12\/RobertaDiLaudo_ChiassoPerduto-scaled-e1669892520107-300x200.jpg 300w, https:\/\/www.biancoscuro.it\/site\/wp-content\/uploads\/2022\/12\/RobertaDiLaudo_ChiassoPerduto-scaled-e1669892520107-768x512.jpg 768w, https:\/\/www.biancoscuro.it\/site\/wp-content\/uploads\/2022\/12\/RobertaDiLaudo_ChiassoPerduto-scaled-e1669892520107-600x400.jpg 600w\" sizes=\"auto, (max-width: 999px) 100vw, 999px\" \/><\/figure>\n\n\n\n<pre class=\"wp-block-preformatted\"><strong>Inaugurazione:<\/strong> \nGioved\u00ec 8 Dicembre alle 17:00\n\nVenerd\u00ec dalle 15:30 alle 19:00\nSabato : Aperitivo e conversazione con l'artista dalle 16:00 alle 19:30\n\n<strong>Chiasso Perduto&nbsp;<\/strong>\nVia de' Coverelli 4R\n50125 Firenze\nhttps:\/\/www.chiassoperduto.com\/\nhttps:\/\/www.instagram.com\/chiassoperduto\/<\/pre>\n","protected":false},"excerpt":{"rendered":"<p><span class=\"span-reading-time rt-reading-time\" style=\"display: block;\"><span class=\"rt-label rt-prefix\">\u23f0 lettura <\/span> <span class=\"rt-time\"> 2<\/span> <span class=\"rt-label rt-postfix\">min. <\/p>\n<p><\/span><\/span>Mettersi in discussione e solo da quella posizione creare un dialogo con lo spazio, questo \u00e8 stato il motto del progetto di Roberta dove lei mette se stessa svestita ma con l&#8217;intento di impersonare quelle che possono essere le forze e la vulnerabilit\u00e0 di ogni artista, di ogni artista donna. Avere spina dorsale per poterlo&hellip;&nbsp;<a href=\"https:\/\/www.biancoscuro.it\/site\/non-avere-spina-dorsale-di-roberta-di-laudo\/\" rel=\"bookmark\">Leggi tutto &raquo;<span class=\"screen-reader-text\">(NON) avere spina dorsale &#8211; di Roberta di Laudo<\/span><\/a><\/p>\n","protected":false},"author":1067,"featured_media":15185,"comment_status":"open","ping_status":"closed","sticky":false,"template":"","format":"standard","meta":{"neve_meta_sidebar":"","neve_meta_container":"","neve_meta_enable_content_width":"","neve_meta_content_width":0,"neve_meta_title_alignment":"","neve_meta_author_avatar":"","neve_post_elements_order":"","neve_meta_disable_header":"","neve_meta_disable_footer":"","neve_meta_disable_title":"","advanced_seo_description":"","jetpack_seo_html_title":"","jetpack_seo_noindex":false,"footnotes":""},"categories":[5,26,334,24,6],"tags":[461,2171,284,2191,2293,2190],"class_list":["post-15179","post","type-post","status-publish","format-standard","has-post-thumbnail","hentry","category-arte","category-eventi","category-installazioni","category-mostre","category-pittura","tag-arte-contemporanea","tag-chiasso-perduto","tag-firenze","tag-francesca-morozzi","tag-roberta-di-laudo","tag-sandra-miranda-pattin"],"jetpack_featured_media_url":"https:\/\/www.biancoscuro.it\/site\/wp-content\/uploads\/2022\/12\/DiLaudo_ChiassoPerduto-scaled-1.jpg","jetpack_sharing_enabled":true,"jetpack-related-posts":[{"id":13608,"url":"https:\/\/www.biancoscuro.it\/site\/carola-spina-alexandra-fongaro-pinocchio-was-a-girl\/","url_meta":{"origin":15179,"position":0},"title":"Carola Spina &amp; Alexandra Fongaro &#8211; Pinocchio was a girl","author":"Roberta Melasecca","date":"25 Maggio 2022","format":false,"excerpt":"Curva Pura \u00e8 lieta di presentare la bi-personale di Carola Spina e Alexandra Fongaro, Pinocchio was a girl, un progetto curato da Davide Dormino e Curva Pura con il testo di Nicoletta Provenzano: un dialogo raffinato tra le poetiche delle due artiste, un florilegio di simboli, uno svelamento corporeo che\u2026","rel":"","context":"In &quot;arte&quot;","block_context":{"text":"arte","link":"https:\/\/www.biancoscuro.it\/site\/category\/arte\/"},"img":{"alt_text":"","src":"https:\/\/i0.wp.com\/www.biancoscuro.it\/site\/wp-content\/uploads\/2022\/06\/Invito-Pinocchio-was-a-girl-copia.jpeg?resize=350%2C200&ssl=1","width":350,"height":200,"srcset":"https:\/\/i0.wp.com\/www.biancoscuro.it\/site\/wp-content\/uploads\/2022\/06\/Invito-Pinocchio-was-a-girl-copia.jpeg?resize=350%2C200&ssl=1 1x, https:\/\/i0.wp.com\/www.biancoscuro.it\/site\/wp-content\/uploads\/2022\/06\/Invito-Pinocchio-was-a-girl-copia.jpeg?resize=525%2C300&ssl=1 1.5x, https:\/\/i0.wp.com\/www.biancoscuro.it\/site\/wp-content\/uploads\/2022\/06\/Invito-Pinocchio-was-a-girl-copia.jpeg?resize=700%2C400&ssl=1 2x"},"classes":[]},{"id":11921,"url":"https:\/\/www.biancoscuro.it\/site\/io-sono-performance-scalea-bruno-zevi-roma\/","url_meta":{"origin":15179,"position":1},"title":"IO SONO &#8211; Performance | Scalea Bruno Zevi Roma","author":"Roberta Melasecca","date":"25 Maggio 2021","format":false,"excerpt":"\u201cIo sono\u201d \u00e8 il titolo della performance collaborativa che avr\u00e0 luogo il 30 maggio 2021 alle ore 19.00 alla Scalea Bruno Zevi. La performance \u00e8 stata concettualizzata e stimolata dalla mostra \"Io dico Io\" che si svolge presso la Galleria Nazionale di Arte Moderna di Roma e dal suo concetto\u2026","rel":"","context":"In &quot;arte&quot;","block_context":{"text":"arte","link":"https:\/\/www.biancoscuro.it\/site\/category\/arte\/"},"img":{"alt_text":"","src":"https:\/\/i0.wp.com\/www.biancoscuro.it\/site\/wp-content\/uploads\/2021\/05\/Io-sono-copia.jpg?resize=350%2C200&ssl=1","width":350,"height":200,"srcset":"https:\/\/i0.wp.com\/www.biancoscuro.it\/site\/wp-content\/uploads\/2021\/05\/Io-sono-copia.jpg?resize=350%2C200&ssl=1 1x, https:\/\/i0.wp.com\/www.biancoscuro.it\/site\/wp-content\/uploads\/2021\/05\/Io-sono-copia.jpg?resize=525%2C300&ssl=1 1.5x, https:\/\/i0.wp.com\/www.biancoscuro.it\/site\/wp-content\/uploads\/2021\/05\/Io-sono-copia.jpg?resize=700%2C400&ssl=1 2x"},"classes":[]},{"id":6362,"url":"https:\/\/www.biancoscuro.it\/site\/alimentazione-arte-salute-mostra-degli-allievi-del-liceo-artistico-statale-giulio-carlo-argan\/","url_meta":{"origin":15179,"position":2},"title":"\u201cAlimentazione Arte Salute\u201d. Mostra degli allievi del Liceo Artistico Statale \u201cGiulio Carlo Argan\u201d","author":"Roberta Melasecca","date":"20 Gennaio 2018","format":false,"excerpt":"\u00a0 \u201cAlimentazione Arte Salute\u201d. Mostra degli allievi del Liceo Artistico Statale \u201cGiulio Carlo Argan\u201d A cura di Roberto Luciani Inaugurazione 23 gennaio 2018 ore 17.00 Gipsoteca Museo dell\u2019Arte Classica - Sapienza Universit\u00e0 di Roma\u00a0 Fino al 3 febbraio 2018 Il giorno 23 gennaio 2018 alle ore 18.00 verr\u00e0 inaugurata, presso\u2026","rel":"","context":"In &quot;arte&quot;","block_context":{"text":"arte","link":"https:\/\/www.biancoscuro.it\/site\/category\/arte\/"},"img":{"alt_text":"","src":"https:\/\/i0.wp.com\/www.biancoscuro.it\/site\/wp-content\/uploads\/2018\/01\/invito-web-1.jpg?resize=350%2C200&ssl=1","width":350,"height":200,"srcset":"https:\/\/i0.wp.com\/www.biancoscuro.it\/site\/wp-content\/uploads\/2018\/01\/invito-web-1.jpg?resize=350%2C200&ssl=1 1x, https:\/\/i0.wp.com\/www.biancoscuro.it\/site\/wp-content\/uploads\/2018\/01\/invito-web-1.jpg?resize=525%2C300&ssl=1 1.5x"},"classes":[]},{"id":8124,"url":"https:\/\/www.biancoscuro.it\/site\/italias-national-treasure-artists\/","url_meta":{"origin":15179,"position":3},"title":"Italia&#8217;s National Treasure Artists","author":"Redazione BIANCOSCURO","date":"17 Ottobre 2018","format":false,"excerpt":"Inaugurazione sabato 3 novembre, ore 18 presso Giampiero Biasutti Studio D'Arte (Torino)Artisti italiani degli Anni Novanta come Tesoro nazionale. Non un semplice provocazione ma un esperimento critico per riallacciare i fili della storia dell\u2019arte italiana, facendo riscoprire la produzione artistica di fine XX secolo del nostro Paese. E\u2019 quanto si\u2026","rel":"","context":"In &quot;arte&quot;","block_context":{"text":"arte","link":"https:\/\/www.biancoscuro.it\/site\/category\/arte\/"},"img":{"alt_text":"","src":"https:\/\/i0.wp.com\/www.biancoscuro.it\/site\/wp-content\/uploads\/2018\/11\/file_377.jpg?resize=350%2C200&ssl=1","width":350,"height":200,"srcset":"https:\/\/i0.wp.com\/www.biancoscuro.it\/site\/wp-content\/uploads\/2018\/11\/file_377.jpg?resize=350%2C200&ssl=1 1x, https:\/\/i0.wp.com\/www.biancoscuro.it\/site\/wp-content\/uploads\/2018\/11\/file_377.jpg?resize=525%2C300&ssl=1 1.5x"},"classes":[]},{"id":13246,"url":"https:\/\/www.biancoscuro.it\/site\/roberta-cavallari-sipario\/","url_meta":{"origin":15179,"position":4},"title":"Roberta Cavallari &#8211; Sipario","author":"Roberta Melasecca","date":"22 Aprile 2022","format":false,"excerpt":"Il giorno 28 aprile 2022 alle ore 18.30 Curva Pura inaugura Sipario, la prima mostra personale a Roma dell\u2019artista ferrarese Roberta Cavallari, a cura di Vittorio Beltrami e Andrea Romagnoli.\u00a0 \u201cSipario\u201d presenta, in un allestimento vivido e corposo, le nuove grandi tele dell\u2019artista unitamente ad alcuni lavori di dimensioni pi\u00f9\u2026","rel":"","context":"In &quot;arte&quot;","block_context":{"text":"arte","link":"https:\/\/www.biancoscuro.it\/site\/category\/arte\/"},"img":{"alt_text":"","src":"https:\/\/i0.wp.com\/www.biancoscuro.it\/site\/wp-content\/uploads\/2022\/04\/Roberta-Cavallari-2.jpg?resize=350%2C200&ssl=1","width":350,"height":200,"srcset":"https:\/\/i0.wp.com\/www.biancoscuro.it\/site\/wp-content\/uploads\/2022\/04\/Roberta-Cavallari-2.jpg?resize=350%2C200&ssl=1 1x, https:\/\/i0.wp.com\/www.biancoscuro.it\/site\/wp-content\/uploads\/2022\/04\/Roberta-Cavallari-2.jpg?resize=525%2C300&ssl=1 1.5x, https:\/\/i0.wp.com\/www.biancoscuro.it\/site\/wp-content\/uploads\/2022\/04\/Roberta-Cavallari-2.jpg?resize=700%2C400&ssl=1 2x, https:\/\/i0.wp.com\/www.biancoscuro.it\/site\/wp-content\/uploads\/2022\/04\/Roberta-Cavallari-2.jpg?resize=1050%2C600&ssl=1 3x"},"classes":[]},{"id":1449,"url":"https:\/\/www.biancoscuro.it\/site\/trofeo-la-vela-doro-2014-a-cesenatico\/","url_meta":{"origin":15179,"position":5},"title":"Trofeo La Vela d\u2019Oro 2014 a Cesenatico","author":"Redazione BIANCOSCURO","date":"26 Giugno 2014","format":false,"excerpt":"Dal 28 giugno 2014 a Cesenatico, presso la Sala Congressi dell\u2019Hotel Miramare, si terr\u00e0 la manifestazione \u201cTrofeo La Vela d\u2019Oro\u201d 2014, conferimento per meriti artistici organizzato da ArtExp\u00f2 Gallery. Gli Artisti: Mariagrazia Algisi, Gionatan Alpini, Rosanna Arena, Anna Avossa, Besnik Harizaj, Luciano Bonetti, Cosetta Borin, Teresa Bortolin, Adela Burta, Jole\u2026","rel":"","context":"In &quot;arte&quot;","block_context":{"text":"arte","link":"https:\/\/www.biancoscuro.it\/site\/category\/arte\/"},"img":{"alt_text":"CESENATICO BIANCOSCURO  ART MAGAZINE","src":"https:\/\/i0.wp.com\/www.biancoscuro.it\/site\/wp-content\/uploads\/2014\/06\/CESENATICO.jpg?resize=350%2C200","width":350,"height":200,"srcset":"https:\/\/i0.wp.com\/www.biancoscuro.it\/site\/wp-content\/uploads\/2014\/06\/CESENATICO.jpg?resize=350%2C200 1x, https:\/\/i0.wp.com\/www.biancoscuro.it\/site\/wp-content\/uploads\/2014\/06\/CESENATICO.jpg?resize=525%2C300 1.5x"},"classes":[]}],"_links":{"self":[{"href":"https:\/\/www.biancoscuro.it\/site\/wp-json\/wp\/v2\/posts\/15179","targetHints":{"allow":["GET"]}}],"collection":[{"href":"https:\/\/www.biancoscuro.it\/site\/wp-json\/wp\/v2\/posts"}],"about":[{"href":"https:\/\/www.biancoscuro.it\/site\/wp-json\/wp\/v2\/types\/post"}],"author":[{"embeddable":true,"href":"https:\/\/www.biancoscuro.it\/site\/wp-json\/wp\/v2\/users\/1067"}],"replies":[{"embeddable":true,"href":"https:\/\/www.biancoscuro.it\/site\/wp-json\/wp\/v2\/comments?post=15179"}],"version-history":[{"count":0,"href":"https:\/\/www.biancoscuro.it\/site\/wp-json\/wp\/v2\/posts\/15179\/revisions"}],"wp:featuredmedia":[{"embeddable":true,"href":"https:\/\/www.biancoscuro.it\/site\/wp-json\/wp\/v2\/media\/15185"}],"wp:attachment":[{"href":"https:\/\/www.biancoscuro.it\/site\/wp-json\/wp\/v2\/media?parent=15179"}],"wp:term":[{"taxonomy":"category","embeddable":true,"href":"https:\/\/www.biancoscuro.it\/site\/wp-json\/wp\/v2\/categories?post=15179"},{"taxonomy":"post_tag","embeddable":true,"href":"https:\/\/www.biancoscuro.it\/site\/wp-json\/wp\/v2\/tags?post=15179"}],"curies":[{"name":"wp","href":"https:\/\/api.w.org\/{rel}","templated":true}]}}