{"id":15367,"date":"2023-01-13T20:12:11","date_gmt":"2023-01-13T19:12:11","guid":{"rendered":"https:\/\/www.biancoscuro.it\/site\/?p=15367"},"modified":"2023-01-18T10:46:37","modified_gmt":"2023-01-18T09:46:37","slug":"unlikely-landscapes-dama-con-shrimpcat-adng","status":"publish","type":"post","link":"https:\/\/www.biancoscuro.it\/site\/unlikely-landscapes-dama-con-shrimpcat-adng\/","title":{"rendered":"Unlikely Landscapes \/ Dama con Shrimpcat \/ ADNG"},"content":{"rendered":"<span class=\"span-reading-time rt-reading-time\" style=\"display: block;\"><span class=\"rt-label rt-prefix\">\u23f0 lettura <\/span> <span class=\"rt-time\"> 5<\/span> <span class=\"rt-label rt-postfix\">min. <br><br><\/span><\/span>\n<h2 class=\"wp-block-heading\"><strong>Unlikely Landscapes (Paesaggi Improbabili)<\/strong><\/h2>\n\n\n\n<p>In occasione di Arte Fiera 2023, durante la manifestazione Art City White Night promossa dal Comune di Bologna e da Bologna Fiere, presentiamo 3 eventi presso lo studio erAArte e la Micro Gallery Space Two in via Nazario Sauro 7\/a (Bologna).<\/p>\n\n\n\n<p>Il paesaggio \u00e8 una componente che si ripresenta costantemente nel mio lavoro artistico. Da circa un anno sto lavorando al mio nuovo progetto Unlikely Landscapes, questa immagine che presento \u00e8 parte di un gruppo di opere denominate Structures. Gli elementi che la compongono sono semplici ed essenziali, forme plastiche che in qualche modo suggeriscono una tridimensionalit\u00e0 dinamica e linee compositive che invitano ad inoltrarci in un percorso-viaggio nell&#8217;immaginario. La composizione prospettica delle strutture \u201ctridimensionali\u201d che delimitano e definiscono il cammino al contempo indicano anche armonia e musicalit\u00e0, una cadenza ritmata di note che accompagnano verso una meta che non \u00e8 definita ma di cui si percepisce la presenza.<br \/>\u00c8 un paesaggio in parte surreale, con presenza di contenuti simbolici, ciononostante resta una composizione in cui ci riconosciamo, un luogo dove potremmo decidere di avventurarci per conoscere nuove armonie o forse incontrare barriere invalicabili. Un percorso che sembra suggerire la presenza di luoghi non comuni che potrebbero stimolare la nostra curiosit\u00e0 estetica.<br \/>La rappresentazione del paesaggio nella serie Unlikely Landscapes, pu\u00f2 essere assimilata anche come una esperienza dinamica, quasi fisica, in alcune opere ci predispone al viaggio interiore alla ricerca di archetipi che alludono alla carne, in altre la meta finale \u00e8 l&#8217;Incanto, il luogo fisico e mentale dove tutto diventa reale.<br \/>In Unlikely Landscapes sono presenti molteplici linguaggi e medium che in sinergia danno origine a un contesto dove etica, immaginazione e concettualit\u00e0 si supportano reciprocamente. I lavori di Unlikely Landscapes si contaminano, interagiscono e non sempre la loro visione ha un punto di osservazione definito.<br \/>Alcuni punti chiave di questa ricerca possono essere cos\u00ec sintetizzati: ricerca minimalista sulle sinergie estetiche, convergenze e nuove tecnologie applicate all&#8217;arte tradizionale. Punti di osservazione e slittamento della percezione, interazioni tra medium, design, fotografia, antropologia del fantastico e nuove espressioni del surrealismo. Futuri possibili, dialogo tra spazialit\u00e0, arte, sentimento poetico tradotto in segno, ritmo e musicalit\u00e0 delle strutture compositive. Realt\u00e0 oggettiva e realt\u00e0 fantastica\/onirica. Estetica del tutto \u00e8 concesso e ricostruzione di valori connessi e rielaborati nella tradizione dell&#8217;arte.<\/p>\n\n\n\n<p>Attualmente Unlikely Landscapes \u00e8 composto da 75 opere con caratteristiche e percorsi tematici differenti: Animals, Big Boobs, Fangs, Landscapes, Shining Lake, Structures, Tornados, Abstract caramelized.<\/p>\n\n\n\n<figure class=\"wp-block-image size-full\"><img loading=\"lazy\" decoding=\"async\" width=\"999\" height=\"674\" src=\"https:\/\/www.biancoscuro.it\/site\/wp-content\/uploads\/2023\/01\/Felix-dario-Ruggeri-Unlikely-Landscapes-Structures-19.jpg\" alt=\"\" class=\"wp-image-15373\" srcset=\"https:\/\/www.biancoscuro.it\/site\/wp-content\/uploads\/2023\/01\/Felix-dario-Ruggeri-Unlikely-Landscapes-Structures-19.jpg 999w, https:\/\/www.biancoscuro.it\/site\/wp-content\/uploads\/2023\/01\/Felix-dario-Ruggeri-Unlikely-Landscapes-Structures-19-300x202.jpg 300w, https:\/\/www.biancoscuro.it\/site\/wp-content\/uploads\/2023\/01\/Felix-dario-Ruggeri-Unlikely-Landscapes-Structures-19-768x518.jpg 768w, https:\/\/www.biancoscuro.it\/site\/wp-content\/uploads\/2023\/01\/Felix-dario-Ruggeri-Unlikely-Landscapes-Structures-19-600x405.jpg 600w\" sizes=\"auto, (max-width: 999px) 100vw, 999px\" \/><\/figure>\n\n\n\n<h2 class=\"wp-block-heading\"><strong>Dama con Shrimpcat e altri Pal 432<\/strong><\/h2>\n\n\n\n<p>Le due creature rappresentate sulla tela, una pi\u00f9 grande e una pi\u00f9 piccola, sono colte in una posa classica da ritratto. Lo sfondo \u00e8 costituito da un sereno paesaggio naturale, una vasta distesa pianeggiante all\u2019apparenza ricoperta di erba che si estende in lontananza fino a un fiume e all\u2019orizzonte una catena di monti sotto un cielo lanoso in una chiara luce mattinale.<br \/>I soggetti non somigliano a nessun essere reale o leggendario del nostro mondo presente o passato, e non conosciamo gli accadimenti raffigurati nel quadro, ma da alcuni particolari possiamo intuire qualcosa della loro vita e della loro personalit\u00e0.<br \/>Il personaggio femminile al centro della tela indossa un abito che richiama alla memoria lo stile delle nobili dame del Cinquecento, e questa impressione sembra confermata anche dall\u2019impostazione delle figure che ricorda la tradizione della ritrattistica rinascimentale, prima fra tutte l\u2019opera \u201cDama con l\u2019ermellino\u201d di Leonardo da Vinci. Se da un lato tutti questi aspetti rammentano influenze riconducibili a quel periodo, osservando il dipinto ci accorgiamo che mentre le similitudini formali associano questo universo sconosciuto a un passato che ci appartiene, i personaggi raffigurati non sono altrettanto propensi a rientrare nel paradigma dolce e raffinato dell\u2019arte cinquecentesca.<br \/>La Dama indossa un abito elegante e un prezioso gioiello, ma la sua espressione non trasmette la serenit\u00e0 e la compostezza che ci saremmo aspettati da un\u2019occasione cos\u00ec formale come la posa per un ritratto. Data la conformazione del suo volto non possiamo sapere se sta sorridendo, n\u00e9 se nel suo mondo esista un equivalente del sorriso, ma lo sguardo ci comunica che qualcosa ha turbato la sua tranquillit\u00e0, e anche se non conosciamo con certezza la causa del suo disappunto possiamo supporre che non sia molto lontana e che sia di colore rosso.<br \/>La mano della Dama citando il gesto di Cecilia Gallerani accoglie una piccola creatura, ma a differenza del docile ed elegante ermellino leonardesco, l\u2019accigliato amico della nostra Dama non sembra disposto a lasciarsi ritrarre senza opporre resistenza.<br \/>Dal titolo del quadro sappiamo che si tratta di uno Shrimpcat, ossia un ibrido tra un gatto e un gamberetto, come \u00e8 confermato anche dal colore scarlatto e dalla forma segmentata della lunga coda.<br \/>Nella storia dell\u2019arte l\u2019inclusione di un animale in un dipinto di solito ha un significato simbolico, soprattutto se \u00e8 associato a un essere umano; per fare solo un esempio, l\u2019ermellino dipinto da Leonardo rappresenta purezza e moderazione.<br \/>Anche lo Shrimpcat potrebbe raffigurare un valore morale o alludere a un attributo della Dama, come il suo nome o il suo casato, ma ho l\u2019impressione che lo Shrimpcat sia nel dipinto a rappresentare se stesso non tanto come elemento della sua specie o animale da compagnia, ma come individuo dotato di identit\u00e0 personale e consapevolezza di s\u00e9, fisicamente pi\u00f9 piccolo ma con pari dignit\u00e0 e importanza della Dama.<br \/>Lo Shrimpcat non si presenta in modo neutro o impersonale, al contrario \u00e8 determinato ad esprimere in forma inequivoca il proprio pensiero. Come accade per le creature dotate di libero arbitrio e intelligenza, il suo atteggiamento manifesta contraddizioni e ambiguit\u00e0, acconsente a far parte del ritratto ma ci tiene a chiarire che non si trova l\u00ec solo a scopo decorativo o perch\u00e9 la Dama vuole cos\u00ec. Si tratta di una sua scelta volontaria, non subisce la situazione, la accetta per pura cortesia ma mantiene la sua posizione e si vuole assicurare che non ci siano dubbi riguardo a ci\u00f2 che sta pensando.<br \/>Non conosciamo la storia dell\u2019amicizia tra i due protagonisti, ma possiamo notare che il volto della Dama mostra una conformazione segmentata che riflette la struttura della coda dello Shrimpcat, quasi che in questa realt\u00e0 i confini tra le specie non siano rigidi: il felino possiede evidenti caratteristiche marine, la Dama, nonostante gli abiti e il gioiello indichino civilizzazione, non ha dimenticato di preservare aspetti inequivocabili della sua natura felina e pur avendo un sembiante antropomorfo conserva sul viso tracce di un legame con l\u2019ambiente acquatico e allo stesso tempo con la stirpe dello Shrimpcat.<br \/>Le creature di questo ecosistema sembrano avere mantenuto uno stretto legame con la natura e le interconnessioni non si limitano alle simbiosi e ibridazioni tra i regni degli esseri viventi, ma si estendono anche ai domini che a noi possono apparire inanimati, un universo fluido dove ogni cosa pu\u00f2 trasformarsi in un\u2019altra. Il volto della Dama evidenzia il suo vincolo con il mondo degli animali, ma la sua fisiologia disposta ad accogliere la metamorfosi oltrepassa il confine dell\u2019animato, i suoi capelli per colore e tendenza a raggiungere il cielo mostrano una chiara affinit\u00e0 con la societ\u00e0 delle nuvole.<br \/>Comunque bisogna riconoscere che sebbene le nubi alle quali siamo abituati non sembrino dotate di coscienza, in questo habitat non \u00e8 certa la loro oggettualit\u00e0, anche i capelli-nuvola, infrangendo un\u2019altra certezza di divisione tra regni rivelano un carattere e temperamento piuttosto turbolento, il loro movimento burrascoso fa intuire che non sono propensi a raggiungere una conformazione nuvolosa pacifica e indifferente, ma mostrano un intento temporalesco, indipendente e volontario.<br \/>Osservando la scena viene da chiedersi se questa caratteristica sia una costante, cio\u00e8 se nel mondo del dipinto le capigliature delle Dame fluttuino sempre verso il cielo con l\u2019intento di congiungersi alle nuvole sorelle, o se \u00e8 una reazione scatenata dallo stato d\u2019animo della Dama.<br \/>Purtroppo non abbiamo nessun elemento che ci aiuti a capire cos\u2019abbia combinato lo Shrimpcat per suscitare questo effetto. Non ci resta che sperare di incontrarne uno per scoprirlo.<\/p>\n\n\n\n<figure class=\"wp-block-image size-large\"><img loading=\"lazy\" decoding=\"async\" width=\"731\" height=\"1024\" src=\"https:\/\/www.biancoscuro.it\/site\/wp-content\/uploads\/2023\/01\/Simona-Ruggeri-Dama-con-Shrimpcat-731x1024.jpg\" alt=\"\" class=\"wp-image-15374\" srcset=\"https:\/\/www.biancoscuro.it\/site\/wp-content\/uploads\/2023\/01\/Simona-Ruggeri-Dama-con-Shrimpcat-731x1024.jpg 731w, https:\/\/www.biancoscuro.it\/site\/wp-content\/uploads\/2023\/01\/Simona-Ruggeri-Dama-con-Shrimpcat-214x300.jpg 214w, https:\/\/www.biancoscuro.it\/site\/wp-content\/uploads\/2023\/01\/Simona-Ruggeri-Dama-con-Shrimpcat-768x1076.jpg 768w, https:\/\/www.biancoscuro.it\/site\/wp-content\/uploads\/2023\/01\/Simona-Ruggeri-Dama-con-Shrimpcat-600x840.jpg 600w, https:\/\/www.biancoscuro.it\/site\/wp-content\/uploads\/2023\/01\/Simona-Ruggeri-Dama-con-Shrimpcat.jpg 999w\" sizes=\"auto, (max-width: 731px) 100vw, 731px\" \/><\/figure>\n\n\n\n<h2 class=\"wp-block-heading\"><strong><em>ADNG<\/em><\/strong><\/h2>\n\n\n\n<p><em>arte da non guardare<\/em> \u00e8 la manifestazione di volont\u00e0 volta a restaurare quei valori fondamentali dell\u2019arte che sono stati progressivamente epurati dal sistema dominante.<br \/>Un sistema che opera costantemente in ogni settore per contenere o sopprimere dove possibile il senso critico individuale, creando di fatto i presupposti di una massificazione collettiva controllata.<br \/>Il fantastico per la sua collocazione estranea alla nostra realt\u00e0 non consente questo tipo di intromissioni e preserva inalterata l\u2019integrit\u00e0 delle sue manifestazioni.<\/p>\n\n\n\n<pre class=\"wp-block-preformatted\">INFO\nstudio erAArte &amp; Micro Gallery Space Two\nVia Nazario Sauro, 7\/a. Bologna\nwww.studioeraarte.it\n\nstudio erAArte\n<strong>Felix Dario Ruggeri\nUnlikely Landscapes (Paesaggi Improbabili)<\/strong>\n\nstudio erAArte\n<strong>Simona Ruggeri\nDama con Shrimpcat e altri PAL 432<\/strong>\n\nMicro Gallery Space Two\n<strong>Felix Dario Ruggeri e Simona Ruggeri<\/strong>\n<strong>_ADNG_ NEWS INSTALLATION<\/strong>\n\nOpening sabato 4 febbraio 2023 ore 20\nOrari di apertura:\nsabato 15:00 \u2013 19:00 \ndomenica 15:00 \u2013 19:00\nDal 4 febbraio al 30 luglio 2023<\/pre>\n\n\n\n<p><br \/><\/p>\n","protected":false},"excerpt":{"rendered":"<p><span class=\"span-reading-time rt-reading-time\" style=\"display: block;\"><span class=\"rt-label rt-prefix\">\u23f0 lettura <\/span> <span class=\"rt-time\"> 5<\/span> <span class=\"rt-label rt-postfix\">min. <\/p>\n<p><\/span><\/span>Unlikely Landscapes (Paesaggi Improbabili) In occasione di Arte Fiera 2023, durante la manifestazione Art City White Night promossa dal Comune di Bologna e da Bologna Fiere, presentiamo 3 eventi presso lo studio erAArte e la Micro Gallery Space Two in via Nazario Sauro 7\/a (Bologna). Il paesaggio \u00e8 una componente che si ripresenta costantemente nel&hellip;&nbsp;<a href=\"https:\/\/www.biancoscuro.it\/site\/unlikely-landscapes-dama-con-shrimpcat-adng\/\" rel=\"bookmark\">Leggi tutto &raquo;<span class=\"screen-reader-text\">Unlikely Landscapes \/ Dama con Shrimpcat \/ ADNG<\/span><\/a><\/p>\n","protected":false},"author":1099,"featured_media":15374,"comment_status":"closed","ping_status":"closed","sticky":false,"template":"","format":"standard","meta":{"neve_meta_sidebar":"","neve_meta_container":"","neve_meta_enable_content_width":"","neve_meta_content_width":0,"neve_meta_title_alignment":"","neve_meta_author_avatar":"","neve_post_elements_order":"","neve_meta_disable_header":"","neve_meta_disable_footer":"","neve_meta_disable_title":"","advanced_seo_description":"","jetpack_seo_html_title":"","jetpack_seo_noindex":false,"footnotes":""},"categories":[5,26,25,8,334,27,24,6],"tags":[2305,449,461,39,185,2309,2307,2308,2213,2306],"class_list":["post-15367","post","type-post","status-publish","format-standard","has-post-thumbnail","hentry","category-arte","category-eventi","category-fiere","category-fotografia","category-installazioni","category-manifestazione","category-mostre","category-pittura","tag-adng","tag-arte","tag-arte-contemporanea","tag-biancoscuro","tag-biancoscuro-art-magazine","tag-fantastico","tag-felix-dario-ruggeri","tag-simona-ruggeri","tag-studioeraarte","tag-_adng_"],"jetpack_featured_media_url":"https:\/\/www.biancoscuro.it\/site\/wp-content\/uploads\/2023\/01\/Simona-Ruggeri-Dama-con-Shrimpcat.jpg","jetpack_sharing_enabled":true,"jetpack-related-posts":[{"id":13336,"url":"https:\/\/www.biancoscuro.it\/site\/simona-ruggeri-pal-432\/","url_meta":{"origin":15367,"position":0},"title":"Simona Ruggeri | \u201cPAL 432\u201d","author":"Felix Dario Ruggeri","date":"24 Aprile 2022","format":false,"excerpt":"In occasione di Artefiera, all\u2019interno della manifestazione Art City White Night promossa dal Comune di Bologna e da Bologna Fiere, presentiamo presso lo studio erAArte \"Pal 432\", esposizione di Simona Ruggeri con inaugurazione sabato 14 maggio alle ore 20. PAL 432 \u00e8 una raccolta di personaggi inusuali, a volte magici\u2026","rel":"","context":"In &quot;arte&quot;","block_context":{"text":"arte","link":"https:\/\/www.biancoscuro.it\/site\/category\/arte\/"},"img":{"alt_text":"","src":"https:\/\/i0.wp.com\/www.biancoscuro.it\/site\/wp-content\/uploads\/2022\/05\/Pal-432-n.30-LOW.jpg?resize=350%2C200&ssl=1","width":350,"height":200,"srcset":"https:\/\/i0.wp.com\/www.biancoscuro.it\/site\/wp-content\/uploads\/2022\/05\/Pal-432-n.30-LOW.jpg?resize=350%2C200&ssl=1 1x, https:\/\/i0.wp.com\/www.biancoscuro.it\/site\/wp-content\/uploads\/2022\/05\/Pal-432-n.30-LOW.jpg?resize=525%2C300&ssl=1 1.5x, https:\/\/i0.wp.com\/www.biancoscuro.it\/site\/wp-content\/uploads\/2022\/05\/Pal-432-n.30-LOW.jpg?resize=700%2C400&ssl=1 2x"},"classes":[]},{"id":19231,"url":"https:\/\/www.biancoscuro.it\/site\/untitled-lopera-e-la-diffusione-del-pensiero\/","url_meta":{"origin":15367,"position":1},"title":"UNTITLED \u201cL\u2019opera \u00e8 la diffusione del Pensiero\u201d","author":"Felix Dario Ruggeri","date":"16 Gennaio 2026","format":false,"excerpt":"Nella notte pi\u00f9 lunga dell\u2019arte bolognese, lo spazio di via Nazario Sauro inaugura \"UNTITLED\". Tra paesaggi improbabili, tecno-biologie distopiche e opere da \"portare a casa\", Simona e Felix Dario Ruggeri sfidano la percezione del tempo. C'\u00e8 un luogo a Bologna dove il concetto di tempo sembra sospendersi, lasciando spazio a\u2026","rel":"","context":"In &quot;arte&quot;","block_context":{"text":"arte","link":"https:\/\/www.biancoscuro.it\/site\/category\/arte\/"},"img":{"alt_text":"","src":"https:\/\/i0.wp.com\/www.biancoscuro.it\/site\/wp-content\/uploads\/2026\/01\/simona-ruggeri-ice-studio-eraarte-artefiera-2026.jpg?resize=350%2C200&ssl=1","width":350,"height":200,"srcset":"https:\/\/i0.wp.com\/www.biancoscuro.it\/site\/wp-content\/uploads\/2026\/01\/simona-ruggeri-ice-studio-eraarte-artefiera-2026.jpg?resize=350%2C200&ssl=1 1x, https:\/\/i0.wp.com\/www.biancoscuro.it\/site\/wp-content\/uploads\/2026\/01\/simona-ruggeri-ice-studio-eraarte-artefiera-2026.jpg?resize=525%2C300&ssl=1 1.5x, https:\/\/i0.wp.com\/www.biancoscuro.it\/site\/wp-content\/uploads\/2026\/01\/simona-ruggeri-ice-studio-eraarte-artefiera-2026.jpg?resize=700%2C400&ssl=1 2x"},"classes":[]},{"id":13716,"url":"https:\/\/www.biancoscuro.it\/site\/arte-da-non-guardare\/","url_meta":{"origin":15367,"position":2},"title":"Arte da non guardare","author":"Felix Dario Ruggeri","date":"27 Giugno 2022","format":false,"excerpt":"L\u2019attivit\u00e0 dello studio erAArte si amplia con un nuovo spazio, la KRIPTAK gallery (primo prototipo di galleria itinerante) che a breve si congiunger\u00e0 con gli attuali luoghi espostivi gi\u00e0 esistenti e tra loro interconnessi, nella sede di via Nazario Sauro 7\/a a Bologna.In attesa della nuova esposizione \u201cFrammenti di Avicula\u201d\u2026","rel":"","context":"In &quot;arte&quot;","block_context":{"text":"arte","link":"https:\/\/www.biancoscuro.it\/site\/category\/arte\/"},"img":{"alt_text":"","src":"https:\/\/i0.wp.com\/www.biancoscuro.it\/site\/wp-content\/uploads\/2022\/06\/arte-da-non-guardare_-2.jpg?resize=350%2C200&ssl=1","width":350,"height":200,"srcset":"https:\/\/i0.wp.com\/www.biancoscuro.it\/site\/wp-content\/uploads\/2022\/06\/arte-da-non-guardare_-2.jpg?resize=350%2C200&ssl=1 1x, https:\/\/i0.wp.com\/www.biancoscuro.it\/site\/wp-content\/uploads\/2022\/06\/arte-da-non-guardare_-2.jpg?resize=525%2C300&ssl=1 1.5x, https:\/\/i0.wp.com\/www.biancoscuro.it\/site\/wp-content\/uploads\/2022\/06\/arte-da-non-guardare_-2.jpg?resize=700%2C400&ssl=1 2x"},"classes":[]},{"id":15214,"url":"https:\/\/www.biancoscuro.it\/site\/biancoscuro-art-magazine-on-line-il-numero-55\/","url_meta":{"origin":15367,"position":3},"title":"BIANCOSCURO Art Magazine! On-line il numero #55","author":"Redazione BIANCOSCURO","date":"1 Dicembre 2022","format":false,"excerpt":"\"BIANCOSCURO\u00a0Rivista d'Arte\", sfoglia qui la versione web di BIANCOSCURO Art Magazine #55 (dicembre'22\/gennaio'23) oppure richiedi la tua copia cartacea o se vuoi, scarica la versione integrale.\u00a0 Iscriviti\u00a0alla nostra\u00a0mailing list\u00a0per essere costantemente aggiornato sui nostri eventi e sulle nostre attivit\u00e0:\u00a0inserisci\u00a0nome,\u00a0cognome\u00a0ed\u00a0e-mail\u00a0nei campi qui a destra per ricevere gratuitamente nella tua casella email.\u2026","rel":"","context":"In &quot;arte&quot;","block_context":{"text":"arte","link":"https:\/\/www.biancoscuro.it\/site\/category\/arte\/"},"img":{"alt_text":"","src":"https:\/\/i0.wp.com\/www.biancoscuro.it\/site\/wp-content\/uploads\/2022\/12\/03_BAM_issue55_900pxSITO.jpg?resize=350%2C200&ssl=1","width":350,"height":200,"srcset":"https:\/\/i0.wp.com\/www.biancoscuro.it\/site\/wp-content\/uploads\/2022\/12\/03_BAM_issue55_900pxSITO.jpg?resize=350%2C200&ssl=1 1x, https:\/\/i0.wp.com\/www.biancoscuro.it\/site\/wp-content\/uploads\/2022\/12\/03_BAM_issue55_900pxSITO.jpg?resize=525%2C300&ssl=1 1.5x, https:\/\/i0.wp.com\/www.biancoscuro.it\/site\/wp-content\/uploads\/2022\/12\/03_BAM_issue55_900pxSITO.jpg?resize=700%2C400&ssl=1 2x"},"classes":[]},{"id":11108,"url":"https:\/\/www.biancoscuro.it\/site\/biancoscuro-art-magazine-on-line-il-numero-42\/","url_meta":{"origin":15367,"position":4},"title":"BIANCOSCURO Art Magazine! On-line il numero #42","author":"Redazione BIANCOSCURO","date":"1 Ottobre 2020","format":false,"excerpt":"\"BIANCOSCURO\u00a0Rivista d'Arte\", sfoglia qui \u00a0sotto la versione web di BIANCOSCURO Art Magazine #42 (ottobre\/novembre 2020) o scarica la versione integrale.\u00a0Iscriviti\u00a0alla nostra\u00a0mailing list\u00a0per essere costantemente aggiornato sui nostri eventi e sulle nostre attivit\u00e0:\u00a0inserisci\u00a0nome,\u00a0cognome\u00a0ed\u00a0e-mail\u00a0nei campi qui a destra per ricevere gratuitamente nella tua casella email. Ordina\u00a0su\u00a0artshop.biancoscuro.it Come fare per avere la rivista\u2026","rel":"","context":"In &quot;art magazine&quot;","block_context":{"text":"art magazine","link":"https:\/\/www.biancoscuro.it\/site\/category\/art-magazine\/"},"img":{"alt_text":"","src":"https:\/\/i0.wp.com\/www.biancoscuro.it\/site\/wp-content\/uploads\/2020\/10\/BAM_issue42_900pxSITO.jpg?resize=350%2C200&ssl=1","width":350,"height":200,"srcset":"https:\/\/i0.wp.com\/www.biancoscuro.it\/site\/wp-content\/uploads\/2020\/10\/BAM_issue42_900pxSITO.jpg?resize=350%2C200&ssl=1 1x, https:\/\/i0.wp.com\/www.biancoscuro.it\/site\/wp-content\/uploads\/2020\/10\/BAM_issue42_900pxSITO.jpg?resize=525%2C300&ssl=1 1.5x, https:\/\/i0.wp.com\/www.biancoscuro.it\/site\/wp-content\/uploads\/2020\/10\/BAM_issue42_900pxSITO.jpg?resize=700%2C400&ssl=1 2x"},"classes":[]},{"id":13026,"url":"https:\/\/www.biancoscuro.it\/site\/chiusa-con-soddisfazione-la-19a-edizione-di-vernice-art-fair\/","url_meta":{"origin":15367,"position":5},"title":"Chiusa con soddisfazione la 19\u00aa edizione di Vernice Art Fair","author":"Redazione BIANCOSCURO","date":"16 Marzo 2022","format":false,"excerpt":"\u201cMonky \u2013 The (not) Impossible Battle\u201d ed a fianco lo stand BIANCOSCURO Si \u00e8 chiusa domenica con la consegna dei premi della 19\u00aa edizione del concorso internazionale \u201cCoin\u00e8 per l\u2019Arte\u201d, l\u2019edizione 2022 di Vernice Art Fair, la mostra-mercato d\u2019arte contemporanea che ha permesso direttamente agli artisti, e alle associazioni culturali\u2026","rel":"","context":"In &quot;arte&quot;","block_context":{"text":"arte","link":"https:\/\/www.biancoscuro.it\/site\/category\/arte\/"},"img":{"alt_text":"","src":"https:\/\/i0.wp.com\/www.biancoscuro.it\/site\/wp-content\/uploads\/2022\/03\/IMG_20220304_185806.jpg?resize=350%2C200&ssl=1","width":350,"height":200,"srcset":"https:\/\/i0.wp.com\/www.biancoscuro.it\/site\/wp-content\/uploads\/2022\/03\/IMG_20220304_185806.jpg?resize=350%2C200&ssl=1 1x, https:\/\/i0.wp.com\/www.biancoscuro.it\/site\/wp-content\/uploads\/2022\/03\/IMG_20220304_185806.jpg?resize=525%2C300&ssl=1 1.5x, https:\/\/i0.wp.com\/www.biancoscuro.it\/site\/wp-content\/uploads\/2022\/03\/IMG_20220304_185806.jpg?resize=700%2C400&ssl=1 2x"},"classes":[]}],"_links":{"self":[{"href":"https:\/\/www.biancoscuro.it\/site\/wp-json\/wp\/v2\/posts\/15367","targetHints":{"allow":["GET"]}}],"collection":[{"href":"https:\/\/www.biancoscuro.it\/site\/wp-json\/wp\/v2\/posts"}],"about":[{"href":"https:\/\/www.biancoscuro.it\/site\/wp-json\/wp\/v2\/types\/post"}],"author":[{"embeddable":true,"href":"https:\/\/www.biancoscuro.it\/site\/wp-json\/wp\/v2\/users\/1099"}],"replies":[{"embeddable":true,"href":"https:\/\/www.biancoscuro.it\/site\/wp-json\/wp\/v2\/comments?post=15367"}],"version-history":[{"count":0,"href":"https:\/\/www.biancoscuro.it\/site\/wp-json\/wp\/v2\/posts\/15367\/revisions"}],"wp:featuredmedia":[{"embeddable":true,"href":"https:\/\/www.biancoscuro.it\/site\/wp-json\/wp\/v2\/media\/15374"}],"wp:attachment":[{"href":"https:\/\/www.biancoscuro.it\/site\/wp-json\/wp\/v2\/media?parent=15367"}],"wp:term":[{"taxonomy":"category","embeddable":true,"href":"https:\/\/www.biancoscuro.it\/site\/wp-json\/wp\/v2\/categories?post=15367"},{"taxonomy":"post_tag","embeddable":true,"href":"https:\/\/www.biancoscuro.it\/site\/wp-json\/wp\/v2\/tags?post=15367"}],"curies":[{"name":"wp","href":"https:\/\/api.w.org\/{rel}","templated":true}]}}