{"id":15413,"date":"2023-02-02T11:11:50","date_gmt":"2023-02-02T10:11:50","guid":{"rendered":"https:\/\/www.biancoscuro.it\/site\/?p=15413"},"modified":"2023-06-01T14:43:45","modified_gmt":"2023-06-01T13:43:45","slug":"biancoscuro-leditoriale-di-febbraio-marzo-2023","status":"publish","type":"post","link":"https:\/\/www.biancoscuro.it\/site\/biancoscuro-leditoriale-di-febbraio-marzo-2023\/","title":{"rendered":"BIANCOSCURO, l\u2019editoriale di Vincenzo Chetta &#8211; #56 febbraio\/marzo 2023"},"content":{"rendered":"<span class=\"span-reading-time rt-reading-time\" style=\"display: block;\"><span class=\"rt-label rt-prefix\">\u23f0 lettura <\/span> <span class=\"rt-time\"> 2<\/span> <span class=\"rt-label rt-postfix\">min. <br><br><\/span><\/span>\n<div style=\"height:31px\" aria-hidden=\"true\" class=\"wp-block-spacer\"><\/div>\n\n\n\n<p>Il 2023 \u00e8 iniziato senza grossi scossoni nel mondo dell\u2019arte. <strong>BIANCOSCURO<\/strong> non si \u00e8 fermata neanche un attimo e ha ripreso anche gli impegni fieristici che si erano conclusi \u201ccol botto\u201d a dicembre, con la partecipazione ad <strong>Art Basel Miami Beach<\/strong> che da anni ci permette di far conoscere l\u2019editoria italiana oltre oceano.&nbsp;<\/p>\n\n\n\n<p>Terminata <strong>Bergamo Arte Fiera<\/strong>, quest\u2019anno svolta nuovamente in contemporanea con <strong>IFA Italian Fine Art<\/strong>, febbraio \u00e8 mese di <strong>ArteFiera<\/strong> e di tutti gli eventi che da 46 anni riempiono Bologna di arte e design, mentre marzo ci vedr\u00e0 impegnati, in Italia, al <strong>20\u00ba anniversario di Vernice a Forl\u00ec<\/strong>, per la quale collaboriamo all\u2019evento <strong><em>\u201cMusica per gli Occhi\u201d<\/em><\/strong>di <strong>Mattia Consonni<\/strong>, artista che realizzer\u00e0 un\u2019installazione ad hoc e che presenter\u00e0 al grande pubblico il progetto <strong><em>\u201cOne Man\u2019s Dream\u201d<\/em><\/strong>.&nbsp;<\/p>\n\n\n\n<p>Oltre ad essere il nome dell\u2019opera che si compone di quattro tele ispirata dall\u2019omonimo brano di Yanni, \u00e8 un <strong>progetto sperimentale che ha coinvolto pi\u00f9 persone di Paesi differenti<\/strong>; un viaggio durato 3 anni che si \u00e8 concluso con il ricongiungimento delle tele e delle storie che hanno vissuto. <strong>Vernice<\/strong> sar\u00e0 anche la location che vedr\u00e0 esposte le opere selezionate al <strong>BAC Winter Edition<\/strong>, tra le quali saranno scelte le vincitrici della pubblicazione in Copertina e del premio acquisizione (con il quale l\u2019opera scelta entrer\u00e0 a far parte di diritto della <strong>Collezione BIANCOSCURO<\/strong>, insieme a grandi nomi dell\u2019arte moderna e contemporanea).&nbsp;<\/p>\n\n\n\n<p>Marzo \u00e8 anche il mese che dedichiamo ad <strong>Art Basel Hong Kong<\/strong>, che ci accoglie senza pi\u00f9 alcuna restrizione sanitaria nel bellissimo <strong>Convention &amp; Exhibition Centre di Wan Chai<\/strong>. Essere presenti a Hong Kong, nella <strong>fiera asiatica pi\u00f9 importante al mondo<\/strong>, poter portare la nostra esperienza e imparare dalla loro, in uno scambio culturale ed artistico davvero molto potente, <strong>\u00e8 uno degli aspetti pi\u00f9 belli del nostro lavoro<\/strong>.&nbsp;<\/p>\n\n\n\n<p>Questi sono solo alcuni degli eventi maggiori in cui saremo direttamente impegnati, <strong>questo nuovo anno si prospetta davvero ricco<\/strong> di tanta nuova arte e pone delle buone basi per una nuova ripresa del buon collezionismo, sempre meno <em>\u201csuperficiale\u201d<\/em>, ma pi\u00f9 attento al reale valore culturale dell\u2019espressione artistica.<\/p>\n\n\n\n<p><strong>Buona lettura<\/strong>, e se ci seguite anche sui social, <strong>buona visione.&nbsp; &nbsp;<\/strong><\/p>\n\n\n\n<figure class=\"wp-block-image\"><img loading=\"lazy\" decoding=\"async\" width=\"300\" height=\"103\" src=\"http:\/\/www.biancoscuro.it\/site\/wp-content\/uploads\/2015\/10\/firmaVincenzoChettaDirettoreBiancoscuro-300x103.jpg\" alt=\"Vincenzo Chetta Direttore Biancoscuro\" class=\"wp-image-3226\" srcset=\"https:\/\/www.biancoscuro.it\/site\/wp-content\/uploads\/2015\/10\/firmaVincenzoChettaDirettoreBiancoscuro-300x103.jpg 300w, https:\/\/www.biancoscuro.it\/site\/wp-content\/uploads\/2015\/10\/firmaVincenzoChettaDirettoreBiancoscuro.jpg 500w\" sizes=\"auto, (max-width: 300px) 100vw, 300px\" \/><\/figure>\n\n\n\n<p>Vincenzo Chetta<br \/>Direttore<br \/><strong>BIANCOSCURO Art Magazine<\/strong><\/p>\n\n\n\n<figure class=\"wp-block-image size-full\"><img loading=\"lazy\" decoding=\"async\" width=\"999\" height=\"665\" src=\"https:\/\/www.biancoscuro.it\/site\/wp-content\/uploads\/2023\/02\/Office_approx_21_x_14_cm-ABHK22__Partnership__M___Ellen_Pao__The__HiRes-Ellen-Pao-The-Shape-of-Light-2022-Courtesy-Art-Basel999.jpg\" alt=\"\" class=\"wp-image-15445\" srcset=\"https:\/\/www.biancoscuro.it\/site\/wp-content\/uploads\/2023\/02\/Office_approx_21_x_14_cm-ABHK22__Partnership__M___Ellen_Pao__The__HiRes-Ellen-Pao-The-Shape-of-Light-2022-Courtesy-Art-Basel999.jpg 999w, https:\/\/www.biancoscuro.it\/site\/wp-content\/uploads\/2023\/02\/Office_approx_21_x_14_cm-ABHK22__Partnership__M___Ellen_Pao__The__HiRes-Ellen-Pao-The-Shape-of-Light-2022-Courtesy-Art-Basel999-300x200.jpg 300w, https:\/\/www.biancoscuro.it\/site\/wp-content\/uploads\/2023\/02\/Office_approx_21_x_14_cm-ABHK22__Partnership__M___Ellen_Pao__The__HiRes-Ellen-Pao-The-Shape-of-Light-2022-Courtesy-Art-Basel999-768x511.jpg 768w, https:\/\/www.biancoscuro.it\/site\/wp-content\/uploads\/2023\/02\/Office_approx_21_x_14_cm-ABHK22__Partnership__M___Ellen_Pao__The__HiRes-Ellen-Pao-The-Shape-of-Light-2022-Courtesy-Art-Basel999-600x399.jpg 600w\" sizes=\"auto, (max-width: 999px) 100vw, 999px\" \/><figcaption class=\"wp-element-caption\"><br \/><strong>Art Basel Hong Kong &#8211; Ellen Pao &#8220;The Shape of Light&#8221;<\/strong>, 2022 \u00a9 Courtesy Art Basel<\/figcaption><\/figure>\n\n\n\n<hr class=\"wp-block-separator has-alpha-channel-opacity\"\/>\n\n\n\n<h2 class=\"wp-block-heading\">Seguici sulle nostre pagine <strong><a href=\"https:\/\/www.facebook.com\/BiancoscuroArtMagazine\/\" target=\"_blank\" rel=\"noreferrer noopener\">Facebook<\/a><\/strong> e <strong><a href=\"https:\/\/www.instagram.com\/biancoscuromag\/\" target=\"_blank\" rel=\"noreferrer noopener\">Instagram<\/a><\/strong> <\/h2>\n","protected":false},"excerpt":{"rendered":"<p><span class=\"span-reading-time rt-reading-time\" style=\"display: block;\"><span class=\"rt-label rt-prefix\">\u23f0 lettura <\/span> <span class=\"rt-time\"> 2<\/span> <span class=\"rt-label rt-postfix\">min. <\/p>\n<p><\/span><\/span>Il 2023 \u00e8 iniziato senza grossi scossoni nel mondo dell\u2019arte. BIANCOSCURO non si \u00e8 fermata neanche un attimo e ha ripreso anche gli impegni fieristici che si erano conclusi \u201ccol botto\u201d a dicembre, con la partecipazione ad Art Basel Miami Beach che da anni ci permette di far conoscere l\u2019editoria italiana oltre oceano.&nbsp; Terminata Bergamo&hellip;&nbsp;<a href=\"https:\/\/www.biancoscuro.it\/site\/biancoscuro-leditoriale-di-febbraio-marzo-2023\/\" rel=\"bookmark\">Leggi tutto &raquo;<span class=\"screen-reader-text\">BIANCOSCURO, l\u2019editoriale di Vincenzo Chetta &#8211; #56 febbraio\/marzo 2023<\/span><\/a><\/p>\n","protected":false},"author":909,"featured_media":15446,"comment_status":"closed","ping_status":"closed","sticky":false,"template":"","format":"standard","meta":{"neve_meta_sidebar":"","neve_meta_container":"","neve_meta_enable_content_width":"","neve_meta_content_width":0,"neve_meta_title_alignment":"","neve_meta_author_avatar":"","neve_post_elements_order":"","neve_meta_disable_header":"","neve_meta_disable_footer":"","neve_meta_disable_title":"","advanced_seo_description":"","jetpack_seo_html_title":"","jetpack_seo_noindex":false,"footnotes":""},"categories":[470,5,469],"tags":[39,185,583,408],"class_list":["post-15413","post","type-post","status-publish","format-standard","has-post-thumbnail","hentry","category-art-magazine","category-arte","category-editoriale","tag-biancoscuro","tag-biancoscuro-art-magazine","tag-editoriale","tag-vincenzo-chetta"],"jetpack_featured_media_url":"https:\/\/www.biancoscuro.it\/site\/wp-content\/uploads\/2023\/02\/Office_approx_21_x_14_cm-ABHK22__Partnership__M___Ellen_Pao__The__HiRes-Ellen-Pao-The-Shape-of-Light-2022-Courtesy-Art-Basel333.jpg","jetpack_sharing_enabled":true,"jetpack-related-posts":[{"id":16954,"url":"https:\/\/www.biancoscuro.it\/site\/biancoscuro-leditoriale-di-vincenzo-chetta-62-febbraio-marzo-2024\/","url_meta":{"origin":15413,"position":0},"title":"BIANCOSCURO, l\u2019editoriale di Vincenzo Chetta &#8211; #62 FEBBRAIO\/MARZO 2024","author":"Vincenzo Chetta","date":"5 Febbraio 2024","format":false,"excerpt":"Sapere che BIANCOSCURO ha concluso alla grande il 2023, con una partecipazione di successo ad Art Basel Miami Beach, mi riempie sempre di orgoglio. La possibilit\u00e0 di far conoscere l\u2019editoria italiana a Miami Beach \u00e8 un\u2019opportunit\u00e0 straordinaria per diffondere la cultura e l\u2019arte italiane a livello internazionale. Il 2024, fieristicamente\u2026","rel":"","context":"In &quot;art magazine&quot;","block_context":{"text":"art magazine","link":"https:\/\/www.biancoscuro.it\/site\/category\/art-magazine\/"},"img":{"alt_text":"","src":"https:\/\/i0.wp.com\/www.biancoscuro.it\/site\/wp-content\/uploads\/2024\/02\/20231217_073508-lunga-GENOVA333.jpg?resize=350%2C200&ssl=1","width":350,"height":200},"classes":[]},{"id":6420,"url":"https:\/\/www.biancoscuro.it\/site\/biancoscuro-leditoriale-febbraio-marzo-18\/","url_meta":{"origin":15413,"position":1},"title":"BIANCOSCURO, l\u2019editoriale di febbraio-marzo &#8217;18","author":"Vincenzo Chetta","date":"1 Febbraio 2018","format":false,"excerpt":"Il 2018 \u00e8 orfano di tre grandissimi Artisti, Enrico Castellani, Tino Stefanoni e Omar Ronda, scomparsi nei primi giorni di dicembre. Tre Maestri, nell\u2019arte e nella vita, tre personaggi completamente diversi uno dall\u2019altro, di quella diversit\u00e0 che completa e unisce. Erano amici fra di loro, orgogliosi l\u2019uno dei successi degli\u2026","rel":"","context":"In &quot;art magazine&quot;","block_context":{"text":"art magazine","link":"https:\/\/www.biancoscuro.it\/site\/category\/art-magazine\/"},"img":{"alt_text":"","src":"https:\/\/i0.wp.com\/www.biancoscuro.it\/site\/wp-content\/uploads\/2018\/02\/KEV0106quad.jpg?resize=350%2C200&ssl=1","width":350,"height":200},"classes":[]},{"id":3555,"url":"https:\/\/www.biancoscuro.it\/site\/biancoscuro-leditoriale-di-febbraio-ma-2015\/","url_meta":{"origin":15413,"position":2},"title":"BIANCOSCURO, L&#8217;editoriale di febbraio-marzo 2016","author":"Vincenzo Chetta","date":"1 Febbraio 2016","format":false,"excerpt":"Questo 2016 \u00e8 iniziato con i migliori auspici, tante nuove iniziative artistiche che promettono bene, per sopperire a quella mancanza di \u201coriginale modernit\u00e0\u201d che dovrebbe essere ormai la base per il rinnovamento delle formule pi\u00f9 consolidate, ma che rischiano di cadere, non tanto nel banale, quanto nel noioso. Se \u00e8\u2026","rel":"","context":"In &quot;art magazine&quot;","block_context":{"text":"art magazine","link":"https:\/\/www.biancoscuro.it\/site\/category\/art-magazine\/"},"img":{"alt_text":"\/\/\/ Berlin Art Week 2015 3 piani d\u2019Arte, dipinti, sculture, installazioni e videoinstallazioni","src":"https:\/\/i0.wp.com\/www.biancoscuro.it\/site\/wp-content\/uploads\/2016\/02\/aKEV_8252.jpg?resize=350%2C200&ssl=1","width":350,"height":200,"srcset":"https:\/\/i0.wp.com\/www.biancoscuro.it\/site\/wp-content\/uploads\/2016\/02\/aKEV_8252.jpg?resize=350%2C200&ssl=1 1x, https:\/\/i0.wp.com\/www.biancoscuro.it\/site\/wp-content\/uploads\/2016\/02\/aKEV_8252.jpg?resize=525%2C300&ssl=1 1.5x, https:\/\/i0.wp.com\/www.biancoscuro.it\/site\/wp-content\/uploads\/2016\/02\/aKEV_8252.jpg?resize=700%2C400&ssl=1 2x"},"classes":[]},{"id":4894,"url":"https:\/\/www.biancoscuro.it\/site\/biancoscuro-leditoriale-febbraio-marzo-2017\/","url_meta":{"origin":15413,"position":3},"title":"BIANCOSCURO, l\u2019editoriale di febbraio-marzo 2017","author":"Vincenzo Chetta","date":"1 Febbraio 2017","format":false,"excerpt":"Siamo nel pieno della stagione post festivit\u00e0, tornano gli eventi fieristici blasonati da cui \u201cgli esperti\u201d misurano la temperatura del mercato, ecco riaffiorare statistiche e previsioni per il nuovo anno: appuntamenti corali in cui l\u2019Arte viene scambiata per alta finanza. Certo, \u00e8 vero, come per tutte le \u201ccose materiali\u201d, anche\u2026","rel":"","context":"In &quot;art magazine&quot;","block_context":{"text":"art magazine","link":"https:\/\/www.biancoscuro.it\/site\/category\/art-magazine\/"},"img":{"alt_text":"","src":"https:\/\/i0.wp.com\/www.biancoscuro.it\/site\/wp-content\/uploads\/2017\/01\/DSC_5123.jpg?resize=350%2C200&ssl=1","width":350,"height":200},"classes":[]},{"id":4892,"url":"https:\/\/www.biancoscuro.it\/site\/biancoscuro-art-magazine-line-numero-20\/","url_meta":{"origin":15413,"position":4},"title":"BIANCOSCURO Art Magazine! On-line il nuovo numero #20","author":"Redazione BIANCOSCURO","date":"1 Febbraio 2017","format":false,"excerpt":"\"BIANCOSCURO\u00a0Rivista d'Arte\", sfoglia qui \u00a0sotto l'anteprima di BIANCOSCURO Art Magazine\u00a0#20 (febbraio-marzo 2017) o\u00a0scarica la versione integrale.\u00a0Iscriviti\u00a0alla nostra\u00a0mailing list\u00a0per essere costantemente aggiornato sui nostri eventi e sulle nostre attivit\u00e0:\u00a0inserisci\u00a0nome,\u00a0cognome\u00a0ed\u00a0e-mail\u00a0nei campi qui a destra per ricevere gratuitamente nella tua casella email. Ordina\u00a0su\u00a0artshop.biancoscuro.it Se vuoi puoi abbonarti alla versione\u00a0cartacea\u00a0cliccando sull'immagine qui sotto! Vuoi\u2026","rel":"","context":"In &quot;art magazine&quot;","block_context":{"text":"art magazine","link":"https:\/\/www.biancoscuro.it\/site\/category\/art-magazine\/"},"img":{"alt_text":"","src":"https:\/\/i0.wp.com\/www.biancoscuro.it\/site\/wp-content\/uploads\/2014\/03\/BAM_issue19_900px.jpg?resize=350%2C200","width":350,"height":200,"srcset":"https:\/\/i0.wp.com\/www.biancoscuro.it\/site\/wp-content\/uploads\/2014\/03\/BAM_issue19_900px.jpg?resize=350%2C200 1x, https:\/\/i0.wp.com\/www.biancoscuro.it\/site\/wp-content\/uploads\/2014\/03\/BAM_issue19_900px.jpg?resize=525%2C300 1.5x, https:\/\/i0.wp.com\/www.biancoscuro.it\/site\/wp-content\/uploads\/2014\/03\/BAM_issue19_900px.jpg?resize=700%2C400 2x"},"classes":[]},{"id":8611,"url":"https:\/\/www.biancoscuro.it\/site\/biancoscuro-leditoriale-di-febbraio-marzo-19\/","url_meta":{"origin":15413,"position":5},"title":"BIANCOSCURO, l\u2019editoriale di febbraio-marzo &#8217;19","author":"Vincenzo Chetta","date":"1 Gennaio 2019","format":false,"excerpt":"Piglio deciso, sicuro di s\u00e9, pieno di energie e nuovi obiettivi: cos\u00ec \u00e8 iniziato il 2019 di BIANCOSCURO: il dopo Art Basel Miami Beach \u00e8 stato decisamente esaltante! Rischio molto ad affermare questo, lo dico con cognizione di causa. Oggi infatti ci troviamo intorno una societ\u00e0 sempre pi\u00f9 disinformata, ignorante\u2026","rel":"","context":"In &quot;art magazine&quot;","block_context":{"text":"art magazine","link":"https:\/\/www.biancoscuro.it\/site\/category\/art-magazine\/"},"img":{"alt_text":"Art Basel Hong Kong \u00a9 Courtesy Art Basel","src":"https:\/\/i0.wp.com\/www.biancoscuro.it\/site\/wp-content\/uploads\/2019\/01\/ABHK17__Misc__General_Impressions__PR__EH_4476_HiRes600.jpg?resize=350%2C200&ssl=1","width":350,"height":200,"srcset":"https:\/\/i0.wp.com\/www.biancoscuro.it\/site\/wp-content\/uploads\/2019\/01\/ABHK17__Misc__General_Impressions__PR__EH_4476_HiRes600.jpg?resize=350%2C200&ssl=1 1x, https:\/\/i0.wp.com\/www.biancoscuro.it\/site\/wp-content\/uploads\/2019\/01\/ABHK17__Misc__General_Impressions__PR__EH_4476_HiRes600.jpg?resize=525%2C300&ssl=1 1.5x"},"classes":[]}],"_links":{"self":[{"href":"https:\/\/www.biancoscuro.it\/site\/wp-json\/wp\/v2\/posts\/15413","targetHints":{"allow":["GET"]}}],"collection":[{"href":"https:\/\/www.biancoscuro.it\/site\/wp-json\/wp\/v2\/posts"}],"about":[{"href":"https:\/\/www.biancoscuro.it\/site\/wp-json\/wp\/v2\/types\/post"}],"author":[{"embeddable":true,"href":"https:\/\/www.biancoscuro.it\/site\/wp-json\/wp\/v2\/users\/909"}],"replies":[{"embeddable":true,"href":"https:\/\/www.biancoscuro.it\/site\/wp-json\/wp\/v2\/comments?post=15413"}],"version-history":[{"count":0,"href":"https:\/\/www.biancoscuro.it\/site\/wp-json\/wp\/v2\/posts\/15413\/revisions"}],"wp:featuredmedia":[{"embeddable":true,"href":"https:\/\/www.biancoscuro.it\/site\/wp-json\/wp\/v2\/media\/15446"}],"wp:attachment":[{"href":"https:\/\/www.biancoscuro.it\/site\/wp-json\/wp\/v2\/media?parent=15413"}],"wp:term":[{"taxonomy":"category","embeddable":true,"href":"https:\/\/www.biancoscuro.it\/site\/wp-json\/wp\/v2\/categories?post=15413"},{"taxonomy":"post_tag","embeddable":true,"href":"https:\/\/www.biancoscuro.it\/site\/wp-json\/wp\/v2\/tags?post=15413"}],"curies":[{"name":"wp","href":"https:\/\/api.w.org\/{rel}","templated":true}]}}