{"id":15546,"date":"2023-03-02T11:04:59","date_gmt":"2023-03-02T10:04:59","guid":{"rendered":"https:\/\/www.biancoscuro.it\/site\/?p=15546"},"modified":"2023-03-02T15:24:41","modified_gmt":"2023-03-02T14:24:41","slug":"real-art-6-museo-bodini-gemonio","status":"publish","type":"post","link":"https:\/\/www.biancoscuro.it\/site\/real-art-6-museo-bodini-gemonio\/","title":{"rendered":"Real Art #6 | Museo Bodini &#8211; Gemonio"},"content":{"rendered":"<span class=\"span-reading-time rt-reading-time\" style=\"display: block;\"><span class=\"rt-label rt-prefix\">\u23f0 lettura <\/span> <span class=\"rt-time\"> 2<\/span> <span class=\"rt-label rt-postfix\">min. <br><br><\/span><\/span><div class=\"wp-block-image\">\n<figure class=\"aligncenter\"><img loading=\"lazy\" decoding=\"async\" width=\"1000\" height=\"665\" src=\"https:\/\/www.biancoscuro.it\/site\/wp-content\/uploads\/2018\/04\/RealArt_KEV3221_2-1000.jpg\" alt=\"\" class=\"wp-image-7014\" srcset=\"https:\/\/www.biancoscuro.it\/site\/wp-content\/uploads\/2018\/04\/RealArt_KEV3221_2-1000.jpg 1000w, https:\/\/www.biancoscuro.it\/site\/wp-content\/uploads\/2018\/04\/RealArt_KEV3221_2-1000-300x200.jpg 300w, https:\/\/www.biancoscuro.it\/site\/wp-content\/uploads\/2018\/04\/RealArt_KEV3221_2-1000-768x511.jpg 768w, https:\/\/www.biancoscuro.it\/site\/wp-content\/uploads\/2018\/04\/RealArt_KEV3221_2-1000-600x399.jpg 600w\" sizes=\"auto, (max-width: 1000px) 100vw, 1000px\" \/><\/figure>\n<\/div>\n\n\n<p><strong>REAL ART<\/strong>, progetto artistico, sotto forma di pubblicazione-portfolio, ritorna per il sesto anno consecutivo. Dopo diverse presentazioni, in vari musei e gallerie italiane, \u00e8 arrivato il momento che tutti aspettiamo: la mostra collettiva al <strong>Museo Floriano Bodini<\/strong> di Gemonio, ormai punto fermo per questo progetto solidale. Gli artisti che hanno aderito al progetto a scopo benefico quest\u2019anno, sono: <strong>Elisa Cella,&nbsp;Enzo Esposito,&nbsp;Fernanda Fedi,&nbsp;Agostino Ferrari,&nbsp;Gaetano Fracassio,&nbsp;Giovanna Giachetti,&nbsp;Umberto Mariani,&nbsp;Peter Hide 311065,&nbsp;Paola Pezzi,&nbsp;Isabella Rigamonti,&nbsp;Francesco Riva,&nbsp;Giorgio Tentolini,&nbsp;Michele Tombolini,&nbsp;Giuseppe Veneziano<\/strong>.<\/p>\n\n\n\n<figure class=\"wp-block-image size-full\"><img loading=\"lazy\" decoding=\"async\" width=\"999\" height=\"677\" src=\"https:\/\/www.biancoscuro.it\/site\/wp-content\/uploads\/2023\/03\/268006667_4925146434170612_2349097339797327719_n.jpg\" alt=\"\" class=\"wp-image-15585\" srcset=\"https:\/\/www.biancoscuro.it\/site\/wp-content\/uploads\/2023\/03\/268006667_4925146434170612_2349097339797327719_n.jpg 999w, https:\/\/www.biancoscuro.it\/site\/wp-content\/uploads\/2023\/03\/268006667_4925146434170612_2349097339797327719_n-300x203.jpg 300w, https:\/\/www.biancoscuro.it\/site\/wp-content\/uploads\/2023\/03\/268006667_4925146434170612_2349097339797327719_n-768x520.jpg 768w, https:\/\/www.biancoscuro.it\/site\/wp-content\/uploads\/2023\/03\/268006667_4925146434170612_2349097339797327719_n-600x407.jpg 600w\" sizes=\"auto, (max-width: 999px) 100vw, 999px\" \/><\/figure>\n\n\n\n<p>In mostra al Museo Bodini, dall&#8217;11 al 19 marzo,&nbsp;le opere di questi <strong>14 artisti<\/strong> presenti su <strong>REAL ART<\/strong>, progetto artistico nato con l\u2019idea di realizzare annualmente una pubblicazione-portfolio con opere uniche ed autografe di artisti contemporanei e l\u2019intero incasso devolverlo in beneficienza.&nbsp;Il Museo Bodini, fin dagli esordi promotore dell&#8217;iniziativa, presenta la mostra collettiva degli artisti di questa edizione e la presentazione del volume #6, limitata a 130 copie.<\/p>\n\n\n\n<figure class=\"wp-block-image size-full\"><img loading=\"lazy\" decoding=\"async\" width=\"999\" height=\"678\" src=\"https:\/\/www.biancoscuro.it\/site\/wp-content\/uploads\/2023\/03\/267756345_4925145227504066_7143709431001827856_n.jpg\" alt=\"\" class=\"wp-image-15584\" srcset=\"https:\/\/www.biancoscuro.it\/site\/wp-content\/uploads\/2023\/03\/267756345_4925145227504066_7143709431001827856_n.jpg 999w, https:\/\/www.biancoscuro.it\/site\/wp-content\/uploads\/2023\/03\/267756345_4925145227504066_7143709431001827856_n-300x204.jpg 300w, https:\/\/www.biancoscuro.it\/site\/wp-content\/uploads\/2023\/03\/267756345_4925145227504066_7143709431001827856_n-768x521.jpg 768w, https:\/\/www.biancoscuro.it\/site\/wp-content\/uploads\/2023\/03\/267756345_4925145227504066_7143709431001827856_n-600x407.jpg 600w\" sizes=\"auto, (max-width: 999px) 100vw, 999px\" \/><\/figure>\n\n\n\n<p><strong>Lara Treppiede<\/strong>, Direttrice Museo Bodini commenta cos\u00ec l&#8217;evento: <em>\u201cUn contenitore per documenti importanti, uno scrigno che custodisce opere altrettanto preziose. Non un catalogo, non un libro, ma un portfolio, racchiuso nella sua scatola, essenziale, ecologica, tanto semplice quanto sostanziosa. Questo il numero #6 di <strong>REAL ART<\/strong>, in linea con le edizioni che l\u2019hanno preceduto. Continuit\u00e0, seriet\u00e0, determinazione, coraggio, impegno, passione per l\u2019arte, desiderio di conoscenza e di dibattito: queste le motivazioni che muovono tale progetto espositivo, artistico e sociale fin dal 2015. Gi\u00e0 allora il Museo Civico Floriano Bodini \u00e8 stato presente e sostenitore dell\u2019iniziativa, che ancora oggi trova spazio a Gemonio per la mostra collettiva dei protagonisti coinvolti nel susseguirsi delle edizioni. 14 per questo nuovo numero, che vede come sempre un dialogo aperto e diversificato, stimolante quanto innovativo. Lo spessore dell\u2019arte si ritrova sfogliando il portfolio: matericit\u00e0, elementi che si alternano, tecniche e messaggi che si intrecciano. Questo \u00e8 quello che rimane oltre la mostra, lo stare vicini elogiando le diversit\u00e0, unendosi in un progetto corale per esaltare il percorso e le potenzialit\u00e0 artistiche ricordando la forza del confronto. E ancora sorpresa e meraviglia nell\u2019aprire e sfogliare REAL ART #6, un momento che si \u00e8 fatto attendere per cause di forza maggiore, ma che oggi ci ricorda la bellezza e l\u2019importanza della continuit\u00e0 e della presenza, di quella normalit\u00e0 e attesa di qualcosa che diamo per scontato ma che non sempre risulta essere cos\u00ec. Oggi torna <strong>REAL ART #6<\/strong> e lo fa con tutta l\u2019energia e l\u2019entusiasmo che lo distingue\u201d. <\/em><\/p>\n\n\n\n<figure class=\"wp-block-image size-full\"><img loading=\"lazy\" decoding=\"async\" width=\"999\" height=\"678\" src=\"https:\/\/www.biancoscuro.it\/site\/wp-content\/uploads\/2023\/03\/267716521_4925143490837573_6493237109303485901_n.jpg\" alt=\"\" class=\"wp-image-15583\" srcset=\"https:\/\/www.biancoscuro.it\/site\/wp-content\/uploads\/2023\/03\/267716521_4925143490837573_6493237109303485901_n.jpg 999w, https:\/\/www.biancoscuro.it\/site\/wp-content\/uploads\/2023\/03\/267716521_4925143490837573_6493237109303485901_n-300x204.jpg 300w, https:\/\/www.biancoscuro.it\/site\/wp-content\/uploads\/2023\/03\/267716521_4925143490837573_6493237109303485901_n-768x521.jpg 768w, https:\/\/www.biancoscuro.it\/site\/wp-content\/uploads\/2023\/03\/267716521_4925143490837573_6493237109303485901_n-600x407.jpg 600w\" sizes=\"auto, (max-width: 999px) 100vw, 999px\" \/><\/figure>\n\n\n\n<pre class=\"wp-block-preformatted\">INFO\n  Gli artisti del progetto <strong>REAL ART#6\n<\/strong>  a Gemonio dall' 11 al 19 marzo 2023\n\n Museo Civico Floriano Bodini\n  Via Marsala, 11\n  21036 Gemonio (VA)\n\n INGRESSO OMAGGIO PER IL VERNISSAGE\n  LIBRO\/CATALOGO AL BOOKSHOP\n Vernissage sabato 11 marzo ore 16,00\n\n A cura di:\n   Lara Treppiede, Franco Crugnola, Isabella Rigamonti<\/pre>\n","protected":false},"excerpt":{"rendered":"<p><span class=\"span-reading-time rt-reading-time\" style=\"display: block;\"><span class=\"rt-label rt-prefix\">\u23f0 lettura <\/span> <span class=\"rt-time\"> 2<\/span> <span class=\"rt-label rt-postfix\">min. <\/p>\n<p><\/span><\/span>REAL ART, progetto artistico, sotto forma di pubblicazione-portfolio, ritorna per il sesto anno consecutivo. Dopo diverse presentazioni, in vari musei e gallerie italiane, \u00e8 arrivato il momento che tutti aspettiamo: la mostra collettiva al Museo Floriano Bodini di Gemonio, ormai punto fermo per questo progetto solidale. Gli artisti che hanno aderito al progetto a scopo&hellip;&nbsp;<a href=\"https:\/\/www.biancoscuro.it\/site\/real-art-6-museo-bodini-gemonio\/\" rel=\"bookmark\">Leggi tutto &raquo;<span class=\"screen-reader-text\">Real Art #6 | Museo Bodini &#8211; Gemonio<\/span><\/a><\/p>\n","protected":false},"author":1,"featured_media":15582,"comment_status":"closed","ping_status":"closed","sticky":false,"template":"","format":"standard","meta":{"neve_meta_sidebar":"","neve_meta_container":"","neve_meta_enable_content_width":"","neve_meta_content_width":0,"neve_meta_title_alignment":"","neve_meta_author_avatar":"","neve_post_elements_order":"","neve_meta_disable_header":"","neve_meta_disable_footer":"","neve_meta_disable_title":"","advanced_seo_description":"","jetpack_seo_html_title":"","jetpack_seo_noindex":false,"footnotes":""},"categories":[5],"tags":[],"class_list":["post-15546","post","type-post","status-publish","format-standard","has-post-thumbnail","hentry","category-arte"],"jetpack_featured_media_url":"https:\/\/www.biancoscuro.it\/site\/wp-content\/uploads\/2023\/03\/267830767_4925145100837412_8196974457877895148_n.jpg","jetpack_sharing_enabled":true,"jetpack-related-posts":[{"id":4742,"url":"https:\/\/www.biancoscuro.it\/site\/al-museo-bodini-di-gemonio-gli-artisti-del-progetto-real-art2\/","url_meta":{"origin":15546,"position":0},"title":"Al Museo BODINI di Gemonio gli artisti del progetto REAL ART#2","author":"Redazione BIANCOSCURO","date":"11 Dicembre 2016","format":false,"excerpt":"MUSEO CIVICO BODINI - REAL ART#2 Gli\u00a0artisti del progetto\u00a0REAL ART#2 a Gemonio dal 10 dicembre 2016 al 30\u00a0gennaio 2017 Vernissage domenica 11 dicembre ore 16,30 REAL ART, progetto artistico\u00a0nato con l\u2019idea di realizzare annualmente una pubblicazione-portfolio con opere uniche ed autografe di artisti contemporanei ritorna e, dopo le presentazioni in\u2026","rel":"","context":"In &quot;arte&quot;","block_context":{"text":"arte","link":"https:\/\/www.biancoscuro.it\/site\/category\/arte\/"},"img":{"alt_text":"","src":"https:\/\/i0.wp.com\/www.biancoscuro.it\/site\/wp-content\/uploads\/2016\/12\/KEV5916web.jpg?resize=350%2C200&ssl=1","width":350,"height":200,"srcset":"https:\/\/i0.wp.com\/www.biancoscuro.it\/site\/wp-content\/uploads\/2016\/12\/KEV5916web.jpg?resize=350%2C200&ssl=1 1x, https:\/\/i0.wp.com\/www.biancoscuro.it\/site\/wp-content\/uploads\/2016\/12\/KEV5916web.jpg?resize=525%2C300&ssl=1 1.5x, https:\/\/i0.wp.com\/www.biancoscuro.it\/site\/wp-content\/uploads\/2016\/12\/KEV5916web.jpg?resize=700%2C400&ssl=1 2x, https:\/\/i0.wp.com\/www.biancoscuro.it\/site\/wp-content\/uploads\/2016\/12\/KEV5916web.jpg?resize=1050%2C600&ssl=1 3x, https:\/\/i0.wp.com\/www.biancoscuro.it\/site\/wp-content\/uploads\/2016\/12\/KEV5916web.jpg?resize=1400%2C800&ssl=1 4x"},"classes":[]},{"id":10319,"url":"https:\/\/www.biancoscuro.it\/site\/real-art-5-al-museo-bodini\/","url_meta":{"origin":15546,"position":1},"title":"Real Art #5","author":"Redazione BIANCOSCURO","date":"31 Gennaio 2020","format":false,"excerpt":"Le opere al Museo Floriano Bodini REAL ART, progetto artistico, sotto forma di pubblicazione-portfolio, ritorna per il quinto anno consecutivo. Dopo diverse presentazioni allo Spazio Casa Museo E.Tadini e alla Galleria Villa Contemporanea, il momento che tutti aspettiamo \u00e8 la mostra collettiva al Museo Floriano Bodini di Gemonio, ormai punto\u2026","rel":"","context":"In &quot;arte&quot;","block_context":{"text":"arte","link":"https:\/\/www.biancoscuro.it\/site\/category\/arte\/"},"img":{"alt_text":"","src":"https:\/\/i0.wp.com\/www.biancoscuro.it\/site\/wp-content\/uploads\/2020\/02\/KOSTABI_Mark-2017-bacco-tabacco-e-venere.-bacchus-tobacco-and-venus-50x60cm.jpg?resize=350%2C200&ssl=1","width":350,"height":200,"srcset":"https:\/\/i0.wp.com\/www.biancoscuro.it\/site\/wp-content\/uploads\/2020\/02\/KOSTABI_Mark-2017-bacco-tabacco-e-venere.-bacchus-tobacco-and-venus-50x60cm.jpg?resize=350%2C200&ssl=1 1x, https:\/\/i0.wp.com\/www.biancoscuro.it\/site\/wp-content\/uploads\/2020\/02\/KOSTABI_Mark-2017-bacco-tabacco-e-venere.-bacchus-tobacco-and-venus-50x60cm.jpg?resize=525%2C300&ssl=1 1.5x, https:\/\/i0.wp.com\/www.biancoscuro.it\/site\/wp-content\/uploads\/2020\/02\/KOSTABI_Mark-2017-bacco-tabacco-e-venere.-bacchus-tobacco-and-venus-50x60cm.jpg?resize=700%2C400&ssl=1 2x, https:\/\/i0.wp.com\/www.biancoscuro.it\/site\/wp-content\/uploads\/2020\/02\/KOSTABI_Mark-2017-bacco-tabacco-e-venere.-bacchus-tobacco-and-venus-50x60cm.jpg?resize=1050%2C600&ssl=1 3x, https:\/\/i0.wp.com\/www.biancoscuro.it\/site\/wp-content\/uploads\/2020\/02\/KOSTABI_Mark-2017-bacco-tabacco-e-venere.-bacchus-tobacco-and-venus-50x60cm.jpg?resize=1400%2C800&ssl=1 4x"},"classes":[]},{"id":7010,"url":"https:\/\/www.biancoscuro.it\/site\/real-art-3-museo-bodini-di-gemonio\/","url_meta":{"origin":15546,"position":2},"title":"Real Art #3 | Museo Bodini di Gemonio","author":"Redazione BIANCOSCURO","date":"5 Aprile 2018","format":false,"excerpt":"Dopo il successo della delle prime due edizioni, torna REAL ART, progetto artistico, nato con l\u2019idea di realizzare annualmente una pubblicazione-portfolio con opere uniche ed\u00a0autografe di artisti contemporanei e l\u2019intero incasso devolverlo in beneficienza ad enti del territorio. REAL ART #3-2017 quest\u2019anno presenta i lavori di:\u00a0Andrea Bassani,\u00a0Gianni Cella,\u00a0Mattia Consonni,\u00a0Mario De\u2026","rel":"","context":"In &quot;arte&quot;","block_context":{"text":"arte","link":"https:\/\/www.biancoscuro.it\/site\/category\/arte\/"},"img":{"alt_text":"","src":"https:\/\/i0.wp.com\/www.biancoscuro.it\/site\/wp-content\/uploads\/2018\/04\/HEAD-poster-bodini.jpg?resize=350%2C200&ssl=1","width":350,"height":200,"srcset":"https:\/\/i0.wp.com\/www.biancoscuro.it\/site\/wp-content\/uploads\/2018\/04\/HEAD-poster-bodini.jpg?resize=350%2C200&ssl=1 1x, https:\/\/i0.wp.com\/www.biancoscuro.it\/site\/wp-content\/uploads\/2018\/04\/HEAD-poster-bodini.jpg?resize=525%2C300&ssl=1 1.5x, https:\/\/i0.wp.com\/www.biancoscuro.it\/site\/wp-content\/uploads\/2018\/04\/HEAD-poster-bodini.jpg?resize=700%2C400&ssl=1 2x, https:\/\/i0.wp.com\/www.biancoscuro.it\/site\/wp-content\/uploads\/2018\/04\/HEAD-poster-bodini.jpg?resize=1050%2C600&ssl=1 3x, https:\/\/i0.wp.com\/www.biancoscuro.it\/site\/wp-content\/uploads\/2018\/04\/HEAD-poster-bodini.jpg?resize=1400%2C800&ssl=1 4x"},"classes":[]},{"id":12719,"url":"https:\/\/www.biancoscuro.it\/site\/real-art-6-museo-butti-viggiu-va\/","url_meta":{"origin":15546,"position":3},"title":"Real Art #6 | Museo Butti &#8211; Viggi\u00f9 (VA)","author":"Redazione BIANCOSCURO","date":"9 Dicembre 2021","format":false,"excerpt":"Torna la pubblicazione-portfolio d\u2019arte a carattere benefico con opere uniche ed autografe di 14 artisti contemporanei REAL ART #6 \u00e8 pronto e sar\u00e0 presentato al Museo E. Butti di Viggi\u00f9 sabato 11-12-2021 alle ore 16:30. Dopo il successo delle prime edizioni, torna Real Art, portfolio artistico, nato con l\u2019idea di\u2026","rel":"","context":"In &quot;arte&quot;","block_context":{"text":"arte","link":"https:\/\/www.biancoscuro.it\/site\/category\/arte\/"},"img":{"alt_text":"","src":"https:\/\/i0.wp.com\/www.biancoscuro.it\/site\/wp-content\/uploads\/2021\/12\/LOCANDINE-REAL-ART-6-butti.jpg?resize=350%2C200&ssl=1","width":350,"height":200,"srcset":"https:\/\/i0.wp.com\/www.biancoscuro.it\/site\/wp-content\/uploads\/2021\/12\/LOCANDINE-REAL-ART-6-butti.jpg?resize=350%2C200&ssl=1 1x, https:\/\/i0.wp.com\/www.biancoscuro.it\/site\/wp-content\/uploads\/2021\/12\/LOCANDINE-REAL-ART-6-butti.jpg?resize=525%2C300&ssl=1 1.5x, https:\/\/i0.wp.com\/www.biancoscuro.it\/site\/wp-content\/uploads\/2021\/12\/LOCANDINE-REAL-ART-6-butti.jpg?resize=700%2C400&ssl=1 2x"},"classes":[]},{"id":10055,"url":"https:\/\/www.biancoscuro.it\/site\/real-art-5-arte-solidarieta\/","url_meta":{"origin":15546,"position":4},"title":"Real Art #5 | Arte &#038; Solidariet\u00e0","author":"Redazione BIANCOSCURO","date":"29 Novembre 2019","format":false,"excerpt":"Torna la pubblicazione-portfolio d\u2019arte a carattere benefico con opere uniche ed autografe di 14 artisti contemporanei Presentazione ufficiale, venerd\u00ec 29 novembre alle ore 18.30 presso MUSEO SPAZIO TADINI, via Jommelli, 24 a Milano Mark Kostabi REAL ART, progetto artistico, sotto forma di pubblicazione-portfolio, ritorna per il quinto anno con le\u2026","rel":"","context":"In &quot;arte&quot;","block_context":{"text":"arte","link":"https:\/\/www.biancoscuro.it\/site\/category\/arte\/"},"img":{"alt_text":"","src":"https:\/\/i0.wp.com\/www.biancoscuro.it\/site\/wp-content\/uploads\/2019\/11\/Kostabi-Learning-curve-2016-NEW-20171017_170441-999.jpg?resize=350%2C200&ssl=1","width":350,"height":200,"srcset":"https:\/\/i0.wp.com\/www.biancoscuro.it\/site\/wp-content\/uploads\/2019\/11\/Kostabi-Learning-curve-2016-NEW-20171017_170441-999.jpg?resize=350%2C200&ssl=1 1x, https:\/\/i0.wp.com\/www.biancoscuro.it\/site\/wp-content\/uploads\/2019\/11\/Kostabi-Learning-curve-2016-NEW-20171017_170441-999.jpg?resize=525%2C300&ssl=1 1.5x, https:\/\/i0.wp.com\/www.biancoscuro.it\/site\/wp-content\/uploads\/2019\/11\/Kostabi-Learning-curve-2016-NEW-20171017_170441-999.jpg?resize=700%2C400&ssl=1 2x"},"classes":[]},{"id":9327,"url":"https:\/\/www.biancoscuro.it\/site\/a-mano-a-mano-samuele-arcangioli-al-museo-bodini\/","url_meta":{"origin":15546,"position":5},"title":"A mano a mano | Samuele Arcangioli al Museo Bodini.","author":"Redazione BIANCOSCURO","date":"24 Giugno 2019","format":false,"excerpt":"Nel ventennale del Museo, si vuole rendere omaggio a una delle opere pi\u00f9 significative conservate nello stesso, Il lamento sull\u2019ucciso, realizzata da Floriano Bodini in bronzo (presentata nel 1962 alla XXXI Biennale di Venezia). Oggi come vent\u2019anni fa, al centro del cortile del museo, per scelta dello stesso Bodini, quale\u2026","rel":"","context":"In &quot;arte&quot;","block_context":{"text":"arte","link":"https:\/\/www.biancoscuro.it\/site\/category\/arte\/"},"img":{"alt_text":"","src":"https:\/\/i0.wp.com\/www.biancoscuro.it\/site\/wp-content\/uploads\/2019\/06\/Locandina-progetto-SAMUELE-ARCANGIOLI-Museo-BodiniP.jpg?resize=350%2C200&ssl=1","width":350,"height":200,"srcset":"https:\/\/i0.wp.com\/www.biancoscuro.it\/site\/wp-content\/uploads\/2019\/06\/Locandina-progetto-SAMUELE-ARCANGIOLI-Museo-BodiniP.jpg?resize=350%2C200&ssl=1 1x, https:\/\/i0.wp.com\/www.biancoscuro.it\/site\/wp-content\/uploads\/2019\/06\/Locandina-progetto-SAMUELE-ARCANGIOLI-Museo-BodiniP.jpg?resize=525%2C300&ssl=1 1.5x, https:\/\/i0.wp.com\/www.biancoscuro.it\/site\/wp-content\/uploads\/2019\/06\/Locandina-progetto-SAMUELE-ARCANGIOLI-Museo-BodiniP.jpg?resize=700%2C400&ssl=1 2x"},"classes":[]}],"_links":{"self":[{"href":"https:\/\/www.biancoscuro.it\/site\/wp-json\/wp\/v2\/posts\/15546","targetHints":{"allow":["GET"]}}],"collection":[{"href":"https:\/\/www.biancoscuro.it\/site\/wp-json\/wp\/v2\/posts"}],"about":[{"href":"https:\/\/www.biancoscuro.it\/site\/wp-json\/wp\/v2\/types\/post"}],"author":[{"embeddable":true,"href":"https:\/\/www.biancoscuro.it\/site\/wp-json\/wp\/v2\/users\/1"}],"replies":[{"embeddable":true,"href":"https:\/\/www.biancoscuro.it\/site\/wp-json\/wp\/v2\/comments?post=15546"}],"version-history":[{"count":0,"href":"https:\/\/www.biancoscuro.it\/site\/wp-json\/wp\/v2\/posts\/15546\/revisions"}],"wp:featuredmedia":[{"embeddable":true,"href":"https:\/\/www.biancoscuro.it\/site\/wp-json\/wp\/v2\/media\/15582"}],"wp:attachment":[{"href":"https:\/\/www.biancoscuro.it\/site\/wp-json\/wp\/v2\/media?parent=15546"}],"wp:term":[{"taxonomy":"category","embeddable":true,"href":"https:\/\/www.biancoscuro.it\/site\/wp-json\/wp\/v2\/categories?post=15546"},{"taxonomy":"post_tag","embeddable":true,"href":"https:\/\/www.biancoscuro.it\/site\/wp-json\/wp\/v2\/tags?post=15546"}],"curies":[{"name":"wp","href":"https:\/\/api.w.org\/{rel}","templated":true}]}}