{"id":15552,"date":"2023-02-27T11:16:11","date_gmt":"2023-02-27T10:16:11","guid":{"rendered":"https:\/\/www.biancoscuro.it\/site\/?p=15552"},"modified":"2023-03-02T11:55:17","modified_gmt":"2023-03-02T10:55:17","slug":"prorogata-al-10-aprile-la-grande-mostra-su-andy-warhol-a-milano-oltre-60-000-i-visitatori","status":"publish","type":"post","link":"https:\/\/www.biancoscuro.it\/site\/prorogata-al-10-aprile-la-grande-mostra-su-andy-warhol-a-milano-oltre-60-000-i-visitatori\/","title":{"rendered":"Prorogata al 10 aprile la grande mostra su Andy Warhol a Milano"},"content":{"rendered":"<span class=\"span-reading-time rt-reading-time\" style=\"display: block;\"><span class=\"rt-label rt-prefix\">\u23f0 lettura <\/span> <span class=\"rt-time\"> 3<\/span> <span class=\"rt-label rt-postfix\">min. <br><br><\/span><\/span>\n<h2 class=\"wp-block-heading\">Oltre 60.000 i visitatori<\/h2>\n\n\n\n<h5 class=\"wp-block-heading\">Con oltre&nbsp;<strong>trecento opere divise in sette aree tematiche e tredici sezioni<\/strong>&nbsp;la spettacolare mostra&nbsp;<strong><em>Andy Warhol. La pubblicit\u00e0 della forma<\/em><\/strong>, in corso dal 22 ottobre 2022 a&nbsp;<strong>Milano&nbsp;<\/strong>alla&nbsp;<strong>Fabbrica del Vapore<\/strong>, promossa e prodotta da&nbsp;<strong>Comune<\/strong>&nbsp;<strong>di Milano\u2013Cultura&nbsp;<\/strong>e<strong>&nbsp;Navigare<\/strong>, curata da&nbsp;<strong>Achille Bonito Oliva<\/strong>&nbsp;con&nbsp;<strong>Edoardo Falcioni<\/strong>&nbsp;per&nbsp;<strong>Art Motors<\/strong>, Partner&nbsp;<strong>BMW&nbsp;<\/strong>e<strong>Hublot<\/strong>, \u00e8 uno straordinario viaggio nell\u2019universo artistico e umano di uno degli artisti che hanno maggiormente innovato la storia dell\u2019arte mondiale.<\/h5>\n\n\n\n<p><strong>Visitata al 1\u00b0 marzo 2023 da<\/strong>&nbsp;<strong>oltre 60.000 persone<\/strong>&nbsp;e circa&nbsp;<strong>5.000 studenti<\/strong>, recensita o segnalata da oltre&nbsp;<strong>250 testate cartacee<\/strong>&nbsp;e circa&nbsp;<strong>300 testate web<\/strong>, visto il grande successo di pubblico e critica,&nbsp;<strong>la mostra<\/strong>&nbsp;<strong>\u00e8 stata prorogata sino al 10 aprile 2023<\/strong>.<\/p>\n\n\n\n<p><em>\u201cWarhol<\/em>&nbsp;\u2013<strong>&nbsp;<\/strong>ha<strong>&nbsp;<\/strong>affermato<strong>&nbsp;Bonito Oliva <\/strong>\u2013&nbsp;<em>\u00e8 il Raffaello della societ\u00e0 di massa americana che d\u00e0 superficie ad ogni profondit\u00e0 dell&#8217;immagine rendendola in tal modo immediatamente fruibile, pronta al consumo come ogni prodotto che affolla il nostro vivere quotidiano. In tal modo sviluppa un&#8217;inedita classicit\u00e0 nella sua trasformazione estetica. Cos\u00ec la pubblicit\u00e0 della forma crea l&#8217;epifania, cio\u00e8 l&#8217;apparizione, dell&#8217;immagine\u201d.<\/em><\/p>\n\n\n\n<p><strong>Eugenio<\/strong>&nbsp;<strong>Falcioni<\/strong>, Responsabile di&nbsp;<strong>Art Motors<\/strong>&nbsp;e tra i massimi esperti di Andy Warhol, ha voluto omaggiare la sua citt\u00e0 adottiva Milano con una esposizione&nbsp;<strong>con pi\u00f9 di &nbsp;200 &nbsp;opere uniche sulle 300 esposte<\/strong>. La maggior parte di provenienza dell\u2019Estate Andy Warhol, due di Keith Haring e di altre prestigiose collezioni private.&nbsp;<em>\u201cDai disegni degli anni 50 alle icone Liz, Jackie, Marilyn, Mao, Flowers, Mick Jagger ai ritratti ed ai suoi progetti personali come il fashion<\/em>&nbsp;\u2013 dichiara&nbsp;<strong>Falcioni<\/strong>&nbsp;\u2013&nbsp;<em>sono presenti tele, carte, sete, &nbsp;latte con le famose ed uniche Polaroid, per arrivare &nbsp;agli acetati unici che fanno parte della seconda fase del suo lavoro altrettanto importante\u201d.<\/em><\/p>\n\n\n\n<p>La mostra milanese documenta questo avvincente percorso: dagli oggetti simboli del consumismo di massa, ai ritratti dello&nbsp;<em>star system<\/em>&nbsp;degli anni \u201960; dalla serie&nbsp;<em>Ladies &amp; Gentlemen<\/em>degli anni \u201970 dedicata alle&nbsp;<em>drag queen<\/em>, i travestiti, simbolo di emarginazione per eccellenza e considerati alla pari di star come Marilyn, sino agli anni \u201980 in cui diviene predominante il rapporto col sacro: cattolico praticante, ne era stato in realt\u00e0 pervaso per tutta la vita.&nbsp;<\/p>\n\n\n\n<p><strong>Esposte 200 opere uniche come serigrafie su seta, cotone, carta,&nbsp;oltre a disegni, fotografie, dischi originali, T-shirt, il computer Commodore Amiga 1000 con le sue illustrazioni digitali, geniali antesignane degli NFT; la ricostruzione fedele della prima Factory e una parte multimediale con proiezioni di film da vedere con gli occhialini tridimensionali.<\/strong><\/p>\n\n\n\n<p>Per la prima volta, grazie a BMW Italia, \u00e8 esposta&nbsp;<strong>l\u2019Art Car<\/strong>&nbsp;pi\u00f9 importante del mondo: la&nbsp;<strong>BMW M1 dipinta a mano da Andy Warhol<\/strong>, con tanto di filmato in HD della performance in cui venne realizzata.<\/p>\n\n\n\n<p>Andy Warhol muore nel 1987. Le sue icone, i suoi personaggi, i suoi soggetti sono riprodotti ovunque, in tutto il mondo, su vestiti, matite, poster, piatti, zaini.&nbsp;<\/p>\n\n\n\n<p>Ha anticipato i social network e la globalizzazione degli anni Duemila, ha cambiato per sempre la storia dell\u2019arte, \u00e8 ancora attualissimo e amato da un pubblico trasversale.&nbsp;&nbsp;<\/p>\n\n\n\n<p>La mostra rappresenta una occasione imperdibile per godere della sua arte unica, coraggiosa, innovativa e traboccante di idee.<\/p>\n\n\n\n<p><strong><em>Andy Warhol La pubblicit\u00e0 della forma<\/em><\/strong><\/p>\n\n\n\n<p><strong>Fabbrica del Vapore | Via Procaccini 4, Milano<\/strong><\/p>\n\n\n\n<p><strong>Fino al 10 aprile 2023<\/strong><\/p>\n\n\n\n<p><strong>Orari di apertura: dal luned\u00ec al venerd\u00ec dalle ore 09.30 alle ore 19.30<\/strong> | <strong>sabato, domenica e festivi dalle ore 09.30 alle ore 20.30<\/strong><\/p>\n\n\n\n<p><strong>Biglietteria mostra: tel. 351 9691 405<\/strong><\/p>\n\n\n\n<p><strong>Prevendita biglietti on line:<\/strong>&nbsp;<a href=\"http:\/\/www.ticketone.it\/search\/?affiliate=ITT&amp;searchterm=MOSTRA+ANDY+WARHOL+MILANO&amp;tab=0\">www.ticketone.it\/search\/?affiliate=ITT&amp;searchterm=MOSTRA+ANDY+WARHOL+MILANO&amp;tab=0<\/a><\/p>\n\n\n\n<p><strong>Sito web mostra:<\/strong>&nbsp;<a href=\"https:\/\/www.navigaresrl.com\/mostra\/andy-warhol\">https:\/\/www.navigaresrl.com\/mostra\/andy-warhol<\/a>\/<\/p>\n\n\n\n<figure class=\"wp-block-gallery has-nested-images columns-default is-cropped wp-block-gallery-1 is-layout-flex wp-block-gallery-is-layout-flex\">\n<figure class=\"wp-block-image size-large\"><img loading=\"lazy\" decoding=\"async\" width=\"1024\" height=\"682\" data-id=\"15553\" src=\"https:\/\/www.biancoscuro.it\/site\/wp-content\/uploads\/2023\/03\/WARHOL-Scarpe-e-Armani-Valentino-1024x682.jpg\" alt=\"\" class=\"wp-image-15553\" srcset=\"https:\/\/www.biancoscuro.it\/site\/wp-content\/uploads\/2023\/03\/WARHOL-Scarpe-e-Armani-Valentino-1024x682.jpg 1024w, https:\/\/www.biancoscuro.it\/site\/wp-content\/uploads\/2023\/03\/WARHOL-Scarpe-e-Armani-Valentino-300x200.jpg 300w, https:\/\/www.biancoscuro.it\/site\/wp-content\/uploads\/2023\/03\/WARHOL-Scarpe-e-Armani-Valentino-768x512.jpg 768w, https:\/\/www.biancoscuro.it\/site\/wp-content\/uploads\/2023\/03\/WARHOL-Scarpe-e-Armani-Valentino-600x400.jpg 600w, https:\/\/www.biancoscuro.it\/site\/wp-content\/uploads\/2023\/03\/WARHOL-Scarpe-e-Armani-Valentino.jpg 1181w\" sizes=\"auto, (max-width: 1024px) 100vw, 1024px\" \/><\/figure>\n\n\n\n<figure class=\"wp-block-image size-large\"><img loading=\"lazy\" decoding=\"async\" width=\"1024\" height=\"768\" data-id=\"15554\" src=\"https:\/\/www.biancoscuro.it\/site\/wp-content\/uploads\/2023\/03\/WARHOL-Sala-divano-1024x768.jpg\" alt=\"\" class=\"wp-image-15554\" srcset=\"https:\/\/www.biancoscuro.it\/site\/wp-content\/uploads\/2023\/03\/WARHOL-Sala-divano-1024x768.jpg 1024w, https:\/\/www.biancoscuro.it\/site\/wp-content\/uploads\/2023\/03\/WARHOL-Sala-divano-300x225.jpg 300w, https:\/\/www.biancoscuro.it\/site\/wp-content\/uploads\/2023\/03\/WARHOL-Sala-divano-768x576.jpg 768w, https:\/\/www.biancoscuro.it\/site\/wp-content\/uploads\/2023\/03\/WARHOL-Sala-divano-600x450.jpg 600w, https:\/\/www.biancoscuro.it\/site\/wp-content\/uploads\/2023\/03\/WARHOL-Sala-divano.jpg 1181w\" sizes=\"auto, (max-width: 1024px) 100vw, 1024px\" \/><\/figure>\n\n\n\n<figure class=\"wp-block-image size-large\"><img loading=\"lazy\" decoding=\"async\" width=\"1024\" height=\"683\" data-id=\"15555\" src=\"https:\/\/www.biancoscuro.it\/site\/wp-content\/uploads\/2023\/03\/WARHOL-Ritratti-Drag-queen-1024x683.jpg\" alt=\"\" class=\"wp-image-15555\" srcset=\"https:\/\/www.biancoscuro.it\/site\/wp-content\/uploads\/2023\/03\/WARHOL-Ritratti-Drag-queen-1024x683.jpg 1024w, https:\/\/www.biancoscuro.it\/site\/wp-content\/uploads\/2023\/03\/WARHOL-Ritratti-Drag-queen-300x200.jpg 300w, https:\/\/www.biancoscuro.it\/site\/wp-content\/uploads\/2023\/03\/WARHOL-Ritratti-Drag-queen-768x512.jpg 768w, https:\/\/www.biancoscuro.it\/site\/wp-content\/uploads\/2023\/03\/WARHOL-Ritratti-Drag-queen-600x400.jpg 600w, https:\/\/www.biancoscuro.it\/site\/wp-content\/uploads\/2023\/03\/WARHOL-Ritratti-Drag-queen.jpg 1200w\" sizes=\"auto, (max-width: 1024px) 100vw, 1024px\" \/><\/figure>\n<\/figure>\n\n\n\n<figure class=\"wp-block-gallery has-nested-images columns-default is-cropped wp-block-gallery-2 is-layout-flex wp-block-gallery-is-layout-flex\">\n<figure class=\"wp-block-image size-large\"><img loading=\"lazy\" decoding=\"async\" width=\"1024\" height=\"682\" data-id=\"15556\" src=\"https:\/\/www.biancoscuro.it\/site\/wp-content\/uploads\/2023\/03\/WARHOL-Cows-1024x682.jpg\" alt=\"\" class=\"wp-image-15556\" srcset=\"https:\/\/www.biancoscuro.it\/site\/wp-content\/uploads\/2023\/03\/WARHOL-Cows-1024x682.jpg 1024w, https:\/\/www.biancoscuro.it\/site\/wp-content\/uploads\/2023\/03\/WARHOL-Cows-300x200.jpg 300w, https:\/\/www.biancoscuro.it\/site\/wp-content\/uploads\/2023\/03\/WARHOL-Cows-768x512.jpg 768w, https:\/\/www.biancoscuro.it\/site\/wp-content\/uploads\/2023\/03\/WARHOL-Cows-600x400.jpg 600w, https:\/\/www.biancoscuro.it\/site\/wp-content\/uploads\/2023\/03\/WARHOL-Cows.jpg 1181w\" sizes=\"auto, (max-width: 1024px) 100vw, 1024px\" \/><\/figure>\n\n\n\n<figure class=\"wp-block-image size-large\"><img loading=\"lazy\" decoding=\"async\" width=\"1024\" height=\"768\" data-id=\"15558\" src=\"https:\/\/www.biancoscuro.it\/site\/wp-content\/uploads\/2023\/03\/WARHOL-Bonito-Oliva-e-Falcioni-con-Marilyn-nera-1024x768.jpg\" alt=\"\" class=\"wp-image-15558\" srcset=\"https:\/\/www.biancoscuro.it\/site\/wp-content\/uploads\/2023\/03\/WARHOL-Bonito-Oliva-e-Falcioni-con-Marilyn-nera-1024x768.jpg 1024w, https:\/\/www.biancoscuro.it\/site\/wp-content\/uploads\/2023\/03\/WARHOL-Bonito-Oliva-e-Falcioni-con-Marilyn-nera-300x225.jpg 300w, https:\/\/www.biancoscuro.it\/site\/wp-content\/uploads\/2023\/03\/WARHOL-Bonito-Oliva-e-Falcioni-con-Marilyn-nera-768x576.jpg 768w, https:\/\/www.biancoscuro.it\/site\/wp-content\/uploads\/2023\/03\/WARHOL-Bonito-Oliva-e-Falcioni-con-Marilyn-nera-600x450.jpg 600w, https:\/\/www.biancoscuro.it\/site\/wp-content\/uploads\/2023\/03\/WARHOL-Bonito-Oliva-e-Falcioni-con-Marilyn-nera.jpg 1181w\" sizes=\"auto, (max-width: 1024px) 100vw, 1024px\" \/><\/figure>\n\n\n\n<figure class=\"wp-block-image size-large\"><img loading=\"lazy\" decoding=\"async\" width=\"1024\" height=\"640\" data-id=\"15557\" src=\"https:\/\/www.biancoscuro.it\/site\/wp-content\/uploads\/2023\/03\/WARHOL-BMW-1024x640.jpg\" alt=\"\" class=\"wp-image-15557\" srcset=\"https:\/\/www.biancoscuro.it\/site\/wp-content\/uploads\/2023\/03\/WARHOL-BMW-1024x640.jpg 1024w, https:\/\/www.biancoscuro.it\/site\/wp-content\/uploads\/2023\/03\/WARHOL-BMW-300x187.jpg 300w, https:\/\/www.biancoscuro.it\/site\/wp-content\/uploads\/2023\/03\/WARHOL-BMW-768x480.jpg 768w, https:\/\/www.biancoscuro.it\/site\/wp-content\/uploads\/2023\/03\/WARHOL-BMW-600x375.jpg 600w, https:\/\/www.biancoscuro.it\/site\/wp-content\/uploads\/2023\/03\/WARHOL-BMW.jpg 1181w\" sizes=\"auto, (max-width: 1024px) 100vw, 1024px\" \/><\/figure>\n<\/figure>\n\n\n\n<figure class=\"wp-block-gallery has-nested-images columns-default is-cropped wp-block-gallery-3 is-layout-flex wp-block-gallery-is-layout-flex\">\n<figure class=\"wp-block-image size-large\"><img loading=\"lazy\" decoding=\"async\" width=\"1024\" height=\"683\" data-id=\"15559\" src=\"https:\/\/www.biancoscuro.it\/site\/wp-content\/uploads\/2023\/03\/WARHOL-Ritratti-sala-argento-1024x683.jpg\" alt=\"\" class=\"wp-image-15559\" srcset=\"https:\/\/www.biancoscuro.it\/site\/wp-content\/uploads\/2023\/03\/WARHOL-Ritratti-sala-argento-1024x683.jpg 1024w, https:\/\/www.biancoscuro.it\/site\/wp-content\/uploads\/2023\/03\/WARHOL-Ritratti-sala-argento-300x200.jpg 300w, https:\/\/www.biancoscuro.it\/site\/wp-content\/uploads\/2023\/03\/WARHOL-Ritratti-sala-argento-768x512.jpg 768w, https:\/\/www.biancoscuro.it\/site\/wp-content\/uploads\/2023\/03\/WARHOL-Ritratti-sala-argento-600x400.jpg 600w, https:\/\/www.biancoscuro.it\/site\/wp-content\/uploads\/2023\/03\/WARHOL-Ritratti-sala-argento.jpg 1200w\" sizes=\"auto, (max-width: 1024px) 100vw, 1024px\" \/><\/figure>\n\n\n\n<figure class=\"wp-block-image size-large\"><img loading=\"lazy\" decoding=\"async\" width=\"1024\" height=\"640\" data-id=\"15560\" src=\"https:\/\/www.biancoscuro.it\/site\/wp-content\/uploads\/2023\/03\/WARHOL-MAO-vari-1024x640.jpg\" alt=\"\" class=\"wp-image-15560\" srcset=\"https:\/\/www.biancoscuro.it\/site\/wp-content\/uploads\/2023\/03\/WARHOL-MAO-vari-1024x640.jpg 1024w, https:\/\/www.biancoscuro.it\/site\/wp-content\/uploads\/2023\/03\/WARHOL-MAO-vari-300x187.jpg 300w, https:\/\/www.biancoscuro.it\/site\/wp-content\/uploads\/2023\/03\/WARHOL-MAO-vari-768x480.jpg 768w, https:\/\/www.biancoscuro.it\/site\/wp-content\/uploads\/2023\/03\/WARHOL-MAO-vari-600x375.jpg 600w, https:\/\/www.biancoscuro.it\/site\/wp-content\/uploads\/2023\/03\/WARHOL-MAO-vari.jpg 1181w\" sizes=\"auto, (max-width: 1024px) 100vw, 1024px\" \/><\/figure>\n\n\n\n<figure class=\"wp-block-image size-large\"><img loading=\"lazy\" decoding=\"async\" width=\"1024\" height=\"640\" data-id=\"15561\" src=\"https:\/\/www.biancoscuro.it\/site\/wp-content\/uploads\/2023\/03\/WARHOL-Marilyn-varie-1024x640.jpg\" alt=\"\" class=\"wp-image-15561\" srcset=\"https:\/\/www.biancoscuro.it\/site\/wp-content\/uploads\/2023\/03\/WARHOL-Marilyn-varie-1024x640.jpg 1024w, https:\/\/www.biancoscuro.it\/site\/wp-content\/uploads\/2023\/03\/WARHOL-Marilyn-varie-300x187.jpg 300w, https:\/\/www.biancoscuro.it\/site\/wp-content\/uploads\/2023\/03\/WARHOL-Marilyn-varie-768x480.jpg 768w, https:\/\/www.biancoscuro.it\/site\/wp-content\/uploads\/2023\/03\/WARHOL-Marilyn-varie-600x375.jpg 600w, https:\/\/www.biancoscuro.it\/site\/wp-content\/uploads\/2023\/03\/WARHOL-Marilyn-varie.jpg 1181w\" sizes=\"auto, (max-width: 1024px) 100vw, 1024px\" \/><\/figure>\n<\/figure>\n","protected":false},"excerpt":{"rendered":"<p><span class=\"span-reading-time rt-reading-time\" style=\"display: block;\"><span class=\"rt-label rt-prefix\">\u23f0 lettura <\/span> <span class=\"rt-time\"> 3<\/span> <span class=\"rt-label rt-postfix\">min. <\/p>\n<p><\/span><\/span>Oltre 60.000 i visitatori Con oltre&nbsp;trecento opere divise in sette aree tematiche e tredici sezioni&nbsp;la spettacolare mostra&nbsp;Andy Warhol. La pubblicit\u00e0 della forma, in corso dal 22 ottobre 2022 a&nbsp;Milano&nbsp;alla&nbsp;Fabbrica del Vapore, promossa e prodotta da&nbsp;Comune&nbsp;di Milano\u2013Cultura&nbsp;e&nbsp;Navigare, curata da&nbsp;Achille Bonito Oliva&nbsp;con&nbsp;Edoardo Falcioni&nbsp;per&nbsp;Art Motors, Partner&nbsp;BMW&nbsp;eHublot, \u00e8 uno straordinario viaggio nell\u2019universo artistico e umano di uno degli artisti&hellip;&nbsp;<a href=\"https:\/\/www.biancoscuro.it\/site\/prorogata-al-10-aprile-la-grande-mostra-su-andy-warhol-a-milano-oltre-60-000-i-visitatori\/\" rel=\"bookmark\">Leggi tutto &raquo;<span class=\"screen-reader-text\">Prorogata al 10 aprile la grande mostra su Andy Warhol a Milano<\/span><\/a><\/p>\n","protected":false},"author":917,"featured_media":15562,"comment_status":"closed","ping_status":"closed","sticky":false,"template":"","format":"standard","meta":{"neve_meta_sidebar":"","neve_meta_container":"","neve_meta_enable_content_width":"","neve_meta_content_width":0,"neve_meta_title_alignment":"","neve_meta_author_avatar":"","neve_post_elements_order":"","neve_meta_disable_header":"","neve_meta_disable_footer":"","neve_meta_disable_title":"","advanced_seo_description":"","jetpack_seo_html_title":"","jetpack_seo_noindex":false,"footnotes":""},"categories":[5],"tags":[],"class_list":["post-15552","post","type-post","status-publish","format-standard","has-post-thumbnail","hentry","category-arte"],"jetpack_featured_media_url":"https:\/\/www.biancoscuro.it\/site\/wp-content\/uploads\/2023\/03\/WARHOL-Bonito-Oliva-e-Marilyn-nera.jpg","jetpack_sharing_enabled":true,"jetpack-related-posts":[{"id":13998,"url":"https:\/\/www.biancoscuro.it\/site\/andy-warhol-torna-a-milano-in-una-grande-mostra-alla-fabbrica-del-vapore\/","url_meta":{"origin":15552,"position":0},"title":"Andy Warhol a Milano","author":"Chiara","date":"2 Settembre 2022","format":false,"excerpt":"Warhol torna a Milano in una grande mostra alla Fabbrica del Vapore Dopo oltre 10 anni Andy Warhol torna in mostra a Milano, dal 22 ottobre al 26 marzo negli spazi della Fabbrica del Vapore. Con oltre\u00a0trecento opere divise in sette aree tematiche e tredici sezioni\u00a0- dagli inizi negli anni\u2026","rel":"","context":"In &quot;arte&quot;","block_context":{"text":"arte","link":"https:\/\/www.biancoscuro.it\/site\/category\/arte\/"},"img":{"alt_text":"","src":"https:\/\/i0.wp.com\/www.biancoscuro.it\/site\/wp-content\/uploads\/2022\/09\/69-Self-Portrait-Fright-Wig-ca.1986.jpg?resize=350%2C200&ssl=1","width":350,"height":200,"srcset":"https:\/\/i0.wp.com\/www.biancoscuro.it\/site\/wp-content\/uploads\/2022\/09\/69-Self-Portrait-Fright-Wig-ca.1986.jpg?resize=350%2C200&ssl=1 1x, https:\/\/i0.wp.com\/www.biancoscuro.it\/site\/wp-content\/uploads\/2022\/09\/69-Self-Portrait-Fright-Wig-ca.1986.jpg?resize=525%2C300&ssl=1 1.5x, https:\/\/i0.wp.com\/www.biancoscuro.it\/site\/wp-content\/uploads\/2022\/09\/69-Self-Portrait-Fright-Wig-ca.1986.jpg?resize=700%2C400&ssl=1 2x"},"classes":[]},{"id":737,"url":"https:\/\/www.biancoscuro.it\/site\/andy-warhol-luomo-che-mori-due-volte-la-collezione-di-peter-brant-a-palazzo-reale\/","url_meta":{"origin":15552,"position":1},"title":"Andy Warhol. L\u2019uomo che mor\u00ec due volte. La collezione di Peter Brant a Palazzo Reale.","author":"Redazione BIANCOSCURO","date":"10 Febbraio 2014","format":false,"excerpt":"Ritornano a Milano le opere del padre della Pop Art americana:\u00a0Andy Warhol.\u00a0Warhol nacque in Pennsylvania il 6 agosto del 1928 da genitori immigrati dalla Slovacchia; da subito dimostr\u00f2 doti artistiche notevoli e studi\u00f2 arte pubblicitaria prima di trasferirsi a New York ed affermarsi come\u00a0grafico pubblicitario.\u00a0Nel 1952 la sua prima personale\u2026","rel":"","context":"In &quot;arte&quot;","block_context":{"text":"arte","link":"https:\/\/www.biancoscuro.it\/site\/category\/arte\/"},"img":{"alt_text":"","src":"https:\/\/i0.wp.com\/www.biancoscuro.it\/site\/wp-content\/uploads\/2014\/02\/Andy-Warhol-Blue-Shot-Marilyn-19641.jpg?resize=350%2C200&ssl=1","width":350,"height":200},"classes":[]},{"id":4421,"url":"https:\/\/www.biancoscuro.it\/site\/andy-warhol-inedito-le-prime-sperimentazioni-digitali-lamiga-1000\/","url_meta":{"origin":15552,"position":2},"title":"Andy Warhol inedito:  le prime sperimentazioni digitali con l&#8217;Amiga 1000","author":"Stefania Itolli","date":"20 Settembre 2016","format":false,"excerpt":"Dopo il successo riscontrato nell'autunno 2015 a Milano, le mostra \u201cAndy Warhol inedito: le prime sperimentazioni digitali con Amiga 1000\u201d, curata della galleria Deodato Arte, \u00e8 allestita dal MUSIL - Museo dell'industria e del lavoro di Rodengo Saiano (BS) fino al 30 ottobre. Dal 1\u00b0 ottobre, per ogni venerd\u00ec, sabato\u2026","rel":"","context":"In &quot;arte&quot;","block_context":{"text":"arte","link":"https:\/\/www.biancoscuro.it\/site\/category\/arte\/"},"img":{"alt_text":"","src":"https:\/\/i0.wp.com\/www.biancoscuro.it\/site\/wp-content\/uploads\/2016\/09\/Andy-Warhol-Autoritratto-1985-digital-art.jpg?resize=350%2C200&ssl=1","width":350,"height":200,"srcset":"https:\/\/i0.wp.com\/www.biancoscuro.it\/site\/wp-content\/uploads\/2016\/09\/Andy-Warhol-Autoritratto-1985-digital-art.jpg?resize=350%2C200&ssl=1 1x, https:\/\/i0.wp.com\/www.biancoscuro.it\/site\/wp-content\/uploads\/2016\/09\/Andy-Warhol-Autoritratto-1985-digital-art.jpg?resize=525%2C300&ssl=1 1.5x, https:\/\/i0.wp.com\/www.biancoscuro.it\/site\/wp-content\/uploads\/2016\/09\/Andy-Warhol-Autoritratto-1985-digital-art.jpg?resize=700%2C400&ssl=1 2x"},"classes":[]},{"id":14926,"url":"https:\/\/www.biancoscuro.it\/site\/andy-warhol-la-pubblicita-della-forma\/","url_meta":{"origin":15552,"position":3},"title":"Andy Warhol. La Pubblicit\u00e0 della forma","author":"Chiara","date":"16 Novembre 2022","format":false,"excerpt":"Una grande monografica alla Fabbrica del Vapore a Milano Con oltre 300 opere, per la maggior parte opere uniche, la grande mostra Andy Warhol La Pubblicit\u00e0 della forma che il 22 ottobre si \u00e8 aperta alla Fabbrica del Vapore a Milano \u00e8 un vero e proprio viaggio nell\u2019universo artistico e\u2026","rel":"","context":"In &quot;arte&quot;","block_context":{"text":"arte","link":"https:\/\/www.biancoscuro.it\/site\/category\/arte\/"},"img":{"alt_text":"","src":"https:\/\/i0.wp.com\/www.biancoscuro.it\/site\/wp-content\/uploads\/2022\/11\/WARHOL-Autoritratto.jpg?resize=350%2C200&ssl=1","width":350,"height":200,"srcset":"https:\/\/i0.wp.com\/www.biancoscuro.it\/site\/wp-content\/uploads\/2022\/11\/WARHOL-Autoritratto.jpg?resize=350%2C200&ssl=1 1x, https:\/\/i0.wp.com\/www.biancoscuro.it\/site\/wp-content\/uploads\/2022\/11\/WARHOL-Autoritratto.jpg?resize=525%2C300&ssl=1 1.5x, https:\/\/i0.wp.com\/www.biancoscuro.it\/site\/wp-content\/uploads\/2022\/11\/WARHOL-Autoritratto.jpg?resize=700%2C400&ssl=1 2x"},"classes":[]},{"id":2361,"url":"https:\/\/www.biancoscuro.it\/site\/andy-warhol-sul-como-opere-della-collezione-rosetta-barabino\/","url_meta":{"origin":15552,"position":4},"title":"Andy Warhol sul com\u00f2. Opere della Collezione Rosetta Barabino","author":"Redazione BIANCOSCURO","date":"13 Marzo 2015","format":false,"excerpt":"ANDY WARHOL SUL COM\u00d2 Opere della Collezione Rosetta Barabino Genova, Museo di arte Contemporanea di Villa Croce 2 aprile 2015 \u2013 5 luglio 2015 Villa Croce ritorna a essere una dimora privata arredata con mobili di design per ospitare quasi cento opere da una straordinaria collezione genovese mai prima presentata\u2026","rel":"","context":"In &quot;arte&quot;","block_context":{"text":"arte","link":"https:\/\/www.biancoscuro.it\/site\/category\/arte\/"},"img":{"alt_text":"","src":"https:\/\/i0.wp.com\/www.biancoscuro.it\/site\/wp-content\/uploads\/2015\/03\/image003.jpg?resize=350%2C200&ssl=1","width":350,"height":200,"srcset":"https:\/\/i0.wp.com\/www.biancoscuro.it\/site\/wp-content\/uploads\/2015\/03\/image003.jpg?resize=350%2C200&ssl=1 1x, https:\/\/i0.wp.com\/www.biancoscuro.it\/site\/wp-content\/uploads\/2015\/03\/image003.jpg?resize=525%2C300&ssl=1 1.5x"},"classes":[]},{"id":4958,"url":"https:\/\/www.biancoscuro.it\/site\/artegenova-2017-ospitera-unesposizione-opere-scelte-andy-warhol\/","url_meta":{"origin":15552,"position":5},"title":"ArteGenova 2017 ospiter\u00e0 un&#8217;esposizione di opere scelte di Andy Warhol","author":"Redazione BIANCOSCURO","date":"15 Febbraio 2017","format":false,"excerpt":"Arte moderna e contemporanea nel padiglione Blu. Presente quest'anno un'esposizione di opere di Andy Warhol dalla collezione Falcioni Dal 17 al 20 febbraio con ArteGenova la citt\u00e0 ospita, per il tredicesimo anno consecutivo, nel padiglione Blu del quartiere fieristico, quattro giorni di mostre, eventi e presentazioni: un\u2019immersione totale nell\u2019arte moderna\u2026","rel":"","context":"In &quot;arte&quot;","block_context":{"text":"arte","link":"https:\/\/www.biancoscuro.it\/site\/category\/arte\/"},"img":{"alt_text":"","src":"https:\/\/i0.wp.com\/www.biancoscuro.it\/site\/wp-content\/uploads\/2017\/02\/KEV_0639.jpg?resize=350%2C200","width":350,"height":200,"srcset":"https:\/\/i0.wp.com\/www.biancoscuro.it\/site\/wp-content\/uploads\/2017\/02\/KEV_0639.jpg?resize=350%2C200 1x, https:\/\/i0.wp.com\/www.biancoscuro.it\/site\/wp-content\/uploads\/2017\/02\/KEV_0639.jpg?resize=525%2C300 1.5x"},"classes":[]}],"_links":{"self":[{"href":"https:\/\/www.biancoscuro.it\/site\/wp-json\/wp\/v2\/posts\/15552","targetHints":{"allow":["GET"]}}],"collection":[{"href":"https:\/\/www.biancoscuro.it\/site\/wp-json\/wp\/v2\/posts"}],"about":[{"href":"https:\/\/www.biancoscuro.it\/site\/wp-json\/wp\/v2\/types\/post"}],"author":[{"embeddable":true,"href":"https:\/\/www.biancoscuro.it\/site\/wp-json\/wp\/v2\/users\/917"}],"replies":[{"embeddable":true,"href":"https:\/\/www.biancoscuro.it\/site\/wp-json\/wp\/v2\/comments?post=15552"}],"version-history":[{"count":0,"href":"https:\/\/www.biancoscuro.it\/site\/wp-json\/wp\/v2\/posts\/15552\/revisions"}],"wp:featuredmedia":[{"embeddable":true,"href":"https:\/\/www.biancoscuro.it\/site\/wp-json\/wp\/v2\/media\/15562"}],"wp:attachment":[{"href":"https:\/\/www.biancoscuro.it\/site\/wp-json\/wp\/v2\/media?parent=15552"}],"wp:term":[{"taxonomy":"category","embeddable":true,"href":"https:\/\/www.biancoscuro.it\/site\/wp-json\/wp\/v2\/categories?post=15552"},{"taxonomy":"post_tag","embeddable":true,"href":"https:\/\/www.biancoscuro.it\/site\/wp-json\/wp\/v2\/tags?post=15552"}],"curies":[{"name":"wp","href":"https:\/\/api.w.org\/{rel}","templated":true}]}}