{"id":15577,"date":"2023-03-05T13:40:09","date_gmt":"2023-03-05T12:40:09","guid":{"rendered":"https:\/\/www.biancoscuro.it\/site\/?p=15577"},"modified":"2023-03-07T11:40:45","modified_gmt":"2023-03-07T10:40:45","slug":"colors-in-venice-andrea-benetti","status":"publish","type":"post","link":"https:\/\/www.biancoscuro.it\/site\/colors-in-venice-andrea-benetti\/","title":{"rendered":"COLORS in Venice | Andrea Benetti"},"content":{"rendered":"<span class=\"span-reading-time rt-reading-time\" style=\"display: block;\"><span class=\"rt-label rt-prefix\">\u23f0 lettura <\/span> <span class=\"rt-time\"> 3<\/span> <span class=\"rt-label rt-postfix\">min. <br><br><\/span><\/span>\n<figure class=\"wp-block-image size-full\"><img loading=\"lazy\" decoding=\"async\" width=\"999\" height=\"598\" src=\"https:\/\/www.biancoscuro.it\/site\/wp-content\/uploads\/2023\/03\/Laguna_di_Venezia999.jpg\" alt=\"\" class=\"wp-image-15629\" srcset=\"https:\/\/www.biancoscuro.it\/site\/wp-content\/uploads\/2023\/03\/Laguna_di_Venezia999.jpg 999w, https:\/\/www.biancoscuro.it\/site\/wp-content\/uploads\/2023\/03\/Laguna_di_Venezia999-300x180.jpg 300w, https:\/\/www.biancoscuro.it\/site\/wp-content\/uploads\/2023\/03\/Laguna_di_Venezia999-768x460.jpg 768w, https:\/\/www.biancoscuro.it\/site\/wp-content\/uploads\/2023\/03\/Laguna_di_Venezia999-600x359.jpg 600w\" sizes=\"auto, (max-width: 999px) 100vw, 999px\" \/><\/figure>\n\n\n\n<p>La mostra di Andrea Benetti, intitolata Colors in Venice, curata dal professor Francesco Paolo Campione, nasce dall&#8217;invito della Fondazione Giacomo Casanova ad Andrea Benetti, ad essere il primo artista ad esporre nella nuova sede veneziana della Fondazione, situata nel centralissimo sestiere di San Marco, nello storico Palazzo Zag\u00f9ri. Oltre ad essere onorato dal prestigioso invito, \u00e8 subentrato per Andrea Benetti il legame affettivo e professionale, che lo lega alla citt\u00e0 lagunare fin dal 2009, quando ha presentato alla 53. Biennale di Venezia, all&#8217;Universit\u00e0 Ca&#8217; Foscari, il Manifesto dell&#8217;Arte Neorupestre. Nel Manifesto, Benetti ipotizza un ponte immaginario tra l&#8217;origine preistorica dell&#8217;arte e la sua contemporaneit\u00e0. Negli anni successivi, in collaborazione con il D.A.R. Dipartimento delle Arti dell&#8217;Universit\u00e0 di Bologna, ha ideato il progetto intitolato Colori e suoni delle origini, che \u00e8 stato presentato nel 2013, a Bologna, a Palazzo D&#8217;Accursio, nel 2014 all&#8217;Universit\u00e0 di Bari e nel 2015 a Lecce, nel Castello Carlo V. Con le opere ispirate all&#8217;astrattismo e realizzate in bassorilievo su tela, per simboleggiare idealmente l&#8217;irregolarit\u00e0 della parete rocciosa, Benetti sottolinea come simboli ricorrenti e forme embrionali della pittura astratta fossero gi\u00e0 presenti nell&#8217;arte preistorica. Egli focalizza l&#8217;attenzione del pubblico sull&#8217;odierno modo di comunicare, basato anch&#8217;esso su icone e simboli ed orientato verso un&#8217;estrema semplificazione visiva, come se si trattasse di un ritorno alle origini. L&#8217;analogia alla base del progetto evidenzia come i pi\u00f9 diffusi mezzi di comunicazione, di lavoro e di intrattenimento, in uso su larga scala nella societ\u00e0 contemporanea, interagiscano con l&#8217;uomo attraverso l&#8217;uso della vista, che funge da percettore di immagini e simboli; immagini che possono trasmettere messaggi, curiosit\u00e0 e conoscenza. Computer, smartphone, tablet sono ormai mezzi di fruizione di massa, con cui quotidianamente percepiamo e trasmettiamo la realt\u00e0, o l&#8217;illusione di essa. Mediante una trasfigurazione ed una rivisitazione ideale dei simboli, realizzata da Andrea Benetti, tra l&#8217;onirico ed il reale, rivivono le forme ed i colori delle origini. Forme e colori che i nostri antenati, agli albori dell&#8217;umanit\u00e0, scoprivano per la prima volta ed utilizzavano nelle pitture Rupestri, per \u201ccomunicare\u201d con entit\u00e0 superiori, donando alla genesi dell&#8217;arte una sacralit\u00e0 eterna. Benetti svolge, da parecchi anni, la propria ricerca sulla pittura Rupestre, rendendole omaggio con opere che la citano, la trasfigurano e la reinventano. Egli parte dal concetto che nella pittura Rupestre erano gi\u00e0 contenute tutte le future vie della pittura moderna, tra cui il figurativo, l&#8217;astrattismo (oggetto di questa mostra), il simbolismo ed il concettuale. La biografia e l&#8217;amore, che legano Andrea Benetti a Venezia, l&#8217;hanno spinto a trasformare la mostra in un omaggio alla citt\u00e0 lagunare, intitolandola Colors in Venice. I lavori in mostra appartengono al classico stilema pittorico dell&#8217;artista bolognese, ispirato all&#8217;Astrattismo delle Origini. Opere che nascono da un bassorilievo, realizzato in fondo gesso su tela, che successivamente \u00e8 pigmentato con sostanze naturali, quali caff\u00e8, henn\u00e8, cacao, curcuma, ossidi, ecc. e reso simile cromaticamente a vari tipi di roccia presenti in natura. Nella fase finale sono utilizzati i colori ad olio, con i quali sono dipinte alcune parti dell&#8217;opera.<\/p>\n\n\n\n<p><strong>Andrea Benetti<\/strong> (1964) pittore, disegnatore e fotografo, \u00e8 l&#8217;ideatore del Manifesto dell&#8217;Arte Neorupestre, presentato alla 53\u00aa Biennale di Venezia, all&#8217;Universit\u00e0 Ca&#8217; Foscari. Le sue opere sono presenti in prestigiose collezioni d&#8217;arte di musei e istituzioni di tutto il mondo, tra cui le Nazioni Unite, il Vaticano, il Quirinale (Presidenza della Repubblica Italiana) e la Camera dei Deputati (Parlamento Italiano). La sua pittura \u00e8 stata pi\u00f9 volte oggetto di ricerche universitarie. Benetti ha collaborato con diverse universit\u00e0, organizzando mostre e seminari sulla sua arte presso le Universit\u00e0 di Bologna, Roma Tre, Ferrara, Bari, Lecce e Bergamo e la Johns Hopkins University. Nel 2020 gli \u00e8 stato conferito il Premio Nettuno d&#8217;Oro della citt\u00e0 di Bologna. La voce Andrea Benetti \u00e8 presente in varie enciclopedie, tra cui la Treccani, la De Agostini (le pi\u00f9 prestigiose enciclopedie italiane), WikiArt (la pi\u00f9 importante enciclopedia d&#8217;arte online) ed \u00e8 presente su Wikipedia, tradotta in trenta lingue.<\/p>\n\n\n\n<figure class=\"wp-block-image size-large\"><img loading=\"lazy\" decoding=\"async\" width=\"799\" height=\"1024\" src=\"https:\/\/www.biancoscuro.it\/site\/wp-content\/uploads\/2023\/03\/Locandina-Colors-in-Venice999-799x1024.jpg\" alt=\"\" class=\"wp-image-15630\" srcset=\"https:\/\/www.biancoscuro.it\/site\/wp-content\/uploads\/2023\/03\/Locandina-Colors-in-Venice999-799x1024.jpg 799w, https:\/\/www.biancoscuro.it\/site\/wp-content\/uploads\/2023\/03\/Locandina-Colors-in-Venice999-234x300.jpg 234w, https:\/\/www.biancoscuro.it\/site\/wp-content\/uploads\/2023\/03\/Locandina-Colors-in-Venice999-768x984.jpg 768w, https:\/\/www.biancoscuro.it\/site\/wp-content\/uploads\/2023\/03\/Locandina-Colors-in-Venice999-600x769.jpg 600w, https:\/\/www.biancoscuro.it\/site\/wp-content\/uploads\/2023\/03\/Locandina-Colors-in-Venice999.jpg 999w\" sizes=\"auto, (max-width: 799px) 100vw, 799px\" \/><\/figure>\n\n\n\n<pre class=\"wp-block-preformatted\"><strong>COLORS IN VENICE di ANDREA BENETTI\n<\/strong>a cura di Francesco Paolo Campione\ndal 15 aprile al 19 maggio 2023\nVenezia \u00b7 Palazzo Zaguri \u00b7 Fondazione Giacomo Casanova\n\nVideo: https:\/\/www.youtube.com\/watch?v=4QMd7rsD9ao\n\nPatrocinata da: Universit\u00e0 degli Studi di Messina\n\nwww.andreabenetti.com\nwww.casanovafoundation.org<\/pre>\n","protected":false},"excerpt":{"rendered":"<p><span class=\"span-reading-time rt-reading-time\" style=\"display: block;\"><span class=\"rt-label rt-prefix\">\u23f0 lettura <\/span> <span class=\"rt-time\"> 3<\/span> <span class=\"rt-label rt-postfix\">min. <\/p>\n<p><\/span><\/span>La mostra di Andrea Benetti, intitolata Colors in Venice, curata dal professor Francesco Paolo Campione, nasce dall&#8217;invito della Fondazione Giacomo Casanova ad Andrea Benetti, ad essere il primo artista ad esporre nella nuova sede veneziana della Fondazione, situata nel centralissimo sestiere di San Marco, nello storico Palazzo Zag\u00f9ri. Oltre ad essere onorato dal prestigioso invito,&hellip;&nbsp;<a href=\"https:\/\/www.biancoscuro.it\/site\/colors-in-venice-andrea-benetti\/\" rel=\"bookmark\">Leggi tutto &raquo;<span class=\"screen-reader-text\">COLORS in Venice | Andrea Benetti<\/span><\/a><\/p>\n","protected":false},"author":1125,"featured_media":15628,"comment_status":"closed","ping_status":"closed","sticky":false,"template":"","format":"standard","meta":{"neve_meta_sidebar":"","neve_meta_container":"","neve_meta_enable_content_width":"","neve_meta_content_width":0,"neve_meta_title_alignment":"","neve_meta_author_avatar":"","neve_post_elements_order":"","neve_meta_disable_header":"","neve_meta_disable_footer":"","neve_meta_disable_title":"","advanced_seo_description":"","jetpack_seo_html_title":"","jetpack_seo_noindex":false,"footnotes":""},"categories":[5],"tags":[],"class_list":["post-15577","post","type-post","status-publish","format-standard","has-post-thumbnail","hentry","category-arte"],"jetpack_featured_media_url":"https:\/\/www.biancoscuro.it\/site\/wp-content\/uploads\/2023\/03\/Laguna_di_Venezia333.jpg","jetpack_sharing_enabled":true,"jetpack-related-posts":[{"id":1783,"url":"https:\/\/www.biancoscuro.it\/site\/spazio-atene-in-mostra-andrea-di-carpegna-varini\/","url_meta":{"origin":15577,"position":0},"title":"Mostra Personale di Andrea di Carpegna Varini allo Spazio Atene","author":"Redazione BIANCOSCURO","date":"12 Settembre 2014","format":false,"excerpt":"Spazio\u00a0Atene in Mostra - Andrea di Carpegna Varini 18 settembre inaugurazione stagione 2014\/2015 dello Spazio Atene con Mostra Personale di Andrea di Carpegna Varini Pur essendo nato da poco, Spazio Atene si sta affermando rapidamente. Molto produttivo in vari campi artistici, con la collaborazione di altre menti sta ideando progetti\u2026","rel":"","context":"In &quot;arte&quot;","block_context":{"text":"arte","link":"https:\/\/www.biancoscuro.it\/site\/category\/arte\/"},"img":{"alt_text":"Andrea di Carpegna Varini - biancoscuro rivista d'arte","src":"https:\/\/i0.wp.com\/www.artecollezionismo.com\/site\/wp-content\/uploads\/2014\/09\/Schermata-2014-09-12-alle-16.38.58.png?resize=350%2C200","width":350,"height":200,"srcset":"https:\/\/i0.wp.com\/www.artecollezionismo.com\/site\/wp-content\/uploads\/2014\/09\/Schermata-2014-09-12-alle-16.38.58.png?resize=350%2C200 1x, https:\/\/i0.wp.com\/www.artecollezionismo.com\/site\/wp-content\/uploads\/2014\/09\/Schermata-2014-09-12-alle-16.38.58.png?resize=525%2C300 1.5x"},"classes":[]},{"id":3413,"url":"https:\/\/www.biancoscuro.it\/site\/venice-international-art-exhibition\/","url_meta":{"origin":15577,"position":1},"title":"Venice International Art Exhibition","author":"Redazione BIANCOSCURO","date":"27 Novembre 2015","format":false,"excerpt":"Official opening december 4 Free entry Curated by Giuseppe Carnevale \"Arte & Evento\" in collaboration with BIANCOSCURO, liberementi & Maxtin. Anita Peghini-R\u00e4ber Alejandro Hermann Carmela Iacovelli Claudia Cor\u00f2 Cheng yu Hsun Ilya Ibryaev Melinda Barwanietz Bezeredy Osvaldo Mariscotti Olga Shakleina Renzo Sbolci Robert Mart\u00ed Sandrine Maia Joan Ma\u00f1e Fort Jose\u2026","rel":"","context":"In &quot;arte&quot;","block_context":{"text":"arte","link":"https:\/\/www.biancoscuro.it\/site\/category\/arte\/"},"img":{"alt_text":"","src":"https:\/\/i0.wp.com\/www.biancoscuro.it\/site\/wp-content\/uploads\/2014\/02\/locandina.jpg?resize=350%2C200&ssl=1","width":350,"height":200,"srcset":"https:\/\/i0.wp.com\/www.biancoscuro.it\/site\/wp-content\/uploads\/2014\/02\/locandina.jpg?resize=350%2C200&ssl=1 1x, https:\/\/i0.wp.com\/www.biancoscuro.it\/site\/wp-content\/uploads\/2014\/02\/locandina.jpg?resize=525%2C300&ssl=1 1.5x"},"classes":[]},{"id":13177,"url":"https:\/\/www.biancoscuro.it\/site\/andrea-starinieri-ultra\/","url_meta":{"origin":15577,"position":2},"title":"Andrea Starinieri &#8211; ULTRA","author":"Roberta Melasecca","date":"11 Aprile 2022","format":false,"excerpt":"La parola latina del titolo, ultra (oltre) allude al confine che l\u2019atleta \u00e8 spinto costantemente a superare ed \u00e8 questo il filo conduttore delle opere in mostra, dedicate ad alcune tra le pi\u00f9 celebri leggende sportive del Novecento. Ai ritratti di Muhammad Ali, Simone Biles, Sergej Bubka, Primo Carnera, Nadia\u2026","rel":"","context":"In &quot;arte&quot;","block_context":{"text":"arte","link":"https:\/\/www.biancoscuro.it\/site\/category\/arte\/"},"img":{"alt_text":"","src":"https:\/\/i0.wp.com\/www.biancoscuro.it\/site\/wp-content\/uploads\/2022\/04\/165x115_cartoline_Ultra5.jpg?resize=350%2C200&ssl=1","width":350,"height":200,"srcset":"https:\/\/i0.wp.com\/www.biancoscuro.it\/site\/wp-content\/uploads\/2022\/04\/165x115_cartoline_Ultra5.jpg?resize=350%2C200&ssl=1 1x, https:\/\/i0.wp.com\/www.biancoscuro.it\/site\/wp-content\/uploads\/2022\/04\/165x115_cartoline_Ultra5.jpg?resize=525%2C300&ssl=1 1.5x, https:\/\/i0.wp.com\/www.biancoscuro.it\/site\/wp-content\/uploads\/2022\/04\/165x115_cartoline_Ultra5.jpg?resize=700%2C400&ssl=1 2x"},"classes":[]},{"id":13457,"url":"https:\/\/www.biancoscuro.it\/site\/tavola-rotonda-carlo-levi-e-pasolini-una-idea-di-realta\/","url_meta":{"origin":15577,"position":3},"title":"Tavola rotonda &#8211; Carlo Levi e Pasolini: una idea di realt\u00e0","author":"Roberta Melasecca","date":"12 Maggio 2022","format":false,"excerpt":"Il giorno 25 maggio 2022 alle ore 18.00, la Fondazione Carlo Levi presenta, negli spazi della Casa delle Letterature, la Tavola rotonda \u201cCarlo Levi e Pasolini: una idea di realt\u00e0. Il magistero perlopi\u00f9 inesplorato di Carlo Levi nella nostra narrativa\u201d, a cura della Fondazione Carlo Levi, con il patrocinio del\u2026","rel":"","context":"In &quot;arte&quot;","block_context":{"text":"arte","link":"https:\/\/www.biancoscuro.it\/site\/category\/arte\/"},"img":{"alt_text":"","src":"https:\/\/i0.wp.com\/www.biancoscuro.it\/site\/wp-content\/uploads\/2022\/05\/INVITO-copia-e1652538889130.jpg?resize=350%2C200&ssl=1","width":350,"height":200},"classes":[]},{"id":14683,"url":"https:\/\/www.biancoscuro.it\/site\/andrea-festa-fine-art-presenta-ababab\/","url_meta":{"origin":15577,"position":4},"title":"Andrea Festa Fine Art presenta &#8220;ABABAB&#8221;","author":"Elena Seno","date":"3 Novembre 2022","format":false,"excerpt":"La rima alternata \u00e8 una tipologia di schema compositivo utilizzata per lo pi\u00f9 nelle canzoni e nelle poesie, scritta generalmente in versi formali e che possiede un metro rigoroso: un modello ripetitivo di sillabe che si alternano formando una composizione di motivi codificati da lettere dell\u2019alfabeto.Al posto di queste ultime,\u2026","rel":"","context":"In &quot;arte&quot;","block_context":{"text":"arte","link":"https:\/\/www.biancoscuro.it\/site\/category\/arte\/"},"img":{"alt_text":"","src":"https:\/\/i0.wp.com\/www.biancoscuro.it\/site\/wp-content\/uploads\/2022\/11\/WEB_AndreaFestaGallery_221028_fotoEleonoraCerriPecorella5202.jpg?resize=350%2C200&ssl=1","width":350,"height":200,"srcset":"https:\/\/i0.wp.com\/www.biancoscuro.it\/site\/wp-content\/uploads\/2022\/11\/WEB_AndreaFestaGallery_221028_fotoEleonoraCerriPecorella5202.jpg?resize=350%2C200&ssl=1 1x, https:\/\/i0.wp.com\/www.biancoscuro.it\/site\/wp-content\/uploads\/2022\/11\/WEB_AndreaFestaGallery_221028_fotoEleonoraCerriPecorella5202.jpg?resize=525%2C300&ssl=1 1.5x, https:\/\/i0.wp.com\/www.biancoscuro.it\/site\/wp-content\/uploads\/2022\/11\/WEB_AndreaFestaGallery_221028_fotoEleonoraCerriPecorella5202.jpg?resize=700%2C400&ssl=1 2x, https:\/\/i0.wp.com\/www.biancoscuro.it\/site\/wp-content\/uploads\/2022\/11\/WEB_AndreaFestaGallery_221028_fotoEleonoraCerriPecorella5202.jpg?resize=1050%2C600&ssl=1 3x"},"classes":[]},{"id":18379,"url":"https:\/\/www.biancoscuro.it\/site\/18379-2\/","url_meta":{"origin":15577,"position":5},"title":"Urban Views: Frisco e\u2028Andrea Starinieri","author":"Roberta Melasecca","date":"17 Aprile 2025","format":false,"excerpt":"Sabato 26 aprile 2025 alle ore 18.00 inaugura la mostra Urban Views con le opere di Frisco e Andrea Starinieri, a cura di GArt Gallery e con un testo di Nello Catinello. In esposizione una serie di opere dei due artisti che affrontano il tema della citt\u00e0 e delle vedute\u2026","rel":"","context":"In &quot;arte&quot;","block_context":{"text":"arte","link":"https:\/\/www.biancoscuro.it\/site\/category\/arte\/"},"img":{"alt_text":"","src":"https:\/\/i0.wp.com\/www.biancoscuro.it\/site\/wp-content\/uploads\/2025\/04\/Urban-Views-Frisco-e%E2%80%A8Andrea-Starinieri.jpg?resize=350%2C200&ssl=1","width":350,"height":200,"srcset":"https:\/\/i0.wp.com\/www.biancoscuro.it\/site\/wp-content\/uploads\/2025\/04\/Urban-Views-Frisco-e%E2%80%A8Andrea-Starinieri.jpg?resize=350%2C200&ssl=1 1x, https:\/\/i0.wp.com\/www.biancoscuro.it\/site\/wp-content\/uploads\/2025\/04\/Urban-Views-Frisco-e%E2%80%A8Andrea-Starinieri.jpg?resize=525%2C300&ssl=1 1.5x, https:\/\/i0.wp.com\/www.biancoscuro.it\/site\/wp-content\/uploads\/2025\/04\/Urban-Views-Frisco-e%E2%80%A8Andrea-Starinieri.jpg?resize=700%2C400&ssl=1 2x"},"classes":[]}],"_links":{"self":[{"href":"https:\/\/www.biancoscuro.it\/site\/wp-json\/wp\/v2\/posts\/15577","targetHints":{"allow":["GET"]}}],"collection":[{"href":"https:\/\/www.biancoscuro.it\/site\/wp-json\/wp\/v2\/posts"}],"about":[{"href":"https:\/\/www.biancoscuro.it\/site\/wp-json\/wp\/v2\/types\/post"}],"author":[{"embeddable":true,"href":"https:\/\/www.biancoscuro.it\/site\/wp-json\/wp\/v2\/users\/1125"}],"replies":[{"embeddable":true,"href":"https:\/\/www.biancoscuro.it\/site\/wp-json\/wp\/v2\/comments?post=15577"}],"version-history":[{"count":0,"href":"https:\/\/www.biancoscuro.it\/site\/wp-json\/wp\/v2\/posts\/15577\/revisions"}],"wp:featuredmedia":[{"embeddable":true,"href":"https:\/\/www.biancoscuro.it\/site\/wp-json\/wp\/v2\/media\/15628"}],"wp:attachment":[{"href":"https:\/\/www.biancoscuro.it\/site\/wp-json\/wp\/v2\/media?parent=15577"}],"wp:term":[{"taxonomy":"category","embeddable":true,"href":"https:\/\/www.biancoscuro.it\/site\/wp-json\/wp\/v2\/categories?post=15577"},{"taxonomy":"post_tag","embeddable":true,"href":"https:\/\/www.biancoscuro.it\/site\/wp-json\/wp\/v2\/tags?post=15577"}],"curies":[{"name":"wp","href":"https:\/\/api.w.org\/{rel}","templated":true}]}}