{"id":15686,"date":"2023-03-20T15:01:15","date_gmt":"2023-03-20T14:01:15","guid":{"rendered":"https:\/\/www.biancoscuro.it\/site\/?p=15686"},"modified":"2023-03-21T15:52:06","modified_gmt":"2023-03-21T14:52:06","slug":"al-piccolo-teatro-di-milano-strehler-interpreta-le-donne-presentazione-del-libro-di-stella-casiraghi","status":"publish","type":"post","link":"https:\/\/www.biancoscuro.it\/site\/al-piccolo-teatro-di-milano-strehler-interpreta-le-donne-presentazione-del-libro-di-stella-casiraghi\/","title":{"rendered":"STREHLER interpreta le DONNE"},"content":{"rendered":"<span class=\"span-reading-time rt-reading-time\" style=\"display: block;\"><span class=\"rt-label rt-prefix\">\u23f0 lettura <\/span> <span class=\"rt-time\"> 2<\/span> <span class=\"rt-label rt-postfix\">min. <br><br><\/span><\/span>\n<figure class=\"wp-block-image size-large\"><img loading=\"lazy\" decoding=\"async\" width=\"775\" height=\"1024\" src=\"https:\/\/www.biancoscuro.it\/site\/wp-content\/uploads\/2023\/03\/Strehler-Donne-775x1024.jpg\" alt=\"\" class=\"wp-image-15690\" srcset=\"https:\/\/www.biancoscuro.it\/site\/wp-content\/uploads\/2023\/03\/Strehler-Donne-775x1024.jpg 775w, https:\/\/www.biancoscuro.it\/site\/wp-content\/uploads\/2023\/03\/Strehler-Donne-227x300.jpg 227w, https:\/\/www.biancoscuro.it\/site\/wp-content\/uploads\/2023\/03\/Strehler-Donne-768x1015.jpg 768w, https:\/\/www.biancoscuro.it\/site\/wp-content\/uploads\/2023\/03\/Strehler-Donne-600x793.jpg 600w, https:\/\/www.biancoscuro.it\/site\/wp-content\/uploads\/2023\/03\/Strehler-Donne-1162x1536.jpg 1162w, https:\/\/www.biancoscuro.it\/site\/wp-content\/uploads\/2023\/03\/Strehler-Donne.jpg 1251w\" sizes=\"auto, (max-width: 775px) 100vw, 775px\" \/><\/figure>\n\n\n\n<h2 class=\"wp-block-heading\">Al Piccolo Teatro di Milano STREHLER interpreta le DONNE. Presentazione del libro di Stella Casiraghi<\/h2>\n\n\n\n<p><strong>Venerd\u00ec 24 marzo alle 17.30 presso il Chiostro &#8216;Nina Vinchi&#8217; del Piccolo Teatro Grassi di Milano (Via Rovello 2) si terr\u00e0 un incontro speciale per la presentazione del volume di Stella Casiraghi <em>STREHLER interpreta le DONNE. Volti e voci femminili del teatro di Giorgio Strehler<\/em>, pubblicato da Skira editore.<\/strong><\/p>\n\n\n\n<p><strong>Dopo i saluti di Claudio Longhi, <em>Direttore del Piccolo Teatro<\/em>, interverranno con l&#8217;autrice Martina Corgnati e Ottavia Piccolo, con la partecipazione di Giulia Lazzarini. Moderer\u00e0 l&#8217;incontro Giuseppina Manin.<\/strong><\/p>\n\n\n\n<p>Esistono molti modi per raccontare la vita di un grande del teatro come Giorgio Strehler. Stella Casiraghi ne sceglie uno molto particolare: la forza delle donne che hanno lavorato e condiviso il palcoscenico con lui.<br \/>Il volume \u00e8 una dedica speciale alla generosit\u00e0 di Strehler testimoniata dalle sue interpreti, amate e rispettate per i propri talenti. Evidente \u00e8 la peculiarit\u00e0 della figura femminile nel suo teatro trasmessa storicamente e artisticamente. Un numero considerevole di attrici segna il carattere segreto del regista legando generazioni diverse, donne del proprio tempo ancorch\u00e9 spettatrici multipolari del teatro del secondo Novecento.<br \/>Ogni interprete, con moduli espressivi diversi, fissa visivamente l\u2019avventura umana di Strehler e cattura attimi di bellezza e consapevolezza da condividere con la platea.<br \/>Foto di scena e di prova scoprono pagine importanti di storia civile e teatrale italiana al femminile, accompagnate da aneddoti curiosi, memorabili ricordi, appunti di regia e cronache bizzarre delle prime teatrali del dopoguerra.<\/p>\n\n\n\n<p><strong>Ingresso gratuito con prenotazione obbligatoria su Piccoloteatro.org<\/strong><\/p>\n\n\n\n<figure class=\"wp-block-gallery has-nested-images columns-default is-cropped wp-block-gallery-1 is-layout-flex wp-block-gallery-is-layout-flex\">\n<figure class=\"wp-block-image size-large\"><img loading=\"lazy\" decoding=\"async\" width=\"1024\" height=\"847\" data-id=\"15688\" src=\"https:\/\/www.biancoscuro.it\/site\/wp-content\/uploads\/2023\/03\/Strehler-e-Ottavia-Piccolo-Prove-Re-Lear-di-Shakespeare-1972-\u00a9-Luigi-Ciminaghi-1024x847.jpg\" alt=\"\" class=\"wp-image-15688\" srcset=\"https:\/\/www.biancoscuro.it\/site\/wp-content\/uploads\/2023\/03\/Strehler-e-Ottavia-Piccolo-Prove-Re-Lear-di-Shakespeare-1972-\u00a9-Luigi-Ciminaghi-1024x847.jpg 1024w, https:\/\/www.biancoscuro.it\/site\/wp-content\/uploads\/2023\/03\/Strehler-e-Ottavia-Piccolo-Prove-Re-Lear-di-Shakespeare-1972-\u00a9-Luigi-Ciminaghi-300x248.jpg 300w, https:\/\/www.biancoscuro.it\/site\/wp-content\/uploads\/2023\/03\/Strehler-e-Ottavia-Piccolo-Prove-Re-Lear-di-Shakespeare-1972-\u00a9-Luigi-Ciminaghi-768x635.jpg 768w, https:\/\/www.biancoscuro.it\/site\/wp-content\/uploads\/2023\/03\/Strehler-e-Ottavia-Piccolo-Prove-Re-Lear-di-Shakespeare-1972-\u00a9-Luigi-Ciminaghi-600x496.jpg 600w, https:\/\/www.biancoscuro.it\/site\/wp-content\/uploads\/2023\/03\/Strehler-e-Ottavia-Piccolo-Prove-Re-Lear-di-Shakespeare-1972-\u00a9-Luigi-Ciminaghi-1320x1092.jpg 1320w, https:\/\/www.biancoscuro.it\/site\/wp-content\/uploads\/2023\/03\/Strehler-e-Ottavia-Piccolo-Prove-Re-Lear-di-Shakespeare-1972-\u00a9-Luigi-Ciminaghi.jpg 1342w\" sizes=\"auto, (max-width: 1024px) 100vw, 1024px\" \/><\/figure>\n\n\n\n<figure class=\"wp-block-image size-large\"><img loading=\"lazy\" decoding=\"async\" width=\"1024\" height=\"767\" data-id=\"15689\" src=\"https:\/\/www.biancoscuro.it\/site\/wp-content\/uploads\/2023\/03\/Strehler-e-Valentina-Cortese-Prove-Il-Giardino-dei-ciliegi-1974-\u00a9-Luigi-Ciminaghi-1024x767.jpg\" alt=\"\" class=\"wp-image-15689\" srcset=\"https:\/\/www.biancoscuro.it\/site\/wp-content\/uploads\/2023\/03\/Strehler-e-Valentina-Cortese-Prove-Il-Giardino-dei-ciliegi-1974-\u00a9-Luigi-Ciminaghi-1024x767.jpg 1024w, https:\/\/www.biancoscuro.it\/site\/wp-content\/uploads\/2023\/03\/Strehler-e-Valentina-Cortese-Prove-Il-Giardino-dei-ciliegi-1974-\u00a9-Luigi-Ciminaghi-300x225.jpg 300w, https:\/\/www.biancoscuro.it\/site\/wp-content\/uploads\/2023\/03\/Strehler-e-Valentina-Cortese-Prove-Il-Giardino-dei-ciliegi-1974-\u00a9-Luigi-Ciminaghi-768x575.jpg 768w, https:\/\/www.biancoscuro.it\/site\/wp-content\/uploads\/2023\/03\/Strehler-e-Valentina-Cortese-Prove-Il-Giardino-dei-ciliegi-1974-\u00a9-Luigi-Ciminaghi-600x449.jpg 600w, https:\/\/www.biancoscuro.it\/site\/wp-content\/uploads\/2023\/03\/Strehler-e-Valentina-Cortese-Prove-Il-Giardino-dei-ciliegi-1974-\u00a9-Luigi-Ciminaghi-1536x1150.jpg 1536w, https:\/\/www.biancoscuro.it\/site\/wp-content\/uploads\/2023\/03\/Strehler-e-Valentina-Cortese-Prove-Il-Giardino-dei-ciliegi-1974-\u00a9-Luigi-Ciminaghi-2048x1533.jpg 2048w, https:\/\/www.biancoscuro.it\/site\/wp-content\/uploads\/2023\/03\/Strehler-e-Valentina-Cortese-Prove-Il-Giardino-dei-ciliegi-1974-\u00a9-Luigi-Ciminaghi-1320x988.jpg 1320w\" sizes=\"auto, (max-width: 1024px) 100vw, 1024px\" \/><\/figure>\n\n\n\n<figure class=\"wp-block-image size-large\"><img loading=\"lazy\" decoding=\"async\" width=\"749\" height=\"1024\" data-id=\"15687\" src=\"https:\/\/www.biancoscuro.it\/site\/wp-content\/uploads\/2023\/03\/Strehler-e-Giulia-Lazzarini-Prove-di-Elvira-di-Jouvet-1986-\u00a9-Luigi-Ciminaghi-749x1024.jpg\" alt=\"\" class=\"wp-image-15687\" srcset=\"https:\/\/www.biancoscuro.it\/site\/wp-content\/uploads\/2023\/03\/Strehler-e-Giulia-Lazzarini-Prove-di-Elvira-di-Jouvet-1986-\u00a9-Luigi-Ciminaghi-749x1024.jpg 749w, https:\/\/www.biancoscuro.it\/site\/wp-content\/uploads\/2023\/03\/Strehler-e-Giulia-Lazzarini-Prove-di-Elvira-di-Jouvet-1986-\u00a9-Luigi-Ciminaghi-219x300.jpg 219w, https:\/\/www.biancoscuro.it\/site\/wp-content\/uploads\/2023\/03\/Strehler-e-Giulia-Lazzarini-Prove-di-Elvira-di-Jouvet-1986-\u00a9-Luigi-Ciminaghi-768x1050.jpg 768w, https:\/\/www.biancoscuro.it\/site\/wp-content\/uploads\/2023\/03\/Strehler-e-Giulia-Lazzarini-Prove-di-Elvira-di-Jouvet-1986-\u00a9-Luigi-Ciminaghi-600x820.jpg 600w, https:\/\/www.biancoscuro.it\/site\/wp-content\/uploads\/2023\/03\/Strehler-e-Giulia-Lazzarini-Prove-di-Elvira-di-Jouvet-1986-\u00a9-Luigi-Ciminaghi-1123x1536.jpg 1123w, https:\/\/www.biancoscuro.it\/site\/wp-content\/uploads\/2023\/03\/Strehler-e-Giulia-Lazzarini-Prove-di-Elvira-di-Jouvet-1986-\u00a9-Luigi-Ciminaghi-1498x2048.jpg 1498w, https:\/\/www.biancoscuro.it\/site\/wp-content\/uploads\/2023\/03\/Strehler-e-Giulia-Lazzarini-Prove-di-Elvira-di-Jouvet-1986-\u00a9-Luigi-Ciminaghi-1320x1805.jpg 1320w, https:\/\/www.biancoscuro.it\/site\/wp-content\/uploads\/2023\/03\/Strehler-e-Giulia-Lazzarini-Prove-di-Elvira-di-Jouvet-1986-\u00a9-Luigi-Ciminaghi-scaled.jpg 1872w\" sizes=\"auto, (max-width: 749px) 100vw, 749px\" \/><\/figure>\n<\/figure>\n","protected":false},"excerpt":{"rendered":"<p><span class=\"span-reading-time rt-reading-time\" style=\"display: block;\"><span class=\"rt-label rt-prefix\">\u23f0 lettura <\/span> <span class=\"rt-time\"> 2<\/span> <span class=\"rt-label rt-postfix\">min. <\/p>\n<p><\/span><\/span>Al Piccolo Teatro di Milano STREHLER interpreta le DONNE. Presentazione del libro di Stella Casiraghi Venerd\u00ec 24 marzo alle 17.30 presso il Chiostro &#8216;Nina Vinchi&#8217; del Piccolo Teatro Grassi di Milano (Via Rovello 2) si terr\u00e0 un incontro speciale per la presentazione del volume di Stella Casiraghi STREHLER interpreta le DONNE. Volti e voci femminili&hellip;&nbsp;<a href=\"https:\/\/www.biancoscuro.it\/site\/al-piccolo-teatro-di-milano-strehler-interpreta-le-donne-presentazione-del-libro-di-stella-casiraghi\/\" rel=\"bookmark\">Leggi tutto &raquo;<span class=\"screen-reader-text\">STREHLER interpreta le DONNE<\/span><\/a><\/p>\n","protected":false},"author":917,"featured_media":15688,"comment_status":"closed","ping_status":"closed","sticky":false,"template":"","format":"standard","meta":{"neve_meta_sidebar":"","neve_meta_container":"","neve_meta_enable_content_width":"","neve_meta_content_width":0,"neve_meta_title_alignment":"","neve_meta_author_avatar":"","neve_post_elements_order":"","neve_meta_disable_header":"","neve_meta_disable_footer":"","neve_meta_disable_title":"","advanced_seo_description":"","jetpack_seo_html_title":"","jetpack_seo_noindex":false,"footnotes":""},"categories":[5],"tags":[],"class_list":["post-15686","post","type-post","status-publish","format-standard","has-post-thumbnail","hentry","category-arte"],"jetpack_featured_media_url":"https:\/\/www.biancoscuro.it\/site\/wp-content\/uploads\/2023\/03\/Strehler-e-Ottavia-Piccolo-Prove-Re-Lear-di-Shakespeare-1972-\u00a9-Luigi-Ciminaghi.jpg","jetpack_sharing_enabled":true,"jetpack-related-posts":[{"id":18205,"url":"https:\/\/www.biancoscuro.it\/site\/presentazione-del-volume-covando-un-mondo-nuovo-di-paola-agosti-e-benedetta-tobagi\/","url_meta":{"origin":15686,"position":0},"title":"Covando un mondo nuovo | Agosti &#8211;  Tobagi","author":"Roberta Melasecca","date":"27 Febbraio 2025","format":false,"excerpt":"Marted\u00ec 4 marzo 2025 alle ore 17.30, la Fondazione Giorgio de Marchis Bonanni d'Ocre \u00e8 lieta di ospitare la presentazione del volume Covando un mondo nuovo - Viaggio tra le donne degli anni Settanta di Paola Agosti e Benedetta Tobagi per Einaudi Editore.\u00a0 Durante l\u2019incontro Paola Agosti dialogher\u00e0 con Maria\u2026","rel":"","context":"In &quot;editoria&quot;","block_context":{"text":"editoria","link":"https:\/\/www.biancoscuro.it\/site\/category\/editoria\/"},"img":{"alt_text":"","src":"https:\/\/i0.wp.com\/www.biancoscuro.it\/site\/wp-content\/uploads\/2025\/02\/Covando-un-mondo-nuovo-_-Agosti-Tobagi.jpg?resize=350%2C200&ssl=1","width":350,"height":200,"srcset":"https:\/\/i0.wp.com\/www.biancoscuro.it\/site\/wp-content\/uploads\/2025\/02\/Covando-un-mondo-nuovo-_-Agosti-Tobagi.jpg?resize=350%2C200&ssl=1 1x, https:\/\/i0.wp.com\/www.biancoscuro.it\/site\/wp-content\/uploads\/2025\/02\/Covando-un-mondo-nuovo-_-Agosti-Tobagi.jpg?resize=525%2C300&ssl=1 1.5x, https:\/\/i0.wp.com\/www.biancoscuro.it\/site\/wp-content\/uploads\/2025\/02\/Covando-un-mondo-nuovo-_-Agosti-Tobagi.jpg?resize=700%2C400&ssl=1 2x"},"classes":[]},{"id":10601,"url":"https:\/\/www.biancoscuro.it\/site\/cratere-piccola-rassegna-di-teatro-arte-e-umanita-qui-e-altrove\/","url_meta":{"origin":15686,"position":1},"title":"CRATere piccola rassegna di teatro, arte e umanit\u00e0 \u201cqui e altrove\u201d","author":"Roberta Melasecca","date":"18 Maggio 2020","format":false,"excerpt":"23 maggio 2020 ore 16.00Tavola rotonda ed azioni HABITUS, HABITAT (abitare e ri-abitare)Tra residenza e ospitalit\u00e0 produzioni, co-produzioni e progetti Nel mese di maggio 2020 ritorna CRATere,rassegna di teatro, arte e umanit\u00e0 con la direzione e la regia di Nazario Zambaldi. CRATere fonda le sue radici su una ricerca artistica\u2026","rel":"","context":"In &quot;arte&quot;","block_context":{"text":"arte","link":"https:\/\/www.biancoscuro.it\/site\/category\/arte\/"},"img":{"alt_text":"","src":"https:\/\/i0.wp.com\/www.biancoscuro.it\/site\/wp-content\/uploads\/2020\/05\/CRATere-2010-AHHA-Teatro-Pratiko-teatri-di-silenzio-regia-Nazario-Zambaldi.jpg?resize=350%2C200&ssl=1","width":350,"height":200,"srcset":"https:\/\/i0.wp.com\/www.biancoscuro.it\/site\/wp-content\/uploads\/2020\/05\/CRATere-2010-AHHA-Teatro-Pratiko-teatri-di-silenzio-regia-Nazario-Zambaldi.jpg?resize=350%2C200&ssl=1 1x, https:\/\/i0.wp.com\/www.biancoscuro.it\/site\/wp-content\/uploads\/2020\/05\/CRATere-2010-AHHA-Teatro-Pratiko-teatri-di-silenzio-regia-Nazario-Zambaldi.jpg?resize=525%2C300&ssl=1 1.5x, https:\/\/i0.wp.com\/www.biancoscuro.it\/site\/wp-content\/uploads\/2020\/05\/CRATere-2010-AHHA-Teatro-Pratiko-teatri-di-silenzio-regia-Nazario-Zambaldi.jpg?resize=700%2C400&ssl=1 2x"},"classes":[]},{"id":8693,"url":"https:\/\/www.biancoscuro.it\/site\/io-non-mi-volto-101-ritratti-contro-la-violenza-sulle-donne\/","url_meta":{"origin":15686,"position":2},"title":"Io non mi volto 101 ritratti contro la violenza sulle donne","author":"Chiara","date":"6 Febbraio 2019","format":false,"excerpt":"A Milano la presentazione del volume fotografico di Paolo Spadacini edito da Skira Mercoled\u00ec 13 febbraio alle 18.30 al Teatro Franco Parenti, Sala Testori, (ingresso da Via Carlo Botta 18) sar\u00e0 presentato il volume di Paolo Spadacini Io non mi volto 101 ritratti contro la violenza sulle donne.\u00a0 Protagonista della\u2026","rel":"","context":"In &quot;arte&quot;","block_context":{"text":"arte","link":"https:\/\/www.biancoscuro.it\/site\/category\/arte\/"},"img":{"alt_text":"","src":"https:\/\/i0.wp.com\/www.biancoscuro.it\/site\/wp-content\/uploads\/2019\/02\/Spadacini-Io-non-mi-volto.jpg?resize=350%2C200&ssl=1","width":350,"height":200,"srcset":"https:\/\/i0.wp.com\/www.biancoscuro.it\/site\/wp-content\/uploads\/2019\/02\/Spadacini-Io-non-mi-volto.jpg?resize=350%2C200&ssl=1 1x, https:\/\/i0.wp.com\/www.biancoscuro.it\/site\/wp-content\/uploads\/2019\/02\/Spadacini-Io-non-mi-volto.jpg?resize=525%2C300&ssl=1 1.5x, https:\/\/i0.wp.com\/www.biancoscuro.it\/site\/wp-content\/uploads\/2019\/02\/Spadacini-Io-non-mi-volto.jpg?resize=700%2C400&ssl=1 2x, https:\/\/i0.wp.com\/www.biancoscuro.it\/site\/wp-content\/uploads\/2019\/02\/Spadacini-Io-non-mi-volto.jpg?resize=1050%2C600&ssl=1 3x, https:\/\/i0.wp.com\/www.biancoscuro.it\/site\/wp-content\/uploads\/2019\/02\/Spadacini-Io-non-mi-volto.jpg?resize=1400%2C800&ssl=1 4x"},"classes":[]},{"id":6554,"url":"https:\/\/www.biancoscuro.it\/site\/modo-mio-nespolo-arte-cinema-teatro\/","url_meta":{"origin":15686,"position":3},"title":"A modo mio.\u00a0Nespolo\u00a0tra arte, cinema e teatro","author":"Redazione BIANCOSCURO","date":"22 Febbraio 2018","format":false,"excerpt":"Prosegue con successo fino all'8 aprile 2018 al\u00a0Centro Saint-B\u00e9nin\u00a0di\u00a0Aosta\u00a0la mostra\u00a0A modo mio.\u00a0Nespolo\u00a0tra arte, cinema e teatro, dedicata all\u2019esperienza interdisciplinare dell\u2019artista piemontese. L\u2019esposizione, organizzata dall\u2019Assessorato Istruzione e Cultura\u00a0della\u00a0Regione autonoma Valle d\u2019Aosta, \u00e8\u00a0curata\u00a0dal critico\u00a0Alberto Fiz\u00a0in collaborazione con il filosofo\u00a0Maurizio Ferraris. In questo periodo \u00e8 ancora possibile conoscere l'eclettico universo di\u00a0Ugo\u00a0Nespolo, attraverso le\u00a0oltre\u2026","rel":"","context":"In &quot;arte&quot;","block_context":{"text":"arte","link":"https:\/\/www.biancoscuro.it\/site\/category\/arte\/"},"img":{"alt_text":"","src":"https:\/\/i0.wp.com\/www.biancoscuro.it\/site\/wp-content\/uploads\/2018\/02\/01_A-modo-mio.-Nespolo-tra-arte-cinema-e-teatro_installation-view-al-Centro-Saint-B%C3%A9nin_Aosta2000.jpg?resize=350%2C200&ssl=1","width":350,"height":200,"srcset":"https:\/\/i0.wp.com\/www.biancoscuro.it\/site\/wp-content\/uploads\/2018\/02\/01_A-modo-mio.-Nespolo-tra-arte-cinema-e-teatro_installation-view-al-Centro-Saint-B%C3%A9nin_Aosta2000.jpg?resize=350%2C200&ssl=1 1x, https:\/\/i0.wp.com\/www.biancoscuro.it\/site\/wp-content\/uploads\/2018\/02\/01_A-modo-mio.-Nespolo-tra-arte-cinema-e-teatro_installation-view-al-Centro-Saint-B%C3%A9nin_Aosta2000.jpg?resize=525%2C300&ssl=1 1.5x, https:\/\/i0.wp.com\/www.biancoscuro.it\/site\/wp-content\/uploads\/2018\/02\/01_A-modo-mio.-Nespolo-tra-arte-cinema-e-teatro_installation-view-al-Centro-Saint-B%C3%A9nin_Aosta2000.jpg?resize=700%2C400&ssl=1 2x, https:\/\/i0.wp.com\/www.biancoscuro.it\/site\/wp-content\/uploads\/2018\/02\/01_A-modo-mio.-Nespolo-tra-arte-cinema-e-teatro_installation-view-al-Centro-Saint-B%C3%A9nin_Aosta2000.jpg?resize=1050%2C600&ssl=1 3x, https:\/\/i0.wp.com\/www.biancoscuro.it\/site\/wp-content\/uploads\/2018\/02\/01_A-modo-mio.-Nespolo-tra-arte-cinema-e-teatro_installation-view-al-Centro-Saint-B%C3%A9nin_Aosta2000.jpg?resize=1400%2C800&ssl=1 4x"},"classes":[]},{"id":15731,"url":"https:\/\/www.biancoscuro.it\/site\/ugo-nespolo-e-i-vizi-darte-se-ne-parla-il-28-marzo-al-teatro-franco-parenti-a-milano\/","url_meta":{"origin":15686,"position":4},"title":"Ugo Nespolo e i &#8220;Vizi d&#8217;arte&#8221;. Se ne parla il 28 marzo al Teatro Franco Parenti a Milano","author":"Chiara","date":"19 Marzo 2023","format":false,"excerpt":"Marted\u00ec 28 marzo alle 18.30 Ugo Nespolo sar\u00e0 al Teatro Franco Parenti a Milano per presentare il suo volume Vizi d'arte, pubblicato dalla casa editrice Skira. Con l'artista interverranno Flaminio Gualdoni, Andrea Kerbaker e Claudio Parmiggiani. Vizi d\u2019arte \u00e8 una raccolta di scritti frutto dell\u2019appassionata ricerca critica portata al torbido\u2026","rel":"","context":"In &quot;arte&quot;","block_context":{"text":"arte","link":"https:\/\/www.biancoscuro.it\/site\/category\/arte\/"},"img":{"alt_text":"","src":"https:\/\/i0.wp.com\/www.biancoscuro.it\/site\/wp-content\/uploads\/2023\/03\/Nespolo-Vizi-Arte.jpg?resize=350%2C200&ssl=1","width":350,"height":200,"srcset":"https:\/\/i0.wp.com\/www.biancoscuro.it\/site\/wp-content\/uploads\/2023\/03\/Nespolo-Vizi-Arte.jpg?resize=350%2C200&ssl=1 1x, https:\/\/i0.wp.com\/www.biancoscuro.it\/site\/wp-content\/uploads\/2023\/03\/Nespolo-Vizi-Arte.jpg?resize=525%2C300&ssl=1 1.5x, https:\/\/i0.wp.com\/www.biancoscuro.it\/site\/wp-content\/uploads\/2023\/03\/Nespolo-Vizi-Arte.jpg?resize=700%2C400&ssl=1 2x"},"classes":[]},{"id":7207,"url":"https:\/\/www.biancoscuro.it\/site\/super-pino-pascali-e-il-sogno-americano-presentazione-al-museo-del-novecento-a-milano\/","url_meta":{"origin":15686,"position":5},"title":"SUPER. Pino Pascali e il Sogno americano   Presentazione al Museo del Novecento a Milano","author":"Chiara","date":"7 Maggio 2018","format":false,"excerpt":"Mercoled\u00ec 9 Maggio alle 18 al Museo del Novecento a Milano (Piazza Duomo 8) si terr\u00e0 la presentazione del libro SUPER. Pino Pascali e il Sogno americano\u00a0di Roberto Lacarbonara e Giuseppe Teofilo, SKIRA editore. Introduce\u00a0Anna Maria Montaldo.\u00a0Intervengono\u00a0Raffaella Perna, Gaspare Luigi Marcone, Roberto Lacarbonara. Ingresso libero fino a esaurimento posti. \u00a0\u2026","rel":"","context":"In &quot;arte&quot;","block_context":{"text":"arte","link":"https:\/\/www.biancoscuro.it\/site\/category\/arte\/"},"img":{"alt_text":"","src":"https:\/\/i0.wp.com\/www.biancoscuro.it\/site\/wp-content\/uploads\/2018\/05\/PASCALI-Super.jpeg?resize=350%2C200&ssl=1","width":350,"height":200,"srcset":"https:\/\/i0.wp.com\/www.biancoscuro.it\/site\/wp-content\/uploads\/2018\/05\/PASCALI-Super.jpeg?resize=350%2C200&ssl=1 1x, https:\/\/i0.wp.com\/www.biancoscuro.it\/site\/wp-content\/uploads\/2018\/05\/PASCALI-Super.jpeg?resize=525%2C300&ssl=1 1.5x, https:\/\/i0.wp.com\/www.biancoscuro.it\/site\/wp-content\/uploads\/2018\/05\/PASCALI-Super.jpeg?resize=700%2C400&ssl=1 2x"},"classes":[]}],"_links":{"self":[{"href":"https:\/\/www.biancoscuro.it\/site\/wp-json\/wp\/v2\/posts\/15686","targetHints":{"allow":["GET"]}}],"collection":[{"href":"https:\/\/www.biancoscuro.it\/site\/wp-json\/wp\/v2\/posts"}],"about":[{"href":"https:\/\/www.biancoscuro.it\/site\/wp-json\/wp\/v2\/types\/post"}],"author":[{"embeddable":true,"href":"https:\/\/www.biancoscuro.it\/site\/wp-json\/wp\/v2\/users\/917"}],"replies":[{"embeddable":true,"href":"https:\/\/www.biancoscuro.it\/site\/wp-json\/wp\/v2\/comments?post=15686"}],"version-history":[{"count":0,"href":"https:\/\/www.biancoscuro.it\/site\/wp-json\/wp\/v2\/posts\/15686\/revisions"}],"wp:featuredmedia":[{"embeddable":true,"href":"https:\/\/www.biancoscuro.it\/site\/wp-json\/wp\/v2\/media\/15688"}],"wp:attachment":[{"href":"https:\/\/www.biancoscuro.it\/site\/wp-json\/wp\/v2\/media?parent=15686"}],"wp:term":[{"taxonomy":"category","embeddable":true,"href":"https:\/\/www.biancoscuro.it\/site\/wp-json\/wp\/v2\/categories?post=15686"},{"taxonomy":"post_tag","embeddable":true,"href":"https:\/\/www.biancoscuro.it\/site\/wp-json\/wp\/v2\/tags?post=15686"}],"curies":[{"name":"wp","href":"https:\/\/api.w.org\/{rel}","templated":true}]}}