{"id":15822,"date":"2023-04-07T15:36:49","date_gmt":"2023-04-07T14:36:49","guid":{"rendered":"https:\/\/www.biancoscuro.it\/site\/?p=15822"},"modified":"2023-04-14T11:03:47","modified_gmt":"2023-04-14T10:03:47","slug":"phc-capalbiofotografia-paolo-ventura-10-storie","status":"publish","type":"post","link":"https:\/\/www.biancoscuro.it\/site\/phc-capalbiofotografia-paolo-ventura-10-storie\/","title":{"rendered":"PhC CapalbioFotografia | Paolo Ventura &#8211; 10 Storie"},"content":{"rendered":"<span class=\"span-reading-time rt-reading-time\" style=\"display: block;\"><span class=\"rt-label rt-prefix\">\u23f0 lettura <\/span> <span class=\"rt-time\"> 3<\/span> <span class=\"rt-label rt-postfix\">min. <br><br><\/span><\/span>\n<p>Negli spazi espositivi dell\u2019 Associazione Culturale &#8220;Il Frantoio&#8221; in piazza della Provvidenza a Capalbio, torna sabato 8 <strong>PhC CapalbioFotografia<\/strong> l\u2019annuale appuntamento con la fotografia d\u2019autore.<\/p>\n\n\n\n<figure class=\"wp-block-image size-full\"><img loading=\"lazy\" decoding=\"async\" width=\"999\" height=\"810\" src=\"https:\/\/www.biancoscuro.it\/site\/wp-content\/uploads\/2023\/04\/PHOTO-2023-04-05-00-18-23.jpg\" alt=\"\" class=\"wp-image-15841\" srcset=\"https:\/\/www.biancoscuro.it\/site\/wp-content\/uploads\/2023\/04\/PHOTO-2023-04-05-00-18-23.jpg 999w, https:\/\/www.biancoscuro.it\/site\/wp-content\/uploads\/2023\/04\/PHOTO-2023-04-05-00-18-23-300x243.jpg 300w, https:\/\/www.biancoscuro.it\/site\/wp-content\/uploads\/2023\/04\/PHOTO-2023-04-05-00-18-23-768x623.jpg 768w, https:\/\/www.biancoscuro.it\/site\/wp-content\/uploads\/2023\/04\/PHOTO-2023-04-05-00-18-23-600x486.jpg 600w\" sizes=\"auto, (max-width: 999px) 100vw, 999px\" \/><\/figure>\n\n\n\n<p><strong>PhC CapalbioFotografia<\/strong> nasce nel 2009 da una idea di <strong>Marco Delogu<\/strong> e <strong>Maria Concetta Monaci<\/strong> con l\u2019intento, a partire dal nostro territorio, di trattare il quotidiano, riflettere sul concetto di identit\u00e0 ospitando grandi nomi internazionali spesso in dialogo a giovanissimi talenti.<br \/>Dopo aver presentato nel 2022 il rude progetto espositivo dei due attivisti sudafricani Zanele Muholi e Robert Hamblin nell&#8217;intento di sensibilizzare lo spettatore e spingere a riflettere sulle tematiche della discriminazione sociale, di genere e di razza; in questa edizione 2023 saranno protagoniste le magiche storie di Paolo Ventura che partono sempre dal reale per arrivare alla morbidezza della dimensione onirica.<\/p>\n\n\n\n<figure class=\"wp-block-image size-full\"><img loading=\"lazy\" decoding=\"async\" width=\"999\" height=\"666\" src=\"https:\/\/www.biancoscuro.it\/site\/wp-content\/uploads\/2023\/04\/PHOTO-2023-04-05-00-18-20.jpg\" alt=\"\" class=\"wp-image-15843\" srcset=\"https:\/\/www.biancoscuro.it\/site\/wp-content\/uploads\/2023\/04\/PHOTO-2023-04-05-00-18-20.jpg 999w, https:\/\/www.biancoscuro.it\/site\/wp-content\/uploads\/2023\/04\/PHOTO-2023-04-05-00-18-20-300x200.jpg 300w, https:\/\/www.biancoscuro.it\/site\/wp-content\/uploads\/2023\/04\/PHOTO-2023-04-05-00-18-20-768x512.jpg 768w, https:\/\/www.biancoscuro.it\/site\/wp-content\/uploads\/2023\/04\/PHOTO-2023-04-05-00-18-20-600x400.jpg 600w\" sizes=\"auto, (max-width: 999px) 100vw, 999px\" \/><\/figure>\n\n\n\n<p>Il bel lavoro di <strong>Paolo Ventura<\/strong> (Milano 1968) ricorda la pittura di maestri novecenteschi; ingloba infatti le tecniche pittoriche partendo da una base fotografica. \u00c8 un linguaggio sperimentale e autoriale che trasfigura luoghi della realt\u00e0 trasportandoli su un piano di favola.<br \/>Paolo Ventura \u00abd\u00e0 cos\u00ec un\u2019interpretazione originale, sottile e allo stesso tempo ricca di implicazioni e rimandi\u00bb, come afferma il curatore e presidente del PalaExpo Marco Delogu.<\/p>\n\n\n\n<p><em>\u201c\u2026la realt\u00e0 cos\u00ec com\u2019\u00e8, mi interessa poco, esiste gi\u00e0.  Allora la ricostruisco a modo mio. Mi interessa raccontare mondi che non esistono. Anche se le scale sono sbagliate, o la prospettiva \u00e8 allungata o schiacciata, poco importa: la fotografia rende tutto credibile. E\u2019 sempre stato cos\u00ec.\u201d (Paolo Ventura)<\/em><\/p>\n\n\n\n<p>Nel 2006 Paolo Ventura \u00e8 un affermato fotografo di moda con una grande curiosit\u00e0 per le storie e la messa in scena. Proprio in questo periodo prende forma il suo primo progetto: War Souvenir. Una serie di immagini legate fra loro dalle suggestioni della guerra che la nonna gli raccontava.  Storie che riaffiorano e che si trasformano in tanti piccoli diorami: ricostruzioni in miniatura che, una volta ultimati, vengono fotografati. Paolo disegna le scene, costruisce ogni particolare. Nei lavori successivi, Paolo Ventura, in piena coerenza con le opere precedenti, fa un ulteriore passo avanti: non ci sono pi\u00f9 i pupazzi ricostruiti ma \u00e8 lui stesso che entra nelle sue opere. Le scenografie si fanno pi\u00f9 asciutte. Il lavoro, ora, \u00e8 a togliere. La sua figura di uomo si confronta con la citt\u00e0 e con gli spazi immaginati, che si ritrovano nelle nuove serie di lavori.<\/p>\n\n\n\n<figure class=\"wp-block-image size-full is-resized\"><img loading=\"lazy\" decoding=\"async\" src=\"https:\/\/www.biancoscuro.it\/site\/wp-content\/uploads\/2023\/04\/PHOTO-2023-04-05-00-18-22.jpg\" alt=\"\" class=\"wp-image-15840\" width=\"840\" height=\"558\" srcset=\"https:\/\/www.biancoscuro.it\/site\/wp-content\/uploads\/2023\/04\/PHOTO-2023-04-05-00-18-22.jpg 999w, https:\/\/www.biancoscuro.it\/site\/wp-content\/uploads\/2023\/04\/PHOTO-2023-04-05-00-18-22-300x199.jpg 300w, https:\/\/www.biancoscuro.it\/site\/wp-content\/uploads\/2023\/04\/PHOTO-2023-04-05-00-18-22-768x510.jpg 768w, https:\/\/www.biancoscuro.it\/site\/wp-content\/uploads\/2023\/04\/PHOTO-2023-04-05-00-18-22-600x399.jpg 600w\" sizes=\"auto, (max-width: 840px) 100vw, 840px\" \/><figcaption class=\"wp-element-caption\"><em>Paolo Ventura<\/em><\/figcaption><\/figure>\n\n\n\n<hr class=\"wp-block-separator has-alpha-channel-opacity\"\/>\n\n\n\n<p>Nel 2022 vince il \u201cPremio Driving Energy 2022 \u2013 Fotografia Contemporanea\u201d di Terna, prima edizione del concorso che ha ricevuto la Medaglia del Presidente della Repubblica. <br \/>Arriva quindi a Capalbio a raccontare le sue storie con un occhio- ed un omaggio- alle nostre storie, quelle che ci raccontano ancora i nostri vecchi, di quando la Maremma era terra di malaria e di briganti.<\/p>\n\n\n\n<p><em>&#8220;Pi\u00f9 che rifare un mondo che \u00e8 gi\u00e0 esistito, preferisco inventarne un altro, che non ho visto. Il fatto di ambientarlo nel passato mi d\u00e0 la libert\u00e0 di raccontare storie in modo meno preciso. Sono pi\u00f9 libero, ci sono meno compromessi perch\u00e9 costruisco un passato che diventa una scatola in cui mettere i miei oggetti, ed \u00e8 molto comodo. E non vuol dire che sono nostalgico n\u00e9 romantico. Costruisco un altro mondo che \u00e8 il mio mondo, perch\u00e9 non c&#8217;\u00e8 dubbio che il mio mondo si \u00e8 nutrito di certe immagini! Da qualcosa si deve partire per costruire un mondo immaginario&#8221; (Paolo Ventura).<\/em><\/p>\n\n\n\n<figure class=\"wp-block-image size-full\"><img loading=\"lazy\" decoding=\"async\" width=\"999\" height=\"997\" src=\"https:\/\/www.biancoscuro.it\/site\/wp-content\/uploads\/2023\/04\/PHOTO-2023-04-04-23-56-35.jpg\" alt=\"\" class=\"wp-image-15842\" srcset=\"https:\/\/www.biancoscuro.it\/site\/wp-content\/uploads\/2023\/04\/PHOTO-2023-04-04-23-56-35.jpg 999w, https:\/\/www.biancoscuro.it\/site\/wp-content\/uploads\/2023\/04\/PHOTO-2023-04-04-23-56-35-300x300.jpg 300w, https:\/\/www.biancoscuro.it\/site\/wp-content\/uploads\/2023\/04\/PHOTO-2023-04-04-23-56-35-150x150.jpg 150w, https:\/\/www.biancoscuro.it\/site\/wp-content\/uploads\/2023\/04\/PHOTO-2023-04-04-23-56-35-768x766.jpg 768w, https:\/\/www.biancoscuro.it\/site\/wp-content\/uploads\/2023\/04\/PHOTO-2023-04-04-23-56-35-600x599.jpg 600w\" sizes=\"auto, (max-width: 999px) 100vw, 999px\" \/><\/figure>\n\n\n\n<p><em><br \/><\/em><\/p>\n","protected":false},"excerpt":{"rendered":"<p><span class=\"span-reading-time rt-reading-time\" style=\"display: block;\"><span class=\"rt-label rt-prefix\">\u23f0 lettura <\/span> <span class=\"rt-time\"> 3<\/span> <span class=\"rt-label rt-postfix\">min. <\/p>\n<p><\/span><\/span>Negli spazi espositivi dell\u2019 Associazione Culturale &#8220;Il Frantoio&#8221; in piazza della Provvidenza a Capalbio, torna sabato 8 PhC CapalbioFotografia l\u2019annuale appuntamento con la fotografia d\u2019autore. PhC CapalbioFotografia nasce nel 2009 da una idea di Marco Delogu e Maria Concetta Monaci con l\u2019intento, a partire dal nostro territorio, di trattare il quotidiano, riflettere sul concetto di&hellip;&nbsp;<a href=\"https:\/\/www.biancoscuro.it\/site\/phc-capalbiofotografia-paolo-ventura-10-storie\/\" rel=\"bookmark\">Leggi tutto &raquo;<span class=\"screen-reader-text\">PhC CapalbioFotografia | Paolo Ventura &#8211; 10 Storie<\/span><\/a><\/p>\n","protected":false},"author":1060,"featured_media":15841,"comment_status":"closed","ping_status":"closed","sticky":false,"template":"","format":"standard","meta":{"neve_meta_sidebar":"","neve_meta_container":"","neve_meta_enable_content_width":"","neve_meta_content_width":0,"neve_meta_title_alignment":"","neve_meta_author_avatar":"","neve_post_elements_order":"","neve_meta_disable_header":"","neve_meta_disable_footer":"","neve_meta_disable_title":"","advanced_seo_description":"","jetpack_seo_html_title":"","jetpack_seo_noindex":false,"footnotes":""},"categories":[5,8],"tags":[],"class_list":["post-15822","post","type-post","status-publish","format-standard","has-post-thumbnail","hentry","category-arte","category-fotografia"],"jetpack_featured_media_url":"https:\/\/www.biancoscuro.it\/site\/wp-content\/uploads\/2023\/04\/PHOTO-2023-04-05-00-18-23.jpg","jetpack_sharing_enabled":true,"jetpack-related-posts":[{"id":12234,"url":"https:\/\/www.biancoscuro.it\/site\/lxv-premio-basilio-cascella-2021\/","url_meta":{"origin":15822,"position":0},"title":"LXV Premio Basilio Cascella 2021","author":"Alessandro Passerini","date":"16 Agosto 2021","format":false,"excerpt":"Premio \u2018Basilio Cascella\u2019, dal 1955 uno dei Premi d\u2019Arte, Fotografia e Pittura, tra i pi\u00f9 prestigiosi d\u2019Italia la cui volont\u00e0 \u00e8 valorizzare l\u2019arte contemporanea e crearne uno snodo creativo e di riferimento, per esportarla in seguito nella rete internazionale artistica. Il tema della LXV edizione 2021 \u00e8 \u2018a Riveder le\u2026","rel":"","context":"In &quot;arte&quot;","block_context":{"text":"arte","link":"https:\/\/www.biancoscuro.it\/site\/category\/arte\/"},"img":{"alt_text":"","src":"https:\/\/i0.wp.com\/www.biancoscuro.it\/site\/wp-content\/uploads\/2021\/08\/Isabella-Quaranta-Inter-arbores_e.jpg?resize=350%2C200&ssl=1","width":350,"height":200,"srcset":"https:\/\/i0.wp.com\/www.biancoscuro.it\/site\/wp-content\/uploads\/2021\/08\/Isabella-Quaranta-Inter-arbores_e.jpg?resize=350%2C200&ssl=1 1x, https:\/\/i0.wp.com\/www.biancoscuro.it\/site\/wp-content\/uploads\/2021\/08\/Isabella-Quaranta-Inter-arbores_e.jpg?resize=525%2C300&ssl=1 1.5x"},"classes":[]},{"id":15046,"url":"https:\/\/www.biancoscuro.it\/site\/maison-laviniaturra-presenta-abissi\/","url_meta":{"origin":15822,"position":1},"title":"Maison laviniaturra presenta ABISSI","author":"Elena Seno","date":"23 Novembre 2022","format":false,"excerpt":"Domani, gioved\u00ec 24 novembre, alla Maison laviniaturra di Bologna verr\u00e0 inaugurata la mostra personale della fotografa Valentina D\u2019Acccardi, dal titolo Abissi.La Maison si tinge nuovamente di rosa,\u00a0 proseguendo la stagione espositiva iniziata in primavera con le precedenti mostre delle artiste Mirta Tagliati, Marina Gasparini e Alessandra Cal\u00f2.Un evento esclusivamente al\u2026","rel":"","context":"In &quot;arte&quot;","block_context":{"text":"arte","link":"https:\/\/www.biancoscuro.it\/site\/category\/arte\/"},"img":{"alt_text":"","src":"https:\/\/i0.wp.com\/www.biancoscuro.it\/site\/wp-content\/uploads\/2022\/11\/Valentina-DAccardi-ABISSI0040-2021-scaled-1.jpg?resize=350%2C200&ssl=1","width":350,"height":200,"srcset":"https:\/\/i0.wp.com\/www.biancoscuro.it\/site\/wp-content\/uploads\/2022\/11\/Valentina-DAccardi-ABISSI0040-2021-scaled-1.jpg?resize=350%2C200&ssl=1 1x, https:\/\/i0.wp.com\/www.biancoscuro.it\/site\/wp-content\/uploads\/2022\/11\/Valentina-DAccardi-ABISSI0040-2021-scaled-1.jpg?resize=525%2C300&ssl=1 1.5x, https:\/\/i0.wp.com\/www.biancoscuro.it\/site\/wp-content\/uploads\/2022\/11\/Valentina-DAccardi-ABISSI0040-2021-scaled-1.jpg?resize=700%2C400&ssl=1 2x, https:\/\/i0.wp.com\/www.biancoscuro.it\/site\/wp-content\/uploads\/2022\/11\/Valentina-DAccardi-ABISSI0040-2021-scaled-1.jpg?resize=1050%2C600&ssl=1 3x"},"classes":[]},{"id":10354,"url":"https:\/\/www.biancoscuro.it\/site\/uniform-le-divise-da-lavoro-in-600-scatti-di-fotografi-internazionali-al-mast-a-bologna\/","url_meta":{"origin":15822,"position":2},"title":"UNIFORM. Le divise da lavoro in 600 scatti di fotografi internazionali al MAST a Bologna","author":"Chiara","date":"5 Febbraio 2020","format":false,"excerpt":"Ha da poco inaugurato al MAST a Bologna il nuovo progetto espositivo UNIFORM INTO THE WORK\/OUT OF THE WORK\u00a0, curato da Urs Stahel, dedicato alle uniformi da lavoro\u00a0che, attraverso\u00a0oltre 600 scatti di grandi fotografi internazionali,\u00a0mostra le molteplici tipologie di abbigliamento indossate dai lavoratori in contesti storici, sociali e professionali\u00a0differenti. UNIFORM\u2026","rel":"","context":"In &quot;arte&quot;","block_context":{"text":"arte","link":"https:\/\/www.biancoscuro.it\/site\/category\/arte\/"},"img":{"alt_text":"","src":"https:\/\/i0.wp.com\/www.biancoscuro.it\/site\/wp-content\/uploads\/2020\/02\/19.-Sebastia%CC%83o-Salgado.jpg?resize=350%2C200&ssl=1","width":350,"height":200,"srcset":"https:\/\/i0.wp.com\/www.biancoscuro.it\/site\/wp-content\/uploads\/2020\/02\/19.-Sebastia%CC%83o-Salgado.jpg?resize=350%2C200&ssl=1 1x, https:\/\/i0.wp.com\/www.biancoscuro.it\/site\/wp-content\/uploads\/2020\/02\/19.-Sebastia%CC%83o-Salgado.jpg?resize=525%2C300&ssl=1 1.5x, https:\/\/i0.wp.com\/www.biancoscuro.it\/site\/wp-content\/uploads\/2020\/02\/19.-Sebastia%CC%83o-Salgado.jpg?resize=700%2C400&ssl=1 2x"},"classes":[]},{"id":11569,"url":"https:\/\/www.biancoscuro.it\/site\/vita-e-societa-contemporanea-ritratte\/","url_meta":{"origin":15822,"position":3},"title":"Vita e societ\u00e0 contemporanea ritratte","author":"Lucia Garnero","date":"28 Gennaio 2021","format":false,"excerpt":"Al Centro Italiano per la fotografia - CAMERA - di Torino, con il nuovo anno, ha inizio la programmazione prevista, in attesa della riapertura del centro espositivo.\u00a0L\u2019inaugurazione del 2021 avviene con la prosecuzione della mostra di Paolo Ventura, prorogata fino al 14 febbraio, al cui termine inizieranno gli eventi organizzati.\u2026","rel":"","context":"In &quot;eventi&quot;","block_context":{"text":"eventi","link":"https:\/\/www.biancoscuro.it\/site\/category\/eventi\/"},"img":{"alt_text":"","src":"https:\/\/i0.wp.com\/www.biancoscuro.it\/site\/wp-content\/uploads\/2021\/02\/7_Niedermayr_St.jpg?resize=350%2C200&ssl=1","width":350,"height":200,"srcset":"https:\/\/i0.wp.com\/www.biancoscuro.it\/site\/wp-content\/uploads\/2021\/02\/7_Niedermayr_St.jpg?resize=350%2C200&ssl=1 1x, https:\/\/i0.wp.com\/www.biancoscuro.it\/site\/wp-content\/uploads\/2021\/02\/7_Niedermayr_St.jpg?resize=525%2C300&ssl=1 1.5x, https:\/\/i0.wp.com\/www.biancoscuro.it\/site\/wp-content\/uploads\/2021\/02\/7_Niedermayr_St.jpg?resize=700%2C400&ssl=1 2x, https:\/\/i0.wp.com\/www.biancoscuro.it\/site\/wp-content\/uploads\/2021\/02\/7_Niedermayr_St.jpg?resize=1050%2C600&ssl=1 3x, https:\/\/i0.wp.com\/www.biancoscuro.it\/site\/wp-content\/uploads\/2021\/02\/7_Niedermayr_St.jpg?resize=1400%2C800&ssl=1 4x"},"classes":[]},{"id":8752,"url":"https:\/\/www.biancoscuro.it\/site\/i-percorsi-dellanima\/","url_meta":{"origin":15822,"position":4},"title":"I Percorsi dell&#8217;Anima","author":"Claudia Migliore","date":"24 Febbraio 2019","format":false,"excerpt":"I Percorsi dell'Anima, mostra fotografica collettiva, giunge alla sua ultima esposizione dopo un \u201cpercorso\u201d durato quasi nove mesi e partito da lontano. L'idea iniziale nasce da un progetto, per il Photofestival 2018, esposto per la prima volta in Acquario Civico a Milano e successivamente, con implementazione continua di fotografi ed\u2026","rel":"","context":"In &quot;arte&quot;","block_context":{"text":"arte","link":"https:\/\/www.biancoscuro.it\/site\/category\/arte\/"},"img":{"alt_text":"","src":"https:\/\/i0.wp.com\/www.biancoscuro.it\/site\/wp-content\/uploads\/2019\/02\/Transition-room-1000.jpg?resize=350%2C200&ssl=1","width":350,"height":200,"srcset":"https:\/\/i0.wp.com\/www.biancoscuro.it\/site\/wp-content\/uploads\/2019\/02\/Transition-room-1000.jpg?resize=350%2C200&ssl=1 1x, https:\/\/i0.wp.com\/www.biancoscuro.it\/site\/wp-content\/uploads\/2019\/02\/Transition-room-1000.jpg?resize=525%2C300&ssl=1 1.5x, https:\/\/i0.wp.com\/www.biancoscuro.it\/site\/wp-content\/uploads\/2019\/02\/Transition-room-1000.jpg?resize=700%2C400&ssl=1 2x, https:\/\/i0.wp.com\/www.biancoscuro.it\/site\/wp-content\/uploads\/2019\/02\/Transition-room-1000.jpg?resize=1050%2C600&ssl=1 3x"},"classes":[]},{"id":10001,"url":"https:\/\/www.biancoscuro.it\/site\/paviart-talent-terza-edizione\/","url_meta":{"origin":15822,"position":5},"title":"PaviArt Talent &#8211; Terza edizione","author":"Redazione BIANCOSCURO","date":"17 Novembre 2019","format":false,"excerpt":"A Pavia la la fiera per l\u2019arte accessibile Il 23 e 24 novembre prender\u00e0 vita a Palazzo esposizioni di Pavia la terza edizione del PAT: fiera d\u2019arte accessibile. Una mostra mercato che valorizza e porta alla luce talenti nascosti: circa 100 artisti, tra pittori, scultori e fotografi con opere uniche\u2026","rel":"","context":"In &quot;art magazine&quot;","block_context":{"text":"art magazine","link":"https:\/\/www.biancoscuro.it\/site\/category\/art-magazine\/"},"img":{"alt_text":"","src":"https:\/\/i0.wp.com\/www.biancoscuro.it\/site\/wp-content\/uploads\/2019\/11\/47019446_2212671902084759_5042754749007396864_999.jpg?resize=350%2C200&ssl=1","width":350,"height":200,"srcset":"https:\/\/i0.wp.com\/www.biancoscuro.it\/site\/wp-content\/uploads\/2019\/11\/47019446_2212671902084759_5042754749007396864_999.jpg?resize=350%2C200&ssl=1 1x, https:\/\/i0.wp.com\/www.biancoscuro.it\/site\/wp-content\/uploads\/2019\/11\/47019446_2212671902084759_5042754749007396864_999.jpg?resize=525%2C300&ssl=1 1.5x, https:\/\/i0.wp.com\/www.biancoscuro.it\/site\/wp-content\/uploads\/2019\/11\/47019446_2212671902084759_5042754749007396864_999.jpg?resize=700%2C400&ssl=1 2x"},"classes":[]}],"_links":{"self":[{"href":"https:\/\/www.biancoscuro.it\/site\/wp-json\/wp\/v2\/posts\/15822","targetHints":{"allow":["GET"]}}],"collection":[{"href":"https:\/\/www.biancoscuro.it\/site\/wp-json\/wp\/v2\/posts"}],"about":[{"href":"https:\/\/www.biancoscuro.it\/site\/wp-json\/wp\/v2\/types\/post"}],"author":[{"embeddable":true,"href":"https:\/\/www.biancoscuro.it\/site\/wp-json\/wp\/v2\/users\/1060"}],"replies":[{"embeddable":true,"href":"https:\/\/www.biancoscuro.it\/site\/wp-json\/wp\/v2\/comments?post=15822"}],"version-history":[{"count":0,"href":"https:\/\/www.biancoscuro.it\/site\/wp-json\/wp\/v2\/posts\/15822\/revisions"}],"wp:featuredmedia":[{"embeddable":true,"href":"https:\/\/www.biancoscuro.it\/site\/wp-json\/wp\/v2\/media\/15841"}],"wp:attachment":[{"href":"https:\/\/www.biancoscuro.it\/site\/wp-json\/wp\/v2\/media?parent=15822"}],"wp:term":[{"taxonomy":"category","embeddable":true,"href":"https:\/\/www.biancoscuro.it\/site\/wp-json\/wp\/v2\/categories?post=15822"},{"taxonomy":"post_tag","embeddable":true,"href":"https:\/\/www.biancoscuro.it\/site\/wp-json\/wp\/v2\/tags?post=15822"}],"curies":[{"name":"wp","href":"https:\/\/api.w.org\/{rel}","templated":true}]}}