{"id":1588,"date":"2014-07-20T17:40:48","date_gmt":"2014-07-20T17:40:48","guid":{"rendered":"http:\/\/www.biancoscuro.it\/site\/?p=1588"},"modified":"2014-07-21T16:10:28","modified_gmt":"2014-07-21T16:10:28","slug":"la-scalata-inarrestabile-di-maxtin","status":"publish","type":"post","link":"https:\/\/www.biancoscuro.it\/site\/la-scalata-inarrestabile-di-maxtin\/","title":{"rendered":"La scalata inarrestabile di Maxtin"},"content":{"rendered":"<span class=\"span-reading-time rt-reading-time\" style=\"display: block;\"><span class=\"rt-label rt-prefix\">\u23f0 lettura <\/span> <span class=\"rt-time\"> 2<\/span> <span class=\"rt-label rt-postfix\">min. <br><br><\/span><\/span><h4>Dopo la copertina sulla nostra rivista sar\u00e0 ospite al <span style=\"text-decoration: underline;\">Bejing International Wine Expo<\/span> come artista d&#8217;eccellenza!<\/h4>\n<p>Il nostro caro amico e associato BIANCOSCURO <strong>Massimo Basile<\/strong>, rivelazione degli ultimi tempi e creatore delle Wine Art e Geomart, <strong>sar\u00e0 a Pechino dal 29 al 31 luglio 2014<\/strong> per realizzare dal vivo, davanti ad un pubblico di migliaia di spettatori, le sue opere di <span style=\"text-decoration: underline;\">Wine Art presso l&#8217;importante evento mondiale che si svolger\u00e0 nella capitale cinese<\/span>.<\/p>\n<p><img loading=\"lazy\" decoding=\"async\" class=\"alignnone size-full wp-image-961\" src=\"http:\/\/www.biancoscuro.it\/site\/wp-content\/uploads\/2014\/03\/maxtin2.png\" alt=\"maxtin2\" width=\"621\" height=\"882\" srcset=\"https:\/\/www.biancoscuro.it\/site\/wp-content\/uploads\/2014\/03\/maxtin2.png 621w, https:\/\/www.biancoscuro.it\/site\/wp-content\/uploads\/2014\/03\/maxtin2-211x300.png 211w, https:\/\/www.biancoscuro.it\/site\/wp-content\/uploads\/2014\/03\/maxtin2-600x852.png 600w\" sizes=\"auto, (max-width: 621px) 100vw, 621px\" \/><\/p>\n<p>La\u00a0<strong>Liveitaly<\/strong>, azienda italiana leader nella selezione dei migliori vitigni e nella produzione di corposi rossi ed eleganti bianchi, <span style=\"text-decoration: underline;\">ha\u00a0presentato Maxtin ed il Presidente della Beijing International Wine Exhibition (Esposizione Internazionale del vino), che <!--more-->entusiasta delle opere di Wine Art e considerandole, come nel resto del mondo ormai, un oggetto-simbolo del connubio tra creativit\u00e0 e lusso<\/span>,\u00a0ha messo a disposizione dell&#8217;artista un grande spazio\u00a0dove esibirsi in un live e creare in tempo reale\u00a0le sue bottiglie-gioiello, davanti ad un grande pubblico.<\/p>\n<p>Non solo opere pittoriche su tela, ma anche oggetti, <strong>un&#8217;evoluzione artistica che ha portato Maxtin a presentare proprio la sua collezione di Wine Art per la prima volta all&#8217;International Art Exibition di Parigi<\/strong>, esposizione in cui ha riscosso molti consensi sia da parte del pubblico che dalla critica, che l&#8217;ha continuato a seguire con sempre maggior interesse, confermando il talento sia creativo che tecnico che lo contraddistingue.<\/p>\n<p><img loading=\"lazy\" decoding=\"async\" class=\"alignnone\" src=\"http:\/\/media-cache-ak0.pinimg.com\/236x\/27\/97\/4d\/27974def7b4baba34f542bb519ef71df.jpg\" alt=\"\" width=\"236\" height=\"236\" \/><\/p>\n<p>Siamo fieri di avere fra i nostri soci un artista che con coraggio ha intrapreso questa nuova strada dell&#8217;arte ed i cui sforzi e la cui passione \u00e8 cos\u00ec ben riconosciuta non solo in Svizzera ed in Italia, ma in tutto il mondo: <span style=\"text-decoration: underline;\">l&#8217;approdo a Pechino \u00e8 il chiaro segno di quanta strada abbia gi\u00e0 percorso questo giovane artista<\/span>.<\/p>\n<p>&nbsp;<\/p>\n","protected":false},"excerpt":{"rendered":"<p><span class=\"span-reading-time rt-reading-time\" style=\"display: block;\"><span class=\"rt-label rt-prefix\">\u23f0 lettura <\/span> <span class=\"rt-time\"> 2<\/span> <span class=\"rt-label rt-postfix\">min. <\/p>\n<p><\/span><\/span>Dopo la copertina sulla nostra rivista sar\u00e0 ospite al Bejing International Wine Expo come artista d&#8217;eccellenza! Il nostro caro amico e associato BIANCOSCURO Massimo Basile, rivelazione degli ultimi tempi e creatore delle Wine Art e Geomart, sar\u00e0 a Pechino dal 29 al 31 luglio 2014 per realizzare dal vivo, davanti ad un pubblico di migliaia&hellip;&nbsp;<a href=\"https:\/\/www.biancoscuro.it\/site\/la-scalata-inarrestabile-di-maxtin\/\" rel=\"bookmark\">Leggi tutto &raquo;<span class=\"screen-reader-text\">La scalata inarrestabile di Maxtin<\/span><\/a><\/p>\n","protected":false},"author":1,"featured_media":0,"comment_status":"closed","ping_status":"closed","sticky":false,"template":"","format":"standard","meta":{"neve_meta_sidebar":"","neve_meta_container":"","neve_meta_enable_content_width":"","neve_meta_content_width":0,"neve_meta_title_alignment":"","neve_meta_author_avatar":"","neve_post_elements_order":"","neve_meta_disable_header":"","neve_meta_disable_footer":"","neve_meta_disable_title":"","advanced_seo_description":"","jetpack_seo_html_title":"","jetpack_seo_noindex":false,"footnotes":""},"categories":[5,26,27,15],"tags":[],"class_list":["post-1588","post","type-post","status-publish","format-standard","hentry","category-arte","category-eventi","category-manifestazione","category-rivista-darte"],"jetpack_featured_media_url":"","jetpack_sharing_enabled":true,"jetpack-related-posts":[{"id":960,"url":"https:\/\/www.biancoscuro.it\/site\/stars-on-art-mercedes-benz-and-maxtin-4-aprile-2014-lugano-ch\/","url_meta":{"origin":1588,"position":0},"title":"\u201cSTARS ON ART\u201d Mercedes-Benz and Maxtin &#8211; 4 aprile 2014 Lugano CH","author":"Redazione BIANCOSCURO","date":"1 Aprile 2014","format":false,"excerpt":"\u201cSTARS ON ART\u201d\u00a0Mercedes-Benz and Maxtin dal 4 aprile \u00a0al 30 aprile 2014 Mostra Personale di Maxtin\u00a0 presso\u00a0Mercedes-Benz - Lugano Pazzallo (CH) Vernissage 4 Aprile 2014 ore 18,30 -\u00a0Ingresso solo su invito \u201cWine Art & GeomArt\u201d il 4 aprile 2014 a Lugano, \u201cle stelle\u201d di Maxtin brilleranno accanto a quelle della\u2026","rel":"","context":"In &quot;arte&quot;","block_context":{"text":"arte","link":"https:\/\/www.biancoscuro.it\/site\/category\/arte\/"},"img":{"alt_text":"MAXTIN MERCEDES-BENZ -  BIANCOSCURO ART MAGAZINE - rivista d'arte -","src":"https:\/\/i0.wp.com\/www.mercedes-benz.ch\/content\/switzerland\/mpc\/mpc_switzerland_website\/it\/home_mpc\/passengercars.d2VsY29tZXNjcmVlbi5TaW5nbGU~-1984290373-FallbackImage.jpeg?resize=350%2C200","width":350,"height":200,"srcset":"https:\/\/i0.wp.com\/www.mercedes-benz.ch\/content\/switzerland\/mpc\/mpc_switzerland_website\/it\/home_mpc\/passengercars.d2VsY29tZXNjcmVlbi5TaW5nbGU~-1984290373-FallbackImage.jpeg?resize=350%2C200 1x, https:\/\/i0.wp.com\/www.mercedes-benz.ch\/content\/switzerland\/mpc\/mpc_switzerland_website\/it\/home_mpc\/passengercars.d2VsY29tZXNjcmVlbi5TaW5nbGU~-1984290373-FallbackImage.jpeg?resize=525%2C300 1.5x"},"classes":[]},{"id":1269,"url":"https:\/\/www.biancoscuro.it\/site\/technology-art-8-maggio-2014-lugano-ch\/","url_meta":{"origin":1588,"position":1},"title":"&#8220;Technology &#038; Art&#8221; &#8211; 8 Maggio 2014 &#8211; Lugano CH","author":"Redazione BIANCOSCURO","date":"29 Aprile 2014","format":false,"excerpt":"\u201cTechnology & Art\u201d presso Bang & Olufsen - Lugano CH Presentazione in anteprima mondiale del nuovo televisore Bang & Olufsen\u00a0in contemporanea con Copenaghen, Monaco, Londra e New York. Durante l'evento\u00a0saranno presentate ed esposte le opere di\u00a0Maxtin,\u00a0artista italiano\u00a0che vive in Svizzera, al quale BIANCOSCURO ART MAGAZINE ha dedicato la copertina. \u201cWine\u2026","rel":"","context":"In &quot;arte&quot;","block_context":{"text":"arte","link":"https:\/\/www.biancoscuro.it\/site\/category\/arte\/"},"img":{"alt_text":"bang olufsen central park lugano rivista d'arte biancoscuro art magazine","src":"https:\/\/i0.wp.com\/beostores.bang-olufsen.ch\/files\/Media\/Top-images\/default.jpg?resize=350%2C200","width":350,"height":200,"srcset":"https:\/\/i0.wp.com\/beostores.bang-olufsen.ch\/files\/Media\/Top-images\/default.jpg?resize=350%2C200 1x, https:\/\/i0.wp.com\/beostores.bang-olufsen.ch\/files\/Media\/Top-images\/default.jpg?resize=525%2C300 1.5x"},"classes":[]},{"id":1793,"url":"https:\/\/www.biancoscuro.it\/site\/lines-for-stars-mercedes-benz-and-maxtin\/","url_meta":{"origin":1588,"position":2},"title":"\u201c LineS for Stars\u201d Mercedes-Benz and Maxtin &#8211; 25 settembre 2014 Lugano CH","author":"Redazione BIANCOSCURO","date":"17 Settembre 2014","format":false,"excerpt":"\u201cLineS for Stars\u201d\u00a0Mercedes-Benz and Maxtin 25 settembre\u00a02014 ore 19.15 Mostra Personale di\u00a0Maxtin\u00a0 presso\u00a0Mercedes-Benz - Lugano Pazzallo (CH) Ingresso solo ed esclusivamente su invito! Gioved\u00ec 25 settembre 2014, a partire dalle ore 19.15, si svolger\u00e0 in Svizzera, a Lugano, l\u2019evento \u201cLineS for Stars\u201d. Nello Showroom Mercedes-Benz \u201cDream Car\u201d, in occasione della\u2026","rel":"","context":"In &quot;arte&quot;","block_context":{"text":"arte","link":"https:\/\/www.biancoscuro.it\/site\/category\/arte\/"},"img":{"alt_text":"","src":"https:\/\/i0.wp.com\/www.biancoscuro.it\/site\/wp-content\/uploads\/2014\/09\/maxtinemercedes.jpg?resize=350%2C200&ssl=1","width":350,"height":200,"srcset":"https:\/\/i0.wp.com\/www.biancoscuro.it\/site\/wp-content\/uploads\/2014\/09\/maxtinemercedes.jpg?resize=350%2C200&ssl=1 1x, https:\/\/i0.wp.com\/www.biancoscuro.it\/site\/wp-content\/uploads\/2014\/09\/maxtinemercedes.jpg?resize=525%2C300&ssl=1 1.5x"},"classes":[]},{"id":3413,"url":"https:\/\/www.biancoscuro.it\/site\/venice-international-art-exhibition\/","url_meta":{"origin":1588,"position":3},"title":"Venice International Art Exhibition","author":"Redazione BIANCOSCURO","date":"27 Novembre 2015","format":false,"excerpt":"Official opening december 4 Free entry Curated by Giuseppe Carnevale \"Arte & Evento\" in collaboration with BIANCOSCURO, liberementi & Maxtin. Anita Peghini-R\u00e4ber Alejandro Hermann Carmela Iacovelli Claudia Cor\u00f2 Cheng yu Hsun Ilya Ibryaev Melinda Barwanietz Bezeredy Osvaldo Mariscotti Olga Shakleina Renzo Sbolci Robert Mart\u00ed Sandrine Maia Joan Ma\u00f1e Fort Jose\u2026","rel":"","context":"In &quot;arte&quot;","block_context":{"text":"arte","link":"https:\/\/www.biancoscuro.it\/site\/category\/arte\/"},"img":{"alt_text":"","src":"https:\/\/i0.wp.com\/www.biancoscuro.it\/site\/wp-content\/uploads\/2014\/02\/locandina.jpg?resize=350%2C200&ssl=1","width":350,"height":200,"srcset":"https:\/\/i0.wp.com\/www.biancoscuro.it\/site\/wp-content\/uploads\/2014\/02\/locandina.jpg?resize=350%2C200&ssl=1 1x, https:\/\/i0.wp.com\/www.biancoscuro.it\/site\/wp-content\/uploads\/2014\/02\/locandina.jpg?resize=525%2C300&ssl=1 1.5x"},"classes":[]},{"id":1381,"url":"https:\/\/www.biancoscuro.it\/site\/arte-a-pavia-biancoscuro-in-mostra\/","url_meta":{"origin":1588,"position":4},"title":"Arte a Pavia: Biancoscuro in mostra!","author":"Redazione BIANCOSCURO","date":"13 Maggio 2014","format":false,"excerpt":"Sei meritevoli artisti contemporanei, un'anteprima nazionale e due live performance: l'11 maggio si \u00e8 tenuta l'inaugurazione della mostra collettiva. In mostra le opere di Maria Zimari, Rosalba Trentini, Inihccor, Fiorenza Orseoli , Giorgio Gost e Maxtin, tutti insieme hanno contribuito a rendere magica l'esposizione. All'inaugurazione dopo i brindisi di rito,\u2026","rel":"","context":"In &quot;arte&quot;","block_context":{"text":"arte","link":"https:\/\/www.biancoscuro.it\/site\/category\/arte\/"},"img":{"alt_text":"","src":"https:\/\/scontent-a-mxp.xx.fbcdn.net\/hphotos-prn2\/l\/t1.0-9\/q71\/s720x720\/10254984_781731811845449_4464840923230724577_n.jpg","width":350,"height":200,"srcset":"https:\/\/scontent-a-mxp.xx.fbcdn.net\/hphotos-prn2\/l\/t1.0-9\/q71\/s720x720\/10254984_781731811845449_4464840923230724577_n.jpg 1x, https:\/\/scontent-a-mxp.xx.fbcdn.net\/hphotos-prn2\/l\/t1.0-9\/q71\/s720x720\/10254984_781731811845449_4464840923230724577_n.jpg 1.5x"},"classes":[]},{"id":1837,"url":"https:\/\/www.biancoscuro.it\/site\/biancoscuro-art-magazine-online-numero\/","url_meta":{"origin":1588,"position":5},"title":"BIANCOSCURO Art Magazine! Online il nuovo numero&#8230;","author":"Redazione BIANCOSCURO","date":"7 Ottobre 2014","format":false,"excerpt":"BIANCOSCURO Art Magazine \u00c8 finalmente on-line il nuovo BIANCOSCURO\u00a0Biancoscuro Rivista d\u2019Arte. Sfoglia qui sotto l\u2019anteprima di\u00a0BIANCOSCURO Art Magazine\u00a0o\u00a0scarica la versione integrale.\u00a0Iscriviti alla nostra\u00a0mailing list\u00a0per essere costantemente aggiornato sui nostri eventi sulle nostre attivit\u00e0:\u00a0inserisci nome, cognome ed e-mail nei campi qui a destra per ricevere gratuitamente nella tua casella email. In\u2026","rel":"","context":"In &quot;arte&quot;","block_context":{"text":"arte","link":"https:\/\/www.biancoscuro.it\/site\/category\/arte\/"},"img":{"alt_text":"BRA_6-2014_Cop-L","src":"https:\/\/i0.wp.com\/www.biancoscuro.it\/site\/wp-content\/uploads\/2014\/10\/BRA_6-2014_Cop-L.jpg?resize=350%2C200","width":350,"height":200},"classes":[]}],"_links":{"self":[{"href":"https:\/\/www.biancoscuro.it\/site\/wp-json\/wp\/v2\/posts\/1588","targetHints":{"allow":["GET"]}}],"collection":[{"href":"https:\/\/www.biancoscuro.it\/site\/wp-json\/wp\/v2\/posts"}],"about":[{"href":"https:\/\/www.biancoscuro.it\/site\/wp-json\/wp\/v2\/types\/post"}],"author":[{"embeddable":true,"href":"https:\/\/www.biancoscuro.it\/site\/wp-json\/wp\/v2\/users\/1"}],"replies":[{"embeddable":true,"href":"https:\/\/www.biancoscuro.it\/site\/wp-json\/wp\/v2\/comments?post=1588"}],"version-history":[{"count":0,"href":"https:\/\/www.biancoscuro.it\/site\/wp-json\/wp\/v2\/posts\/1588\/revisions"}],"wp:attachment":[{"href":"https:\/\/www.biancoscuro.it\/site\/wp-json\/wp\/v2\/media?parent=1588"}],"wp:term":[{"taxonomy":"category","embeddable":true,"href":"https:\/\/www.biancoscuro.it\/site\/wp-json\/wp\/v2\/categories?post=1588"},{"taxonomy":"post_tag","embeddable":true,"href":"https:\/\/www.biancoscuro.it\/site\/wp-json\/wp\/v2\/tags?post=1588"}],"curies":[{"name":"wp","href":"https:\/\/api.w.org\/{rel}","templated":true}]}}