{"id":15972,"date":"2023-05-02T10:04:42","date_gmt":"2023-05-02T09:04:42","guid":{"rendered":"https:\/\/www.biancoscuro.it\/site\/?p=15972"},"modified":"2023-05-09T11:02:36","modified_gmt":"2023-05-09T10:02:36","slug":"michelangelo-pistoletto-a-palazzo-reale","status":"publish","type":"post","link":"https:\/\/www.biancoscuro.it\/site\/michelangelo-pistoletto-a-palazzo-reale\/","title":{"rendered":"Michelangelo Pistoletto a Palazzo Reale"},"content":{"rendered":"<span class=\"span-reading-time rt-reading-time\" style=\"display: block;\"><span class=\"rt-label rt-prefix\">\u23f0 lettura <\/span> <span class=\"rt-time\"> 2<\/span> <span class=\"rt-label rt-postfix\">min. <br><br><\/span><\/span>\n<figure class=\"wp-block-image size-full\"><img loading=\"lazy\" decoding=\"async\" width=\"999\" height=\"749\" src=\"https:\/\/www.biancoscuro.it\/site\/wp-content\/uploads\/2023\/05\/Michelangelo-Pistoletto_Venere-degli-stracci_1967-2013_polistirene-resina-e-acrilico_300x450x150-cm_A.-Lacirasella-999.jpg\" alt=\"\" class=\"wp-image-15975\" srcset=\"https:\/\/www.biancoscuro.it\/site\/wp-content\/uploads\/2023\/05\/Michelangelo-Pistoletto_Venere-degli-stracci_1967-2013_polistirene-resina-e-acrilico_300x450x150-cm_A.-Lacirasella-999.jpg 999w, https:\/\/www.biancoscuro.it\/site\/wp-content\/uploads\/2023\/05\/Michelangelo-Pistoletto_Venere-degli-stracci_1967-2013_polistirene-resina-e-acrilico_300x450x150-cm_A.-Lacirasella-999-300x225.jpg 300w, https:\/\/www.biancoscuro.it\/site\/wp-content\/uploads\/2023\/05\/Michelangelo-Pistoletto_Venere-degli-stracci_1967-2013_polistirene-resina-e-acrilico_300x450x150-cm_A.-Lacirasella-999-768x576.jpg 768w\" sizes=\"auto, (max-width: 999px) 100vw, 999px\" \/><figcaption class=\"wp-element-caption\"><em>Michelangelo Pistoletto &#8220;Venere degli stracci&#8221;, 1967-2013, polistirene, resina e acrilico, 300x450x150 cm. \u00a9 Ph. A.Lacirasella<\/em><\/figcaption><\/figure>\n\n\n\n<hr class=\"wp-block-separator has-alpha-channel-opacity\"\/>\n\n\n\n<p>Sala delle Cariatidi, a <strong>Palazzo Reale<\/strong> di Milano, ospita dallo scorso 23 marzo una mostra che rende ancora pi\u00f9 suggestivo l\u2019ambiente: sto parlando di <strong>\u201cLa Pace Preventiva\u201d<\/strong>, solo exhibition di <strong>Michelangelo Pistoletto<\/strong>. A cura di <strong>Fortunato D\u2019Amico<\/strong>, \u00e8 parte di Milano Art Week (11-16 aprile 2023), la manifestazione diffusa che mette in rete le principali istituzioni pubbliche e le fondazioni private della citt\u00e0 che si occupano di arte moderna e contemporanea. La mostra \u00e8 di per s\u00e8 <strong>una grande installazione: il visitatore deve necessariamente compiere un percorso sinuoso<\/strong> e disorientante camminando all\u2019interno del <strong>Labirinto<\/strong>. In questo <em>\u201claborioso marchingegno dell\u2019arte\u201d<\/em>, ad ogni bivio dovr\u00e0 scegliere il tragitto da effettuare per raggiungere le altre opere in esposizione, soffermarsi davanti a esse e riflettere sulla loro esistenza.<strong> Il Labirinto segnala la presenza della dualit\u00e0 contrapposta tra il mostro e la virt\u00f9.<\/strong> Per chi si addentra nelle sue trame, cos\u00ec come fece l\u2019eroe Teseo, \u00e8 necessario avanzare evitando passi falsi che potrebbero compromettere la sua vita e quella degli altri. Il rischio \u00e8 di essere fagocitati dall\u2019unico abitante che dimora nel labirinto, il Minotauro, simbolo universale di tutti i conflitti.<\/p>\n\n\n\n<figure class=\"wp-block-image size-full\"><img loading=\"lazy\" decoding=\"async\" width=\"999\" height=\"667\" src=\"https:\/\/www.biancoscuro.it\/site\/wp-content\/uploads\/2023\/05\/Michelangelo-Pistoletto_La-Mela-reintegrata_2007_mela-reintegrata_-polistirene-lana-e-acciaio_300x300x300-cm_-Eleonora-Angius999.jpg\" alt=\"\" class=\"wp-image-15976\" srcset=\"https:\/\/www.biancoscuro.it\/site\/wp-content\/uploads\/2023\/05\/Michelangelo-Pistoletto_La-Mela-reintegrata_2007_mela-reintegrata_-polistirene-lana-e-acciaio_300x300x300-cm_-Eleonora-Angius999.jpg 999w, https:\/\/www.biancoscuro.it\/site\/wp-content\/uploads\/2023\/05\/Michelangelo-Pistoletto_La-Mela-reintegrata_2007_mela-reintegrata_-polistirene-lana-e-acciaio_300x300x300-cm_-Eleonora-Angius999-300x200.jpg 300w, https:\/\/www.biancoscuro.it\/site\/wp-content\/uploads\/2023\/05\/Michelangelo-Pistoletto_La-Mela-reintegrata_2007_mela-reintegrata_-polistirene-lana-e-acciaio_300x300x300-cm_-Eleonora-Angius999-768x513.jpg 768w\" sizes=\"auto, (max-width: 999px) 100vw, 999px\" \/><figcaption class=\"wp-element-caption\"><em>Michelangelo Pistoletto, &#8220;La Mela reintegrata&#8221;, 2007, mela reintegrata, polistirene, lana e acciaio, 300x300x300 cm. \u00a9 Ph. E.Angius<\/em><\/figcaption><\/figure>\n\n\n\n<hr class=\"wp-block-separator has-alpha-channel-opacity\"\/>\n\n\n\n<p><em>\u201cOggi l\u2019umanit\u00e0 \u00e8 calata in un immenso labirinto edificato su scala globale, <\/em><strong><em>sconfiggere l\u2019ancestrale emblema del male<\/em><\/strong><em> dall\u2019istinto guerrafondaio non \u00e8 certo cosa facile; l\u2019esito non \u00e8 scontato e il successo non \u00e8 garantito. Nel labirinto si entra e si esce solo avendo cura di redigere un meticoloso progetto di idee, pianificando ogni dettaglio per raggiungere gli intenti prefissati. \u00c8 solo <\/em><strong><em>attraverso la pratica della Pace Preventiva che potremo annientare il mostro <\/em><\/strong><em>e abbandonare definitivamente il labirinto dei conflitti\u201d<\/em> , ha dichiarato il curatore della mostra Fortunato D\u2019Amico. La mostra si estende con tre installazioni nei <strong>Musei scientifici<\/strong> del Comune di Milano, <strong>Museo di Storia Naturale<\/strong>, <strong>Planetario e Acquario Civico<\/strong>, che ospiteranno una serie di incontri di approfondimento nei mesi di apertura della mostra stessa. <strong>La Pace<\/strong> diventa cos\u00ec il fil rouge di un piano culturale svolto all\u2019interno del labirinto sociale.<\/p>\n\n\n\n<figure class=\"wp-block-image size-full\"><img loading=\"lazy\" decoding=\"async\" width=\"999\" height=\"979\" src=\"https:\/\/www.biancoscuro.it\/site\/wp-content\/uploads\/2023\/05\/Michelangelo-Pistoletto_Ragno-del-Terzo-Paradiso_2010_metallo-e-tessuti_-500x2000x800-cm_ph.EnricoAmici999.jpg\" alt=\"\" class=\"wp-image-15977\" srcset=\"https:\/\/www.biancoscuro.it\/site\/wp-content\/uploads\/2023\/05\/Michelangelo-Pistoletto_Ragno-del-Terzo-Paradiso_2010_metallo-e-tessuti_-500x2000x800-cm_ph.EnricoAmici999.jpg 999w, https:\/\/www.biancoscuro.it\/site\/wp-content\/uploads\/2023\/05\/Michelangelo-Pistoletto_Ragno-del-Terzo-Paradiso_2010_metallo-e-tessuti_-500x2000x800-cm_ph.EnricoAmici999-300x294.jpg 300w, https:\/\/www.biancoscuro.it\/site\/wp-content\/uploads\/2023\/05\/Michelangelo-Pistoletto_Ragno-del-Terzo-Paradiso_2010_metallo-e-tessuti_-500x2000x800-cm_ph.EnricoAmici999-768x753.jpg 768w\" sizes=\"auto, (max-width: 999px) 100vw, 999px\" \/><figcaption class=\"wp-element-caption\">Michelangelo Pistoletto, &#8220;Ragno del Terzo Paradiso&#8221;, 2010, metallo e tessuti, 500x2000x800 cm.<br \/>\u00a9 Ph. E.Amici<\/figcaption><\/figure>\n\n\n\n<hr class=\"wp-block-separator has-alpha-channel-opacity\"\/>\n\n\n\n<pre class=\"wp-block-preformatted\">INFO\n<strong>Michelangelo Pistoletto\n<\/strong>La Pace Preventiva\n\nPalazzo Reale\nSala delle Cariatidi\nMilano\n\ndal 23 marzo al 4 giugno 2023\nwww.palazzorealemilano.it<\/pre>\n","protected":false},"excerpt":{"rendered":"<p><span class=\"span-reading-time rt-reading-time\" style=\"display: block;\"><span class=\"rt-label rt-prefix\">\u23f0 lettura <\/span> <span class=\"rt-time\"> 2<\/span> <span class=\"rt-label rt-postfix\">min. <\/p>\n<p><\/span><\/span>Sala delle Cariatidi, a Palazzo Reale di Milano, ospita dallo scorso 23 marzo una mostra che rende ancora pi\u00f9 suggestivo l\u2019ambiente: sto parlando di \u201cLa Pace Preventiva\u201d, solo exhibition di Michelangelo Pistoletto. A cura di Fortunato D\u2019Amico, \u00e8 parte di Milano Art Week (11-16 aprile 2023), la manifestazione diffusa che mette in rete le principali&hellip;&nbsp;<a href=\"https:\/\/www.biancoscuro.it\/site\/michelangelo-pistoletto-a-palazzo-reale\/\" rel=\"bookmark\">Leggi tutto &raquo;<span class=\"screen-reader-text\">Michelangelo Pistoletto a Palazzo Reale<\/span><\/a><\/p>\n","protected":false},"author":1,"featured_media":15974,"comment_status":"closed","ping_status":"closed","sticky":false,"template":"","format":"standard","meta":{"neve_meta_sidebar":"","neve_meta_container":"","neve_meta_enable_content_width":"","neve_meta_content_width":0,"neve_meta_title_alignment":"","neve_meta_author_avatar":"","neve_post_elements_order":"","neve_meta_disable_header":"","neve_meta_disable_footer":"","neve_meta_disable_title":"","advanced_seo_description":"","jetpack_seo_html_title":"","jetpack_seo_noindex":false,"footnotes":""},"categories":[5],"tags":[],"class_list":["post-15972","post","type-post","status-publish","format-standard","has-post-thumbnail","hentry","category-arte"],"jetpack_featured_media_url":"https:\/\/www.biancoscuro.it\/site\/wp-content\/uploads\/2023\/05\/Michelangelo-Pistoletto_Venere-degli-stracci_1967-2013_polistirene-resina-e-acrilico_300x450x150-cm_A.-Lacirasella-333.jpg","jetpack_sharing_enabled":true,"jetpack-related-posts":[{"id":18639,"url":"https:\/\/www.biancoscuro.it\/site\/art-basel-unlimited-art-tour-video\/","url_meta":{"origin":15972,"position":0},"title":"Art Basel &#8211; Unlimited &#8211; Art Tour [VIDEO]","author":"Redazione BIANCOSCURO","date":"23 Giugno 2025","format":false,"excerpt":"Un'esplorazione in 4K di Art Basel UNLIMITED, la sezione dedicata alle opere MONUMENTALI, guidata dall'occhio esperto di BIANCOSCURO Art Magazine. Art Basel in Basel si \u00e8 da poco conclusa, se te la sei persa non temere... puoi ancora recuperare. A guidarci in un itinerario esclusivo attraverso le gigantesche opere \u00e8\u2026","rel":"","context":"In &quot;Art Tour&quot;","block_context":{"text":"Art Tour","link":"https:\/\/www.biancoscuro.it\/site\/category\/art-tour\/"},"img":{"alt_text":"","src":"https:\/\/i0.wp.com\/www.biancoscuro.it\/site\/wp-content\/uploads\/2025\/06\/ArtBaselUNLIMITED25-IMG_2516SITO.jpg?resize=350%2C200&ssl=1","width":350,"height":200,"srcset":"https:\/\/i0.wp.com\/www.biancoscuro.it\/site\/wp-content\/uploads\/2025\/06\/ArtBaselUNLIMITED25-IMG_2516SITO.jpg?resize=350%2C200&ssl=1 1x, https:\/\/i0.wp.com\/www.biancoscuro.it\/site\/wp-content\/uploads\/2025\/06\/ArtBaselUNLIMITED25-IMG_2516SITO.jpg?resize=525%2C300&ssl=1 1.5x, https:\/\/i0.wp.com\/www.biancoscuro.it\/site\/wp-content\/uploads\/2025\/06\/ArtBaselUNLIMITED25-IMG_2516SITO.jpg?resize=700%2C400&ssl=1 2x"},"classes":[]},{"id":16439,"url":"https:\/\/www.biancoscuro.it\/site\/biancoscuro-leditoriale-di-vincenzo-chetta-59-agosto-settembre-2023\/","url_meta":{"origin":15972,"position":1},"title":"BIANCOSCURO, l\u2019editoriale di Vincenzo Chetta &#8211; #59 AGOSTO\/SETTEMBRE 2023","author":"Vincenzo Chetta","date":"1 Agosto 2023","format":false,"excerpt":"Il numero di agosto\/settembre ha, da sempre, un sapore particolare: sa di vacanze estive, di visite nelle migliori citt\u00e0 d\u2019arte e nei borghi sconosciuti dalle storie affascinanti, di viaggi alla scoperta della tanta cultura di cui il nostro Belpaese \u00e8 custode da millenni (con buona pace del Colosseo vandalizzato e\u2026","rel":"","context":"In &quot;art magazine&quot;","block_context":{"text":"art magazine","link":"https:\/\/www.biancoscuro.it\/site\/category\/art-magazine\/"},"img":{"alt_text":"","src":"https:\/\/i0.wp.com\/www.biancoscuro.it\/site\/wp-content\/uploads\/2023\/09\/PISTOLETTO_Infinity_999.jpg?resize=350%2C200&ssl=1","width":350,"height":200,"srcset":"https:\/\/i0.wp.com\/www.biancoscuro.it\/site\/wp-content\/uploads\/2023\/09\/PISTOLETTO_Infinity_999.jpg?resize=350%2C200&ssl=1 1x, https:\/\/i0.wp.com\/www.biancoscuro.it\/site\/wp-content\/uploads\/2023\/09\/PISTOLETTO_Infinity_999.jpg?resize=525%2C300&ssl=1 1.5x, https:\/\/i0.wp.com\/www.biancoscuro.it\/site\/wp-content\/uploads\/2023\/09\/PISTOLETTO_Infinity_999.jpg?resize=700%2C400&ssl=1 2x"},"classes":[]},{"id":7632,"url":"https:\/\/www.biancoscuro.it\/site\/giovedi-26-luglio-apertura-prevendite-grande-mostra-picasso-metamorfosi-a-palazzo-reale-a-milano-dal-18-ottobre-al-17-febbraio\/","url_meta":{"origin":15972,"position":2},"title":"Gioved\u00ec 26 luglio apertura prevendite grande mostra PICASSO METAMORFOSI a Palazzo Reale a Milano dal 18 ottobre al 17 febbraio","author":"Chiara","date":"23 Luglio 2018","format":false,"excerpt":"PICASSO\u00a0Metamorfosi Palazzo Reale, Milano dal 18 ottobre 2018 al 17 febbraio 2019 \u00a0 Dal 26 luglio aprono le prenotazioni anche ai singoli visitatori A partire dalle ore 9.00 di gioved\u00ec 26 luglio 2018 aprono le prevendite per la grande \u00a0mostra PICASSO METAMORFOSI in programma a Palazzo Reale a Milano dal\u2026","rel":"","context":"In &quot;arte&quot;","block_context":{"text":"arte","link":"https:\/\/www.biancoscuro.it\/site\/category\/arte\/"},"img":{"alt_text":"","src":"https:\/\/i0.wp.com\/www.biancoscuro.it\/site\/wp-content\/uploads\/2018\/07\/1.-PICASSO-Il-bacio.jpg?resize=350%2C200&ssl=1","width":350,"height":200,"srcset":"https:\/\/i0.wp.com\/www.biancoscuro.it\/site\/wp-content\/uploads\/2018\/07\/1.-PICASSO-Il-bacio.jpg?resize=350%2C200&ssl=1 1x, https:\/\/i0.wp.com\/www.biancoscuro.it\/site\/wp-content\/uploads\/2018\/07\/1.-PICASSO-Il-bacio.jpg?resize=525%2C300&ssl=1 1.5x, https:\/\/i0.wp.com\/www.biancoscuro.it\/site\/wp-content\/uploads\/2018\/07\/1.-PICASSO-Il-bacio.jpg?resize=700%2C400&ssl=1 2x, https:\/\/i0.wp.com\/www.biancoscuro.it\/site\/wp-content\/uploads\/2018\/07\/1.-PICASSO-Il-bacio.jpg?resize=1050%2C600&ssl=1 3x"},"classes":[]},{"id":12865,"url":"https:\/\/www.biancoscuro.it\/site\/al-via-le-prenotazioni-per-tiziano-a-palazzo-reale-a-milano\/","url_meta":{"origin":15972,"position":3},"title":"Al via le prenotazioni per Tiziano a Palazzo Reale a Milano","author":"Chiara","date":"31 Gennaio 2022","format":false,"excerpt":"Sono aperte le prenotazioni per la grande mostra\u00a0Tiziano e l\u2019immagine della donna nel Cinquecento veneziano\u00a0che sar\u00e0 aperta a Palazzo Reale dal 23 febbraio al 5 giugno prossimi. La mostra \u00e8\u00a0promossa e prodotta da Comune di Milano\u2013Cultura, Palazzo Reale e Skira editore,\u00a0in collaborazione con il\u00a0Kunsthistorisches Museum di Vienna.\u00a0 La Fondazione Bracco\u2026","rel":"","context":"In &quot;arte&quot;","block_context":{"text":"arte","link":"https:\/\/www.biancoscuro.it\/site\/category\/arte\/"},"img":{"alt_text":"","src":"https:\/\/i0.wp.com\/www.biancoscuro.it\/site\/wp-content\/uploads\/2022\/02\/6-TIZIANO-Lucrezia-e-suo-marito-1515-ca.jpg?resize=350%2C200&ssl=1","width":350,"height":200,"srcset":"https:\/\/i0.wp.com\/www.biancoscuro.it\/site\/wp-content\/uploads\/2022\/02\/6-TIZIANO-Lucrezia-e-suo-marito-1515-ca.jpg?resize=350%2C200&ssl=1 1x, https:\/\/i0.wp.com\/www.biancoscuro.it\/site\/wp-content\/uploads\/2022\/02\/6-TIZIANO-Lucrezia-e-suo-marito-1515-ca.jpg?resize=525%2C300&ssl=1 1.5x, https:\/\/i0.wp.com\/www.biancoscuro.it\/site\/wp-content\/uploads\/2022\/02\/6-TIZIANO-Lucrezia-e-suo-marito-1515-ca.jpg?resize=700%2C400&ssl=1 2x"},"classes":[]},{"id":13454,"url":"https:\/\/www.biancoscuro.it\/site\/terra-arte-2022\/","url_meta":{"origin":15972,"position":4},"title":"Terra-Arte 2022","author":"Roberta Melasecca","date":"13 Maggio 2022","format":false,"excerpt":"Il giorno 28 maggio 2022, alle ore 17.00, prende il via l\u2019Edizione 2022 di Terra-Arte con la presentazione delle nuove installazioni di Publia Cruciani, Alfonso Maria Isonzo, Carmine Leta, Wolfgang Richter e JudithWagner, seguita dalla performance musicale di Soul Moscato.\u00a0 Terra-Arte 2022 \u00e8 promossa dall\u2019Associazione Terra-Arte e si avvale del\u2026","rel":"","context":"In &quot;arte&quot;","block_context":{"text":"arte","link":"https:\/\/www.biancoscuro.it\/site\/category\/arte\/"},"img":{"alt_text":"","src":"https:\/\/i0.wp.com\/www.biancoscuro.it\/site\/wp-content\/uploads\/2022\/05\/Invito-terra-arte-copia.jpg?resize=350%2C200&ssl=1","width":350,"height":200,"srcset":"https:\/\/i0.wp.com\/www.biancoscuro.it\/site\/wp-content\/uploads\/2022\/05\/Invito-terra-arte-copia.jpg?resize=350%2C200&ssl=1 1x, https:\/\/i0.wp.com\/www.biancoscuro.it\/site\/wp-content\/uploads\/2022\/05\/Invito-terra-arte-copia.jpg?resize=525%2C300&ssl=1 1.5x, https:\/\/i0.wp.com\/www.biancoscuro.it\/site\/wp-content\/uploads\/2022\/05\/Invito-terra-arte-copia.jpg?resize=700%2C400&ssl=1 2x, https:\/\/i0.wp.com\/www.biancoscuro.it\/site\/wp-content\/uploads\/2022\/05\/Invito-terra-arte-copia.jpg?resize=1050%2C600&ssl=1 3x"},"classes":[]},{"id":8710,"url":"https:\/\/www.biancoscuro.it\/site\/ultima-settimana-per-picasso-a-palazzo-reale-a-milano\/","url_meta":{"origin":15972,"position":5},"title":"Ultima settimana per Picasso a Palazzo Reale a Milano","author":"Chiara","date":"11 Febbraio 2019","format":false,"excerpt":"C\u2019\u00c8 ANCORA UNA SETTIMANA DI TEMPO PER VISITARE LA GRANDE MOSTRA PICASSO METAMORFOSI A MILANO A PALAZZO REALE. Domenica 17 febbraio sar\u00e0 infatti l\u2019ultimo giorno di apertura della mostra (aperta dal 18 ottobre scorso), che in 116 giorni ha abbondantemente superato i 200.000 visitatori. Dedicata al rapporto multiforme e fecondo\u2026","rel":"","context":"In &quot;arte&quot;","block_context":{"text":"arte","link":"https:\/\/www.biancoscuro.it\/site\/category\/arte\/"},"img":{"alt_text":"","src":"https:\/\/i0.wp.com\/www.biancoscuro.it\/site\/wp-content\/uploads\/2019\/02\/2.-PICASSO-Labbraccio.jpg?resize=350%2C200&ssl=1","width":350,"height":200,"srcset":"https:\/\/i0.wp.com\/www.biancoscuro.it\/site\/wp-content\/uploads\/2019\/02\/2.-PICASSO-Labbraccio.jpg?resize=350%2C200&ssl=1 1x, https:\/\/i0.wp.com\/www.biancoscuro.it\/site\/wp-content\/uploads\/2019\/02\/2.-PICASSO-Labbraccio.jpg?resize=525%2C300&ssl=1 1.5x, https:\/\/i0.wp.com\/www.biancoscuro.it\/site\/wp-content\/uploads\/2019\/02\/2.-PICASSO-Labbraccio.jpg?resize=700%2C400&ssl=1 2x"},"classes":[]}],"_links":{"self":[{"href":"https:\/\/www.biancoscuro.it\/site\/wp-json\/wp\/v2\/posts\/15972","targetHints":{"allow":["GET"]}}],"collection":[{"href":"https:\/\/www.biancoscuro.it\/site\/wp-json\/wp\/v2\/posts"}],"about":[{"href":"https:\/\/www.biancoscuro.it\/site\/wp-json\/wp\/v2\/types\/post"}],"author":[{"embeddable":true,"href":"https:\/\/www.biancoscuro.it\/site\/wp-json\/wp\/v2\/users\/1"}],"replies":[{"embeddable":true,"href":"https:\/\/www.biancoscuro.it\/site\/wp-json\/wp\/v2\/comments?post=15972"}],"version-history":[{"count":0,"href":"https:\/\/www.biancoscuro.it\/site\/wp-json\/wp\/v2\/posts\/15972\/revisions"}],"wp:featuredmedia":[{"embeddable":true,"href":"https:\/\/www.biancoscuro.it\/site\/wp-json\/wp\/v2\/media\/15974"}],"wp:attachment":[{"href":"https:\/\/www.biancoscuro.it\/site\/wp-json\/wp\/v2\/media?parent=15972"}],"wp:term":[{"taxonomy":"category","embeddable":true,"href":"https:\/\/www.biancoscuro.it\/site\/wp-json\/wp\/v2\/categories?post=15972"},{"taxonomy":"post_tag","embeddable":true,"href":"https:\/\/www.biancoscuro.it\/site\/wp-json\/wp\/v2\/tags?post=15972"}],"curies":[{"name":"wp","href":"https:\/\/api.w.org\/{rel}","templated":true}]}}