{"id":16326,"date":"2023-06-19T20:20:38","date_gmt":"2023-06-19T18:20:38","guid":{"rendered":"https:\/\/www.biancoscuro.it\/site\/?p=16326"},"modified":"2023-06-19T20:21:07","modified_gmt":"2023-06-19T18:21:07","slug":"mali-weil-the-mountain-of-advanced-dreams","status":"publish","type":"post","link":"https:\/\/www.biancoscuro.it\/site\/mali-weil-the-mountain-of-advanced-dreams\/","title":{"rendered":"Mali Weil | The Mountain of Advanced Dreams"},"content":{"rendered":"<span class=\"span-reading-time rt-reading-time\" style=\"display: block;\"><span class=\"rt-label rt-prefix\">\u23f0 lettura <\/span> <span class=\"rt-time\"> 3<\/span> <span class=\"rt-label rt-postfix\">min. <br><br><\/span><\/span>\n<p>   <\/p>\n\n\n\n<p>Il Museo Nazionale della Montagna presenta la mostra <strong>The Mountain of Advanced Dreams<\/strong>, a cura di Andrea Lerda. L\u2019esposizione, \u00e8 il primo momento di restituzione del progetto artistico della piattaforma <strong>Mali Weil<\/strong>, vincitore della X edizione di Italian Council, programma di promozione internazionale dell\u2019arte italiana della Direzione Generale Creativit\u00e0 Contemporanea del Ministero della Cultura.<\/p>\n\n\n\n<figure class=\"wp-block-image size-full\"><img loading=\"lazy\" decoding=\"async\" width=\"999\" height=\"666\" src=\"https:\/\/www.biancoscuro.it\/site\/wp-content\/uploads\/2023\/06\/The-Mountain-of-Advanced-Dreams_courtesy-Mali-Weil_9.jpg\" alt=\"\" class=\"wp-image-16327\" srcset=\"https:\/\/www.biancoscuro.it\/site\/wp-content\/uploads\/2023\/06\/The-Mountain-of-Advanced-Dreams_courtesy-Mali-Weil_9.jpg 999w, https:\/\/www.biancoscuro.it\/site\/wp-content\/uploads\/2023\/06\/The-Mountain-of-Advanced-Dreams_courtesy-Mali-Weil_9-300x200.jpg 300w, https:\/\/www.biancoscuro.it\/site\/wp-content\/uploads\/2023\/06\/The-Mountain-of-Advanced-Dreams_courtesy-Mali-Weil_9-768x512.jpg 768w, https:\/\/www.biancoscuro.it\/site\/wp-content\/uploads\/2023\/06\/The-Mountain-of-Advanced-Dreams_courtesy-Mali-Weil_9-930x620.jpg 930w\" sizes=\"auto, (max-width: 999px) 100vw, 999px\" \/><\/figure>\n\n\n\n<p><strong>The Mountain of Advanced Dreams<\/strong> si concentra sul concetto di diplomazie interspecie, ovvero sulle possibilit\u00e0 che abbiamo di immaginare interazioni diverse tra esseri viventi. La ricerca si situa nell\u2019attuale tentativo di decostruire e riscrivere l\u2019attuale cartografia politica delle relazioni tra esseri umani e <em>other than human<\/em>, e vede impegnate contemporaneamente scienze e discipline umanistiche, arti visive e applicate. Attraverso una narrazione di impianto fictional e un approccio speculativo, <strong>Mali Weil<\/strong> attiva uno sfondamento narrativo che proietta il nostro immaginario verso un futuro prossimo nel quale le diplomazie interspecie sono praticate e allenate fin dalle scuole d\u2019infanzia.<\/p>\n\n\n\n<figure class=\"wp-block-image size-full\"><img loading=\"lazy\" decoding=\"async\" width=\"999\" height=\"642\" src=\"https:\/\/www.biancoscuro.it\/site\/wp-content\/uploads\/2023\/06\/The-Mountain-of-Advanced-Dreams_courtesy-Mali-Weil_11.jpg\" alt=\"\" class=\"wp-image-16328\" srcset=\"https:\/\/www.biancoscuro.it\/site\/wp-content\/uploads\/2023\/06\/The-Mountain-of-Advanced-Dreams_courtesy-Mali-Weil_11.jpg 999w, https:\/\/www.biancoscuro.it\/site\/wp-content\/uploads\/2023\/06\/The-Mountain-of-Advanced-Dreams_courtesy-Mali-Weil_11-300x193.jpg 300w, https:\/\/www.biancoscuro.it\/site\/wp-content\/uploads\/2023\/06\/The-Mountain-of-Advanced-Dreams_courtesy-Mali-Weil_11-768x494.jpg 768w\" sizes=\"auto, (max-width: 999px) 100vw, 999px\" \/><\/figure>\n\n\n\n<p><em>&#8220;Cenacoli diplomatici sono attivi in diverse parti del mondo, alle prese con problemi e conflitti che coinvolgono assemblaggi di specie e territori molto diversi, ciascuno con le proprie ritualit\u00e0, prassi e perfino leggi, in un tentativo di worlding di cui la mostra presenta un frammento&#8221;.<br \/>Mali Weil<\/em><\/p>\n\n\n\n<p>L\u2019esposizione include i lavori prodotti nell\u2019ambito di Italian Council X 2021 \u2013 un video a due canali dal titolo Rituals, un arazzo di grandi dimensioni intitolato Divina etDevorator e la serie Imago \u2013 in dialogo con alcune opere precedenti, tematicamente significative per una lettura pi\u00f9 completa e articolata di un\u2019ampia indagine dal carattere transdisciplinare.<\/p>\n\n\n\n<figure class=\"wp-block-image size-full\"><img loading=\"lazy\" decoding=\"async\" width=\"999\" height=\"505\" src=\"https:\/\/www.biancoscuro.it\/site\/wp-content\/uploads\/2023\/06\/The-Mountain-of-Advanced-Dreams_courtesy-Mali-Weil.jpg\" alt=\"\" class=\"wp-image-16329\" srcset=\"https:\/\/www.biancoscuro.it\/site\/wp-content\/uploads\/2023\/06\/The-Mountain-of-Advanced-Dreams_courtesy-Mali-Weil.jpg 999w, https:\/\/www.biancoscuro.it\/site\/wp-content\/uploads\/2023\/06\/The-Mountain-of-Advanced-Dreams_courtesy-Mali-Weil-300x152.jpg 300w, https:\/\/www.biancoscuro.it\/site\/wp-content\/uploads\/2023\/06\/The-Mountain-of-Advanced-Dreams_courtesy-Mali-Weil-768x388.jpg 768w\" sizes=\"auto, (max-width: 999px) 100vw, 999px\" \/><\/figure>\n\n\n\n<p><em>&#8220;Weil lavora a tutti i livelli ad una riscrittura delle relazioni tra esseri viventi, abbozzando il racconto di una possibile politica &#8220;oltreumana&#8221;, capace di far spazio alle istanze dell\u2019oltre umano su un piano di negoziazione oltre che di conflitto. In questa cosmogonia, due figure simboliche costituiscono un punto di fuga per la ricerca degli artisti: quella del diplomatico e quella del licantropo, idealmente connesse dal paradigma \u201cDivina et Devorator\u201d. Queste entit\u00e0, entrambe \u201cesseri di metamorfosi\u201d, si fanno interpreti di un atteggiamento di dialogo interspecifico ma aprono anche all\u2019accettazione della violenza dell\u2019ibridazione tra umano e animale, in una prospettiva di reciproca appartenenza ad un\u2019unica materia vivente, ponendo le basi per una nuova prospettiva di co-abitazione con il vivente. Divinare e Divorare sono dunque due atteggiamenti che aprono, quando propriamente accettati anche nei loro aspetti pi\u00f9 radicali, a un riposizionamento dell\u2019Anthropos&#8221;.<br \/>Andrea Lerda<\/em><\/p>\n\n\n\n<figure class=\"wp-block-image size-full\"><img loading=\"lazy\" decoding=\"async\" width=\"999\" height=\"562\" src=\"https:\/\/www.biancoscuro.it\/site\/wp-content\/uploads\/2023\/06\/The-Mountain-of-Advanced-Dreams_video-still_courtesy-Mali-Weil_8.jpg\" alt=\"\" class=\"wp-image-16331\" srcset=\"https:\/\/www.biancoscuro.it\/site\/wp-content\/uploads\/2023\/06\/The-Mountain-of-Advanced-Dreams_video-still_courtesy-Mali-Weil_8.jpg 999w, https:\/\/www.biancoscuro.it\/site\/wp-content\/uploads\/2023\/06\/The-Mountain-of-Advanced-Dreams_video-still_courtesy-Mali-Weil_8-300x169.jpg 300w, https:\/\/www.biancoscuro.it\/site\/wp-content\/uploads\/2023\/06\/The-Mountain-of-Advanced-Dreams_video-still_courtesy-Mali-Weil_8-768x432.jpg 768w\" sizes=\"auto, (max-width: 999px) 100vw, 999px\" \/><\/figure>\n\n\n\n<p>Per la vastit\u00e0 dei riferimenti trattati e con una modalit\u00e0 tipica di <strong>Mali Weil<\/strong>, il progetto <strong>The Mountain of Advanced Dreams<\/strong> non si risolve interamente nello spazio museale: ha infatti dato origine alla Scuola di Diplomazie Interspecie e Studi Licantropici, un\u2019istituzione diffusa che si pone come spazio di formazione e ricerca interdisciplinare con percorsi innovativi di approfondimento di competenze giuridiche, scientifiche, culturali, oniriche e narrative un tempo familiari all\u2019Occidente, con l\u2019obiettivo di formare le future generazioni di diplomatici e di diplomatiche. In mostra ci sono un serie di materiali prodotti nelle varie aperture della scuola nei mesi scorsi e una vasta bibliografia curata da <strong>Mali Weil<\/strong> e acquisita e resa disponibile dalla <strong>Biblioteca Nazionale del Club Alpino Italiano<\/strong>, che permette al pubblico di entrare in sintonia con i temi, la ricerca e le narrazioni che danno corpo al progetto.<\/p>\n\n\n\n<p><strong>The Mountain of Advanced Dreams<\/strong> \u00e8 realizzato grazie al sostegno di <strong>Italian Council<\/strong> (X edizione, 2021) e in partnership con una serie di istituzioni italiane e internazionali l\u2019opera \u00e8 destinata a entrare a far parte della collezione del <strong>Museo MADRE di Napoli<\/strong>.<\/p>\n\n\n\n<figure class=\"wp-block-image size-large\"><img loading=\"lazy\" decoding=\"async\" width=\"717\" height=\"1024\" src=\"https:\/\/www.biancoscuro.it\/site\/wp-content\/uploads\/2023\/06\/Foto_POSTER_THE-MOUNTAIN-OF-ADVANCED-DREAMS_MALI-WEIL-717x1024.jpg\" alt=\"\" class=\"wp-image-16332\" srcset=\"https:\/\/www.biancoscuro.it\/site\/wp-content\/uploads\/2023\/06\/Foto_POSTER_THE-MOUNTAIN-OF-ADVANCED-DREAMS_MALI-WEIL-717x1024.jpg 717w, https:\/\/www.biancoscuro.it\/site\/wp-content\/uploads\/2023\/06\/Foto_POSTER_THE-MOUNTAIN-OF-ADVANCED-DREAMS_MALI-WEIL-210x300.jpg 210w, https:\/\/www.biancoscuro.it\/site\/wp-content\/uploads\/2023\/06\/Foto_POSTER_THE-MOUNTAIN-OF-ADVANCED-DREAMS_MALI-WEIL-768x1097.jpg 768w, https:\/\/www.biancoscuro.it\/site\/wp-content\/uploads\/2023\/06\/Foto_POSTER_THE-MOUNTAIN-OF-ADVANCED-DREAMS_MALI-WEIL.jpg 999w\" sizes=\"auto, (max-width: 717px) 100vw, 717px\" \/><\/figure>\n\n\n\n<pre class=\"wp-block-preformatted\"><strong>Mali Weil<\/strong>\n<strong>The Mountain of Advanced Dreams\n<\/strong>Museo Nazionale della Montagna \n\u201cDuca Degli Abruzzi\u201d\nCAI Torino\nPiazzale Monte dei Cappuccini 7\nTorino\nOrari\nmarted\u00ec-venerd\u00ec 10.30-18.00\nsabato-domenica 10.00-18.00\n\nwww.museomontagna.org\nwww.mountainmuseums.org<\/pre>\n","protected":false},"excerpt":{"rendered":"<p><span class=\"span-reading-time rt-reading-time\" style=\"display: block;\"><span class=\"rt-label rt-prefix\">\u23f0 lettura <\/span> <span class=\"rt-time\"> 3<\/span> <span class=\"rt-label rt-postfix\">min. <\/p>\n<p><\/span><\/span>Il Museo Nazionale della Montagna presenta la mostra The Mountain of Advanced Dreams, a cura di Andrea Lerda. L\u2019esposizione, \u00e8 il primo momento di restituzione del progetto artistico della piattaforma Mali Weil, vincitore della X edizione di Italian Council, programma di promozione internazionale dell\u2019arte italiana della Direzione Generale Creativit\u00e0 Contemporanea del Ministero della Cultura. The&hellip;&nbsp;<a href=\"https:\/\/www.biancoscuro.it\/site\/mali-weil-the-mountain-of-advanced-dreams\/\" rel=\"bookmark\">Leggi tutto &raquo;<span class=\"screen-reader-text\">Mali Weil | The Mountain of Advanced Dreams<\/span><\/a><\/p>\n","protected":false},"author":1,"featured_media":16327,"comment_status":"closed","ping_status":"closed","sticky":false,"template":"","format":"standard","meta":{"neve_meta_sidebar":"","neve_meta_container":"","neve_meta_enable_content_width":"","neve_meta_content_width":0,"neve_meta_title_alignment":"","neve_meta_author_avatar":"","neve_post_elements_order":"","neve_meta_disable_header":"","neve_meta_disable_footer":"","neve_meta_disable_title":"","advanced_seo_description":"","jetpack_seo_html_title":"","jetpack_seo_noindex":false,"footnotes":""},"categories":[5,21,26,8,24,9],"tags":[40,2380],"class_list":["post-16326","post","type-post","status-publish","format-standard","has-post-thumbnail","hentry","category-arte","category-catalogo-darte","category-eventi","category-fotografia","category-mostre","category-video","tag-art-magazine","tag-mali-weil"],"jetpack_featured_media_url":"https:\/\/www.biancoscuro.it\/site\/wp-content\/uploads\/2023\/06\/The-Mountain-of-Advanced-Dreams_courtesy-Mali-Weil_9.jpg","jetpack_sharing_enabled":true,"jetpack-related-posts":[{"id":8659,"url":"https:\/\/www.biancoscuro.it\/site\/limmaginario-di-sandy-la-mostra-a-torino\/","url_meta":{"origin":16326,"position":0},"title":"L\u2019immaginario di Sandy. La mostra a Torino","author":"Redazione BIANCOSCURO","date":"30 Gennaio 2019","format":false,"excerpt":"Sandy Skoglund - Revenge of the goldfish 1981, color photograph Approx. 68.75x87.5 cm. Courtesy Paci Contemporary Gallery (Brescia\u2013Porto Cervo) \u201cSandy Skoglund. Visioni Ibride\u201d, la prima antologica dell\u2019artista statunitense, \u00e8 ospitata da CAMERA, a Torino. La mostra, realizzata con la collaborazione della Galleria Paci Contemporary di Brescia, \u00e8 accompagnata dal primo\u2026","rel":"","context":"In &quot;arte&quot;","block_context":{"text":"arte","link":"https:\/\/www.biancoscuro.it\/site\/category\/arte\/"},"img":{"alt_text":"","src":"https:\/\/i0.wp.com\/www.biancoscuro.it\/site\/wp-content\/uploads\/2019\/02\/32000.jpg?resize=350%2C200&ssl=1","width":350,"height":200,"srcset":"https:\/\/i0.wp.com\/www.biancoscuro.it\/site\/wp-content\/uploads\/2019\/02\/32000.jpg?resize=350%2C200&ssl=1 1x, https:\/\/i0.wp.com\/www.biancoscuro.it\/site\/wp-content\/uploads\/2019\/02\/32000.jpg?resize=525%2C300&ssl=1 1.5x, https:\/\/i0.wp.com\/www.biancoscuro.it\/site\/wp-content\/uploads\/2019\/02\/32000.jpg?resize=700%2C400&ssl=1 2x, https:\/\/i0.wp.com\/www.biancoscuro.it\/site\/wp-content\/uploads\/2019\/02\/32000.jpg?resize=1050%2C600&ssl=1 3x, https:\/\/i0.wp.com\/www.biancoscuro.it\/site\/wp-content\/uploads\/2019\/02\/32000.jpg?resize=1400%2C800&ssl=1 4x"},"classes":[]},{"id":6522,"url":"https:\/\/www.biancoscuro.it\/site\/le-immagini-sheila-mckinnon\/","url_meta":{"origin":16326,"position":1},"title":"Le immagini di Sheila McKinnon","author":"Redazione BIANCOSCURO","date":"15 Febbraio 2018","format":false,"excerpt":"Nelle sue fotografie, i problemi del nostro tempo La fotografia cattura le realt\u00e0 della nostra societ\u00e0 pi\u00f9 di ogni altra forma di comunicazione visiva. Il lavoro di Sheila McKinnon pone l\u2019attenzione su alcuni dei pi\u00f9 pressanti problemi del nostro tempo: i diritti delle donne e l\u2019educazione delle ragazze, e cambiamenti\u2026","rel":"","context":"In &quot;arte&quot;","block_context":{"text":"arte","link":"https:\/\/www.biancoscuro.it\/site\/category\/arte\/"},"img":{"alt_text":"","src":"https:\/\/i0.wp.com\/www.biancoscuro.it\/site\/wp-content\/uploads\/2018\/02\/%C2%A9sm-Mali-boat2000.jpg?resize=350%2C200&ssl=1","width":350,"height":200,"srcset":"https:\/\/i0.wp.com\/www.biancoscuro.it\/site\/wp-content\/uploads\/2018\/02\/%C2%A9sm-Mali-boat2000.jpg?resize=350%2C200&ssl=1 1x, https:\/\/i0.wp.com\/www.biancoscuro.it\/site\/wp-content\/uploads\/2018\/02\/%C2%A9sm-Mali-boat2000.jpg?resize=525%2C300&ssl=1 1.5x, https:\/\/i0.wp.com\/www.biancoscuro.it\/site\/wp-content\/uploads\/2018\/02\/%C2%A9sm-Mali-boat2000.jpg?resize=700%2C400&ssl=1 2x, https:\/\/i0.wp.com\/www.biancoscuro.it\/site\/wp-content\/uploads\/2018\/02\/%C2%A9sm-Mali-boat2000.jpg?resize=1050%2C600&ssl=1 3x, https:\/\/i0.wp.com\/www.biancoscuro.it\/site\/wp-content\/uploads\/2018\/02\/%C2%A9sm-Mali-boat2000.jpg?resize=1400%2C800&ssl=1 4x"},"classes":[]},{"id":10582,"url":"https:\/\/www.biancoscuro.it\/site\/one-mans-dreams\/","url_meta":{"origin":16326,"position":2},"title":"One Man\u2019s Dreams","author":"Daniela Malabaila","date":"31 Marzo 2020","format":false,"excerpt":"Un progetto di Mattia Consonni - Musica per gli Occhi Questa \u00e8 una di quelle storie d\u2019arte e di fiducia che viene voglia di raccontare.\u00a0 \u00a0Un artista, un\u2019opera composta da quattro tele, tre anni, pi\u00f9 di cinquantamila chilometri, oltre sessanta citt\u00e0. Questi sono i numeri del progetto di Mattia Consonni\u2026","rel":"","context":"In &quot;arte&quot;","block_context":{"text":"arte","link":"https:\/\/www.biancoscuro.it\/site\/category\/arte\/"},"img":{"alt_text":"","src":"https:\/\/i0.wp.com\/www.biancoscuro.it\/site\/wp-content\/uploads\/2020\/04\/nel-bel-mezzo-delloceano-atlantico-.a-bordo-della-Sy-SkypeH.jpg?resize=350%2C200&ssl=1","width":350,"height":200,"srcset":"https:\/\/i0.wp.com\/www.biancoscuro.it\/site\/wp-content\/uploads\/2020\/04\/nel-bel-mezzo-delloceano-atlantico-.a-bordo-della-Sy-SkypeH.jpg?resize=350%2C200&ssl=1 1x, https:\/\/i0.wp.com\/www.biancoscuro.it\/site\/wp-content\/uploads\/2020\/04\/nel-bel-mezzo-delloceano-atlantico-.a-bordo-della-Sy-SkypeH.jpg?resize=525%2C300&ssl=1 1.5x, https:\/\/i0.wp.com\/www.biancoscuro.it\/site\/wp-content\/uploads\/2020\/04\/nel-bel-mezzo-delloceano-atlantico-.a-bordo-della-Sy-SkypeH.jpg?resize=700%2C400&ssl=1 2x, https:\/\/i0.wp.com\/www.biancoscuro.it\/site\/wp-content\/uploads\/2020\/04\/nel-bel-mezzo-delloceano-atlantico-.a-bordo-della-Sy-SkypeH.jpg?resize=1050%2C600&ssl=1 3x, https:\/\/i0.wp.com\/www.biancoscuro.it\/site\/wp-content\/uploads\/2020\/04\/nel-bel-mezzo-delloceano-atlantico-.a-bordo-della-Sy-SkypeH.jpg?resize=1400%2C800&ssl=1 4x"},"classes":[]},{"id":9402,"url":"https:\/\/www.biancoscuro.it\/site\/nanda-vigo-light-project\/","url_meta":{"origin":16326,"position":3},"title":"Nanda Vigo | Light Project","author":"Redazione BIANCOSCURO","date":"10 Luglio 2019","format":false,"excerpt":"Palazzo Reale - Milano23 luglio - 29 settembre 2019a cura di Marco Meneguzzo Nanda Vigo, \"Global Chronotopic Experience\", 2017, Spazio San Celso, Milano, (Ph. Marco Poma) Promossa dal Comune di Milano, in collaborazione con l\u2019Archivio Nanda Vigo, la mostra si inserisce nel percorso esplorativo estivo dedicato all\u2019arte contemporanea, approfondendo e\u2026","rel":"","context":"In &quot;arte&quot;","block_context":{"text":"arte","link":"https:\/\/www.biancoscuro.it\/site\/category\/arte\/"},"img":{"alt_text":"","src":"https:\/\/i0.wp.com\/www.biancoscuro.it\/site\/wp-content\/uploads\/2019\/07\/2018_Mostra-Sky-tracksTrigger-of-the-Space-installation-view-Galleria-San-Fedele-Milano-foto-Marco-PomaTOP.jpg?resize=350%2C200&ssl=1","width":350,"height":200,"srcset":"https:\/\/i0.wp.com\/www.biancoscuro.it\/site\/wp-content\/uploads\/2019\/07\/2018_Mostra-Sky-tracksTrigger-of-the-Space-installation-view-Galleria-San-Fedele-Milano-foto-Marco-PomaTOP.jpg?resize=350%2C200&ssl=1 1x, https:\/\/i0.wp.com\/www.biancoscuro.it\/site\/wp-content\/uploads\/2019\/07\/2018_Mostra-Sky-tracksTrigger-of-the-Space-installation-view-Galleria-San-Fedele-Milano-foto-Marco-PomaTOP.jpg?resize=525%2C300&ssl=1 1.5x, https:\/\/i0.wp.com\/www.biancoscuro.it\/site\/wp-content\/uploads\/2019\/07\/2018_Mostra-Sky-tracksTrigger-of-the-Space-installation-view-Galleria-San-Fedele-Milano-foto-Marco-PomaTOP.jpg?resize=700%2C400&ssl=1 2x, https:\/\/i0.wp.com\/www.biancoscuro.it\/site\/wp-content\/uploads\/2019\/07\/2018_Mostra-Sky-tracksTrigger-of-the-Space-installation-view-Galleria-San-Fedele-Milano-foto-Marco-PomaTOP.jpg?resize=1050%2C600&ssl=1 3x, https:\/\/i0.wp.com\/www.biancoscuro.it\/site\/wp-content\/uploads\/2019\/07\/2018_Mostra-Sky-tracksTrigger-of-the-Space-installation-view-Galleria-San-Fedele-Milano-foto-Marco-PomaTOP.jpg?resize=1400%2C800&ssl=1 4x"},"classes":[]},{"id":3612,"url":"https:\/\/www.biancoscuro.it\/site\/gillo-dorfles-essere-nel-tempo\/","url_meta":{"origin":16326,"position":4},"title":"Gillo Dorfles. Essere nel tempo","author":"Redazione BIANCOSCURO","date":"3 Marzo 2016","format":false,"excerpt":"Eclettismo e contaminazione a superamento di tradizione ed avanguardia Fino al 30 marzo 2016, il MACRO Museo d\u2019Arte Contemporanea Roma, con la mostra antologica \u201cGillo Dorfles. Essere nel tempo\u201d, rende omaggio ad un protagonista indiscusso del panorama culturale italiano. La sua produzione artistica torna, oggi, ad essere oggetto di crescente\u2026","rel":"","context":"In &quot;arte&quot;","block_context":{"text":"arte","link":"https:\/\/www.biancoscuro.it\/site\/category\/arte\/"},"img":{"alt_text":"","src":"https:\/\/i0.wp.com\/www.biancoscuro.it\/site\/wp-content\/uploads\/2016\/03\/GD1.jpg?resize=350%2C200&ssl=1","width":350,"height":200,"srcset":"https:\/\/i0.wp.com\/www.biancoscuro.it\/site\/wp-content\/uploads\/2016\/03\/GD1.jpg?resize=350%2C200&ssl=1 1x, https:\/\/i0.wp.com\/www.biancoscuro.it\/site\/wp-content\/uploads\/2016\/03\/GD1.jpg?resize=525%2C300&ssl=1 1.5x, https:\/\/i0.wp.com\/www.biancoscuro.it\/site\/wp-content\/uploads\/2016\/03\/GD1.jpg?resize=700%2C400&ssl=1 2x, https:\/\/i0.wp.com\/www.biancoscuro.it\/site\/wp-content\/uploads\/2016\/03\/GD1.jpg?resize=1050%2C600&ssl=1 3x, https:\/\/i0.wp.com\/www.biancoscuro.it\/site\/wp-content\/uploads\/2016\/03\/GD1.jpg?resize=1400%2C800&ssl=1 4x"},"classes":[]},{"id":2907,"url":"https:\/\/www.biancoscuro.it\/site\/la-rosa-di-fuoco-la-barcellona-di-picasso-e-gaudi\/","url_meta":{"origin":16326,"position":5},"title":"La rosa di fuoco La Barcellona di Picasso e Gaud\u00ec","author":"Redazione BIANCOSCURO","date":"12 Giugno 2015","format":false,"excerpt":"Si sta svolgendo a Ferrara, a Palazzo dei Diamanti, fino al 19 luglio, la mostra che ripercorre il calore di Barcellona attraverso le opere di Picasso e Gaud\u00ec. Barcellona agli inizi del Novecento: ribelle, estrosa, libera, ammalliante. Caratteristiche che vennero lasciate libere dopo l\u2019esposizione universale del 1888, \u00e8 allora che\u2026","rel":"","context":"In &quot;arte&quot;","block_context":{"text":"arte","link":"https:\/\/www.biancoscuro.it\/site\/category\/arte\/"},"img":{"alt_text":"","src":"https:\/\/i0.wp.com\/www.biancoscuro.it\/site\/wp-content\/uploads\/2015\/06\/Pablo-Picasso.jpg?resize=350%2C200&ssl=1","width":350,"height":200,"srcset":"https:\/\/i0.wp.com\/www.biancoscuro.it\/site\/wp-content\/uploads\/2015\/06\/Pablo-Picasso.jpg?resize=350%2C200&ssl=1 1x, https:\/\/i0.wp.com\/www.biancoscuro.it\/site\/wp-content\/uploads\/2015\/06\/Pablo-Picasso.jpg?resize=525%2C300&ssl=1 1.5x, https:\/\/i0.wp.com\/www.biancoscuro.it\/site\/wp-content\/uploads\/2015\/06\/Pablo-Picasso.jpg?resize=700%2C400&ssl=1 2x"},"classes":[]}],"_links":{"self":[{"href":"https:\/\/www.biancoscuro.it\/site\/wp-json\/wp\/v2\/posts\/16326","targetHints":{"allow":["GET"]}}],"collection":[{"href":"https:\/\/www.biancoscuro.it\/site\/wp-json\/wp\/v2\/posts"}],"about":[{"href":"https:\/\/www.biancoscuro.it\/site\/wp-json\/wp\/v2\/types\/post"}],"author":[{"embeddable":true,"href":"https:\/\/www.biancoscuro.it\/site\/wp-json\/wp\/v2\/users\/1"}],"replies":[{"embeddable":true,"href":"https:\/\/www.biancoscuro.it\/site\/wp-json\/wp\/v2\/comments?post=16326"}],"version-history":[{"count":0,"href":"https:\/\/www.biancoscuro.it\/site\/wp-json\/wp\/v2\/posts\/16326\/revisions"}],"wp:featuredmedia":[{"embeddable":true,"href":"https:\/\/www.biancoscuro.it\/site\/wp-json\/wp\/v2\/media\/16327"}],"wp:attachment":[{"href":"https:\/\/www.biancoscuro.it\/site\/wp-json\/wp\/v2\/media?parent=16326"}],"wp:term":[{"taxonomy":"category","embeddable":true,"href":"https:\/\/www.biancoscuro.it\/site\/wp-json\/wp\/v2\/categories?post=16326"},{"taxonomy":"post_tag","embeddable":true,"href":"https:\/\/www.biancoscuro.it\/site\/wp-json\/wp\/v2\/tags?post=16326"}],"curies":[{"name":"wp","href":"https:\/\/api.w.org\/{rel}","templated":true}]}}