{"id":16425,"date":"2023-07-24T17:36:51","date_gmt":"2023-07-24T15:36:51","guid":{"rendered":"https:\/\/www.biancoscuro.it\/site\/?p=16425"},"modified":"2023-07-24T17:58:29","modified_gmt":"2023-07-24T15:58:29","slug":"maurizio-galimberti-istanti-di-storia","status":"publish","type":"post","link":"https:\/\/www.biancoscuro.it\/site\/maurizio-galimberti-istanti-di-storia\/","title":{"rendered":"Maurizio Galimberti | Istanti di storia"},"content":{"rendered":"<span class=\"span-reading-time rt-reading-time\" style=\"display: block;\"><span class=\"rt-label rt-prefix\">\u23f0 lettura <\/span> <span class=\"rt-time\"> 2<\/span> <span class=\"rt-label rt-postfix\">min. <br><br><\/span><\/span>\n<h2 class=\"wp-block-heading\"><em>Al Brescia Photo Festival<\/em> <\/h2>\n\n\n\n<p>La serie fotografica <strong>\u201cIstanti di storia\u201d<\/strong> d\u00e0 il titolo alla mostra dedicata a <strong>Maurizio Galimberti<\/strong>, autore italiano tra i pi\u00f9 conosciuti e celebrati del panorama artistico italiano e internazionale, oggi <strong>considerato dalla critica pi\u00f9 un instant artist che non esclusivamente un fotografo<\/strong>.<\/p>\n\n\n\n<figure class=\"wp-block-image size-full\"><img loading=\"lazy\" decoding=\"async\" width=\"999\" height=\"606\" src=\"https:\/\/www.biancoscuro.it\/site\/wp-content\/uploads\/2023\/07\/TwinTowersAttack.jpg\" alt=\"\" class=\"wp-image-16428\" srcset=\"https:\/\/www.biancoscuro.it\/site\/wp-content\/uploads\/2023\/07\/TwinTowersAttack.jpg 999w, https:\/\/www.biancoscuro.it\/site\/wp-content\/uploads\/2023\/07\/TwinTowersAttack-300x182.jpg 300w, https:\/\/www.biancoscuro.it\/site\/wp-content\/uploads\/2023\/07\/TwinTowersAttack-768x466.jpg 768w\" sizes=\"auto, (max-width: 999px) 100vw, 999px\" \/><figcaption class=\"wp-element-caption\"><em><br \/>Maurizio Galimberti &#8211; Twin Towers Attack<\/em><\/figcaption><\/figure>\n\n\n\n<p>La rassegna (una delle iniziative della <strong>VI edizione del Brescia Photo Festival<\/strong>, promosso da Comune di Brescia e Fondazione Brescia Musei, in collaborazione con il <strong>Ma.Co.f<\/strong> &#8211; Centro della Fotografia Italiana, con la curatela artistica di <strong>Renato Corsini<\/strong>) sar\u00e0 visitabile fino al 27 agosto. Le immagini proposte ripercorrono <strong>le vicende del Novecento, attraverso episodi epocali<\/strong> come la guerra in Vietnam, l\u2019attentato alle Twin Towers, la pandemia di Covid-19 <strong>ed i suoi protagonisti<\/strong>. Lungo il percorso espositivo troveremo quaranta opere di grande formato costituite da assemblaggi di istantanee che ripropongono le immagini pi\u00f9 iconiche degli ultimi decenni, attraverso cui<strong> l\u2019artista rilegge la memoria collettiva<\/strong>.&nbsp;<\/p>\n\n\n\n<figure class=\"wp-block-image size-full\"><img loading=\"lazy\" decoding=\"async\" width=\"999\" height=\"721\" src=\"https:\/\/www.biancoscuro.it\/site\/wp-content\/uploads\/2023\/07\/Maurizio-Galimberti.-Alan-Kurdi-2015.jpg\" alt=\"\" class=\"wp-image-16426\" srcset=\"https:\/\/www.biancoscuro.it\/site\/wp-content\/uploads\/2023\/07\/Maurizio-Galimberti.-Alan-Kurdi-2015.jpg 999w, https:\/\/www.biancoscuro.it\/site\/wp-content\/uploads\/2023\/07\/Maurizio-Galimberti.-Alan-Kurdi-2015-300x217.jpg 300w, https:\/\/www.biancoscuro.it\/site\/wp-content\/uploads\/2023\/07\/Maurizio-Galimberti.-Alan-Kurdi-2015-768x554.jpg 768w\" sizes=\"auto, (max-width: 999px) 100vw, 999px\" \/><figcaption class=\"wp-element-caption\"><em><br \/>Maurizio Galimberti &#8211; Alan Kurdi, 2015<\/em><\/figcaption><\/figure>\n\n\n\n<p><em>\u201cIl progetto &#8211; <\/em>ricorda Maurizio Galimberti <em>&#8211; nasce da confronto con <\/em><strong><em>Paolo Ludovici<\/em><\/strong><em>, che ha prodotto l\u2019intero lavoro e ha prestato tutte le opere esposte, con il quale condivido una sincera amicizia e una complicit\u00e0 progettuale capace di rinnovarsi ogni giorno\u201d.&nbsp;<\/em> Completa l\u2019esperienza in mostra, il Catalogo Skira.&nbsp;<\/p>\n\n\n\n<figure class=\"wp-block-image size-large\"><img loading=\"lazy\" decoding=\"async\" width=\"678\" height=\"1024\" src=\"https:\/\/www.biancoscuro.it\/site\/wp-content\/uploads\/2023\/07\/Maurizio-Galimberti.Bimbo-cambogiano-1978-678x1024.jpg\" alt=\"\" class=\"wp-image-16427\" srcset=\"https:\/\/www.biancoscuro.it\/site\/wp-content\/uploads\/2023\/07\/Maurizio-Galimberti.Bimbo-cambogiano-1978-678x1024.jpg 678w, https:\/\/www.biancoscuro.it\/site\/wp-content\/uploads\/2023\/07\/Maurizio-Galimberti.Bimbo-cambogiano-1978-199x300.jpg 199w, https:\/\/www.biancoscuro.it\/site\/wp-content\/uploads\/2023\/07\/Maurizio-Galimberti.Bimbo-cambogiano-1978-768x1160.jpg 768w, https:\/\/www.biancoscuro.it\/site\/wp-content\/uploads\/2023\/07\/Maurizio-Galimberti.Bimbo-cambogiano-1978.jpg 999w\" sizes=\"auto, (max-width: 678px) 100vw, 678px\" \/><figcaption class=\"wp-element-caption\"><em>Maurizio Galimberti &#8211; Bimbo cambogiano, 1978<\/em><\/figcaption><\/figure>\n\n\n\n<pre class=\"wp-block-preformatted\">Maurizio Galimberti\n\nIstanti di storia\nMa.Co.f \u2013 Centro della fotografia italiana - Brescia\nA cura di Francesca Guerisoli e Denis Curti\n\n24 giugno - 27 agosto 2023\n\nDa marted\u00ec a domenica 15.00 - 19.00\n\nwww.macof.it<\/pre>\n","protected":false},"excerpt":{"rendered":"<p><span class=\"span-reading-time rt-reading-time\" style=\"display: block;\"><span class=\"rt-label rt-prefix\">\u23f0 lettura <\/span> <span class=\"rt-time\"> 2<\/span> <span class=\"rt-label rt-postfix\">min. <\/p>\n<p><\/span><\/span>Al Brescia Photo Festival La serie fotografica \u201cIstanti di storia\u201d d\u00e0 il titolo alla mostra dedicata a Maurizio Galimberti, autore italiano tra i pi\u00f9 conosciuti e celebrati del panorama artistico italiano e internazionale, oggi considerato dalla critica pi\u00f9 un instant artist che non esclusivamente un fotografo. La rassegna (una delle iniziative della VI edizione del&hellip;&nbsp;<a href=\"https:\/\/www.biancoscuro.it\/site\/maurizio-galimberti-istanti-di-storia\/\" rel=\"bookmark\">Leggi tutto &raquo;<span class=\"screen-reader-text\">Maurizio Galimberti | Istanti di storia<\/span><\/a><\/p>\n","protected":false},"author":1,"featured_media":16427,"comment_status":"closed","ping_status":"closed","sticky":false,"template":"","format":"standard","meta":{"neve_meta_sidebar":"","neve_meta_container":"","neve_meta_enable_content_width":"","neve_meta_content_width":0,"neve_meta_title_alignment":"","neve_meta_author_avatar":"","neve_post_elements_order":"","neve_meta_disable_header":"","neve_meta_disable_footer":"","neve_meta_disable_title":"","advanced_seo_description":"","jetpack_seo_html_title":"","jetpack_seo_noindex":false,"footnotes":""},"categories":[470,5,24,15],"tags":[449,461,39,185,452,2416],"class_list":["post-16425","post","type-post","status-publish","format-standard","has-post-thumbnail","hentry","category-art-magazine","category-arte","category-mostre","category-rivista-darte","tag-arte","tag-arte-contemporanea","tag-biancoscuro","tag-biancoscuro-art-magazine","tag-fotografia","tag-maurizio-galimberti"],"jetpack_featured_media_url":"https:\/\/www.biancoscuro.it\/site\/wp-content\/uploads\/2023\/07\/Maurizio-Galimberti.Bimbo-cambogiano-1978.jpg","jetpack_sharing_enabled":true,"jetpack-related-posts":[{"id":9022,"url":"https:\/\/www.biancoscuro.it\/site\/il-cenacolo-di-leonardo-nei-mosaici-fotografici-di-maurizio-galimberti\/","url_meta":{"origin":16425,"position":0},"title":"Il Cenacolo di Leonardo nei mosaici fotografici di Maurizio Galimberti","author":"Chiara","date":"10 Aprile 2019","format":false,"excerpt":"Marted\u00ec 16 aprile alle 18 presso il Convento di Santa Maria delle Grazie a Milano, nella Sala San Domenico (Via Sassi 3), sar\u00e0 presentato il volume edito da SKIRA Il Cenacolo di Leonardo da Vinci di Maurizio Galimberti a cura di Federico Mininni. Con il noto fotografo e il curatore\u2026","rel":"","context":"In &quot;arte&quot;","block_context":{"text":"arte","link":"https:\/\/www.biancoscuro.it\/site\/category\/arte\/"},"img":{"alt_text":"","src":"https:\/\/i0.wp.com\/www.biancoscuro.it\/site\/wp-content\/uploads\/2019\/04\/Galimberti-Cenacolo-WEB.jpg?resize=350%2C200&ssl=1","width":350,"height":200,"srcset":"https:\/\/i0.wp.com\/www.biancoscuro.it\/site\/wp-content\/uploads\/2019\/04\/Galimberti-Cenacolo-WEB.jpg?resize=350%2C200&ssl=1 1x, https:\/\/i0.wp.com\/www.biancoscuro.it\/site\/wp-content\/uploads\/2019\/04\/Galimberti-Cenacolo-WEB.jpg?resize=525%2C300&ssl=1 1.5x, https:\/\/i0.wp.com\/www.biancoscuro.it\/site\/wp-content\/uploads\/2019\/04\/Galimberti-Cenacolo-WEB.jpg?resize=700%2C400&ssl=1 2x"},"classes":[]},{"id":5794,"url":"https:\/\/www.biancoscuro.it\/site\/steve-mccurry-leggere\/","url_meta":{"origin":16425,"position":1},"title":"Steve McCurry. Leggere","author":"Redazione BIANCOSCURO","date":"10 Luglio 2017","format":false,"excerpt":"Nel circuito del Brescia Photo Festival, per raccontare l\u2019universalit\u00e0 del leggere Durante la prima edizione di Brescia Photo Festival si \u00e8 aperta la prima mondiale di \u201cLeggere\u201d, inedita produzione made in Brescia, del mitico Steve McCurry. Luigi Di Corato, Presidente della Fondazione Brescia Musei, non nasconde la soddisfazione per essere\u2026","rel":"","context":"In &quot;arte&quot;","block_context":{"text":"arte","link":"https:\/\/www.biancoscuro.it\/site\/category\/arte\/"},"img":{"alt_text":"[1] Sana\u2019a, Yemen, 1997 \u00a9 2012-2017 Steve McCurry","src":"https:\/\/i0.wp.com\/www.biancoscuro.it\/site\/wp-content\/uploads\/2017\/08\/YEMEN-10071.jpg?resize=350%2C200&ssl=1","width":350,"height":200,"srcset":"https:\/\/i0.wp.com\/www.biancoscuro.it\/site\/wp-content\/uploads\/2017\/08\/YEMEN-10071.jpg?resize=350%2C200&ssl=1 1x, https:\/\/i0.wp.com\/www.biancoscuro.it\/site\/wp-content\/uploads\/2017\/08\/YEMEN-10071.jpg?resize=525%2C300&ssl=1 1.5x, https:\/\/i0.wp.com\/www.biancoscuro.it\/site\/wp-content\/uploads\/2017\/08\/YEMEN-10071.jpg?resize=700%2C400&ssl=1 2x, https:\/\/i0.wp.com\/www.biancoscuro.it\/site\/wp-content\/uploads\/2017\/08\/YEMEN-10071.jpg?resize=1050%2C600&ssl=1 3x, https:\/\/i0.wp.com\/www.biancoscuro.it\/site\/wp-content\/uploads\/2017\/08\/YEMEN-10071.jpg?resize=1400%2C800&ssl=1 4x"},"classes":[]},{"id":10246,"url":"https:\/\/www.biancoscuro.it\/site\/bergamo-arte-fiera-italian-fine-art-2020\/","url_meta":{"origin":16425,"position":2},"title":"Bergamo Arte Fiera &#038; Italian Fine Art 2020","author":"Redazione BIANCOSCURO","date":"9 Gennaio 2020","format":false,"excerpt":"Un viaggio tra arte antica, moderna e contemporanea Dall\u201911 al 19 gennaio 2020 Bergamo si trasforma in un punto di riferimento per il panorama artistico italiano con le due manifestazioni fieristiche IFA - Italian Fine Art, e BAF - Bergamo Arte Fiera, organizzate da Ente Fiera Promoberg. IFA, giunta alla\u2026","rel":"","context":"In &quot;art magazine&quot;","block_context":{"text":"art magazine","link":"https:\/\/www.biancoscuro.it\/site\/category\/art-magazine\/"},"img":{"alt_text":"","src":"https:\/\/i0.wp.com\/www.biancoscuro.it\/site\/wp-content\/uploads\/2020\/01\/BAF_1015148.jpg?resize=350%2C200&ssl=1","width":350,"height":200,"srcset":"https:\/\/i0.wp.com\/www.biancoscuro.it\/site\/wp-content\/uploads\/2020\/01\/BAF_1015148.jpg?resize=350%2C200&ssl=1 1x, https:\/\/i0.wp.com\/www.biancoscuro.it\/site\/wp-content\/uploads\/2020\/01\/BAF_1015148.jpg?resize=525%2C300&ssl=1 1.5x, https:\/\/i0.wp.com\/www.biancoscuro.it\/site\/wp-content\/uploads\/2020\/01\/BAF_1015148.jpg?resize=700%2C400&ssl=1 2x"},"classes":[]},{"id":3275,"url":"https:\/\/www.biancoscuro.it\/site\/premio-biennale-oscar-per-le-arti-visive-e-premiazione-biancoscuro-art-contest\/","url_meta":{"origin":16425,"position":3},"title":"Premio Biennale Oscar per le Arti Visive e premiazione BIANCOSCURO Art Contest","author":"Redazione BIANCOSCURO","date":"19 Ottobre 2015","format":false,"excerpt":"L'appuntamento Biennale dell\u2019Arte, giunto ormai alla ottava edizione, Oscar per le Arti Visive\u00a0si svolger\u00e0 \u00a0Sabato 24 Ottobre 2015 Monte-Carlo Bay, Principato di Monaco. Il Premio conferito da ArtExp\u00f2 Gallery, \u00e8 il giusto riconoscimento per la professionalit\u00e0, ricerca e creativit\u00e0. La prima edizione della cerimonia risale al febbraio 2001 ed al\u2026","rel":"","context":"In &quot;arte&quot;","block_context":{"text":"arte","link":"https:\/\/www.biancoscuro.it\/site\/category\/arte\/"},"img":{"alt_text":"","src":"https:\/\/i0.wp.com\/www.biancoscuro.it\/site\/wp-content\/uploads\/2015\/09\/Monte-Carlo2.jpg?resize=350%2C200&ssl=1","width":350,"height":200,"srcset":"https:\/\/i0.wp.com\/www.biancoscuro.it\/site\/wp-content\/uploads\/2015\/09\/Monte-Carlo2.jpg?resize=350%2C200&ssl=1 1x, https:\/\/i0.wp.com\/www.biancoscuro.it\/site\/wp-content\/uploads\/2015\/09\/Monte-Carlo2.jpg?resize=525%2C300&ssl=1 1.5x, https:\/\/i0.wp.com\/www.biancoscuro.it\/site\/wp-content\/uploads\/2015\/09\/Monte-Carlo2.jpg?resize=700%2C400&ssl=1 2x"},"classes":[]},{"id":15214,"url":"https:\/\/www.biancoscuro.it\/site\/biancoscuro-art-magazine-on-line-il-numero-55\/","url_meta":{"origin":16425,"position":4},"title":"BIANCOSCURO Art Magazine! On-line il numero #55","author":"Redazione BIANCOSCURO","date":"1 Dicembre 2022","format":false,"excerpt":"\"BIANCOSCURO\u00a0Rivista d'Arte\", sfoglia qui la versione web di BIANCOSCURO Art Magazine #55 (dicembre'22\/gennaio'23) oppure richiedi la tua copia cartacea o se vuoi, scarica la versione integrale.\u00a0 Iscriviti\u00a0alla nostra\u00a0mailing list\u00a0per essere costantemente aggiornato sui nostri eventi e sulle nostre attivit\u00e0:\u00a0inserisci\u00a0nome,\u00a0cognome\u00a0ed\u00a0e-mail\u00a0nei campi qui a destra per ricevere gratuitamente nella tua casella email.\u2026","rel":"","context":"In &quot;arte&quot;","block_context":{"text":"arte","link":"https:\/\/www.biancoscuro.it\/site\/category\/arte\/"},"img":{"alt_text":"","src":"https:\/\/i0.wp.com\/www.biancoscuro.it\/site\/wp-content\/uploads\/2022\/12\/03_BAM_issue55_900pxSITO.jpg?resize=350%2C200&ssl=1","width":350,"height":200,"srcset":"https:\/\/i0.wp.com\/www.biancoscuro.it\/site\/wp-content\/uploads\/2022\/12\/03_BAM_issue55_900pxSITO.jpg?resize=350%2C200&ssl=1 1x, https:\/\/i0.wp.com\/www.biancoscuro.it\/site\/wp-content\/uploads\/2022\/12\/03_BAM_issue55_900pxSITO.jpg?resize=525%2C300&ssl=1 1.5x, https:\/\/i0.wp.com\/www.biancoscuro.it\/site\/wp-content\/uploads\/2022\/12\/03_BAM_issue55_900pxSITO.jpg?resize=700%2C400&ssl=1 2x"},"classes":[]},{"id":3243,"url":"https:\/\/www.biancoscuro.it\/site\/artverona-art-project-fair-11esima-edizione\/","url_meta":{"origin":16425,"position":5},"title":"ArtVerona | Art Project Fair 11esima edizione","author":"Redazione BIANCOSCURO","date":"15 Ottobre 2015","format":false,"excerpt":"Evento artistico\u00a0in continua crescita, frutto di\u00a0un'accurata selezione delle presenze e proposte. 10 % in pi\u00f9 di gallerie rispetto al 2014 che gi\u00e0 aveva registrato un incremento del\u00a021% di adesioni, nuovi significativi ingressi e importanti conferme, ArtVerona trova nell\u2019elenco dei suoi espositori la\u00a0principale riprova che sta perseguendo la strada giusta\u00bb dichiara\u2026","rel":"","context":"In &quot;arte&quot;","block_context":{"text":"arte","link":"https:\/\/www.biancoscuro.it\/site\/category\/arte\/"},"img":{"alt_text":"","src":"https:\/\/i0.wp.com\/www.biancoscuro.it\/site\/wp-content\/uploads\/2015\/10\/av.jpg?resize=350%2C200&ssl=1","width":350,"height":200,"srcset":"https:\/\/i0.wp.com\/www.biancoscuro.it\/site\/wp-content\/uploads\/2015\/10\/av.jpg?resize=350%2C200&ssl=1 1x, https:\/\/i0.wp.com\/www.biancoscuro.it\/site\/wp-content\/uploads\/2015\/10\/av.jpg?resize=525%2C300&ssl=1 1.5x"},"classes":[]}],"_links":{"self":[{"href":"https:\/\/www.biancoscuro.it\/site\/wp-json\/wp\/v2\/posts\/16425","targetHints":{"allow":["GET"]}}],"collection":[{"href":"https:\/\/www.biancoscuro.it\/site\/wp-json\/wp\/v2\/posts"}],"about":[{"href":"https:\/\/www.biancoscuro.it\/site\/wp-json\/wp\/v2\/types\/post"}],"author":[{"embeddable":true,"href":"https:\/\/www.biancoscuro.it\/site\/wp-json\/wp\/v2\/users\/1"}],"replies":[{"embeddable":true,"href":"https:\/\/www.biancoscuro.it\/site\/wp-json\/wp\/v2\/comments?post=16425"}],"version-history":[{"count":0,"href":"https:\/\/www.biancoscuro.it\/site\/wp-json\/wp\/v2\/posts\/16425\/revisions"}],"wp:featuredmedia":[{"embeddable":true,"href":"https:\/\/www.biancoscuro.it\/site\/wp-json\/wp\/v2\/media\/16427"}],"wp:attachment":[{"href":"https:\/\/www.biancoscuro.it\/site\/wp-json\/wp\/v2\/media?parent=16425"}],"wp:term":[{"taxonomy":"category","embeddable":true,"href":"https:\/\/www.biancoscuro.it\/site\/wp-json\/wp\/v2\/categories?post=16425"},{"taxonomy":"post_tag","embeddable":true,"href":"https:\/\/www.biancoscuro.it\/site\/wp-json\/wp\/v2\/tags?post=16425"}],"curies":[{"name":"wp","href":"https:\/\/api.w.org\/{rel}","templated":true}]}}