{"id":16546,"date":"2023-09-14T12:28:59","date_gmt":"2023-09-14T10:28:59","guid":{"rendered":"https:\/\/www.biancoscuro.it\/site\/?p=16546"},"modified":"2023-09-14T18:53:19","modified_gmt":"2023-09-14T16:53:19","slug":"invisibili-di-daniel-mona","status":"publish","type":"post","link":"https:\/\/www.biancoscuro.it\/site\/invisibili-di-daniel-mona\/","title":{"rendered":"Invisibili di Daniel Mon\u00e1"},"content":{"rendered":"<span class=\"span-reading-time rt-reading-time\" style=\"display: block;\"><span class=\"rt-label rt-prefix\">\u23f0 lettura <\/span> <span class=\"rt-time\"> 2<\/span> <span class=\"rt-label rt-postfix\">min. <br><br><\/span><\/span><div class=\"wp-block-image\">\n<figure class=\"aligncenter size-full\"><img loading=\"lazy\" decoding=\"async\" width=\"740\" height=\"484\" src=\"https:\/\/www.biancoscuro.it\/site\/wp-content\/uploads\/2023\/09\/WhatsApp-Image-2023-09-14-at-10.51.58.jpeg\" alt=\"\" class=\"wp-image-16548\" srcset=\"https:\/\/www.biancoscuro.it\/site\/wp-content\/uploads\/2023\/09\/WhatsApp-Image-2023-09-14-at-10.51.58.jpeg 740w, https:\/\/www.biancoscuro.it\/site\/wp-content\/uploads\/2023\/09\/WhatsApp-Image-2023-09-14-at-10.51.58-300x196.jpeg 300w\" sizes=\"auto, (max-width: 740px) 100vw, 740px\" \/><\/figure>\n<\/div>\n\n\n<p class=\"has-text-align-left\">Daniel Mon\u00e1 \u00e8 un artista colombiano che in questa residenza riflette sulle frontiere, le assenze, il transito e il non luogo; segnala i modi di percepire la citt\u00e0 e le sue barriere, quelle fisiche ma anche quelle invisibili che ci portiamo nel nostro passaggio, quelle che vengono nascoste o esposte. La citt\u00e0 \u00e8 un riflesso dei suoi abitanti permanenti e temporanei. Da una parte c&#8217;\u00e8 lo sguardo verso il cielo che qui trova lo spazio libero fra i palazzi, mentre in&nbsp;Latino America viene spesso interrotto dai cavi elettrici aerei, dall\u2019altra parte c&#8217;\u00e8 il fatto che i cantieri qui hanno lo scopo di conservare il patrimonio mentre l\u00e0 viene demolito per far posto alla modernit\u00e0. In questi cantieri, che talvolta deturpano la visione magnanime&nbsp;e pulita che la citt\u00e0 vuole offrire, abitano temporaneamente gli invisibili, la mano d&#8217;opera, spesso immigrati che con il suono del lavoro ma il silenzio dei loro sogni costruiscono qualcosa per gli altri ma anche il loro nuovo futuro. Daniel ci segnala lo stato di migrazione temporanea e permanente, quella del turista e del migrante, mostrandoci come noi diventiamo frontiera a seconda dell&#8217;impronta che lasciamo, dei limiti che poniamo. Lo spazio allora si percorre fra le azioni di un cantiere, come metafora del transito, della memoria, della permanenza e dell&#8217;effimero, demolire per trovare, distruggere per ricostruire, creare tensioni per avere equilibrio, resistere per esistere, abitare in un lungo scalo nel territorio che lascia delle impronte, la memoria silenziosa di chi va, di chi viene e di chi resta, infine l&#8217;artista ci invita ad attraversare le vestigia del presente e del passato.<\/p>\n\n\n\n<p>a cura di Sandra Miranda Pattin &amp; Francesca Morozzi<\/p>\n\n\n\n<figure class=\"wp-block-image size-large\"><img loading=\"lazy\" decoding=\"async\" width=\"1024\" height=\"768\" src=\"https:\/\/www.biancoscuro.it\/site\/wp-content\/uploads\/2023\/09\/DanielMona_ChiassoPerduto-lr-1024x768.jpg\" alt=\"\" class=\"wp-image-16549\" srcset=\"https:\/\/www.biancoscuro.it\/site\/wp-content\/uploads\/2023\/09\/DanielMona_ChiassoPerduto-lr-1024x768.jpg 1024w, https:\/\/www.biancoscuro.it\/site\/wp-content\/uploads\/2023\/09\/DanielMona_ChiassoPerduto-lr-300x225.jpg 300w, https:\/\/www.biancoscuro.it\/site\/wp-content\/uploads\/2023\/09\/DanielMona_ChiassoPerduto-lr-768x576.jpg 768w, https:\/\/www.biancoscuro.it\/site\/wp-content\/uploads\/2023\/09\/DanielMona_ChiassoPerduto-lr-1536x1152.jpg 1536w, https:\/\/www.biancoscuro.it\/site\/wp-content\/uploads\/2023\/09\/DanielMona_ChiassoPerduto-lr-2048x1536.jpg 2048w, https:\/\/www.biancoscuro.it\/site\/wp-content\/uploads\/2023\/09\/DanielMona_ChiassoPerduto-lr-1320x990.jpg 1320w\" sizes=\"auto, (max-width: 1024px) 100vw, 1024px\" \/><\/figure>\n\n\n\n<pre class=\"wp-block-preformatted\"><strong>Inaugurazione\u00a0<\/strong>\n<strong>Gioved\u00ec 21 Settembre dalle 18:00 alle 21:00<\/strong>\nAperta dal 22 al 24 Settembre dalle 15 alle 19\n\n<strong>Chiasso Perduto<\/strong>\nVia de' Coverelli 4R\n50125 Firenze\nhttps:\/\/www.instagram.com\/chiassoperduto\/\nhttps:\/\/www.chiassoperduto.com\/<\/pre>\n","protected":false},"excerpt":{"rendered":"<p><span class=\"span-reading-time rt-reading-time\" style=\"display: block;\"><span class=\"rt-label rt-prefix\">\u23f0 lettura <\/span> <span class=\"rt-time\"> 2<\/span> <span class=\"rt-label rt-postfix\">min. <\/p>\n<p><\/span><\/span>Daniel Mon\u00e1 \u00e8 un artista colombiano che in questa residenza riflette sulle frontiere, le assenze, il transito e il non luogo; segnala i modi di percepire la citt\u00e0 e le sue barriere, quelle fisiche ma anche quelle invisibili che ci portiamo nel nostro passaggio, quelle che vengono nascoste o esposte. La citt\u00e0 \u00e8 un riflesso&hellip;&nbsp;<a href=\"https:\/\/www.biancoscuro.it\/site\/invisibili-di-daniel-mona\/\" rel=\"bookmark\">Leggi tutto &raquo;<span class=\"screen-reader-text\">Invisibili di Daniel Mon\u00e1<\/span><\/a><\/p>\n","protected":false},"author":1067,"featured_media":16548,"comment_status":"open","ping_status":"closed","sticky":false,"template":"","format":"standard","meta":{"neve_meta_sidebar":"","neve_meta_container":"","neve_meta_enable_content_width":"","neve_meta_content_width":0,"neve_meta_title_alignment":"","neve_meta_author_avatar":"","neve_post_elements_order":"","neve_meta_disable_header":"","neve_meta_disable_footer":"","neve_meta_disable_title":"","advanced_seo_description":"","jetpack_seo_html_title":"","jetpack_seo_noindex":false,"footnotes":""},"categories":[5,26,334,24,676,6,9],"tags":[461,2435,185,2171,2434,2174],"class_list":["post-16546","post","type-post","status-publish","format-standard","has-post-thumbnail","hentry","category-arte","category-eventi","category-installazioni","category-mostre","category-performance","category-pittura","category-video","tag-arte-contemporanea","tag-artista-colombiano","tag-biancoscuro-art-magazine","tag-chiasso-perduto","tag-daniel-mona","tag-residenza-artistica"],"jetpack_featured_media_url":"https:\/\/www.biancoscuro.it\/site\/wp-content\/uploads\/2023\/09\/WhatsApp-Image-2023-09-14-at-10.51.58.jpeg","jetpack_sharing_enabled":true,"jetpack-related-posts":[{"id":14418,"url":"https:\/\/www.biancoscuro.it\/site\/seeds-voids-and-tailored-cloth-di-daniel-graham-loxton-jens-froberg-matthew-peers\/","url_meta":{"origin":16546,"position":0},"title":"&#8220;Seeds, Voids and Tailored Cloth&#8221; di Daniel Graham Loxton, Jens Fr\u00f6berg, Matthew Peers","author":"Aurora Maglia","date":"16 Ottobre 2022","format":false,"excerpt":"CFAlive ospita a Milano la galleria Claas Reiss di Londra, che presenta il group show Seeds, Voids, and Tailored Cloth\u00a0degli artisti Daniel Graham Loxton, Jens Fr\u00f6berg e Matthew Peers. Dal 27 ottobre fino al 10 dicembre, nell'ambito di CFAlive, il progetto di residenza per gallerie straniere di CFA, apre a\u2026","rel":"","context":"In &quot;art magazine&quot;","block_context":{"text":"art magazine","link":"https:\/\/www.biancoscuro.it\/site\/category\/art-magazine\/"},"img":{"alt_text":"","src":"https:\/\/i0.wp.com\/www.biancoscuro.it\/site\/wp-content\/uploads\/2022\/10\/Matthew-Peers-Untitled-2022.jpg?resize=350%2C200&ssl=1","width":350,"height":200,"srcset":"https:\/\/i0.wp.com\/www.biancoscuro.it\/site\/wp-content\/uploads\/2022\/10\/Matthew-Peers-Untitled-2022.jpg?resize=350%2C200&ssl=1 1x, https:\/\/i0.wp.com\/www.biancoscuro.it\/site\/wp-content\/uploads\/2022\/10\/Matthew-Peers-Untitled-2022.jpg?resize=525%2C300&ssl=1 1.5x"},"classes":[]},{"id":16744,"url":"https:\/\/www.biancoscuro.it\/site\/altro-chiasso-di-daniel-romano\/","url_meta":{"origin":16546,"position":1},"title":"ALTRO Chiasso di Daniel Romano","author":"Sandra Miranda Pattin","date":"2 Novembre 2023","format":false,"excerpt":"Installazione Multimedia al Chiasso Perduto 9 novembre alle 18:00","rel":"","context":"In &quot;arte&quot;","block_context":{"text":"arte","link":"https:\/\/www.biancoscuro.it\/site\/category\/arte\/"},"img":{"alt_text":"","src":"https:\/\/i0.wp.com\/www.biancoscuro.it\/site\/wp-content\/uploads\/2023\/11\/DanielRomano_Chiasso_-scaled.jpg?resize=350%2C200&ssl=1","width":350,"height":200,"srcset":"https:\/\/i0.wp.com\/www.biancoscuro.it\/site\/wp-content\/uploads\/2023\/11\/DanielRomano_Chiasso_-scaled.jpg?resize=350%2C200&ssl=1 1x, https:\/\/i0.wp.com\/www.biancoscuro.it\/site\/wp-content\/uploads\/2023\/11\/DanielRomano_Chiasso_-scaled.jpg?resize=525%2C300&ssl=1 1.5x, https:\/\/i0.wp.com\/www.biancoscuro.it\/site\/wp-content\/uploads\/2023\/11\/DanielRomano_Chiasso_-scaled.jpg?resize=700%2C400&ssl=1 2x, https:\/\/i0.wp.com\/www.biancoscuro.it\/site\/wp-content\/uploads\/2023\/11\/DanielRomano_Chiasso_-scaled.jpg?resize=1050%2C600&ssl=1 3x, https:\/\/i0.wp.com\/www.biancoscuro.it\/site\/wp-content\/uploads\/2023\/11\/DanielRomano_Chiasso_-scaled.jpg?resize=1400%2C800&ssl=1 4x"},"classes":[]},{"id":5412,"url":"https:\/\/www.biancoscuro.it\/site\/biancoscuro-art-contest-4a-edizione\/","url_meta":{"origin":16546,"position":2},"title":"BIANCOSCURO Art Contest 4\u00aa edizione","author":"Redazione BIANCOSCURO","date":"2 Maggio 2017","format":false,"excerpt":"Aperte le iscrizioni al BIANCOSCURO Art Contest 4\u00aa edizione.\u00a0In palio\u00a0la COPERTINA sul bimestrale, mostre personali e collettive\u00a0a Monte-Carlo (Principato di Monaco), a Montreux (Svizzera), a Marbella (Spagna), a\u00a0Varese\u00a0e Parma (Italia)! On-line il regolamento\u00a0del\u00a0BIANCOSCURO Art Contest 4\u00aa edizione BIANCOSCURO Art Contest, il\u00a0contest ideato da BIANCOSCURO\u00a0pittori, scultori, fotografi e grafici, \u00e8\u00a0giunto alla\u2026","rel":"","context":"In &quot;arte&quot;","block_context":{"text":"arte","link":"https:\/\/www.biancoscuro.it\/site\/category\/arte\/"},"img":{"alt_text":"","src":"https:\/\/i0.wp.com\/www.biancoscuro.it\/site\/wp-content\/uploads\/2014\/02\/BIANCOSCURO_ART_CONTEST-L1.jpg?resize=350%2C200&ssl=1","width":350,"height":200,"srcset":"https:\/\/i0.wp.com\/www.biancoscuro.it\/site\/wp-content\/uploads\/2014\/02\/BIANCOSCURO_ART_CONTEST-L1.jpg?resize=350%2C200&ssl=1 1x, https:\/\/i0.wp.com\/www.biancoscuro.it\/site\/wp-content\/uploads\/2014\/02\/BIANCOSCURO_ART_CONTEST-L1.jpg?resize=525%2C300&ssl=1 1.5x"},"classes":[]},{"id":17087,"url":"https:\/\/www.biancoscuro.it\/site\/convoluzione-di-erik-daehlin\/","url_meta":{"origin":16546,"position":3},"title":"Convoluzione di Erik Daehlin","author":"Sandra Miranda Pattin","date":"21 Marzo 2024","format":false,"excerpt":"Un punto di fuga, non necessariamente nella sua accezione pi\u00f9 tecnica ma in quella poetica, un riferimento invisibile verso cui si forma una delle tante possibili prospettive, la probabilit\u00e0 di svanire ma anche di riportare il suo contenuto o forse un\u2019eco perduta. \u00c8 una linea invisibile, la metafora di uno\u2026","rel":"","context":"In &quot;arte&quot;","block_context":{"text":"arte","link":"https:\/\/www.biancoscuro.it\/site\/category\/arte\/"},"img":{"alt_text":"","src":"https:\/\/i0.wp.com\/www.biancoscuro.it\/site\/wp-content\/uploads\/2024\/03\/ErikDaehlin_ChiassoPerduto.jpeg?resize=350%2C200&ssl=1","width":350,"height":200,"srcset":"https:\/\/i0.wp.com\/www.biancoscuro.it\/site\/wp-content\/uploads\/2024\/03\/ErikDaehlin_ChiassoPerduto.jpeg?resize=350%2C200&ssl=1 1x, https:\/\/i0.wp.com\/www.biancoscuro.it\/site\/wp-content\/uploads\/2024\/03\/ErikDaehlin_ChiassoPerduto.jpeg?resize=525%2C300&ssl=1 1.5x, https:\/\/i0.wp.com\/www.biancoscuro.it\/site\/wp-content\/uploads\/2024\/03\/ErikDaehlin_ChiassoPerduto.jpeg?resize=700%2C400&ssl=1 2x, https:\/\/i0.wp.com\/www.biancoscuro.it\/site\/wp-content\/uploads\/2024\/03\/ErikDaehlin_ChiassoPerduto.jpeg?resize=1050%2C600&ssl=1 3x, https:\/\/i0.wp.com\/www.biancoscuro.it\/site\/wp-content\/uploads\/2024\/03\/ErikDaehlin_ChiassoPerduto.jpeg?resize=1400%2C800&ssl=1 4x"},"classes":[]},{"id":19351,"url":"https:\/\/www.biancoscuro.it\/site\/a-head-project-promuove-la-seconda-residenza-artistica-di-claudia-virginia-vitari-presso-il-centro-gnosis-informare\/","url_meta":{"origin":16546,"position":4},"title":"L\u2019arte di rendere visibile l\u2019invisibile: Claudia Virginia VitariA","author":"Roberta Melasecca","date":"5 Marzo 2026","format":false,"excerpt":"Ha preso il via a Roma la seconda fase della residenza artistica promossa da Angelo Azzurro Onlus in collaborazione con la Galleria Raffaella De Chirico. Un progetto dove il \"fare insieme\" trasforma la fragilit\u00e0 adolescenziale in un'opera aperta. Come si d\u00e0 forma a un'identit\u00e0 in bilico? Come si racconta la\u2026","rel":"","context":"In &quot;arte&quot;","block_context":{"text":"arte","link":"https:\/\/www.biancoscuro.it\/site\/category\/arte\/"},"img":{"alt_text":"","src":"https:\/\/i0.wp.com\/www.biancoscuro.it\/site\/wp-content\/uploads\/2026\/03\/image1.jpeg?resize=350%2C200&ssl=1","width":350,"height":200,"srcset":"https:\/\/i0.wp.com\/www.biancoscuro.it\/site\/wp-content\/uploads\/2026\/03\/image1.jpeg?resize=350%2C200&ssl=1 1x, https:\/\/i0.wp.com\/www.biancoscuro.it\/site\/wp-content\/uploads\/2026\/03\/image1.jpeg?resize=525%2C300&ssl=1 1.5x"},"classes":[]},{"id":3890,"url":"https:\/\/www.biancoscuro.it\/site\/biancoscuro-art-contest-2016-la-terza-edizione-importanti-premi\/","url_meta":{"origin":16546,"position":5},"title":"BIANCOSCURO Art Contest 2016. La terza edizione","author":"Redazione BIANCOSCURO","date":"16 Maggio 2016","format":false,"excerpt":"Ultimi giorni per vincere la COPERTINA, la mostra personale a Montreux o\u00a0la mostra personale a Marbella! BIANCOSCURO Art Contest 2016. La terza edizione con importanti premi BIANCOSCURO Art Contest, il\u00a0contest ideato da BIANCOSCURO\u00a0per pittori, scultori, fotografi e grafici, \u00e8\u00a0giunto alla terza edizione. Il concorso d\u00e0\u00a0la\u00a0possibilit\u00e0 di essere \"in prima pagina\"\u2026","rel":"","context":"In &quot;art magazine&quot;","block_context":{"text":"art magazine","link":"https:\/\/www.biancoscuro.it\/site\/category\/art-magazine\/"},"img":{"alt_text":"","src":"https:\/\/i0.wp.com\/www.biancoscuro.it\/site\/wp-content\/uploads\/2014\/02\/BIANCOSCURO_ART_CONTEST-L.jpg?resize=350%2C200&ssl=1","width":350,"height":200,"srcset":"https:\/\/i0.wp.com\/www.biancoscuro.it\/site\/wp-content\/uploads\/2014\/02\/BIANCOSCURO_ART_CONTEST-L.jpg?resize=350%2C200&ssl=1 1x, https:\/\/i0.wp.com\/www.biancoscuro.it\/site\/wp-content\/uploads\/2014\/02\/BIANCOSCURO_ART_CONTEST-L.jpg?resize=525%2C300&ssl=1 1.5x"},"classes":[]}],"_links":{"self":[{"href":"https:\/\/www.biancoscuro.it\/site\/wp-json\/wp\/v2\/posts\/16546","targetHints":{"allow":["GET"]}}],"collection":[{"href":"https:\/\/www.biancoscuro.it\/site\/wp-json\/wp\/v2\/posts"}],"about":[{"href":"https:\/\/www.biancoscuro.it\/site\/wp-json\/wp\/v2\/types\/post"}],"author":[{"embeddable":true,"href":"https:\/\/www.biancoscuro.it\/site\/wp-json\/wp\/v2\/users\/1067"}],"replies":[{"embeddable":true,"href":"https:\/\/www.biancoscuro.it\/site\/wp-json\/wp\/v2\/comments?post=16546"}],"version-history":[{"count":0,"href":"https:\/\/www.biancoscuro.it\/site\/wp-json\/wp\/v2\/posts\/16546\/revisions"}],"wp:featuredmedia":[{"embeddable":true,"href":"https:\/\/www.biancoscuro.it\/site\/wp-json\/wp\/v2\/media\/16548"}],"wp:attachment":[{"href":"https:\/\/www.biancoscuro.it\/site\/wp-json\/wp\/v2\/media?parent=16546"}],"wp:term":[{"taxonomy":"category","embeddable":true,"href":"https:\/\/www.biancoscuro.it\/site\/wp-json\/wp\/v2\/categories?post=16546"},{"taxonomy":"post_tag","embeddable":true,"href":"https:\/\/www.biancoscuro.it\/site\/wp-json\/wp\/v2\/tags?post=16546"}],"curies":[{"name":"wp","href":"https:\/\/api.w.org\/{rel}","templated":true}]}}