{"id":16815,"date":"2023-11-11T19:02:59","date_gmt":"2023-11-11T17:02:59","guid":{"rendered":"https:\/\/www.biancoscuro.it\/site\/?p=16815"},"modified":"2023-11-20T21:06:48","modified_gmt":"2023-11-20T19:06:48","slug":"linstallazione-la-violenza-non-e-amore-di-anna-izzo-arriva-ad-orvieto","status":"publish","type":"post","link":"https:\/\/www.biancoscuro.it\/site\/linstallazione-la-violenza-non-e-amore-di-anna-izzo-arriva-ad-orvieto\/","title":{"rendered":"&#8220;La violenza non \u00e8 amore&#8221; di Anna Izzo ad Orvieto"},"content":{"rendered":"<span class=\"span-reading-time rt-reading-time\" style=\"display: block;\"><span class=\"rt-label rt-prefix\">\u23f0 lettura <\/span> <span class=\"rt-time\"> 3<\/span> <span class=\"rt-label rt-postfix\">min. <br><br><\/span><\/span>\n<figure class=\"wp-block-image size-large\"><img loading=\"lazy\" decoding=\"async\" width=\"1024\" height=\"683\" src=\"https:\/\/www.biancoscuro.it\/site\/wp-content\/uploads\/2023\/11\/anna-izzo-2-ph.-marco-mandini-1024x683.jpg\" alt=\"\" class=\"wp-image-16816\" srcset=\"https:\/\/www.biancoscuro.it\/site\/wp-content\/uploads\/2023\/11\/anna-izzo-2-ph.-marco-mandini-1024x683.jpg 1024w, https:\/\/www.biancoscuro.it\/site\/wp-content\/uploads\/2023\/11\/anna-izzo-2-ph.-marco-mandini-300x200.jpg 300w, https:\/\/www.biancoscuro.it\/site\/wp-content\/uploads\/2023\/11\/anna-izzo-2-ph.-marco-mandini-768x512.jpg 768w, https:\/\/www.biancoscuro.it\/site\/wp-content\/uploads\/2023\/11\/anna-izzo-2-ph.-marco-mandini-930x620.jpg 930w, https:\/\/www.biancoscuro.it\/site\/wp-content\/uploads\/2023\/11\/anna-izzo-2-ph.-marco-mandini.jpg 1200w\" sizes=\"auto, (max-width: 1024px) 100vw, 1024px\" \/><\/figure>\n\n\n\n<p>Il giorno <strong>25 novembre 2023 alle ore 11.30<\/strong>, in occasione della <em>Giornata internazionale per l&#8217;eliminazione della violenza contro le donne<\/em>, verr\u00e0 presentata, presso la Biblioteca Comunale \u201cLuigi Fumi\u201d, Piazza Febei &#8211; Orvieto, l\u2019installazione <strong>La violenza non \u00e8 amore<\/strong> di <strong>Anna Izzo<\/strong>, a cura di Roberta Melasecca e con il patrocinio del Comune di Orvieto.&nbsp;<\/p>\n\n\n\n<p>Interverranno il Sindaco di Orvieto, Roberta Tardani, e l\u2019Assessore alle Pari Opportunit\u00e0, Alda Coppola: oltre alla presentazione dell\u2019opera, insieme all\u2019artista e alla curatrice, si far\u00e0 il punto sui progetti e sulle iniziative dell\u2019amministrazione comunale per la prevenzione e il contrasto alla violenza sulle donne; al termine si inaugurer\u00e0 la scultura, posta nella stessa Piazza Febei fino al 3 marzo 2024.&nbsp;<\/p>\n\n\n\n<p>La scultura monumentale arriva, dunque, nella citt\u00e0 umbra, dopo un lungo viaggio iniziato nel 2021 e dopo aver toccato Citt\u00e0 della Pieve, Fiumicino, Arezzo e San Quirico D\u2019Orcia, sempre all\u2019interno di giornate e ricorrenze quali il 25 novembre oppure l\u20198 marzo, al fine di diffondere il pi\u00f9 possibile un preciso messaggio di denuncia, di consapevolezza ma anche di coraggio, fortezza e speranza.&nbsp;<\/p>\n\n\n\n<p>Come scrive la curatrice, Roberta Melasecca, nel testo critico, &lt;&lt;la scultura di Anna Izzo \u00e8 un grido scomodo e stridente che si ode anche nel silenzio pi\u00f9 assordante e da cui non \u00e8 possibile distogliere lo sguardo&gt;&gt;. Infatti l\u2019opera si presenta come un cuore d\u2019acciaio, rosso, simbolo di amore e vita, rinchiuso all\u2019interno di una gabbia, primitivo strumento di tortura e morte, tra sbarre coperte di ruggine, trafitto e appeso ad un gancio.&nbsp;<\/p>\n\n\n\n<p>Con tale rappresentazione &lt;&lt;l\u2019artista imprime segni dolorosi alla materia, la plasma conservandone la durezza e la resistenza, ne calibra le forme ampliandole a dimensioni innaturali, costringe alla rimozione di uno stereotipato processo di narrazione basato sull\u2019inerzia, sull\u2019indifferenza e su strategie di occultamento e minimizzazione della violenza. Genera, in tal modo, un inusuale luogo di riflessione sui meccanismi di scomposizione e ricostruzione delle identit\u00e0, sempre in progressivo divenire e in continuo confronto\/scontro nei ruoli e negli ambiti sociali ed economici. <em>La violenza non \u00e8 amore <\/em>afferma e suggella, con la sua evidente e inevitabile presenza, non pi\u00f9 lo spazio di un istante nel quale riconsiderare le proprie relazioni ma una rivoluzione di pensieri ed azioni, una chiave di accesso a delle diverse politiche attive sul territorio che esulano da rappresentazioni radicate nelle convenzioni socio-culturali di un passato conosciuto e di un presente in via di definizione. Le gigantesche gabbie di Anna Izzo, alte quattro metri, a partire dalla scultura <em>La violenza \u00e8 una gabbia<\/em> presentata a Capri nel 2020, sono gabbie emozionali, comportamentali e relazionali che riflettono un ordine normativo che chiude e rinchiude corpi e menti: l\u2019artista compie, dunque, un passo verso una de-costruzione e de-consacrazione di un sistema non solo pi\u00f9 individuale e personale ma comunitario e collettivo nel quale nuovi saranno i linguaggi, gli immaginari, le raffigurazioni, le conoscenze di una restaurata cittadinanza&gt;&gt;.<\/p>\n\n\n\n<p><strong>Anna Izzo<\/strong>,pittrice e scultrice, nasce a Taranto ma gi\u00e0 adolescente si trasferisce a Sorrento dove il padre gallerista la introduce nel mondo dell&#8217;arte con una importante frequentazione di artisti della scuola napoletana. Le sue opere attraversano vari materiali, ferro, bronzo, resina, in una continua ricerca estetica innovativa. I suoi lavori hanno ricevuto consensi di importanti artisti: Arman, Daniel Spoerri, Mimmo Rotella, ecc. ed di illustri critici d&#8217;arte quali Costanzo Costantini, Vito Apuleio, Milena Milani, Linda De Sanctis, Ludovico Pratesi, Vittorio Sgarbi, Paolo Levi che hanno scritto e parlato di lei e dei suoi lavori con significativi apprezzamenti. Vive e lavora tra Roma e Siena ed espone in Italia e all\u2019estero. Tra le ultime mostre: luglio 2016 Conference Center Hollywood USA; ottobre 2016 Jolly Madison New York; novembre 2016 Sofitel Conference Washington DC; dicembre 2016 Palazzo Francavilla Palermo ritiro premio Gran Maestro; gennaio 2017 Galleria La Vaccarella Roma; gennaio 2017 Palazzo Barion Taranto ritiro premio Taras per l\u2019arte; febbraio 2017 Galleria San Vidal Venezia; luglio 2017 Teatro dal Verme Milano; ottobre 2017 Biennale Milano International Art Meeting; ottobre 2017 Biennale Venezia Spoleto Pavillon; novembre 2017 Biennale Mantova; dicembre 2017 Miami Meet Milano USA; gennaio 2018 Palazzo Ximenes Firenze; marzo 2018 Biennale delle Nazioni Venezia; giugno 2018 Auditorium Dell&#8217;acquario Genova ritiro premio Cristoforo Colombo; ottobre 2018 Roma Galleria Triph\u00e8 La Seduzione; giugno 2019 Trofeo Maestri D\u2019Italia ArtExp\u00f2 Biennale internazionale Arte contemporanea Mantova; luglio 2019 premio Internazionale Michelangelo Firenze; settembre 2019 mostra Biancoscuro Art Contest Montecarlo; novembre 2019 personale di scultura La gabbia Museo d\u2019Arte Sacra Castelmuzio; novembre 2019 Budapest ArtExp\u00f2 Biennale D\u2019Arte Italiana; marzo 2020 Capri Scultura monumentale dal titolo La Violenza \u00e8 una Gabbia; febbraio 2021 esposizione sculture al Premio Vittorio Sgarbi a Ferrara; novembre 2021 Citt\u00e0 della Pieve scultura monumentale dal titolo La violenza non \u00e8 amore; maggio 2022 Fiumicino scultura monumentale dal titolo La violenza non \u00e8 amore; novembre 2022-marzo 2023 Arezzo scultura monumentale dal titolo La violenza non \u00e8 amore; marzo 2023 San Quirico D\u2019Orcia scultura monumentale dal titolo La violenza non \u00e8 amore.<\/p>\n\n\n\n<pre class=\"wp-block-preformatted\"><strong>INFO<\/strong>\n\n<strong>La violenza non \u00e8 amore<\/strong>\n<strong>Installazione di Anna Izzo<\/strong>\nCon il patrocinio del Comune di Orvieto\n\n<strong>Inaugurazione 25 novembre 2023 ore 11.30 Biblioteca Comunale \u201cLuigi Fumi\u201d\u00a0\n<\/strong>Piazza Febei | Orvieto (TR)\n<strong>Fino al 3 marzo 2024<\/strong>\n\nwww.annaizzoartdesign.com<\/pre>\n","protected":false},"excerpt":{"rendered":"<p><span class=\"span-reading-time rt-reading-time\" style=\"display: block;\"><span class=\"rt-label rt-prefix\">\u23f0 lettura <\/span> <span class=\"rt-time\"> 3<\/span> <span class=\"rt-label rt-postfix\">min. <\/p>\n<p><\/span><\/span>Il giorno 25 novembre 2023 alle ore 11.30, in occasione della Giornata internazionale per l&#8217;eliminazione della violenza contro le donne, verr\u00e0 presentata, presso la Biblioteca Comunale \u201cLuigi Fumi\u201d, Piazza Febei &#8211; Orvieto, l\u2019installazione La violenza non \u00e8 amore di Anna Izzo, a cura di Roberta Melasecca e con il patrocinio del Comune di Orvieto.&nbsp; Interverranno&hellip;&nbsp;<a href=\"https:\/\/www.biancoscuro.it\/site\/linstallazione-la-violenza-non-e-amore-di-anna-izzo-arriva-ad-orvieto\/\" rel=\"bookmark\">Leggi tutto &raquo;<span class=\"screen-reader-text\">&#8220;La violenza non \u00e8 amore&#8221; di Anna Izzo ad Orvieto<\/span><\/a><\/p>\n","protected":false},"author":980,"featured_media":16816,"comment_status":"closed","ping_status":"closed","sticky":false,"template":"","format":"standard","meta":{"neve_meta_sidebar":"","neve_meta_container":"","neve_meta_enable_content_width":"","neve_meta_content_width":0,"neve_meta_title_alignment":"","neve_meta_author_avatar":"","neve_post_elements_order":"","neve_meta_disable_header":"","neve_meta_disable_footer":"","neve_meta_disable_title":"","advanced_seo_description":"","jetpack_seo_html_title":"","jetpack_seo_noindex":false,"footnotes":""},"categories":[26,7],"tags":[],"class_list":["post-16815","post","type-post","status-publish","format-standard","has-post-thumbnail","hentry","category-eventi","category-scultura"],"jetpack_featured_media_url":"https:\/\/www.biancoscuro.it\/site\/wp-content\/uploads\/2023\/11\/anna-izzo-2-ph.-marco-mandini.jpg","jetpack_sharing_enabled":true,"jetpack-related-posts":[{"id":17863,"url":"https:\/\/www.biancoscuro.it\/site\/femminando-una-scultura-di-anna-izzo\/","url_meta":{"origin":16815,"position":0},"title":"Femminando, una scultura di Anna Izzo","author":"Roberta Melasecca","date":"13 Novembre 2024","format":false,"excerpt":"Domenica 24 novembre 2024 alle ore 11.00, presso il Palazzo Comunale di San Casciano dei Bagni, verr\u00e0 inaugurata l\u2019opera scultorea in bronzo Femminando di Anna Izzo, a cura di Roberta Melasecca, alla presenza della Sindaca di San Casciano dei Bagni, Agnese Carletti, e alla Presidente del Servizio Associato Pari Opportunit\u00e0\u2026","rel":"","context":"In &quot;arte&quot;","block_context":{"text":"arte","link":"https:\/\/www.biancoscuro.it\/site\/category\/arte\/"},"img":{"alt_text":"","src":"https:\/\/i0.wp.com\/www.biancoscuro.it\/site\/wp-content\/uploads\/2024\/11\/annaizzo.jpg?resize=350%2C200&ssl=1","width":350,"height":200,"srcset":"https:\/\/i0.wp.com\/www.biancoscuro.it\/site\/wp-content\/uploads\/2024\/11\/annaizzo.jpg?resize=350%2C200&ssl=1 1x, https:\/\/i0.wp.com\/www.biancoscuro.it\/site\/wp-content\/uploads\/2024\/11\/annaizzo.jpg?resize=525%2C300&ssl=1 1.5x"},"classes":[]},{"id":18212,"url":"https:\/\/www.biancoscuro.it\/site\/la-violenza-e-una-gabbia-installazione-monumentale-di-anna-izzo\/","url_meta":{"origin":16815,"position":1},"title":"La Violenza \u00e8 una Gabbia","author":"Roberta Melasecca","date":"28 Febbraio 2025","format":false,"excerpt":"La Violenza \u00e8 una GabbiaInstallazione monumentale di Anna IzzoSvelamento e presentazione\u00a0 Venerd\u00ec 7 marzo 2025 alle ore 10,30 la Citt\u00e0 di Grottaferrata presenta l\u2019installazione monumentale La Violenza \u00e8 una Gabbia di Anna Izzo, a cura di Roberta Melasecca. Lo svelamento e l\u2019inaugurazione, nella Piazzetta Eugenio Conti antistante la sede comunale,\u2026","rel":"","context":"In &quot;arte&quot;","block_context":{"text":"arte","link":"https:\/\/www.biancoscuro.it\/site\/category\/arte\/"},"img":{"alt_text":"","src":"https:\/\/i0.wp.com\/www.biancoscuro.it\/site\/wp-content\/uploads\/2025\/02\/la-violenza-e-una-gabbia-anna-izzo-grottaferrata-copia.jpeg?resize=350%2C200&ssl=1","width":350,"height":200,"srcset":"https:\/\/i0.wp.com\/www.biancoscuro.it\/site\/wp-content\/uploads\/2025\/02\/la-violenza-e-una-gabbia-anna-izzo-grottaferrata-copia.jpeg?resize=350%2C200&ssl=1 1x, https:\/\/i0.wp.com\/www.biancoscuro.it\/site\/wp-content\/uploads\/2025\/02\/la-violenza-e-una-gabbia-anna-izzo-grottaferrata-copia.jpeg?resize=525%2C300&ssl=1 1.5x, https:\/\/i0.wp.com\/www.biancoscuro.it\/site\/wp-content\/uploads\/2025\/02\/la-violenza-e-una-gabbia-anna-izzo-grottaferrata-copia.jpeg?resize=700%2C400&ssl=1 2x"},"classes":[]},{"id":12600,"url":"https:\/\/www.biancoscuro.it\/site\/la-violenza-non-e-amore-installazione-di-anna-izzo\/","url_meta":{"origin":16815,"position":2},"title":"La violenza non \u00e8 amore &#8211; Installazione di Anna Izzo","author":"Roberta Melasecca","date":"23 Novembre 2021","format":false,"excerpt":"Il giorno 25 novembre 2021 alle ore 18.00, in occasione della Giornata internazionale per l'eliminazione della violenza contro le donne, verr\u00e0 presentata, nello spazio di ingresso della Rocca Perugina di Citt\u00e0 della Pieve, l\u2019installazione scultorea La violenza non \u00e8 amore di Anna Izzo.La scultura monumentale verr\u00e0 inaugurata alla presenza, oltre\u2026","rel":"","context":"In &quot;arte&quot;","block_context":{"text":"arte","link":"https:\/\/www.biancoscuro.it\/site\/category\/arte\/"},"img":{"alt_text":"","src":"https:\/\/i0.wp.com\/www.biancoscuro.it\/site\/wp-content\/uploads\/2021\/11\/Anna-Izzo-La-violenza-non-e%CC%80-amore-1-ph-%40Fabiana-Bellini-e1637922722637.jpg?resize=350%2C200&ssl=1","width":350,"height":200,"srcset":"https:\/\/i0.wp.com\/www.biancoscuro.it\/site\/wp-content\/uploads\/2021\/11\/Anna-Izzo-La-violenza-non-e%CC%80-amore-1-ph-%40Fabiana-Bellini-e1637922722637.jpg?resize=350%2C200&ssl=1 1x, https:\/\/i0.wp.com\/www.biancoscuro.it\/site\/wp-content\/uploads\/2021\/11\/Anna-Izzo-La-violenza-non-e%CC%80-amore-1-ph-%40Fabiana-Bellini-e1637922722637.jpg?resize=525%2C300&ssl=1 1.5x, https:\/\/i0.wp.com\/www.biancoscuro.it\/site\/wp-content\/uploads\/2021\/11\/Anna-Izzo-La-violenza-non-e%CC%80-amore-1-ph-%40Fabiana-Bellini-e1637922722637.jpg?resize=700%2C400&ssl=1 2x"},"classes":[]},{"id":19062,"url":"https:\/\/www.biancoscuro.it\/site\/anna-izzo-resilienza\/","url_meta":{"origin":16815,"position":3},"title":"Anna Izzo &#8211; Resilienza","author":"Roberta Melasecca","date":"15 Novembre 2025","format":false,"excerpt":"Il giorno 23 novembre 2025 alle ore 11.00, in occasione della Giornata internazionale per l'eliminazione della violenza contro le donne, il Comune di Citt\u00e0 della Pieve presenta la mostra personale Resilienza di Anna Izzo a cura di Roberta Melasecca: un corpus di 15 sculture allestite nel Chiostro al piano terra\u2026","rel":"","context":"In &quot;eventi&quot;","block_context":{"text":"eventi","link":"https:\/\/www.biancoscuro.it\/site\/category\/eventi\/"},"img":{"alt_text":"","src":"https:\/\/i0.wp.com\/www.biancoscuro.it\/site\/wp-content\/uploads\/2025\/11\/Invito-Resilienza-copia-e1763489284821.jpg?resize=350%2C200&ssl=1","width":350,"height":200},"classes":[]},{"id":10450,"url":"https:\/\/www.biancoscuro.it\/site\/io-mi-sposto-un-po-piu-in-la-se-per-caso-cadesse-il-mondo\/","url_meta":{"origin":16815,"position":4},"title":"Io mi sposto un p\u00f2 pi\u00f9 in l\u00e0&#8230; se per caso cadesse il mondo","author":"Isaco Praxolu","date":"21 Febbraio 2020","format":false,"excerpt":"\u00a9 Isaco Praxolu | Circle city LaDi Art e Terramedia\u00ae presentano la mostra fotografica di Isaco Praxolu che aprir\u00e0 al pubblico venerd\u00ec 21 febbraio alle ore 17.30 negli spazi espositivi di Palazzo Coelli, sede della Fondazione Carior. La mostra \u00e8 organizzata in collaborazione con la Fondazione Luca e Katia Tomassini\u2026","rel":"","context":"In &quot;arte&quot;","block_context":{"text":"arte","link":"https:\/\/www.biancoscuro.it\/site\/category\/arte\/"},"img":{"alt_text":"","src":"https:\/\/i0.wp.com\/www.biancoscuro.it\/site\/wp-content\/uploads\/2020\/02\/99631-circle_city_1.jpg?resize=350%2C200&ssl=1","width":350,"height":200,"srcset":"https:\/\/i0.wp.com\/www.biancoscuro.it\/site\/wp-content\/uploads\/2020\/02\/99631-circle_city_1.jpg?resize=350%2C200&ssl=1 1x, https:\/\/i0.wp.com\/www.biancoscuro.it\/site\/wp-content\/uploads\/2020\/02\/99631-circle_city_1.jpg?resize=525%2C300&ssl=1 1.5x"},"classes":[]},{"id":15091,"url":"https:\/\/www.biancoscuro.it\/site\/desdemona-proiezione-cortometraggio-alla-biblioteca-vallicelliana\/","url_meta":{"origin":16815,"position":5},"title":"Desdemona &#8211; Proiezione cortometraggio alla Biblioteca Vallicelliana","author":"Roberta Melasecca","date":"27 Novembre 2022","format":false,"excerpt":"Il 30 novembre 2022, in prossimit\u00e0 della Giornata internazionale per l\u2019eliminazione della violenza contro le donne, nel prestigioso Salone Borromini della Biblioteca Vallicelliana sar\u00e0 proiettato in anteprima assoluta il cortometraggio \u201cDesdemona\u201d per la regia di Ludovica Valeri.\u00a0 Liberamente ispirato all'Otello di William Shakespeare, il cortometraggio mette al centro della storia\u2026","rel":"","context":"In &quot;arte&quot;","block_context":{"text":"arte","link":"https:\/\/www.biancoscuro.it\/site\/category\/arte\/"},"img":{"alt_text":"","src":"https:\/\/i0.wp.com\/www.biancoscuro.it\/site\/wp-content\/uploads\/2022\/11\/Invito-Cortometraggio-Desdemona--e1669724683454.jpg?resize=350%2C200&ssl=1","width":350,"height":200,"srcset":"https:\/\/i0.wp.com\/www.biancoscuro.it\/site\/wp-content\/uploads\/2022\/11\/Invito-Cortometraggio-Desdemona--e1669724683454.jpg?resize=350%2C200&ssl=1 1x, https:\/\/i0.wp.com\/www.biancoscuro.it\/site\/wp-content\/uploads\/2022\/11\/Invito-Cortometraggio-Desdemona--e1669724683454.jpg?resize=525%2C300&ssl=1 1.5x"},"classes":[]}],"_links":{"self":[{"href":"https:\/\/www.biancoscuro.it\/site\/wp-json\/wp\/v2\/posts\/16815","targetHints":{"allow":["GET"]}}],"collection":[{"href":"https:\/\/www.biancoscuro.it\/site\/wp-json\/wp\/v2\/posts"}],"about":[{"href":"https:\/\/www.biancoscuro.it\/site\/wp-json\/wp\/v2\/types\/post"}],"author":[{"embeddable":true,"href":"https:\/\/www.biancoscuro.it\/site\/wp-json\/wp\/v2\/users\/980"}],"replies":[{"embeddable":true,"href":"https:\/\/www.biancoscuro.it\/site\/wp-json\/wp\/v2\/comments?post=16815"}],"version-history":[{"count":3,"href":"https:\/\/www.biancoscuro.it\/site\/wp-json\/wp\/v2\/posts\/16815\/revisions"}],"predecessor-version":[{"id":16822,"href":"https:\/\/www.biancoscuro.it\/site\/wp-json\/wp\/v2\/posts\/16815\/revisions\/16822"}],"wp:featuredmedia":[{"embeddable":true,"href":"https:\/\/www.biancoscuro.it\/site\/wp-json\/wp\/v2\/media\/16816"}],"wp:attachment":[{"href":"https:\/\/www.biancoscuro.it\/site\/wp-json\/wp\/v2\/media?parent=16815"}],"wp:term":[{"taxonomy":"category","embeddable":true,"href":"https:\/\/www.biancoscuro.it\/site\/wp-json\/wp\/v2\/categories?post=16815"},{"taxonomy":"post_tag","embeddable":true,"href":"https:\/\/www.biancoscuro.it\/site\/wp-json\/wp\/v2\/tags?post=16815"}],"curies":[{"name":"wp","href":"https:\/\/api.w.org\/{rel}","templated":true}]}}