{"id":17087,"date":"2024-03-21T11:10:57","date_gmt":"2024-03-21T10:10:57","guid":{"rendered":"https:\/\/www.biancoscuro.it\/site\/?p=17087"},"modified":"2024-03-21T12:13:31","modified_gmt":"2024-03-21T11:13:31","slug":"convoluzione-di-erik-daehlin","status":"publish","type":"post","link":"https:\/\/www.biancoscuro.it\/site\/convoluzione-di-erik-daehlin\/","title":{"rendered":"Convoluzione di Erik Daehlin"},"content":{"rendered":"<span class=\"span-reading-time rt-reading-time\" style=\"display: block;\"><span class=\"rt-label rt-prefix\">\u23f0 lettura <\/span> <span class=\"rt-time\"> 2<\/span> <span class=\"rt-label rt-postfix\">min. <br><br><\/span><\/span><div class=\"wp-block-image\">\n<figure class=\"aligncenter size-large\"><img loading=\"lazy\" decoding=\"async\" width=\"1024\" height=\"780\" src=\"https:\/\/www.biancoscuro.it\/site\/wp-content\/uploads\/2024\/03\/ErikDaehlin_ChiassoPerduto-1024x780.jpeg\" alt=\"\" class=\"wp-image-17088\" srcset=\"https:\/\/www.biancoscuro.it\/site\/wp-content\/uploads\/2024\/03\/ErikDaehlin_ChiassoPerduto-1024x780.jpeg 1024w, https:\/\/www.biancoscuro.it\/site\/wp-content\/uploads\/2024\/03\/ErikDaehlin_ChiassoPerduto-300x228.jpeg 300w, https:\/\/www.biancoscuro.it\/site\/wp-content\/uploads\/2024\/03\/ErikDaehlin_ChiassoPerduto-768x585.jpeg 768w, https:\/\/www.biancoscuro.it\/site\/wp-content\/uploads\/2024\/03\/ErikDaehlin_ChiassoPerduto-1320x1005.jpeg 1320w, https:\/\/www.biancoscuro.it\/site\/wp-content\/uploads\/2024\/03\/ErikDaehlin_ChiassoPerduto.jpeg 1534w\" sizes=\"auto, (max-width: 1024px) 100vw, 1024px\" \/><\/figure>\n<\/div>\n\n\n<p class=\"has-text-align-left\">Un punto di fuga, non necessariamente nella sua accezione pi\u00f9 tecnica ma in quella poetica, un riferimento invisibile verso cui si forma una delle tante possibili prospettive, la probabilit\u00e0 di svanire ma anche di riportare il suo contenuto o forse un\u2019eco perduta. \u00c8 una linea invisibile, la metafora di uno schema di vita che stiamo tracciando e ripercorrendo, credendo di trovare qualcosa di sconosciuto. \u00c8 forse nell\u2019atto di tracciare la fuga che si trova il senso dell\u2019esistenza?<\/p>\n\n\n\n<p class=\"has-text-align-left\">Ascoltando e seguendo un percorso predeterminato in quattro momenti della giornata, Erik cerca le frequenze che possono poi convergere in questo punto di fuga, anche quelle che non siamo in grado di sentire normalmente, chiedendosi, ad esempio, come percepisce il mondo un insetto, e come interpretare quella dimensione e portarla all\u2019interno dell\u2019esperienza umana. A lui interessano particolarmente le intersezioni, sia quelle che avvengono lungo un percorso, dove c&#8217;\u00e8 una sorta di pausa o di tensione come quella orchestrata dai semafori che segnano il passaggio, sia quelle che avvengono nell&#8217;incontro di frequenze nello spazio . Queste intersezioni si ritrovano come contrappunto anche nello stereoscopio, una tecnologia del 1900, attraverso la quale siamo invitati a percepire il suono in concomitanza con immagini registrate dall&#8217;altezza dei fianchi, prospettiva insolita nella quale si rinuncia al controllo del contenuto, di conseguenza ascoltiamo attraverso il nostro corpo anzich\u00e9 con esso.<\/p>\n\n\n\n<p class=\"has-text-align-left\">Erik porta nello spazio un caos esterno, il caos viene sezionato, mappato, trasformato e collocato sulla traiettoria verso i punti di fuga, una serie di punti dove le cose scompaiono, l&#8217;illusione di andare altrove o di poter capire quell&#8217;altrove.<\/p>\n\n\n\n<p class=\"has-text-align-left\">L&#8217;artista cita lo scrittore norvegese Tor Ulven, che definiva l&#8217;arte come ci\u00f2 che ricorda l&#8217;impossibilit\u00e0 di soddisfare un bisogno infinito, infinito quindi quel punto verso cui convergono e vibrano le corde del pianoforte non solo con le frequenze della citt\u00e0 ma con quelle che la nostra presenza emette, diventando parte della traiettoria.<\/p>\n\n\n\n<p class=\"has-text-align-left\">Sperimentare il percorso verso un punto di fuga sembra una passeggiata senza fine con la possibilit\u00e0 della vita nel mezzo.<\/p>\n\n\n\n<p class=\"has-text-align-left\">Erik Daehlin \u00e8 un artista e compositore norvegese, attualmente artista residente al Chiasso Perduto.<\/p>\n\n\n\n<p>Mostra a cura di Sandra Miranda Pattin e Francesca Morozzi<\/p>\n\n\n<div class=\"wp-block-image\">\n<figure class=\"aligncenter size-large\"><img loading=\"lazy\" decoding=\"async\" width=\"1024\" height=\"768\" src=\"https:\/\/www.biancoscuro.it\/site\/wp-content\/uploads\/2024\/03\/Erik_2-1024x768.jpg\" alt=\"\" class=\"wp-image-17089\" srcset=\"https:\/\/www.biancoscuro.it\/site\/wp-content\/uploads\/2024\/03\/Erik_2-1024x768.jpg 1024w, https:\/\/www.biancoscuro.it\/site\/wp-content\/uploads\/2024\/03\/Erik_2-300x225.jpg 300w, https:\/\/www.biancoscuro.it\/site\/wp-content\/uploads\/2024\/03\/Erik_2-768x576.jpg 768w, https:\/\/www.biancoscuro.it\/site\/wp-content\/uploads\/2024\/03\/Erik_2-1536x1152.jpg 1536w, https:\/\/www.biancoscuro.it\/site\/wp-content\/uploads\/2024\/03\/Erik_2-2048x1536.jpg 2048w, https:\/\/www.biancoscuro.it\/site\/wp-content\/uploads\/2024\/03\/Erik_2-1320x990.jpg 1320w\" sizes=\"auto, (max-width: 1024px) 100vw, 1024px\" \/><\/figure>\n<\/div>\n\n\n<pre class=\"wp-block-preformatted\"><strong>Chiasso Perduto<\/strong>\nVia de\u2019 Coverelli 4R\n50125 Firenze\nInaugurazione: 27 Marzo 2024 alle 18:00\nAperta dal 28 al 30 Marzo 2024 dalle 15 alle 19\nwww.instagram.com\/chiassoperduto\nwww.chiassoperduto.com\nwww.erikdaehlin.no<\/pre>\n\n\n\n<p><\/p>\n","protected":false},"excerpt":{"rendered":"<p><span class=\"span-reading-time rt-reading-time\" style=\"display: block;\"><span class=\"rt-label rt-prefix\">\u23f0 lettura <\/span> <span class=\"rt-time\"> 2<\/span> <span class=\"rt-label rt-postfix\">min. <\/p>\n<p><\/span><\/span>Un punto di fuga, non necessariamente nella sua accezione pi\u00f9 tecnica ma in quella poetica, un riferimento invisibile verso cui si forma una delle tante possibili prospettive, la probabilit\u00e0 di svanire ma anche di riportare il suo contenuto o forse un\u2019eco perduta. \u00c8 una linea invisibile, la metafora di uno schema di vita che stiamo&hellip;&nbsp;<a href=\"https:\/\/www.biancoscuro.it\/site\/convoluzione-di-erik-daehlin\/\" rel=\"bookmark\">Leggi tutto &raquo;<span class=\"screen-reader-text\">Convoluzione di Erik Daehlin<\/span><\/a><\/p>\n","protected":false},"author":1067,"featured_media":17088,"comment_status":"open","ping_status":"closed","sticky":false,"template":"","format":"standard","meta":{"neve_meta_sidebar":"","neve_meta_container":"","neve_meta_enable_content_width":"","neve_meta_content_width":0,"neve_meta_title_alignment":"","neve_meta_author_avatar":"","neve_post_elements_order":"","neve_meta_disable_header":"","neve_meta_disable_footer":"","neve_meta_disable_title":"","advanced_seo_description":"","jetpack_seo_html_title":"","jetpack_seo_noindex":false,"footnotes":""},"categories":[5,26,334,24,680],"tags":[461,2502,2504,39,2171,2503,284,2191,782,2174,2190],"class_list":["post-17087","post","type-post","status-publish","format-standard","has-post-thumbnail","hentry","category-arte","category-eventi","category-installazioni","category-mostre","category-videoarte","tag-arte-contemporanea","tag-arte-sonora","tag-artista-norvegese","tag-biancoscuro","tag-chiasso-perduto","tag-erik-daehlin","tag-firenze","tag-francesca-morozzi","tag-inaugurazione","tag-residenza-artistica","tag-sandra-miranda-pattin"],"jetpack_featured_media_url":"https:\/\/www.biancoscuro.it\/site\/wp-content\/uploads\/2024\/03\/ErikDaehlin_ChiassoPerduto.jpeg","jetpack_sharing_enabled":true,"jetpack-related-posts":[{"id":19252,"url":"https:\/\/www.biancoscuro.it\/site\/invisibilita-ordinarie\/","url_meta":{"origin":17087,"position":0},"title":"Invisibilit\u00e0 ordinarie\u00a0","author":"Sandra Miranda Pattin","date":"22 Gennaio 2026","format":false,"excerpt":"L\u2019installazione di Nathalie Maufroy, artista belga residente al Chiasso Perduto, abita una soglia instabile, un confine deliberatamente sfuocato tra cose o persone che spesso diventano invisibili perch\u00e9 preferiamo ignorarle o perch\u00e9 sono ordinarie, e ci\u00f2 che accade in una dimensione pi\u00f9 intima, domestica e silenziosa.Da un lato emergono frammenti di\u2026","rel":"","context":"In &quot;arte&quot;","block_context":{"text":"arte","link":"https:\/\/www.biancoscuro.it\/site\/category\/arte\/"},"img":{"alt_text":"","src":"https:\/\/i0.wp.com\/www.biancoscuro.it\/site\/wp-content\/uploads\/2026\/01\/WhatsApp-Image-2026-01-21-at-22.46.04-1.jpeg?resize=350%2C200&ssl=1","width":350,"height":200,"srcset":"https:\/\/i0.wp.com\/www.biancoscuro.it\/site\/wp-content\/uploads\/2026\/01\/WhatsApp-Image-2026-01-21-at-22.46.04-1.jpeg?resize=350%2C200&ssl=1 1x, https:\/\/i0.wp.com\/www.biancoscuro.it\/site\/wp-content\/uploads\/2026\/01\/WhatsApp-Image-2026-01-21-at-22.46.04-1.jpeg?resize=525%2C300&ssl=1 1.5x, https:\/\/i0.wp.com\/www.biancoscuro.it\/site\/wp-content\/uploads\/2026\/01\/WhatsApp-Image-2026-01-21-at-22.46.04-1.jpeg?resize=700%2C400&ssl=1 2x, https:\/\/i0.wp.com\/www.biancoscuro.it\/site\/wp-content\/uploads\/2026\/01\/WhatsApp-Image-2026-01-21-at-22.46.04-1.jpeg?resize=1050%2C600&ssl=1 3x, https:\/\/i0.wp.com\/www.biancoscuro.it\/site\/wp-content\/uploads\/2026\/01\/WhatsApp-Image-2026-01-21-at-22.46.04-1.jpeg?resize=1400%2C800&ssl=1 4x"},"classes":[]},{"id":16546,"url":"https:\/\/www.biancoscuro.it\/site\/invisibili-di-daniel-mona\/","url_meta":{"origin":17087,"position":1},"title":"Invisibili di Daniel Mon\u00e1","author":"Sandra Miranda Pattin","date":"14 Settembre 2023","format":false,"excerpt":"Daniel Mon\u00e1 \u00e8 un artista colombiano che in questa residenza riflette sulle frontiere, le assenze, il transito e il non luogo; segnala i modi di percepire la citt\u00e0 e le sue barriere, quelle fisiche ma anche quelle invisibili che ci portiamo nel nostro passaggio, quelle che vengono nascoste o esposte.\u2026","rel":"","context":"In &quot;arte&quot;","block_context":{"text":"arte","link":"https:\/\/www.biancoscuro.it\/site\/category\/arte\/"},"img":{"alt_text":"","src":"https:\/\/i0.wp.com\/www.biancoscuro.it\/site\/wp-content\/uploads\/2023\/09\/WhatsApp-Image-2023-09-14-at-10.51.58.jpeg?resize=350%2C200&ssl=1","width":350,"height":200,"srcset":"https:\/\/i0.wp.com\/www.biancoscuro.it\/site\/wp-content\/uploads\/2023\/09\/WhatsApp-Image-2023-09-14-at-10.51.58.jpeg?resize=350%2C200&ssl=1 1x, https:\/\/i0.wp.com\/www.biancoscuro.it\/site\/wp-content\/uploads\/2023\/09\/WhatsApp-Image-2023-09-14-at-10.51.58.jpeg?resize=525%2C300&ssl=1 1.5x, https:\/\/i0.wp.com\/www.biancoscuro.it\/site\/wp-content\/uploads\/2023\/09\/WhatsApp-Image-2023-09-14-at-10.51.58.jpeg?resize=700%2C400&ssl=1 2x"},"classes":[]},{"id":19183,"url":"https:\/\/www.biancoscuro.it\/site\/sotto-scritto\/","url_meta":{"origin":17087,"position":2},"title":"Sotto Scritto","author":"Sandra Miranda Pattin","date":"9 Dicembre 2025","format":false,"excerpt":"In questa edizione degli eventi dedicati all\u2019incontro fra arte e moda presentati da Alexandra Marie, ritroviamo ci\u00f2 che ormai \u00e8 parte del suo concetto e della sua ricerca visiva: la collaborazione con artisti,\u00a0che in questa occasione sono stati invitati a scrivere per se stessi, usando la metafora del raccontare qualcosa\u2026","rel":"","context":"In &quot;arte&quot;","block_context":{"text":"arte","link":"https:\/\/www.biancoscuro.it\/site\/category\/arte\/"},"img":{"alt_text":"","src":"https:\/\/i0.wp.com\/www.biancoscuro.it\/site\/wp-content\/uploads\/2025\/12\/WhatsApp-Image-2025-12-11-at-19.49.06.jpeg?resize=350%2C200&ssl=1","width":350,"height":200,"srcset":"https:\/\/i0.wp.com\/www.biancoscuro.it\/site\/wp-content\/uploads\/2025\/12\/WhatsApp-Image-2025-12-11-at-19.49.06.jpeg?resize=350%2C200&ssl=1 1x, https:\/\/i0.wp.com\/www.biancoscuro.it\/site\/wp-content\/uploads\/2025\/12\/WhatsApp-Image-2025-12-11-at-19.49.06.jpeg?resize=525%2C300&ssl=1 1.5x, https:\/\/i0.wp.com\/www.biancoscuro.it\/site\/wp-content\/uploads\/2025\/12\/WhatsApp-Image-2025-12-11-at-19.49.06.jpeg?resize=700%2C400&ssl=1 2x, https:\/\/i0.wp.com\/www.biancoscuro.it\/site\/wp-content\/uploads\/2025\/12\/WhatsApp-Image-2025-12-11-at-19.49.06.jpeg?resize=1050%2C600&ssl=1 3x, https:\/\/i0.wp.com\/www.biancoscuro.it\/site\/wp-content\/uploads\/2025\/12\/WhatsApp-Image-2025-12-11-at-19.49.06.jpeg?resize=1400%2C800&ssl=1 4x"},"classes":[]},{"id":15347,"url":"https:\/\/www.biancoscuro.it\/site\/i-want-to-sleep-im-cold-di-natalina-bonaparte\/","url_meta":{"origin":17087,"position":3},"title":"&#8220;I want to sleep, I&#8217;m cold&#8221; di Natalina Bonaparte","author":"Sandra Miranda Pattin","date":"6 Gennaio 2023","format":false,"excerpt":"(voglio dormire, ho freddo) Documentario\/saggio anti guerra presentato per la prima volta dall'artista russa che decide di raccontare il suo punto di vista sulla guerra tra Ucraina e Russia, attraverso dei quesiti.\u00a0 Nelle parole della regista:\u00a0 \"Come vivere quando le tue radici sono state cancellate?, Come vivere senza lingua (libert\u00e0\u2026","rel":"","context":"In &quot;arte&quot;","block_context":{"text":"arte","link":"https:\/\/www.biancoscuro.it\/site\/category\/arte\/"},"img":{"alt_text":"","src":"https:\/\/i0.wp.com\/www.biancoscuro.it\/site\/wp-content\/uploads\/2023\/01\/%D0%A1%D0%BD%D0%B8%D0%BC%D0%BE%D0%BA-%D1%8D%D0%BA%D1%80%D0%B0%D0%BD%D0%B0-2023-01-02-%D0%B2-13.16.25.png?resize=350%2C200&ssl=1","width":350,"height":200,"srcset":"https:\/\/i0.wp.com\/www.biancoscuro.it\/site\/wp-content\/uploads\/2023\/01\/%D0%A1%D0%BD%D0%B8%D0%BC%D0%BE%D0%BA-%D1%8D%D0%BA%D1%80%D0%B0%D0%BD%D0%B0-2023-01-02-%D0%B2-13.16.25.png?resize=350%2C200&ssl=1 1x, https:\/\/i0.wp.com\/www.biancoscuro.it\/site\/wp-content\/uploads\/2023\/01\/%D0%A1%D0%BD%D0%B8%D0%BC%D0%BE%D0%BA-%D1%8D%D0%BA%D1%80%D0%B0%D0%BD%D0%B0-2023-01-02-%D0%B2-13.16.25.png?resize=525%2C300&ssl=1 1.5x, https:\/\/i0.wp.com\/www.biancoscuro.it\/site\/wp-content\/uploads\/2023\/01\/%D0%A1%D0%BD%D0%B8%D0%BC%D0%BE%D0%BA-%D1%8D%D0%BA%D1%80%D0%B0%D0%BD%D0%B0-2023-01-02-%D0%B2-13.16.25.png?resize=700%2C400&ssl=1 2x, https:\/\/i0.wp.com\/www.biancoscuro.it\/site\/wp-content\/uploads\/2023\/01\/%D0%A1%D0%BD%D0%B8%D0%BC%D0%BE%D0%BA-%D1%8D%D0%BA%D1%80%D0%B0%D0%BD%D0%B0-2023-01-02-%D0%B2-13.16.25.png?resize=1050%2C600&ssl=1 3x, https:\/\/i0.wp.com\/www.biancoscuro.it\/site\/wp-content\/uploads\/2023\/01\/%D0%A1%D0%BD%D0%B8%D0%BC%D0%BE%D0%BA-%D1%8D%D0%BA%D1%80%D0%B0%D0%BD%D0%B0-2023-01-02-%D0%B2-13.16.25.png?resize=1400%2C800&ssl=1 4x"},"classes":[]},{"id":19027,"url":"https:\/\/www.biancoscuro.it\/site\/senza-nome-di-paula-garcia-valenzuela\/","url_meta":{"origin":17087,"position":4},"title":"Senza Nome di paula garcia valenzuela","author":"Sandra Miranda Pattin","date":"11 Novembre 2025","format":false,"excerpt":"Paula Garc\u00eda Valenzuela \u00e8 un\u2019artista cilena che, come fotografa, sa muoversi nell\u2019anonimato, facendo di esso il proprio tratto poetico e concettuale. In questo progetto installativo riflette sull\u2019invisibilit\u00e0 ispirandosi sia alla Certosa di Firenze, dove era necessario abbandonare la propria identit\u00e0 in cambio di una esistenza silenziosa e scelta, sia alle\u2026","rel":"","context":"In &quot;arte&quot;","block_context":{"text":"arte","link":"https:\/\/www.biancoscuro.it\/site\/category\/arte\/"},"img":{"alt_text":"","src":"https:\/\/i0.wp.com\/www.biancoscuro.it\/site\/wp-content\/uploads\/2025\/11\/PaulaGarcia_ChiassoPerduto_1-scaled.jpg?resize=350%2C200&ssl=1","width":350,"height":200,"srcset":"https:\/\/i0.wp.com\/www.biancoscuro.it\/site\/wp-content\/uploads\/2025\/11\/PaulaGarcia_ChiassoPerduto_1-scaled.jpg?resize=350%2C200&ssl=1 1x, https:\/\/i0.wp.com\/www.biancoscuro.it\/site\/wp-content\/uploads\/2025\/11\/PaulaGarcia_ChiassoPerduto_1-scaled.jpg?resize=525%2C300&ssl=1 1.5x, https:\/\/i0.wp.com\/www.biancoscuro.it\/site\/wp-content\/uploads\/2025\/11\/PaulaGarcia_ChiassoPerduto_1-scaled.jpg?resize=700%2C400&ssl=1 2x, https:\/\/i0.wp.com\/www.biancoscuro.it\/site\/wp-content\/uploads\/2025\/11\/PaulaGarcia_ChiassoPerduto_1-scaled.jpg?resize=1050%2C600&ssl=1 3x, https:\/\/i0.wp.com\/www.biancoscuro.it\/site\/wp-content\/uploads\/2025\/11\/PaulaGarcia_ChiassoPerduto_1-scaled.jpg?resize=1400%2C800&ssl=1 4x"},"classes":[]},{"id":17440,"url":"https:\/\/www.biancoscuro.it\/site\/implosione-di-bea-bianchi\/","url_meta":{"origin":17087,"position":5},"title":"Implosione di Bea Bianchi","author":"Sandra Miranda Pattin","date":"19 Giugno 2024","format":false,"excerpt":"Installazione immersiva inaugura al Chiasso Perduto Come abitiamo il vuoto? come possiamo definirlo? Bea Bianchi ci porta verso questa riflessione con un'installazione immersiva. Il vuoto \u00e8 essenziale, \u00e8 ci\u00f2 che da senso agli esseri o agli oggetti che lo abitano e di conseguenza lo definiscono, pu\u00f2 sembrarci sconosciuto e quindi\u2026","rel":"","context":"In &quot;arte&quot;","block_context":{"text":"arte","link":"https:\/\/www.biancoscuro.it\/site\/category\/arte\/"},"img":{"alt_text":"","src":"https:\/\/i0.wp.com\/www.biancoscuro.it\/site\/wp-content\/uploads\/2024\/06\/BeaBianchi_ChiassoPerduto_2.jpeg?resize=350%2C200&ssl=1","width":350,"height":200,"srcset":"https:\/\/i0.wp.com\/www.biancoscuro.it\/site\/wp-content\/uploads\/2024\/06\/BeaBianchi_ChiassoPerduto_2.jpeg?resize=350%2C200&ssl=1 1x, https:\/\/i0.wp.com\/www.biancoscuro.it\/site\/wp-content\/uploads\/2024\/06\/BeaBianchi_ChiassoPerduto_2.jpeg?resize=525%2C300&ssl=1 1.5x, https:\/\/i0.wp.com\/www.biancoscuro.it\/site\/wp-content\/uploads\/2024\/06\/BeaBianchi_ChiassoPerduto_2.jpeg?resize=700%2C400&ssl=1 2x, https:\/\/i0.wp.com\/www.biancoscuro.it\/site\/wp-content\/uploads\/2024\/06\/BeaBianchi_ChiassoPerduto_2.jpeg?resize=1050%2C600&ssl=1 3x"},"classes":[]}],"_links":{"self":[{"href":"https:\/\/www.biancoscuro.it\/site\/wp-json\/wp\/v2\/posts\/17087","targetHints":{"allow":["GET"]}}],"collection":[{"href":"https:\/\/www.biancoscuro.it\/site\/wp-json\/wp\/v2\/posts"}],"about":[{"href":"https:\/\/www.biancoscuro.it\/site\/wp-json\/wp\/v2\/types\/post"}],"author":[{"embeddable":true,"href":"https:\/\/www.biancoscuro.it\/site\/wp-json\/wp\/v2\/users\/1067"}],"replies":[{"embeddable":true,"href":"https:\/\/www.biancoscuro.it\/site\/wp-json\/wp\/v2\/comments?post=17087"}],"version-history":[{"count":4,"href":"https:\/\/www.biancoscuro.it\/site\/wp-json\/wp\/v2\/posts\/17087\/revisions"}],"predecessor-version":[{"id":17094,"href":"https:\/\/www.biancoscuro.it\/site\/wp-json\/wp\/v2\/posts\/17087\/revisions\/17094"}],"wp:featuredmedia":[{"embeddable":true,"href":"https:\/\/www.biancoscuro.it\/site\/wp-json\/wp\/v2\/media\/17088"}],"wp:attachment":[{"href":"https:\/\/www.biancoscuro.it\/site\/wp-json\/wp\/v2\/media?parent=17087"}],"wp:term":[{"taxonomy":"category","embeddable":true,"href":"https:\/\/www.biancoscuro.it\/site\/wp-json\/wp\/v2\/categories?post=17087"},{"taxonomy":"post_tag","embeddable":true,"href":"https:\/\/www.biancoscuro.it\/site\/wp-json\/wp\/v2\/tags?post=17087"}],"curies":[{"name":"wp","href":"https:\/\/api.w.org\/{rel}","templated":true}]}}